{"id":10269,"date":"2022-12-15T10:12:44","date_gmt":"2022-12-15T18:12:44","guid":{"rendered":"https:\/\/www.entremundos.org\/revista\/?p=10269"},"modified":"2024-09-18T14:20:17","modified_gmt":"2024-09-18T22:20:17","slug":"podcast-radio-entremundos-decima-edicion","status":"publish","type":"post","link":"https:\/\/www.entremundos.org\/revista\/multimedia\/podcast-radio-entremundos-decima-edicion\/","title":{"rendered":"Podcast: Radio EntreMundos D\u00e9cima Edici\u00f3n"},"content":{"rendered":"<audio class=\"wp-audio-shortcode\" id=\"audio-10269-1\" preload=\"none\" style=\"width: 100%;\" controls=\"controls\"><source type=\"audio\/mpeg\" src=\"https:\/\/archive.org\/download\/radio-entremundos-decima-edicion\/radio-entremundos-decima-edicio%CC%81n.mp3?_=1\" \/><a href=\"https:\/\/archive.org\/download\/radio-entremundos-decima-edicion\/radio-entremundos-decima-edicio%CC%81n.mp3\">https:\/\/archive.org\/download\/radio-entremundos-decima-edicion\/radio-entremundos-decima-edicio%CC%81n.mp3<\/a><\/audio>\n<br \/>\nDesde Quetzaltenango Guatemala bienvenidos a todos y todas a Radio EntreMundos.<br \/>\nComo despedida al a\u00f1o 2022, en esta d\u00e9cima edici\u00f3n continuamos con la serie de radios comunitarias iniciada en la edici\u00f3n anterior. Adem\u00e1s, conoceremos el proyecto de turismo comunitario del Instituto Mesoamericano de Permacultura <a href=\"https:\/\/www.entremundos.org\/revista\/economia\/un-viaje-de-turismo-comunitario-con-enfoque-en-la-permacultura\/\">IMAP<\/a>.  Su directora In\u00e9s Cuj nos informa de las actividades y atracciones y nos invita a visitarlos. Que disfruten de nuestro programa! <\/p>\n<p><em>M\u00fasica:<\/p>\n<p>1. Julien Stiller 2. Maybe, por DoKashiteru (c) copyright 2009 con licencia Creative Commons, Attribution Noncommercial (3.0) license. Ft: AlexBeroza<\/em><\/p>\n","protected":false},"excerpt":{"rendered":"<p>Desde Quetzaltenango Guatemala bienvenidos a todos y todas a Radio EntreMundos. Como despedida al a\u00f1o 2022, en esta d\u00e9cima edici\u00f3n continuamos con la serie de radios comunitarias iniciada en la edici\u00f3n anterior. Adem\u00e1s, conoceremos el proyecto de turismo comunitario del Instituto Mesoamericano de Permacultura IMAP. Su directora In\u00e9s Cuj nos informa de las actividades y [&hellip;]<\/p>\n","protected":false},"author":24,"featured_media":10271,"comment_status":"closed","ping_status":"closed","sticky":false,"template":"","format":"audio","meta":{"_exactmetrics_skip_tracking":false,"_exactmetrics_sitenote_active":false,"_exactmetrics_sitenote_note":"","_exactmetrics_sitenote_category":0,"jetpack_post_was_ever_published":false,"_jetpack_newsletter_access":"","_jetpack_dont_email_post_to_subs":false,"_jetpack_newsletter_tier_id":0,"_jetpack_memberships_contains_paywalled_content":false,"_jetpack_memberships_contains_paid_content":false,"footnotes":""},"categories":[392],"tags":[498,657,2969,497],"class_list":["post-10269","post","type-post","status-publish","format-audio","has-post-thumbnail","hentry","category-multimedia","tag-ecoturismo","tag-radio-comunitaria","tag-radio-entremundos","tag-turismo-comunitario","post_format-post-format-audio"],"jetpack_featured_media_url":"https:\/\/i0.wp.com\/www.entremundos.org\/revista\/wp-content\/uploads\/2022\/12\/radio-entremundos-graphics-edicion-10.jpeg?fit=1500%2C764&ssl=1","jetpack_shortlink":"https:\/\/wp.me\/p7ljt7-2FD","jetpack-related-posts":[{"id":11500,"url":"https:\/\/www.entremundos.org\/revista\/frontpage\/desarrollo-y-turismo-comunitario\/","url_meta":{"origin":10269,"position":0},"title":"Desarrollo y turismo comunitario","author":"EntreMundos","date":"11 diciembre, 2023","format":false,"excerpt":"POR ADAFIS Y ASODIL\u00a0 En Guatemala se pueden disfrutar de experiencias inolvidables en cada recorrido que se haga en el pa\u00eds; pues \u00e9ste es de los pa\u00edses con mayores atractivos naturales en Centroam\u00e9rica. Como muestra, te presentamos dos proyectos exitosos de turismo comunitario; ADAFIS y ASODIL. Iniciamos el recorrido en\u2026","rel":"","context":"En \u00abFrontPage\u00bb","block_context":{"text":"FrontPage","link":"https:\/\/www.entremundos.org\/revista\/category\/frontpage\/"},"img":{"alt_text":"","src":"https:\/\/i0.wp.com\/www.entremundos.org\/revista\/wp-content\/uploads\/2023\/12\/foto-asodil-.jpg?fit=480%2C360&ssl=1&resize=350%2C200","width":350,"height":200},"classes":[]},{"id":6252,"url":"https:\/\/www.entremundos.org\/revista\/politics\/community-action-en-2\/6252\/?lang=en","url_meta":{"origin":10269,"position":1},"title":"Call for Indigenous Writers of Mexico and Central America","author":"EntreMundos","date":"28 junio, 2020","format":false,"excerpt":"Are you passionate about writing? Do you want to share your opinions on matters that affect your Indigenous community in Mexico and Central America? Do you think that your elected officials are doing good things for Indigenous Peoples in your country? Do you think that Indigenous Peoples are migrating because\u2026","rel":"","context":"En \u00abCine\u00bb","block_context":{"text":"Cine","link":"https:\/\/www.entremundos.org\/revista\/category\/cine\/"},"img":{"alt_text":"","src":"https:\/\/i0.wp.com\/www.entremundos.org\/revista\/wp-content\/uploads\/2019\/12\/convocatoria-1.png?fit=1200%2C675&ssl=1&resize=350%2C200","width":350,"height":200,"srcset":"https:\/\/i0.wp.com\/www.entremundos.org\/revista\/wp-content\/uploads\/2019\/12\/convocatoria-1.png?fit=1200%2C675&ssl=1&resize=350%2C200 1x, https:\/\/i0.wp.com\/www.entremundos.org\/revista\/wp-content\/uploads\/2019\/12\/convocatoria-1.png?fit=1200%2C675&ssl=1&resize=525%2C300 1.5x, https:\/\/i0.wp.com\/www.entremundos.org\/revista\/wp-content\/uploads\/2019\/12\/convocatoria-1.png?fit=1200%2C675&ssl=1&resize=700%2C400 2x, https:\/\/i0.wp.com\/www.entremundos.org\/revista\/wp-content\/uploads\/2019\/12\/convocatoria-1.png?fit=1200%2C675&ssl=1&resize=1050%2C600 3x"},"classes":[]},{"id":9435,"url":"https:\/\/www.entremundos.org\/revista\/frontpage-en\/whats-in-the-5th-edition-of-radio-entremundos-celebrating-20-years-of-community-service\/?lang=en","url_meta":{"origin":10269,"position":2},"title":"What\u2019s in the 5th Edition of Radio EntreMundos | Celebrating 20 Years of Community Service:","author":"EntreMundos","date":"25 diciembre, 2021","format":false,"excerpt":"On the occasion of our 20th Anniversary, EntreMundos will be presenting its team, who contribute\u00a0 their time, talent and heart to advance human rights and development in Guatemala.\u00a0 In this 5th edition of Radio EntreMundos you\u2019ll hear reflections from both our current staff members and volunteers.\u00a0 Also, in observance of\u2026","rel":"","context":"En \u00abFrontPage\u00bb","block_context":{"text":"FrontPage","link":"https:\/\/www.entremundos.org\/revista\/category\/frontpage-en\/?lang=en"},"img":{"alt_text":"","src":"https:\/\/i0.wp.com\/www.entremundos.org\/revista\/wp-content\/uploads\/2021\/11\/em-20-anyos-min-scaled.jpeg?fit=1200%2C900&ssl=1&resize=350%2C200","width":350,"height":200,"srcset":"https:\/\/i0.wp.com\/www.entremundos.org\/revista\/wp-content\/uploads\/2021\/11\/em-20-anyos-min-scaled.jpeg?fit=1200%2C900&ssl=1&resize=350%2C200 1x, https:\/\/i0.wp.com\/www.entremundos.org\/revista\/wp-content\/uploads\/2021\/11\/em-20-anyos-min-scaled.jpeg?fit=1200%2C900&ssl=1&resize=525%2C300 1.5x, https:\/\/i0.wp.com\/www.entremundos.org\/revista\/wp-content\/uploads\/2021\/11\/em-20-anyos-min-scaled.jpeg?fit=1200%2C900&ssl=1&resize=700%2C400 2x, https:\/\/i0.wp.com\/www.entremundos.org\/revista\/wp-content\/uploads\/2021\/11\/em-20-anyos-min-scaled.jpeg?fit=1200%2C900&ssl=1&resize=1050%2C600 3x"},"classes":[]},{"id":10465,"url":"https:\/\/www.entremundos.org\/revista\/culture\/continuing-work-for-the-community\/?lang=en","url_meta":{"origin":10269,"position":3},"title":"CONTINUING WORK FOR THE COMMUNITY","author":"EntreMundos","date":"3 febrero, 2023","format":false,"excerpt":"By\u00a0 Message from Entremundos A new year, new challenges and new intentions.\u00a0 At EntreMundos we are satisfied with and are saying farewell to 2022 with pleasure, because we are returning to our usual in-person activities. \u00a0 We counted on you and the circulation of the magazine increased.\u00a0 We got good\u2026","rel":"","context":"En \u00abCulture\u00bb","block_context":{"text":"Culture","link":"https:\/\/www.entremundos.org\/revista\/category\/culture\/?lang=en"},"img":{"alt_text":"","src":"https:\/\/i0.wp.com\/www.entremundos.org\/revista\/wp-content\/uploads\/2023\/02\/whatsapp-image-2023-01-06-at-11.18.43-am.jpeg?fit=1200%2C540&ssl=1&resize=350%2C200","width":350,"height":200,"srcset":"https:\/\/i0.wp.com\/www.entremundos.org\/revista\/wp-content\/uploads\/2023\/02\/whatsapp-image-2023-01-06-at-11.18.43-am.jpeg?fit=1200%2C540&ssl=1&resize=350%2C200 1x, https:\/\/i0.wp.com\/www.entremundos.org\/revista\/wp-content\/uploads\/2023\/02\/whatsapp-image-2023-01-06-at-11.18.43-am.jpeg?fit=1200%2C540&ssl=1&resize=525%2C300 1.5x, https:\/\/i0.wp.com\/www.entremundos.org\/revista\/wp-content\/uploads\/2023\/02\/whatsapp-image-2023-01-06-at-11.18.43-am.jpeg?fit=1200%2C540&ssl=1&resize=700%2C400 2x, https:\/\/i0.wp.com\/www.entremundos.org\/revista\/wp-content\/uploads\/2023\/02\/whatsapp-image-2023-01-06-at-11.18.43-am.jpeg?fit=1200%2C540&ssl=1&resize=1050%2C600 3x"},"classes":[]},{"id":8560,"url":"https:\/\/www.entremundos.org\/revista\/frontpage-en\/entremundos-is-now-in-audio-on-the-year-of-our-20th-anniversary-we-launch-our-podcast-project\/?lang=en","url_meta":{"origin":10269,"position":4},"title":"EntreMundos is now in audio!  On the year of our 20th anniversary, we launch our podcast project","author":"Majo Recinos","date":"1 abril, 2021","format":false,"excerpt":"Working for the past 20 years on this magazine, we\u2019ve realized that time generates inevitable changes.\u00a0 On occasion, these changes have allowed us to re-invent ourselves and improve our work, but they have also brought us difficulties to continue as an independent media source in a world that generally consumes\u2026","rel":"","context":"En \u00abFrontPage\u00bb","block_context":{"text":"FrontPage","link":"https:\/\/www.entremundos.org\/revista\/category\/frontpage-en\/?lang=en"},"img":{"alt_text":"","src":"https:\/\/i0.wp.com\/www.entremundos.org\/revista\/wp-content\/uploads\/2021\/04\/pag.-20.jpg?fit=597%2C334&ssl=1&resize=350%2C200","width":350,"height":200,"srcset":"https:\/\/i0.wp.com\/www.entremundos.org\/revista\/wp-content\/uploads\/2021\/04\/pag.-20.jpg?fit=597%2C334&ssl=1&resize=350%2C200 1x, https:\/\/i0.wp.com\/www.entremundos.org\/revista\/wp-content\/uploads\/2021\/04\/pag.-20.jpg?fit=597%2C334&ssl=1&resize=525%2C300 1.5x"},"classes":[]},{"id":2205,"url":"https:\/\/www.entremundos.org\/revista\/culture\/radio-urbana-a-new-space-online\/?lang=en","url_meta":{"origin":10269,"position":5},"title":"Radio Urbana, a new space online","author":"EntreMundos","date":"1 enero, 2016","format":false,"excerpt":"By Isabel Ju\u00e1rez, Otra Guatemala Ya, Radio Urbana \u00a0 The social mobilizations of 2015 caused a wide range of people to converge in different political spheres, the majority taking the name of groups where the unity of ideas and proposals, without forgetting political analysis, assumed they had passed from activism\u2026","rel":"","context":"En \u00abCommunity Action\u00bb","block_context":{"text":"Community Action","link":"https:\/\/www.entremundos.org\/revista\/category\/politics\/community-action-en-2\/?lang=en"},"img":{"alt_text":"","src":"https:\/\/i0.wp.com\/www.entremundos.org\/revista\/wp-content\/uploads\/2016\/03\/radio-tower.gif?fit=200%2C200&ssl=1&resize=350%2C200","width":350,"height":200},"classes":[]}],"jetpack_sharing_enabled":true,"_links":{"self":[{"href":"https:\/\/www.entremundos.org\/revista\/wp-json\/wp\/v2\/posts\/10269","targetHints":{"allow":["GET"]}}],"collection":[{"href":"https:\/\/www.entremundos.org\/revista\/wp-json\/wp\/v2\/posts"}],"about":[{"href":"https:\/\/www.entremundos.org\/revista\/wp-json\/wp\/v2\/types\/post"}],"author":[{"embeddable":true,"href":"https:\/\/www.entremundos.org\/revista\/wp-json\/wp\/v2\/users\/24"}],"replies":[{"embeddable":true,"href":"https:\/\/www.entremundos.org\/revista\/wp-json\/wp\/v2\/comments?post=10269"}],"version-history":[{"count":5,"href":"https:\/\/www.entremundos.org\/revista\/wp-json\/wp\/v2\/posts\/10269\/revisions"}],"predecessor-version":[{"id":12299,"href":"https:\/\/www.entremundos.org\/revista\/wp-json\/wp\/v2\/posts\/10269\/revisions\/12299"}],"wp:featuredmedia":[{"embeddable":true,"href":"https:\/\/www.entremundos.org\/revista\/wp-json\/wp\/v2\/media\/10271"}],"wp:attachment":[{"href":"https:\/\/www.entremundos.org\/revista\/wp-json\/wp\/v2\/media?parent=10269"}],"wp:term":[{"taxonomy":"category","embeddable":true,"href":"https:\/\/www.entremundos.org\/revista\/wp-json\/wp\/v2\/categories?post=10269"},{"taxonomy":"post_tag","embeddable":true,"href":"https:\/\/www.entremundos.org\/revista\/wp-json\/wp\/v2\/tags?post=10269"}],"curies":[{"name":"wp","href":"https:\/\/api.w.org\/{rel}","templated":true}]}}