{"id":10277,"date":"2022-12-19T10:09:05","date_gmt":"2022-12-19T18:09:05","guid":{"rendered":"https:\/\/www.entremundos.org\/revista\/?p=10277"},"modified":"2022-12-19T10:09:05","modified_gmt":"2022-12-19T18:09:05","slug":"los-derechos-linguisticos-son-derechos-humanos","status":"publish","type":"post","link":"https:\/\/www.entremundos.org\/revista\/politica\/los-derechos-linguisticos-son-derechos-humanos\/","title":{"rendered":"Los derechos ling\u00fc\u00edsticos son derechos humanos"},"content":{"rendered":"<p><em>Por Mar\u00eda Longo<\/em><\/p>\n<p>Las calles de las ciudades de Guatemala tienen r\u00f3tulos informativos en espa\u00f1ol, al ingresar por las ma\u00f1anas en instituciones p\u00fablicas se escucha: \u201cbuenos d\u00edas\u201d, en espa\u00f1ol. En las radios corporativas, en los canales de televisi\u00f3n abierta, en los murmullos por las calles reina el espa\u00f1ol. Parece que Guatemala, un pa\u00eds de 14 millones 901 mil 286 habitantes solo habla espa\u00f1ol, pero no. Tiene 6 millones 207 mil 503 personas que se comunican en idiomas ind\u00edgenas. En sus hogares, en sus comunidades, con sus vecinos y vecinas hablan en k\u00b4iche\u2019, mam, kaqchikel, ach\u00ed, ixil, q&#8217;anjob&#8217;al, ch&#8217;orti&#8217; o quiz\u00e1\u00a0 otro de los 22 idiomas mayas.<\/p>\n<p>Guatemala es un pa\u00eds multiling\u00fce, existen 25 idiomas maternos. El espa\u00f1ol no es el \u00fanico, hay 22 de origen maya, adem\u00e1s del Xinka y el Gar\u00edfuna. Guatemala es un pa\u00eds donde la informaci\u00f3n y la comunicaci\u00f3n no pueden ser solo en espa\u00f1ol, es parte de los derechos humanos.<\/p>\n<p>Los derechos ling\u00fc\u00edsticos son derechos humanos y obligan a reconocer o apoyar el derecho de los pueblos ind\u00edgenas a utilizar su idioma. El lenguaje es fundamental para la naturaleza humana y la cultura y es una de las m\u00e1s importantes expresiones de la identidad. Por tanto, las cuestiones relativas al lenguaje tienen un contenido especialmente emotivo y significativo para las comunidades que intentan mantener su identidad cultural diferenciada y su identidad como grupo, a veces en condiciones de marginaci\u00f3n, exclusi\u00f3n y discriminaci\u00f3n. Expone la gu\u00eda pr\u00e1ctica para la aplicaci\u00f3n de los derechos ling\u00fc\u00edsticos de las minor\u00edas, creada por las Naciones Unidas.<\/p>\n<p>Los derechos ling\u00fc\u00edsticos incluyen el acceso a la justicia, a la educaci\u00f3n, a los medios de comunicaci\u00f3n y a todos los servicios p\u00fablicos en un idioma que se comprenda. Aunque Guatemala tiene leyes que respaldan este derecho humano, no todas se cumplen y la realidad es distante a las normativas. Por ejemplo, de acuerdo con datos de Unicef: en Guatemala existen 2.8 millones de ni\u00f1as, ni\u00f1os y adolescentes ind\u00edgenas, pero menos del 50 % de los docentes biling\u00fces se expresa con fluidez.<\/p>\n<p>Por medio de un comunicado de prensa en agosto de 2020, el Fondo de las Naciones Unidas para la Infancia (Unicef) Guatemala expone que de acuerdo con datos del censo 2018, existen 2.8 millones de ni\u00f1as, ni\u00f1os y adolescentes ind\u00edgenas en Guatemala; lo que representa el 48 % de la poblaci\u00f3n entre 0 a 17 a\u00f1os. Y a pesar de que 4 de cada 10 estudiantes inscritos en el Ministerio de Educaci\u00f3n son ind\u00edgenas, menos de la mitad de los docentes pueden hablar su idioma con fluidez. Lo que representa una dificultad adicional para el aprendizaje de estas ni\u00f1as y ni\u00f1os.<\/p>\n<p><strong>Obligados a hablar espa\u00f1ol <\/strong><\/p>\n<p>\u201cLos mayas se vieron obligados a aprender espa\u00f1ol para integrarse en la vida social guatemalteca, para trabajar en las fincas, en las ciudades o comerciar fuera de la comunidad. En la actualidad las comunidades mayas mantienen un alto grado de biling\u00fcismo lengua maya-espa\u00f1ol, pues adquieren la lengua maya en el n\u00facleo familiar y necesitan aprender espa\u00f1ol para desenvolverse en la vida diaria\u201d, expone el libro Variedades Ling\u00fc\u00edsticas y lenguas en contacto en el mundo de habla hispana.<\/p>\n<p>Mientras Guatemala no cumpla con los derechos ling\u00fc\u00edsticos, millones de personas se ven obligadas a enterrar su idioma materno ind\u00edgena o a ser biling\u00fces para acceder a otros derechos.<\/p>\n<p><a href=\"https:\/\/i0.wp.com\/www.entremundos.org\/revista\/wp-content\/uploads\/2022\/12\/nota-uno-edicion-127-3.png?ssl=1\"><img data-recalc-dims=\"1\" loading=\"lazy\" decoding=\"async\" class=\"size-medium wp-image-10278 aligncenter\" src=\"https:\/\/i0.wp.com\/www.entremundos.org\/revista\/wp-content\/uploads\/2022\/12\/nota-uno-edicion-127-3.png?resize=300%2C228&#038;ssl=1\" alt=\"\" width=\"300\" height=\"228\" srcset=\"https:\/\/i0.wp.com\/www.entremundos.org\/revista\/wp-content\/uploads\/2022\/12\/nota-uno-edicion-127-3.png?resize=300%2C228&amp;ssl=1 300w, https:\/\/i0.wp.com\/www.entremundos.org\/revista\/wp-content\/uploads\/2022\/12\/nota-uno-edicion-127-3.png?resize=335%2C255&amp;ssl=1 335w, https:\/\/i0.wp.com\/www.entremundos.org\/revista\/wp-content\/uploads\/2022\/12\/nota-uno-edicion-127-3.png?resize=72%2C54&amp;ssl=1 72w, https:\/\/i0.wp.com\/www.entremundos.org\/revista\/wp-content\/uploads\/2022\/12\/nota-uno-edicion-127-3.png?w=526&amp;ssl=1 526w\" sizes=\"auto, (max-width: 300px) 100vw, 300px\" \/><\/a><\/p>\n","protected":false},"excerpt":{"rendered":"<p>Por Mar\u00eda Longo Las calles de las ciudades de Guatemala tienen r\u00f3tulos informativos en espa\u00f1ol, al ingresar por las ma\u00f1anas en instituciones p\u00fablicas se escucha: \u201cbuenos d\u00edas\u201d, en espa\u00f1ol. En las radios corporativas, en los canales de televisi\u00f3n abierta, en los murmullos por las calles reina el espa\u00f1ol. Parece que Guatemala, un pa\u00eds de 14 [&hellip;]<\/p>\n","protected":false},"author":1,"featured_media":10280,"comment_status":"closed","ping_status":"closed","sticky":false,"template":"","format":"standard","meta":{"_exactmetrics_skip_tracking":false,"_exactmetrics_sitenote_active":false,"_exactmetrics_sitenote_note":"","_exactmetrics_sitenote_category":0,"jetpack_post_was_ever_published":false,"_jetpack_newsletter_access":"","_jetpack_dont_email_post_to_subs":false,"_jetpack_newsletter_tier_id":0,"_jetpack_memberships_contains_paywalled_content":false,"_jetpack_memberships_contains_paid_content":false,"footnotes":""},"categories":[402,388,386,378],"tags":[3983,3979,3982,3977,3978,3985,3986,1930,3980,72,997,699,3981,3984],"class_list":["post-10277","post","type-post","status-publish","format-standard","has-post-thumbnail","hentry","category-accion-comunitaria-3","category-cultura","category-mujer","category-politica","tag-22-idiomas-mayas","tag-achi","tag-chorti","tag-derechos-linguisticos","tag-espanol","tag-idiomas-maternos-guatemala","tag-idiomas-maternos-quetzaltenango","tag-idiomas-mayas-guatemala","tag-ixil","tag-kiche","tag-kaqchikel","tag-mam","tag-qanjobal","tag-xinca-y-garifuna"],"jetpack_featured_media_url":"https:\/\/i0.wp.com\/www.entremundos.org\/revista\/wp-content\/uploads\/2022\/12\/nota-uno-edicion-127-2.png?fit=503%2C301&ssl=1","jetpack_shortlink":"https:\/\/wp.me\/p7ljt7-2FL","jetpack-related-posts":[{"id":12980,"url":"https:\/\/www.entremundos.org\/revista\/mujer\/el-otro-lado-del-viaje-sonado-detras-de-un-espacio-internacional\/","url_meta":{"origin":10277,"position":0},"title":"El otro lado del viaje so\u00f1ado; detr\u00e1s de un espacio internacional","author":"EntreMundos","date":"23 julio, 2025","format":false,"excerpt":"Por Adela Tuy Cuando la gente escucha \u2018Conferencias Internacionales\u2019 piensa en edificios lujosos, gente hablando en ingl\u00e9s, muchas fotos formales y muchos discursos bonitos; tambi\u00e9n en lo elegante de participar en una conferencia y ponerlo en tu curr\u00edculum vitae. Sin embargo, nadie les cuenta sobre lo que hay detr\u00e1s de\u2026","rel":"","context":"En \u00abCine\u00bb","block_context":{"text":"Cine","link":"https:\/\/www.entremundos.org\/revista\/category\/cine\/"},"img":{"alt_text":"","src":"https:\/\/i0.wp.com\/www.entremundos.org\/revista\/wp-content\/uploads\/2025\/07\/20241121_092407-143c-1.jpg?fit=1200%2C800&ssl=1&resize=350%2C200","width":350,"height":200,"srcset":"https:\/\/i0.wp.com\/www.entremundos.org\/revista\/wp-content\/uploads\/2025\/07\/20241121_092407-143c-1.jpg?fit=1200%2C800&ssl=1&resize=350%2C200 1x, https:\/\/i0.wp.com\/www.entremundos.org\/revista\/wp-content\/uploads\/2025\/07\/20241121_092407-143c-1.jpg?fit=1200%2C800&ssl=1&resize=525%2C300 1.5x, https:\/\/i0.wp.com\/www.entremundos.org\/revista\/wp-content\/uploads\/2025\/07\/20241121_092407-143c-1.jpg?fit=1200%2C800&ssl=1&resize=700%2C400 2x, https:\/\/i0.wp.com\/www.entremundos.org\/revista\/wp-content\/uploads\/2025\/07\/20241121_092407-143c-1.jpg?fit=1200%2C800&ssl=1&resize=1050%2C600 3x"},"classes":[]},{"id":12734,"url":"https:\/\/www.entremundos.org\/revista\/politica\/deportacion-desinformacion-y-desafio-el-impacto-global-de-la-agenda-migratoria-de-trump\/","url_meta":{"origin":10277,"position":1},"title":"Deportaci\u00f3n, desinformaci\u00f3n y desaf\u00edo: El impacto global de la agenda migratoria de Trump","author":"EntreMundos","date":"17 marzo, 2025","format":false,"excerpt":"POR PATRICIA SCHWARTZ Unas 60 personas se sientan en un c\u00edrculo de sillas plegables un jueves por la noche en Tucson, Arizona, una ciudad estadounidense a una hora de la frontera con M\u00e9xico. La reuni\u00f3n semanal de la Coalici\u00f3n de Derechos Humanos se lleva a cabo en gran parte, en\u2026","rel":"","context":"En \u00abFrontPage\u00bb","block_context":{"text":"FrontPage","link":"https:\/\/www.entremundos.org\/revista\/category\/frontpage\/"},"img":{"alt_text":"","src":"https:\/\/i0.wp.com\/www.entremundos.org\/revista\/wp-content\/uploads\/2025\/03\/475088469_3067398756762538_3045668992826805668_n.jpg?fit=1100%2C666&ssl=1&resize=350%2C200","width":350,"height":200,"srcset":"https:\/\/i0.wp.com\/www.entremundos.org\/revista\/wp-content\/uploads\/2025\/03\/475088469_3067398756762538_3045668992826805668_n.jpg?fit=1100%2C666&ssl=1&resize=350%2C200 1x, https:\/\/i0.wp.com\/www.entremundos.org\/revista\/wp-content\/uploads\/2025\/03\/475088469_3067398756762538_3045668992826805668_n.jpg?fit=1100%2C666&ssl=1&resize=525%2C300 1.5x, https:\/\/i0.wp.com\/www.entremundos.org\/revista\/wp-content\/uploads\/2025\/03\/475088469_3067398756762538_3045668992826805668_n.jpg?fit=1100%2C666&ssl=1&resize=700%2C400 2x, https:\/\/i0.wp.com\/www.entremundos.org\/revista\/wp-content\/uploads\/2025\/03\/475088469_3067398756762538_3045668992826805668_n.jpg?fit=1100%2C666&ssl=1&resize=1050%2C600 3x"},"classes":[]},{"id":7710,"url":"https:\/\/www.entremundos.org\/revista\/environment\/health-and-nutrition-of-the-chorti-maya-people-and-the-imminent-threat-in-the-face-of-a-lack-of-water\/?lang=en","url_meta":{"origin":10277,"position":2},"title":"Health and nutrition of the Ch\u2019orti\u2019 Maya people and the imminent threat in the face of a lack of water","author":"EntreMundos","date":"15 noviembre, 2020","format":false,"excerpt":"By Norma Sancir \u201cWhen I was growing up with my mother and siblings, we would carry water in tecomates. Back then, the water was nice and healthy. The sources of water were very close to our homes.\u201d Francisco Ram\u00edrez, Ch\u2019orti\u2019 Maya Indigenous Authority from Olopa, Chiquimula. Guatemala is a pluricultural\u2026","rel":"","context":"En \u00abClimate Change\u00bb","block_context":{"text":"Climate Change","link":"https:\/\/www.entremundos.org\/revista\/category\/environment\/climate-change\/?lang=en"},"img":{"alt_text":"","src":"https:\/\/i0.wp.com\/www.entremundos.org\/revista\/wp-content\/uploads\/2020\/10\/foto-portada-scaled.jpg?fit=1200%2C900&ssl=1&resize=350%2C200","width":350,"height":200,"srcset":"https:\/\/i0.wp.com\/www.entremundos.org\/revista\/wp-content\/uploads\/2020\/10\/foto-portada-scaled.jpg?fit=1200%2C900&ssl=1&resize=350%2C200 1x, https:\/\/i0.wp.com\/www.entremundos.org\/revista\/wp-content\/uploads\/2020\/10\/foto-portada-scaled.jpg?fit=1200%2C900&ssl=1&resize=525%2C300 1.5x, https:\/\/i0.wp.com\/www.entremundos.org\/revista\/wp-content\/uploads\/2020\/10\/foto-portada-scaled.jpg?fit=1200%2C900&ssl=1&resize=700%2C400 2x, https:\/\/i0.wp.com\/www.entremundos.org\/revista\/wp-content\/uploads\/2020\/10\/foto-portada-scaled.jpg?fit=1200%2C900&ssl=1&resize=1050%2C600 3x"},"classes":[]},{"id":12224,"url":"https:\/\/www.entremundos.org\/revista\/mujer\/derechos-sexuales-y-reproductivos-tema-pendiente-en-guatemala\/","url_meta":{"origin":10277,"position":3},"title":"Derechos sexuales y reproductivos; tema pendiente en Guatemala","author":"EntreMundos","date":"15 julio, 2024","format":false,"excerpt":"POR EMMA G\u00d3MEZ Seg\u00fan La Organizaci\u00f3n de las Naciones Unidas de los Derechos Humanos, (ONU-DH), los derechos sexuales y reproductivos est\u00e1n relacionados con la libertad de las personas a decidir sobre su sexualidad y el ejercicio libre de la misma. Algunos derechos pueden ser; ejercer la sexualidad de manera independiente\u2026","rel":"","context":"En \u00abFrontPage\u00bb","block_context":{"text":"FrontPage","link":"https:\/\/www.entremundos.org\/revista\/category\/frontpage\/"},"img":{"alt_text":"","src":"https:\/\/i0.wp.com\/www.entremundos.org\/revista\/wp-content\/uploads\/2024\/07\/444487166_750607893953803_8829963883492089519_n.jpg?fit=1200%2C1158&ssl=1&resize=350%2C200","width":350,"height":200,"srcset":"https:\/\/i0.wp.com\/www.entremundos.org\/revista\/wp-content\/uploads\/2024\/07\/444487166_750607893953803_8829963883492089519_n.jpg?fit=1200%2C1158&ssl=1&resize=350%2C200 1x, https:\/\/i0.wp.com\/www.entremundos.org\/revista\/wp-content\/uploads\/2024\/07\/444487166_750607893953803_8829963883492089519_n.jpg?fit=1200%2C1158&ssl=1&resize=525%2C300 1.5x, https:\/\/i0.wp.com\/www.entremundos.org\/revista\/wp-content\/uploads\/2024\/07\/444487166_750607893953803_8829963883492089519_n.jpg?fit=1200%2C1158&ssl=1&resize=700%2C400 2x, https:\/\/i0.wp.com\/www.entremundos.org\/revista\/wp-content\/uploads\/2024\/07\/444487166_750607893953803_8829963883492089519_n.jpg?fit=1200%2C1158&ssl=1&resize=1050%2C600 3x"},"classes":[]},{"id":12859,"url":"https:\/\/www.entremundos.org\/revista\/politica\/mujeres-indigenas-y-rurales-en-defensa-del-territorio-frente-al-extractivismo-en-guatemala\/","url_meta":{"origin":10277,"position":4},"title":"Mujeres ind\u00edgenas y rurales en defensa del territorio frente al extractivismo en Guatemala","author":"EntreMundos","date":"21 mayo, 2025","format":false,"excerpt":"Por Asociadas Por lo Justo (JASS) Este es un resumen de un mapeo realizado por JASS, para compartir sus an\u00e1lisis, sus luchas y los impactos en sus vidas. El objetivo es contar las luchas por el territorio frente al extractivismo en Guatemala e identificar el papel y el impacto en\u2026","rel":"","context":"En \u00abFrontPage\u00bb","block_context":{"text":"FrontPage","link":"https:\/\/www.entremundos.org\/revista\/category\/frontpage\/"},"img":{"alt_text":"","src":"https:\/\/i0.wp.com\/www.entremundos.org\/revista\/wp-content\/uploads\/2025\/05\/2-scaled.png?fit=1200%2C843&ssl=1&resize=350%2C200","width":350,"height":200,"srcset":"https:\/\/i0.wp.com\/www.entremundos.org\/revista\/wp-content\/uploads\/2025\/05\/2-scaled.png?fit=1200%2C843&ssl=1&resize=350%2C200 1x, https:\/\/i0.wp.com\/www.entremundos.org\/revista\/wp-content\/uploads\/2025\/05\/2-scaled.png?fit=1200%2C843&ssl=1&resize=525%2C300 1.5x, https:\/\/i0.wp.com\/www.entremundos.org\/revista\/wp-content\/uploads\/2025\/05\/2-scaled.png?fit=1200%2C843&ssl=1&resize=700%2C400 2x, https:\/\/i0.wp.com\/www.entremundos.org\/revista\/wp-content\/uploads\/2025\/05\/2-scaled.png?fit=1200%2C843&ssl=1&resize=1050%2C600 3x"},"classes":[]},{"id":3331,"url":"https:\/\/www.entremundos.org\/revista\/politics\/icefi-study-shows-discrimination-in-government-spending-on-maya-communities\/?lang=en","url_meta":{"origin":10277,"position":5},"title":"Icefi study shows discrimination in government spending on Maya communities","author":"EntreMundos","date":"25 agosto, 2017","format":false,"excerpt":"Commentary from the Central American Institute of Fiscal Studies (Icefi) The Central American Institute of Fiscal Studies (Icefi) presented its study \u201cAtlas of public investment in indigenous communities\u201d in Guatemala City in July. The study\u2019s alarming findings show deficient public spending on indigenous communities. Approximately half of Guatemala\u2019s population, around\u2026","rel":"","context":"En \u00abPageTwo\u00bb","block_context":{"text":"PageTwo","link":"https:\/\/www.entremundos.org\/revista\/category\/pagetwo-en\/?lang=en"},"img":{"alt_text":"","src":"https:\/\/i0.wp.com\/www.entremundos.org\/revista\/wp-content\/uploads\/2017\/08\/icefi.jpg?fit=800%2C532&ssl=1&resize=350%2C200","width":350,"height":200,"srcset":"https:\/\/i0.wp.com\/www.entremundos.org\/revista\/wp-content\/uploads\/2017\/08\/icefi.jpg?fit=800%2C532&ssl=1&resize=350%2C200 1x, https:\/\/i0.wp.com\/www.entremundos.org\/revista\/wp-content\/uploads\/2017\/08\/icefi.jpg?fit=800%2C532&ssl=1&resize=525%2C300 1.5x, https:\/\/i0.wp.com\/www.entremundos.org\/revista\/wp-content\/uploads\/2017\/08\/icefi.jpg?fit=800%2C532&ssl=1&resize=700%2C400 2x"},"classes":[]}],"jetpack_sharing_enabled":true,"_links":{"self":[{"href":"https:\/\/www.entremundos.org\/revista\/wp-json\/wp\/v2\/posts\/10277","targetHints":{"allow":["GET"]}}],"collection":[{"href":"https:\/\/www.entremundos.org\/revista\/wp-json\/wp\/v2\/posts"}],"about":[{"href":"https:\/\/www.entremundos.org\/revista\/wp-json\/wp\/v2\/types\/post"}],"author":[{"embeddable":true,"href":"https:\/\/www.entremundos.org\/revista\/wp-json\/wp\/v2\/users\/1"}],"replies":[{"embeddable":true,"href":"https:\/\/www.entremundos.org\/revista\/wp-json\/wp\/v2\/comments?post=10277"}],"version-history":[{"count":1,"href":"https:\/\/www.entremundos.org\/revista\/wp-json\/wp\/v2\/posts\/10277\/revisions"}],"predecessor-version":[{"id":10282,"href":"https:\/\/www.entremundos.org\/revista\/wp-json\/wp\/v2\/posts\/10277\/revisions\/10282"}],"wp:featuredmedia":[{"embeddable":true,"href":"https:\/\/www.entremundos.org\/revista\/wp-json\/wp\/v2\/media\/10280"}],"wp:attachment":[{"href":"https:\/\/www.entremundos.org\/revista\/wp-json\/wp\/v2\/media?parent=10277"}],"wp:term":[{"taxonomy":"category","embeddable":true,"href":"https:\/\/www.entremundos.org\/revista\/wp-json\/wp\/v2\/categories?post=10277"},{"taxonomy":"post_tag","embeddable":true,"href":"https:\/\/www.entremundos.org\/revista\/wp-json\/wp\/v2\/tags?post=10277"}],"curies":[{"name":"wp","href":"https:\/\/api.w.org\/{rel}","templated":true}]}}