{"id":10420,"date":"2023-01-20T10:55:52","date_gmt":"2023-01-20T18:55:52","guid":{"rendered":"https:\/\/www.entremundos.org\/revista\/?p=10420"},"modified":"2023-01-20T11:15:48","modified_gmt":"2023-01-20T19:15:48","slug":"una-tarea-desvalorizada","status":"publish","type":"post","link":"https:\/\/www.entremundos.org\/revista\/salud\/una-tarea-desvalorizada\/","title":{"rendered":"Una tarea desvalorizada"},"content":{"rendered":"<p>Por Aura Arango, Wendy Cifuentes y Claudia M\u00e9ndez<\/p>\n<p>Las comadronas desarrollan una funci\u00f3n muy importante en la sociedad, apoyan a las mujeres en el proceso de dar vida; desde el momento en que la madre se percata del embarazo, en cada una de las etapas de la gestaci\u00f3n, el alumbramiento, hasta la lactancia. Las comadronas han ganado importancia ya que la pertinencia cultural ha demostrado tener efectos positivos sobre el estado de salud de las personas.<\/p>\n<p>El documento \u201cApoyo en el alumbramiento una tarea desvalorizada\u201d es una investigaci\u00f3n de campo realizada en el municipio de La Esperanza, Quetzaltenango por estudiantes de la Maestr\u00eda en Gesti\u00f3n de Sistemas de Salud de la Universidad Galileo. El enfoque del documento es detectar las acciones que realizan las comadronas en un estado de emergencia, teniendo una perspectiva de enfoque cultural y de contexto del municipio.<\/p>\n<p>En Guatemala el rol de comadronas o matronas es de vital importancia, especialmente en las poblaciones lejanas, donde los hospitales, centros de salud o m\u00e9dicos no tienen cobertura.<\/p>\n<p>Uno de los objetivos planteados en esta investigaci\u00f3n fue reunir y documentar el fundamento jur\u00eddico vinculante del trabajo de las comadronas como agentes que promocionan la seguridad en el sistema de salud guatemalteco y que con pertinencia cultural, ejecutan protocolos de emergencia ante posibles complicaciones en el acompa\u00f1amiento durante el embarazo. Todo esto como una medida de gesti\u00f3n que coadyuva al fortalecimiento del municipio de La Esperanza.<\/p>\n<p>Los resultados del estudio revelaron que aunque las comadronas aplican protocolos de emergencia, no existe una gu\u00eda pr\u00e1ctica que las acompa\u00f1e, lo que favorece que se puedan atribuir roles y prop\u00f3sitos no fundamentados en la legislaci\u00f3n guatemalteca. Estas extralimitaciones vulneran la seguridad de las pacientes, por lo que tener una gu\u00eda con pertinencia cultural, contribuye a la prevenci\u00f3n de desaciertos o malas pr\u00e1cticas. No gestionar por escrito estos<br \/>\nprotocolos puede desencadenar diversos problemas locales y es un riesgo latente para las pacientes.<\/p>\n<p><a href=\"https:\/\/i0.wp.com\/www.entremundos.org\/revista\/wp-content\/uploads\/2023\/01\/coma-2.png?ssl=1\"><img data-recalc-dims=\"1\" loading=\"lazy\" decoding=\"async\" class=\"size-medium wp-image-10409 aligncenter\" src=\"https:\/\/i0.wp.com\/www.entremundos.org\/revista\/wp-content\/uploads\/2023\/01\/coma-2.png?resize=298%2C300&#038;ssl=1\" alt=\"\" width=\"298\" height=\"300\" srcset=\"https:\/\/i0.wp.com\/www.entremundos.org\/revista\/wp-content\/uploads\/2023\/01\/coma-2.png?resize=298%2C300&amp;ssl=1 298w, https:\/\/i0.wp.com\/www.entremundos.org\/revista\/wp-content\/uploads\/2023\/01\/coma-2.png?resize=150%2C150&amp;ssl=1 150w, https:\/\/i0.wp.com\/www.entremundos.org\/revista\/wp-content\/uploads\/2023\/01\/coma-2.png?resize=335%2C338&amp;ssl=1 335w, https:\/\/i0.wp.com\/www.entremundos.org\/revista\/wp-content\/uploads\/2023\/01\/coma-2.png?w=492&amp;ssl=1 492w\" sizes=\"auto, (max-width: 298px) 100vw, 298px\" \/><\/a><\/p>\n<p>A medida que las comunidades est\u00e1n pr\u00f3ximas a cabeceras municipales, la prevenci\u00f3n solamente consiste en la ingesta de \u00e1cido f\u00f3lico y se hace min\u00fascula la fitoterapia segura, la cual consiste en la utilizaci\u00f3n de plantas medicinales que fortalecen el sistema inmunol\u00f3gico.<\/p>\n<p>Las acciones, los protocolos y la evaluaci\u00f3n constante, son importantes porque son provida, prosalud y a su vez cumplen con la misi\u00f3n y objetivos del Ministerio de Salud.<\/p>\n<p>Los hallazgos de la investigaci\u00f3n demuestran la importancia de la creaci\u00f3n, promoci\u00f3n y evaluaci\u00f3n de protocolos de acci\u00f3n ante emergencias en los centros de salud. Mucho mejor si esto se hace de manera sistem\u00e1tica y sint\u00e9tica, trabajando con gu\u00edas pr\u00e1cticas para todos los colaboradores.<\/p>\n<p>El gobierno debe fomentar los espacios acad\u00e9micos necesarios, como carreras universitarias que eduquen y formen comadronas y comadrones. De esta manera se responde a los requerimientos sociales y de entidades internacionales en materia de salud, derechos humanos y pueblos originarios.<\/p>\n<p style=\"text-align: left;\">Promover en la gesti\u00f3n y administraci\u00f3n p\u00fablica la figura de comadrona, responde a las necesidades de salud mundial. Tal como lo presenta un informe elaborado por la Organizaci\u00f3n Mundial de la Salud (OMS), el Fondo de Poblaci\u00f3n de Naciones Unidas (UNFPA, por sus siglas en ingl\u00e9s) y la Confederaci\u00f3n Internacional de Matronas (ICM), el cual expone que el mundo necesita alrededor de 900,000 matronas para la atenci\u00f3n de la gestante y el neonato.<br \/>\nEl Fondo de Poblaci\u00f3n de las Naciones Unidas UNFPA indica que la escasez y el d\u00e9bil fortalecimiento de esta figura, tiene un impacto enorme en las familias y en las generaciones.<\/p>\n<p style=\"text-align: left;\">Aura Arango, Wendy Cifuentes y Claudia M\u00e9ndez, son maestrantes de la Maestr\u00eda en Gesti\u00f3n de Sistemas de Salud de la Universidad Galileo y autoras de la investigaci\u00f3n Apoyo en el alumbramiento una tarea desvalorizada.<\/p>\n","protected":false},"excerpt":{"rendered":"<p>Por Aura Arango, Wendy Cifuentes y Claudia M\u00e9ndez Las comadronas desarrollan una funci\u00f3n muy importante en la sociedad, apoyan a las mujeres en el proceso de dar vida; desde el momento en que la madre se percata del embarazo, en cada una de las etapas de la gestaci\u00f3n, el alumbramiento, hasta la lactancia. Las comadronas [&hellip;]<\/p>\n","protected":false},"author":1,"featured_media":10407,"comment_status":"closed","ping_status":"closed","sticky":false,"template":"","format":"standard","meta":{"_exactmetrics_skip_tracking":false,"_exactmetrics_sitenote_active":false,"_exactmetrics_sitenote_note":"","_exactmetrics_sitenote_category":0,"jetpack_post_was_ever_published":false,"_jetpack_newsletter_access":"","_jetpack_dont_email_post_to_subs":false,"_jetpack_newsletter_tier_id":0,"_jetpack_memberships_contains_paywalled_content":false,"_jetpack_memberships_contains_paid_content":false,"footnotes":""},"categories":[452,382,1772,434],"tags":[4083,4079,4086,4082,4085,4084,4081,4080,486,110,4078],"class_list":["post-10420","post","type-post","status-publish","format-standard","has-post-thumbnail","hentry","category-frontpage","category-salud","category-situacion-social","category-xela","tag-alumbramientos","tag-comadronas","tag-infancia","tag-matronas","tag-mujeres-en-las-comunidades","tag-mujeres-organizadas","tag-nacimientos-en-guatemala","tag-parteras-en-guatemala","tag-pobreza","tag-salud","tag-salud-en-guatemala"],"jetpack_featured_media_url":"https:\/\/i0.wp.com\/www.entremundos.org\/revista\/wp-content\/uploads\/2023\/01\/comadrona.png?fit=496%2C495&ssl=1","jetpack_shortlink":"https:\/\/wp.me\/p7ljt7-2I4","jetpack-related-posts":[{"id":12224,"url":"https:\/\/www.entremundos.org\/revista\/mujer\/derechos-sexuales-y-reproductivos-tema-pendiente-en-guatemala\/","url_meta":{"origin":10420,"position":0},"title":"Derechos sexuales y reproductivos; tema pendiente en Guatemala","author":"EntreMundos","date":"15 julio, 2024","format":false,"excerpt":"POR EMMA G\u00d3MEZ Seg\u00fan La Organizaci\u00f3n de las Naciones Unidas de los Derechos Humanos, (ONU-DH), los derechos sexuales y reproductivos est\u00e1n relacionados con la libertad de las personas a decidir sobre su sexualidad y el ejercicio libre de la misma. Algunos derechos pueden ser; ejercer la sexualidad de manera independiente\u2026","rel":"","context":"En \u00abFrontPage\u00bb","block_context":{"text":"FrontPage","link":"https:\/\/www.entremundos.org\/revista\/category\/frontpage\/"},"img":{"alt_text":"","src":"https:\/\/i0.wp.com\/www.entremundos.org\/revista\/wp-content\/uploads\/2024\/07\/444487166_750607893953803_8829963883492089519_n.jpg?fit=1200%2C1158&ssl=1&resize=350%2C200","width":350,"height":200,"srcset":"https:\/\/i0.wp.com\/www.entremundos.org\/revista\/wp-content\/uploads\/2024\/07\/444487166_750607893953803_8829963883492089519_n.jpg?fit=1200%2C1158&ssl=1&resize=350%2C200 1x, https:\/\/i0.wp.com\/www.entremundos.org\/revista\/wp-content\/uploads\/2024\/07\/444487166_750607893953803_8829963883492089519_n.jpg?fit=1200%2C1158&ssl=1&resize=525%2C300 1.5x, https:\/\/i0.wp.com\/www.entremundos.org\/revista\/wp-content\/uploads\/2024\/07\/444487166_750607893953803_8829963883492089519_n.jpg?fit=1200%2C1158&ssl=1&resize=700%2C400 2x, https:\/\/i0.wp.com\/www.entremundos.org\/revista\/wp-content\/uploads\/2024\/07\/444487166_750607893953803_8829963883492089519_n.jpg?fit=1200%2C1158&ssl=1&resize=1050%2C600 3x"},"classes":[]},{"id":13644,"url":"https:\/\/www.entremundos.org\/revista\/politica\/fortaleciendo-la-comunidad-desde-dentro-un-nuevo-capitulo-para-caras-alegres\/","url_meta":{"origin":10420,"position":1},"title":"Fortaleciendo la comunidad desde dentro: Un nuevo cap\u00edtulo para Caras Alegres","author":"EntreMundos","date":"4 abril, 2026","format":false,"excerpt":"POR VER\u00d3NICA DI MAGGIO Caras Alegres reabri\u00f3 sus puertas con una renovada claridad y enfoque estrat\u00e9gico. Despu\u00e9s de meses dedicados a la evaluaci\u00f3n y planificaci\u00f3n, este 2026 inicia no simplemente como un nuevo a\u00f1o operativo, sino como una expansi\u00f3n estructurada de nuestro impacto comunitario. El a\u00f1o pasado demostr\u00f3 que el\u2026","rel":"","context":"En \u00abFrontPage\u00bb","block_context":{"text":"FrontPage","link":"https:\/\/www.entremundos.org\/revista\/category\/frontpage\/"},"img":{"alt_text":"","src":"https:\/\/i0.wp.com\/www.entremundos.org\/revista\/wp-content\/uploads\/2026\/03\/633353323_1320877706749036_6826896970194983908_n.jpg?fit=1200%2C963&ssl=1&resize=350%2C200","width":350,"height":200,"srcset":"https:\/\/i0.wp.com\/www.entremundos.org\/revista\/wp-content\/uploads\/2026\/03\/633353323_1320877706749036_6826896970194983908_n.jpg?fit=1200%2C963&ssl=1&resize=350%2C200 1x, https:\/\/i0.wp.com\/www.entremundos.org\/revista\/wp-content\/uploads\/2026\/03\/633353323_1320877706749036_6826896970194983908_n.jpg?fit=1200%2C963&ssl=1&resize=525%2C300 1.5x, https:\/\/i0.wp.com\/www.entremundos.org\/revista\/wp-content\/uploads\/2026\/03\/633353323_1320877706749036_6826896970194983908_n.jpg?fit=1200%2C963&ssl=1&resize=700%2C400 2x, https:\/\/i0.wp.com\/www.entremundos.org\/revista\/wp-content\/uploads\/2026\/03\/633353323_1320877706749036_6826896970194983908_n.jpg?fit=1200%2C963&ssl=1&resize=1050%2C600 3x"},"classes":[]},{"id":12859,"url":"https:\/\/www.entremundos.org\/revista\/politica\/mujeres-indigenas-y-rurales-en-defensa-del-territorio-frente-al-extractivismo-en-guatemala\/","url_meta":{"origin":10420,"position":2},"title":"Mujeres ind\u00edgenas y rurales en defensa del territorio frente al extractivismo en Guatemala","author":"EntreMundos","date":"21 mayo, 2025","format":false,"excerpt":"Por Asociadas Por lo Justo (JASS) Este es un resumen de un mapeo realizado por JASS, para compartir sus an\u00e1lisis, sus luchas y los impactos en sus vidas. El objetivo es contar las luchas por el territorio frente al extractivismo en Guatemala e identificar el papel y el impacto en\u2026","rel":"","context":"En \u00abFrontPage\u00bb","block_context":{"text":"FrontPage","link":"https:\/\/www.entremundos.org\/revista\/category\/frontpage\/"},"img":{"alt_text":"","src":"https:\/\/i0.wp.com\/www.entremundos.org\/revista\/wp-content\/uploads\/2025\/05\/2-scaled.png?fit=1200%2C843&ssl=1&resize=350%2C200","width":350,"height":200,"srcset":"https:\/\/i0.wp.com\/www.entremundos.org\/revista\/wp-content\/uploads\/2025\/05\/2-scaled.png?fit=1200%2C843&ssl=1&resize=350%2C200 1x, https:\/\/i0.wp.com\/www.entremundos.org\/revista\/wp-content\/uploads\/2025\/05\/2-scaled.png?fit=1200%2C843&ssl=1&resize=525%2C300 1.5x, https:\/\/i0.wp.com\/www.entremundos.org\/revista\/wp-content\/uploads\/2025\/05\/2-scaled.png?fit=1200%2C843&ssl=1&resize=700%2C400 2x, https:\/\/i0.wp.com\/www.entremundos.org\/revista\/wp-content\/uploads\/2025\/05\/2-scaled.png?fit=1200%2C843&ssl=1&resize=1050%2C600 3x"},"classes":[]},{"id":13014,"url":"https:\/\/www.entremundos.org\/revista\/politica\/donar-no-es-negociar\/","url_meta":{"origin":10420,"position":3},"title":"Donar no es negociar","author":"EntreMundos","date":"30 julio, 2025","format":false,"excerpt":"Donar no es negociar Por Lisseth Santos De acuerdo a lo que se conoce respecto a la donaci\u00f3n, esta se refiere a una forma voluntaria de dar sin recibir nada a cambio. Sin embargo, el modelo\u00a0 econ\u00f3mico capitalista, en su fase neoliberal, ha convertido a la salud en un negocio\u2026","rel":"","context":"En \u00abFrontPage\u00bb","block_context":{"text":"FrontPage","link":"https:\/\/www.entremundos.org\/revista\/category\/frontpage\/"},"img":{"alt_text":"","src":"https:\/\/i0.wp.com\/www.entremundos.org\/revista\/wp-content\/uploads\/2025\/07\/20250702_150242-scaled.jpg?fit=1200%2C900&ssl=1&resize=350%2C200","width":350,"height":200,"srcset":"https:\/\/i0.wp.com\/www.entremundos.org\/revista\/wp-content\/uploads\/2025\/07\/20250702_150242-scaled.jpg?fit=1200%2C900&ssl=1&resize=350%2C200 1x, https:\/\/i0.wp.com\/www.entremundos.org\/revista\/wp-content\/uploads\/2025\/07\/20250702_150242-scaled.jpg?fit=1200%2C900&ssl=1&resize=525%2C300 1.5x, https:\/\/i0.wp.com\/www.entremundos.org\/revista\/wp-content\/uploads\/2025\/07\/20250702_150242-scaled.jpg?fit=1200%2C900&ssl=1&resize=700%2C400 2x, https:\/\/i0.wp.com\/www.entremundos.org\/revista\/wp-content\/uploads\/2025\/07\/20250702_150242-scaled.jpg?fit=1200%2C900&ssl=1&resize=1050%2C600 3x"},"classes":[]},{"id":10588,"url":"https:\/\/www.entremundos.org\/revista\/politica\/ley-de-mujeres-desaparecidas\/","url_meta":{"origin":10420,"position":4},"title":"Ley de mujeres desaparecidas","author":"EntreMundos","date":"9 marzo, 2023","format":false,"excerpt":"Emma G\u00f3mez\u00a0 En Guatemala, cada d\u00eda desaparecen unas 5 mujeres. La desaparici\u00f3n de mujeres est\u00e1 ligada fuertemente con alg\u00fan tipo de violencia de g\u00e9nero.\u00a0 Hace 3 a\u00f1os se implement\u00f3 un mecanismo de b\u00fasqueda inmediata de mujeres desaparecidas, Isabel-Claudina, mecanismo que tiene como base la Ley de Mujeres Desaparecidas que fue\u2026","rel":"","context":"En \u00abFrontPage\u00bb","block_context":{"text":"FrontPage","link":"https:\/\/www.entremundos.org\/revista\/category\/frontpage\/"},"img":{"alt_text":"","src":"https:\/\/i0.wp.com\/www.entremundos.org\/revista\/wp-content\/uploads\/2023\/03\/isable-claudina-justicia.png?fit=1200%2C789&ssl=1&resize=350%2C200","width":350,"height":200,"srcset":"https:\/\/i0.wp.com\/www.entremundos.org\/revista\/wp-content\/uploads\/2023\/03\/isable-claudina-justicia.png?fit=1200%2C789&ssl=1&resize=350%2C200 1x, https:\/\/i0.wp.com\/www.entremundos.org\/revista\/wp-content\/uploads\/2023\/03\/isable-claudina-justicia.png?fit=1200%2C789&ssl=1&resize=525%2C300 1.5x, https:\/\/i0.wp.com\/www.entremundos.org\/revista\/wp-content\/uploads\/2023\/03\/isable-claudina-justicia.png?fit=1200%2C789&ssl=1&resize=700%2C400 2x, https:\/\/i0.wp.com\/www.entremundos.org\/revista\/wp-content\/uploads\/2023\/03\/isable-claudina-justicia.png?fit=1200%2C789&ssl=1&resize=1050%2C600 3x"},"classes":[]},{"id":13241,"url":"https:\/\/www.entremundos.org\/revista\/politica\/crimen-de-estado-primera-sentencia\/","url_meta":{"origin":10420,"position":5},"title":"Crimen De Estado: Primera Sentencia\u00a0","author":"EntreMundos","date":"17 septiembre, 2025","format":false,"excerpt":"Por Carolina Escobar Sarti Durante el gobierno de Jimmy Morales se cometi\u00f3 un crimen de Estado. Fue el 8 de marzo de 2017, cuando 56 ni\u00f1as y adolescentes fueron colocadas, por horas, en un aula de 7 x 6.8 metros donde no hab\u00eda ni siquiera un ba\u00f1o. Despu\u00e9s del desayuno\u2026","rel":"","context":"En \u00abFrontPage\u00bb","block_context":{"text":"FrontPage","link":"https:\/\/www.entremundos.org\/revista\/category\/frontpage\/"},"img":{"alt_text":"","src":"https:\/\/i0.wp.com\/www.entremundos.org\/revista\/wp-content\/uploads\/2025\/09\/img66.jpg?fit=960%2C1200&ssl=1&resize=350%2C200","width":350,"height":200,"srcset":"https:\/\/i0.wp.com\/www.entremundos.org\/revista\/wp-content\/uploads\/2025\/09\/img66.jpg?fit=960%2C1200&ssl=1&resize=350%2C200 1x, https:\/\/i0.wp.com\/www.entremundos.org\/revista\/wp-content\/uploads\/2025\/09\/img66.jpg?fit=960%2C1200&ssl=1&resize=525%2C300 1.5x, https:\/\/i0.wp.com\/www.entremundos.org\/revista\/wp-content\/uploads\/2025\/09\/img66.jpg?fit=960%2C1200&ssl=1&resize=700%2C400 2x"},"classes":[]}],"jetpack_sharing_enabled":true,"_links":{"self":[{"href":"https:\/\/www.entremundos.org\/revista\/wp-json\/wp\/v2\/posts\/10420","targetHints":{"allow":["GET"]}}],"collection":[{"href":"https:\/\/www.entremundos.org\/revista\/wp-json\/wp\/v2\/posts"}],"about":[{"href":"https:\/\/www.entremundos.org\/revista\/wp-json\/wp\/v2\/types\/post"}],"author":[{"embeddable":true,"href":"https:\/\/www.entremundos.org\/revista\/wp-json\/wp\/v2\/users\/1"}],"replies":[{"embeddable":true,"href":"https:\/\/www.entremundos.org\/revista\/wp-json\/wp\/v2\/comments?post=10420"}],"version-history":[{"count":2,"href":"https:\/\/www.entremundos.org\/revista\/wp-json\/wp\/v2\/posts\/10420\/revisions"}],"predecessor-version":[{"id":10426,"href":"https:\/\/www.entremundos.org\/revista\/wp-json\/wp\/v2\/posts\/10420\/revisions\/10426"}],"wp:featuredmedia":[{"embeddable":true,"href":"https:\/\/www.entremundos.org\/revista\/wp-json\/wp\/v2\/media\/10407"}],"wp:attachment":[{"href":"https:\/\/www.entremundos.org\/revista\/wp-json\/wp\/v2\/media?parent=10420"}],"wp:term":[{"taxonomy":"category","embeddable":true,"href":"https:\/\/www.entremundos.org\/revista\/wp-json\/wp\/v2\/categories?post=10420"},{"taxonomy":"post_tag","embeddable":true,"href":"https:\/\/www.entremundos.org\/revista\/wp-json\/wp\/v2\/tags?post=10420"}],"curies":[{"name":"wp","href":"https:\/\/api.w.org\/{rel}","templated":true}]}}