{"id":10439,"date":"2023-01-24T10:52:31","date_gmt":"2023-01-24T18:52:31","guid":{"rendered":"https:\/\/www.entremundos.org\/revista\/?p=10439"},"modified":"2023-01-24T10:52:31","modified_gmt":"2023-01-24T18:52:31","slug":"the-right-to-know","status":"publish","type":"post","link":"https:\/\/www.entremundos.org\/revista\/politics\/the-right-to-know\/?lang=en","title":{"rendered":"The right to know"},"content":{"rendered":"<p>By Gerson Ortiz<\/p>\n<p>Journalism faces an unprecedented siege. The Association of Journalists of Guatemala (APG) registers 389 acts of harassment and limitations to journalistic work during the government of President Alejandro Giammattei, 105 of these attacks have occurred between January and October 2022.<\/p>\n<p>As in the darkest hours of the country&#8217;s history, Giammattei&#8217;s repressive logic has once again put on the table the slogan of punishment for speaking out, through silencing the messenger at any cost. In this twisted eagerness, he has placed the entire state apparatus at the service of this perverse logic: the imprisonment, persecution and harassment of journalists are the clearest evidence that rummaging through the sewers of corruption deserves an exemplary punishment: jail or exile.<\/p>\n<p>But although criminal prosecution, judicial harassment, constant discrediting in <em>Netcenter<\/em> accounts and physical aggressions against journalists can be catalogued as the most serious violations of freedom of expression, these are not the only ones. The Giammattei government has taken other measures that directly violate this human and universal right, some of which I quote below.<\/p>\n<p>At the beginning of April 2022, the State of Guatemala filed an appeal for clarification before the Inter-American Court of Human Rights (IACHR Court) in which it requests \u00abclarification\u00bb of the concept of Community Radio, arguing that it does not exist in the current legal system.<\/p>\n<p><a href=\"https:\/\/i0.wp.com\/www.entremundos.org\/revista\/wp-content\/uploads\/2023\/01\/censorship-4266441_960_720-300x134.jpg?ssl=1\"><img data-recalc-dims=\"1\" loading=\"lazy\" decoding=\"async\" class=\"size-medium wp-image-10437 aligncenter\" src=\"https:\/\/i0.wp.com\/www.entremundos.org\/revista\/wp-content\/uploads\/2023\/01\/censorship-4266441_960_720.jpg?resize=300%2C134&#038;ssl=1\" alt=\"\" width=\"300\" height=\"134\" srcset=\"https:\/\/i0.wp.com\/www.entremundos.org\/revista\/wp-content\/uploads\/2023\/01\/censorship-4266441_960_720.jpg?resize=300%2C134&amp;ssl=1 300w, https:\/\/i0.wp.com\/www.entremundos.org\/revista\/wp-content\/uploads\/2023\/01\/censorship-4266441_960_720.jpg?resize=768%2C343&amp;ssl=1 768w, https:\/\/i0.wp.com\/www.entremundos.org\/revista\/wp-content\/uploads\/2023\/01\/censorship-4266441_960_720.jpg?resize=335%2C150&amp;ssl=1 335w, https:\/\/i0.wp.com\/www.entremundos.org\/revista\/wp-content\/uploads\/2023\/01\/censorship-4266441_960_720.jpg?w=960&amp;ssl=1 960w\" sizes=\"auto, (max-width: 300px) 100vw, 300px\" \/><\/a><\/p>\n<p>This action was brought by the State of Guatemala against the judgment of the IACHR Court of October 6, 2021, which orders the country to apply a policy of distribution of radio frequencies that \u00abguarantees the voice and presence of all sectors of society\u00bb. This attitude on the part of the State is clearly delaying the application of a ruling that favors community radio stations and freedom of expression.<\/p>\n<p>Another action that violates this right has been seen in the failure to comply with the Law on Access to Public Information. According to the last report of the Secretariat of Access to Public Information of the Human Rights Ombudsman (Secai), 334 subjects obliged to report on their actions regarding requests for access to information failed to comply with this mandate, most of the violations come from trusts, mining companies, oil companies, hydroelectric companies and NGOs that receive state transfers.<\/p>\n<p>In addition, it has been notorious the \u00abclosing of ranks\u00bb in government institutions to shield certain information for the benefit of the status quo. For example, access to public data has been denied under arbitrary criteria such as cataloging the information as \u00abpersonal data\u00bb, when what is required are accountability reports, something normal in a democracy.<\/p>\n<p>The blocking of journalists&#8217; Twitter accounts by public officials has been another action that violates freedom of expression. As harmless as it may seem, every time a public official blocks a journalist he or she is, in turn, restricting his or her oversight work, which also restricts the citizen&#8217;s right to know.<\/p>\n<p>Freedom of expression is a universal right that all of us can and should exercise, however, the crusade that has been launched against journalists and media outlets is not only an attempt against the life and integrity of communicators. These actions have a direct impact on the citizen&#8217;s right to be informed, to know how and where the State spends the public budget and who is behind the elected officials to be appointed in the 2023 elections, to cite two examples.<\/p>\n<p>There is a well-oiled state machinery behind all these repressive measures against freedom of expression. For every journalist injured, criminalized, prosecuted, harassed in social networks, imprisoned or exiled, there will be thousands of citizens who lose a fundamental right without which democracy cannot be fully exercised: the right to know.<\/p>\n<p><em>Gerson is a journalist and communicologist graduated from the Universidad de San Carlos de Guatemala. He worked as a reporter and columnist at La Hora and as editor and editor-in-chief at elPeri\u00f3dico. He has collaborated in international media such as Cinco D\u00edas (Spain), CNN (United States) and Exandas (Greece). In 2018 he published So\u00f1ar\u00e1s jam\u00e1s (Linotipo Editorial) and in 2020, La lengua de los gatos (Independiente), books of short narrative.<\/em><\/p>\n","protected":false},"excerpt":{"rendered":"<p>By Gerson Ortiz Journalism faces an unprecedented siege. The Association of Journalists of Guatemala (APG) registers 389 acts of harassment and limitations to journalistic work during the government of President Alejandro Giammattei, 105 of these attacks have occurred between January and October 2022. As in the darkest hours of the country&#8217;s history, Giammattei&#8217;s repressive logic [&hellip;]<\/p>\n","protected":false},"author":1,"featured_media":10435,"comment_status":"closed","ping_status":"closed","sticky":false,"template":"","format":"standard","meta":{"_exactmetrics_skip_tracking":false,"_exactmetrics_sitenote_active":false,"_exactmetrics_sitenote_note":"","_exactmetrics_sitenote_category":0,"jetpack_post_was_ever_published":false,"_jetpack_newsletter_access":"","_jetpack_dont_email_post_to_subs":false,"_jetpack_newsletter_tier_id":0,"_jetpack_memberships_contains_paywalled_content":false,"_jetpack_memberships_contains_paid_content":false,"footnotes":""},"categories":[453,424],"tags":[4115,4114,4116],"class_list":["post-10439","post","type-post","status-publish","format-standard","has-post-thumbnail","hentry","category-frontpage-en","category-politics","tag-censorship","tag-freedom-of-the-press","tag-freedom-of-the-press-in-guatemala"],"jetpack_featured_media_url":"https:\/\/i0.wp.com\/www.entremundos.org\/revista\/wp-content\/uploads\/2023\/01\/freedom-of-speech-156029_960_720.png?fit=500%2C334&ssl=1","jetpack_shortlink":"https:\/\/wp.me\/p7ljt7-2In","jetpack-related-posts":[{"id":5692,"url":"https:\/\/www.entremundos.org\/revista\/politics\/between-a-rock-and-a-hard-place-the-election-torres-vs-giammatei\/?lang=en","url_meta":{"origin":10439,"position":0},"title":"Between a Rock and a hard Place: The election Torres vs. Giammatei","author":"EntreMundos","date":"18 julio, 2019","format":false,"excerpt":"By: Fredy and Diana Pastor The results of the first round of general elections in Guatemala were not all that surprising. The candidate for president who led in the majority of polls, Sandra Torres Casanova of the National Unity of Hope (Unidad Nacional de la Esperanza, UNE), gained a wide\u2026","rel":"","context":"En \u00abPageTwo\u00bb","block_context":{"text":"PageTwo","link":"https:\/\/www.entremundos.org\/revista\/category\/pagetwo-en\/?lang=en"},"img":{"alt_text":"","src":"https:\/\/i0.wp.com\/www.entremundos.org\/revista\/wp-content\/uploads\/2019\/07\/giammatorres.jpg?fit=1200%2C874&ssl=1&resize=350%2C200","width":350,"height":200,"srcset":"https:\/\/i0.wp.com\/www.entremundos.org\/revista\/wp-content\/uploads\/2019\/07\/giammatorres.jpg?fit=1200%2C874&ssl=1&resize=350%2C200 1x, https:\/\/i0.wp.com\/www.entremundos.org\/revista\/wp-content\/uploads\/2019\/07\/giammatorres.jpg?fit=1200%2C874&ssl=1&resize=525%2C300 1.5x, https:\/\/i0.wp.com\/www.entremundos.org\/revista\/wp-content\/uploads\/2019\/07\/giammatorres.jpg?fit=1200%2C874&ssl=1&resize=700%2C400 2x, https:\/\/i0.wp.com\/www.entremundos.org\/revista\/wp-content\/uploads\/2019\/07\/giammatorres.jpg?fit=1200%2C874&ssl=1&resize=1050%2C600 3x"},"classes":[]},{"id":7819,"url":"https:\/\/www.entremundos.org\/revista\/economy\/food-security\/guatemalan-government-claims-to-be-pro-life-but-cuts-funding-for-prevention-of-infant-mortality-and-malnutrition\/?lang=en","url_meta":{"origin":10439,"position":1},"title":"Guatemalan government claims to be pro-life, but cuts funding for prevention of mortality and malnutrition","author":"EntreMundos","date":"5 noviembre, 2020","format":false,"excerpt":"By EntreMundos This Tuesday, the Diario de Centro Am\u00e9rica published the authorization of the organization Planned Parenthood Global to establish a chapter in Guatemala. The Planned Parenthood Federation of America is a non-profit organization that provides sexual and reproductive health services, abortions, and family planning resources, according to its website.\u2026","rel":"","context":"En \u00abFood Security\u00bb","block_context":{"text":"Food Security","link":"https:\/\/www.entremundos.org\/revista\/category\/economy\/food-security\/?lang=en"},"img":{"alt_text":"","src":"https:\/\/i0.wp.com\/www.entremundos.org\/revista\/wp-content\/uploads\/2020\/11\/giammattei-ninos-desnutridos.jpg?fit=954%2C683&ssl=1&resize=350%2C200","width":350,"height":200,"srcset":"https:\/\/i0.wp.com\/www.entremundos.org\/revista\/wp-content\/uploads\/2020\/11\/giammattei-ninos-desnutridos.jpg?fit=954%2C683&ssl=1&resize=350%2C200 1x, https:\/\/i0.wp.com\/www.entremundos.org\/revista\/wp-content\/uploads\/2020\/11\/giammattei-ninos-desnutridos.jpg?fit=954%2C683&ssl=1&resize=525%2C300 1.5x, https:\/\/i0.wp.com\/www.entremundos.org\/revista\/wp-content\/uploads\/2020\/11\/giammattei-ninos-desnutridos.jpg?fit=954%2C683&ssl=1&resize=700%2C400 2x"},"classes":[]},{"id":10737,"url":"https:\/\/www.entremundos.org\/revista\/politics\/terror-against-journalists-and-freedom-of-expression\/?lang=en","url_meta":{"origin":10439,"position":2},"title":"Terror against journalists and freedom of expression","author":"EntreMundos","date":"17 mayo, 2023","format":false,"excerpt":"Jos\u00e9 Cancinos The persecution, criminalisation, penalisation and even imprisonment of journalists and media employees by the regime of Alejandro Giammattei through its operator, the Public Prosecutor's Office led by prosecutor Consuelo Porras, and supported by judges, personalities and organizations in favor of impunity, has led international community organizations to conclude\u2026","rel":"","context":"En \u00abCorruption\u00bb","block_context":{"text":"Corruption","link":"https:\/\/www.entremundos.org\/revista\/category\/politics\/corruption\/?lang=en"},"img":{"alt_text":"","src":"https:\/\/i0.wp.com\/www.entremundos.org\/revista\/wp-content\/uploads\/2023\/05\/119468091_3344546532329829_3528739754767434705_n-1.jpg?fit=768%2C960&ssl=1&resize=350%2C200","width":350,"height":200,"srcset":"https:\/\/i0.wp.com\/www.entremundos.org\/revista\/wp-content\/uploads\/2023\/05\/119468091_3344546532329829_3528739754767434705_n-1.jpg?fit=768%2C960&ssl=1&resize=350%2C200 1x, https:\/\/i0.wp.com\/www.entremundos.org\/revista\/wp-content\/uploads\/2023\/05\/119468091_3344546532329829_3528739754767434705_n-1.jpg?fit=768%2C960&ssl=1&resize=525%2C300 1.5x, https:\/\/i0.wp.com\/www.entremundos.org\/revista\/wp-content\/uploads\/2023\/05\/119468091_3344546532329829_3528739754767434705_n-1.jpg?fit=768%2C960&ssl=1&resize=700%2C400 2x"},"classes":[]},{"id":10582,"url":"https:\/\/www.entremundos.org\/revista\/economy\/megaprojects\/evictions-increase-under-the-giammattei-administration\/?lang=en","url_meta":{"origin":10439,"position":3},"title":"Evictions increase under the Giammattei administration","author":"EntreMundos","date":"8 marzo, 2023","format":false,"excerpt":"By Gilberto Escobar\u00a0 Evictions of two types have been on the rise in Guatemala over the past two years: legal evictions based on a judicial order, and extrajudicial evictions, which are not based on a judge\u2019s order and take place in the dark hours of night or early dawn. The\u2026","rel":"","context":"En \u00abCommunity Tourism\u00bb","block_context":{"text":"Community Tourism","link":"https:\/\/www.entremundos.org\/revista\/category\/community-tourism\/?lang=en"},"img":{"alt_text":"","src":"https:\/\/i0.wp.com\/www.entremundos.org\/revista\/wp-content\/uploads\/2023\/03\/portada.jpg?fit=1024%2C768&ssl=1&resize=350%2C200","width":350,"height":200,"srcset":"https:\/\/i0.wp.com\/www.entremundos.org\/revista\/wp-content\/uploads\/2023\/03\/portada.jpg?fit=1024%2C768&ssl=1&resize=350%2C200 1x, https:\/\/i0.wp.com\/www.entremundos.org\/revista\/wp-content\/uploads\/2023\/03\/portada.jpg?fit=1024%2C768&ssl=1&resize=525%2C300 1.5x, https:\/\/i0.wp.com\/www.entremundos.org\/revista\/wp-content\/uploads\/2023\/03\/portada.jpg?fit=1024%2C768&ssl=1&resize=700%2C400 2x"},"classes":[]},{"id":10058,"url":"https:\/\/www.entremundos.org\/revista\/politics\/citizens-suffer-the-consequences-of-an-inefficacious-ministry-of-public-services\/?lang=en","url_meta":{"origin":10439,"position":4},"title":"Citizens Suffer The Consequences Of An Inefficacious Ministry of Public Services","author":"EntreMundos","date":"19 julio, 2022","format":false,"excerpt":"by Samuel \u00c1lvarez Morales, Director of Visi\u00f3n Legislativa \u00a0 In May of 2022, President Alejandro Giammattei selected Consuelo Porras to serve four more years as Attorney General of the Ministry of Public Prosecutor (MP) in spite of her questionable administration.\u00a0 The public criticized the decision on social media and organized\u2026","rel":"","context":"En \u00abCorruption\u00bb","block_context":{"text":"Corruption","link":"https:\/\/www.entremundos.org\/revista\/category\/politics\/corruption\/?lang=en"},"img":{"alt_text":"","src":"https:\/\/i0.wp.com\/www.entremundos.org\/revista\/wp-content\/uploads\/2022\/07\/fotos-articulo-4-1.jpg?fit=960%2C1200&ssl=1&resize=350%2C200","width":350,"height":200,"srcset":"https:\/\/i0.wp.com\/www.entremundos.org\/revista\/wp-content\/uploads\/2022\/07\/fotos-articulo-4-1.jpg?fit=960%2C1200&ssl=1&resize=350%2C200 1x, https:\/\/i0.wp.com\/www.entremundos.org\/revista\/wp-content\/uploads\/2022\/07\/fotos-articulo-4-1.jpg?fit=960%2C1200&ssl=1&resize=525%2C300 1.5x, https:\/\/i0.wp.com\/www.entremundos.org\/revista\/wp-content\/uploads\/2022\/07\/fotos-articulo-4-1.jpg?fit=960%2C1200&ssl=1&resize=700%2C400 2x"},"classes":[]},{"id":8195,"url":"https:\/\/www.entremundos.org\/revista\/health\/the-outside-in-and-the-inside-out-of-the-news-will-you-get-vaccinated\/?lang=en","url_meta":{"origin":10439,"position":5},"title":"The Outside In and the Inside Out of the News:  Will You Get Vaccinated?","author":"EntreMundos","date":"1 febrero, 2021","format":false,"excerpt":"By R\u00f3mulo Mar In Guatemala CoVid19 is again capturing the headlines as it is a highly contagious and active virus.\u00a0 As one report follows another and another, the possibility of vaccine injects people with optimism.\u00a0 Prensa Libre (one of Guatemala\u2019s daily newspapers with national circulation) printed in its January 10,\u2026","rel":"","context":"En \u00abFrontPage\u00bb","block_context":{"text":"FrontPage","link":"https:\/\/www.entremundos.org\/revista\/category\/frontpage-en\/?lang=en"},"img":{"alt_text":"","src":"https:\/\/i0.wp.com\/www.entremundos.org\/revista\/wp-content\/uploads\/2021\/02\/imagen-noticias-reversibles.jpg?fit=750%2C500&ssl=1&resize=350%2C200","width":350,"height":200,"srcset":"https:\/\/i0.wp.com\/www.entremundos.org\/revista\/wp-content\/uploads\/2021\/02\/imagen-noticias-reversibles.jpg?fit=750%2C500&ssl=1&resize=350%2C200 1x, https:\/\/i0.wp.com\/www.entremundos.org\/revista\/wp-content\/uploads\/2021\/02\/imagen-noticias-reversibles.jpg?fit=750%2C500&ssl=1&resize=525%2C300 1.5x, https:\/\/i0.wp.com\/www.entremundos.org\/revista\/wp-content\/uploads\/2021\/02\/imagen-noticias-reversibles.jpg?fit=750%2C500&ssl=1&resize=700%2C400 2x"},"classes":[]}],"jetpack_sharing_enabled":true,"_links":{"self":[{"href":"https:\/\/www.entremundos.org\/revista\/wp-json\/wp\/v2\/posts\/10439","targetHints":{"allow":["GET"]}}],"collection":[{"href":"https:\/\/www.entremundos.org\/revista\/wp-json\/wp\/v2\/posts"}],"about":[{"href":"https:\/\/www.entremundos.org\/revista\/wp-json\/wp\/v2\/types\/post"}],"author":[{"embeddable":true,"href":"https:\/\/www.entremundos.org\/revista\/wp-json\/wp\/v2\/users\/1"}],"replies":[{"embeddable":true,"href":"https:\/\/www.entremundos.org\/revista\/wp-json\/wp\/v2\/comments?post=10439"}],"version-history":[{"count":1,"href":"https:\/\/www.entremundos.org\/revista\/wp-json\/wp\/v2\/posts\/10439\/revisions"}],"predecessor-version":[{"id":10440,"href":"https:\/\/www.entremundos.org\/revista\/wp-json\/wp\/v2\/posts\/10439\/revisions\/10440"}],"wp:featuredmedia":[{"embeddable":true,"href":"https:\/\/www.entremundos.org\/revista\/wp-json\/wp\/v2\/media\/10435"}],"wp:attachment":[{"href":"https:\/\/www.entremundos.org\/revista\/wp-json\/wp\/v2\/media?parent=10439"}],"wp:term":[{"taxonomy":"category","embeddable":true,"href":"https:\/\/www.entremundos.org\/revista\/wp-json\/wp\/v2\/categories?post=10439"},{"taxonomy":"post_tag","embeddable":true,"href":"https:\/\/www.entremundos.org\/revista\/wp-json\/wp\/v2\/tags?post=10439"}],"curies":[{"name":"wp","href":"https:\/\/api.w.org\/{rel}","templated":true}]}}