{"id":10580,"date":"2023-03-08T20:50:19","date_gmt":"2023-03-09T04:50:19","guid":{"rendered":"https:\/\/www.entremundos.org\/revista\/?p=10580"},"modified":"2023-05-18T16:58:19","modified_gmt":"2023-05-19T00:58:19","slug":"desalojos-aumentan-durante-el-gobierno-de-alejandro-giammattei","status":"publish","type":"post","link":"https:\/\/www.entremundos.org\/revista\/politica\/desalojos-aumentan-durante-el-gobierno-de-alejandro-giammattei\/","title":{"rendered":"Desalojos aumentan durante el gobierno de Alejandro Giammattei"},"content":{"rendered":"<p><b>Por Gilberto Escobar\u00a0<\/b><\/p>\n<p><span style=\"font-weight: 400;\">En Guatemala, durante los \u00faltimos a\u00f1os, los desalojos han ido en aumento y se han dado en dos modalidades: los desalojos legales que tienen una orden judicial y los extrajudiciales, los que\u00a0 no van acompa\u00f1ados de ninguna orden de un juez y que ocurren\u00a0 en horas de la noche o de madrugada. En su mayor\u00eda en este tipo de desalojos est\u00e1n involucradas personas que visten pasamonta\u00f1as, le prenden fuego a todo y se van.\u00a0<\/span><\/p>\n<p><span style=\"font-weight: 400;\">Los desalojos que no van con orden judicial\u00a0 hacen recordar a los pobladores esos a\u00f1os recios del conflicto armado interno en Guatemala: las escenas violentas de hombres armados vestidos de particular, donde nadie sabe qui\u00e9nes son.\u00a0<\/span><\/p>\n<p><span style=\"font-weight: 400;\">En septiembre de 2022 le di seguimiento a un desalojo, hice lo que hacemos los periodistas: preguntar, cuestionar e investigar. Muchas dudas rondaron por mi mente, la primera hip\u00f3tesis que ten\u00eda: \u00bfQui\u00e9n est\u00e1 detr\u00e1s de los desalojos?\u00a0<\/span><\/p>\n<p><span style=\"font-weight: 400;\">Esa hip\u00f3tesis me hizo caminar e ir indagando en el tema, consult\u00e9 a varios especialistas, por ejemplo, uno me dec\u00eda que los desalojos son el reflejo del fracaso del Estado. Un Estado que no puede resolver por la v\u00eda pac\u00edfica las controversias normales en cualquier sociedad, pero lo m\u00e1s importante es que es un Estado incapaz de resolver las necesidades de la poblaci\u00f3n.<\/span><\/p>\n<p><span style=\"font-weight: 400;\">Seg\u00fan datos oficiales del Ministerio de Gobernaci\u00f3n de enero a octubre de 2022 se registraron\u00a0 119 desalojos con orden judicial. De los desalojos extrajudiciales no hay registro.\u00a0<\/span><\/p>\n<p><span style=\"font-weight: 400;\">En el Estor Izabal, municipio que reporta gran cantidad de desalojos, solo en los 10 meses de 2022 hab\u00eda un registro de 11.\u00a0<\/span><\/p>\n<p><span style=\"font-weight: 400;\">Con esas estad\u00edsticas el 2022 quedar\u00e1 como el a\u00f1o donde m\u00e1s desalojos se han realizado en los \u00faltimos siete a\u00f1os. Por otro lado, el 2020 es el a\u00f1o con menos desalojos registrados: cinco. Pero esas estad\u00edsticas solo responden a desalojos que van acompa\u00f1ados de orden judicial, de los otros, de esos que son de manera violenta, no hay datos.\u00a0<\/span><\/p>\n<p><span style=\"font-weight: 400;\">Que ese n\u00famero de desalojos fueran en aumento no es nada casual. M\u00e1s bien, es una estrategia del sector empresarial de Guatemala e instancias estatales que desde el 2019 se dedican a realizarlos.\u00a0<\/span><\/p>\n<p><a href=\"https:\/\/i0.wp.com\/www.entremundos.org\/revista\/wp-content\/uploads\/2023\/03\/aae5b14e-4f45-497b-a883-81cb49d165e7.jpg?ssl=1\"><img data-recalc-dims=\"1\" loading=\"lazy\" decoding=\"async\" class=\"size-medium wp-image-10534 aligncenter\" src=\"https:\/\/i0.wp.com\/www.entremundos.org\/revista\/wp-content\/uploads\/2023\/03\/aae5b14e-4f45-497b-a883-81cb49d165e7.jpg?resize=300%2C225&#038;ssl=1\" alt=\"\" width=\"300\" height=\"225\" srcset=\"https:\/\/i0.wp.com\/www.entremundos.org\/revista\/wp-content\/uploads\/2023\/03\/aae5b14e-4f45-497b-a883-81cb49d165e7.jpg?resize=300%2C225&amp;ssl=1 300w, https:\/\/i0.wp.com\/www.entremundos.org\/revista\/wp-content\/uploads\/2023\/03\/aae5b14e-4f45-497b-a883-81cb49d165e7.jpg?resize=768%2C576&amp;ssl=1 768w, https:\/\/i0.wp.com\/www.entremundos.org\/revista\/wp-content\/uploads\/2023\/03\/aae5b14e-4f45-497b-a883-81cb49d165e7.jpg?resize=72%2C54&amp;ssl=1 72w, https:\/\/i0.wp.com\/www.entremundos.org\/revista\/wp-content\/uploads\/2023\/03\/aae5b14e-4f45-497b-a883-81cb49d165e7.jpg?resize=335%2C251&amp;ssl=1 335w, https:\/\/i0.wp.com\/www.entremundos.org\/revista\/wp-content\/uploads\/2023\/03\/aae5b14e-4f45-497b-a883-81cb49d165e7.jpg?w=909&amp;ssl=1 909w\" sizes=\"auto, (max-width: 300px) 100vw, 300px\" \/><\/a><\/p>\n<p><b>Ministerio P\u00fablico, CACIF y crimen organizado.\u00a0<\/b><\/p>\n<p><span style=\"font-weight: 400;\">Hay tres instituciones creadas en los \u00faltimos tres a\u00f1os que est\u00e1n al pendiente del delito de usurpaci\u00f3n, como lo han llamado, dos son del sector empresarial y una del\u00a0 Estado.<\/span><\/p>\n<p><span style=\"font-weight: 400;\">Primero la Asociaci\u00f3n para la Defensa de la Propiedad Privada (ACDEPRO), creada en 2019, el fundador de esa asociaci\u00f3n es Carlos Torrebiarte. Ese mismo a\u00f1o (2019) el Comit\u00e9 Coordinador de Asociaciones Agr\u00edcolas, Comerciales, Industriales y Financieras (CACIF) cre\u00f3 el Observatorio de Derechos de Propiedad: \u201csoy propietario\u201d. La otra es la Fiscal\u00eda contra Delitos de Usurpaci\u00f3n del MP, creada en octubre de 2021.\u00a0<\/span><\/p>\n<p><span style=\"font-weight: 400;\">El 17 de marzo de 2021, el CACIF y el Ministerio P\u00fablico (MP) dirigido por la Fiscal General Consuelo Porras, firmaron un convenio donde ambas instituciones mantendr\u00e1n cooperaci\u00f3n en el tema estad\u00edstico sobre la propiedad privada.\u00a0<\/span><\/p>\n<p><span style=\"font-weight: 400;\">Pero antes de la firma de ese acuerdo el CACIF cre\u00f3 en diciembre de 2019:\u00a0el Observatorio de Derechos de Propiedad: \u201csoy propietario\u201d, con el objetivo de monitorear y comunicar informaci\u00f3n estad\u00edstica, sobre los casos donde se violente el derecho de propiedad.\u00a0<\/span><\/p>\n<p><span style=\"font-weight: 400;\">La Fiscal\u00eda Especializada contra Delitos de Usurpaci\u00f3n del MP, de octubre de 2021 a noviembre de 2022 ten\u00eda m\u00e1s de 800 expedientes por investigar relacionados a temas de desalojos. Esa misma fiscal\u00eda contabiliza de enero a octubre de 2022 m\u00e1s de 700 denuncias que se encuentran en procesos de investigaci\u00f3n.\u00a0<\/span><\/p>\n<p><span style=\"font-weight: 400;\">Mientras los desalojos van en aumento, las comunidades ind\u00edgenas donde se han realizado, enfrentan crisis alimentaria y el reto de reconstruir su comunidad.\u00a0<\/span><\/p>\n<p><span style=\"font-weight: 400;\">Uno de los \u00faltimos desalojos que se realizaron en 2022 fue en la comunidad Se\u2019Inup, El Chal, Pet\u00e9n, un desalojo extrajudicial. Entraron 150 hombres armados con pasamonta\u00f1as, al llegar le prendieron fuego a todo, el lugar qued\u00f3 en cenizas.<\/span><\/p>\n<p><span style=\"font-weight: 400;\">Gilberto Escobar: Periodista, escribe para el medio digital No-Ficci\u00f3n, tambi\u00e9n escribi\u00f3 en Prensa Comunitaria y Plaza P\u00fablica. En sus piezas period\u00edsticas retrata las din\u00e1micas comunitarias, le sigue la pista a los desalojos, a los conflictos y a la migraci\u00f3n.\u00a0<\/span><\/p>\n<p>&nbsp;<\/p>\n","protected":false},"excerpt":{"rendered":"<p>Por Gilberto Escobar\u00a0 En Guatemala, durante los \u00faltimos a\u00f1os, los desalojos han ido en aumento y se han dado en dos modalidades: los desalojos legales que tienen una orden judicial y los extrajudiciales, los que\u00a0 no van acompa\u00f1ados de ninguna orden de un juez y que ocurren\u00a0 en horas de la noche o de madrugada. [&hellip;]<\/p>\n","protected":false},"author":1,"featured_media":10550,"comment_status":"closed","ping_status":"closed","sticky":false,"template":"","format":"standard","meta":{"_exactmetrics_skip_tracking":false,"_exactmetrics_sitenote_active":false,"_exactmetrics_sitenote_note":"","_exactmetrics_sitenote_category":0,"jetpack_post_was_ever_published":false,"_jetpack_newsletter_access":"","_jetpack_dont_email_post_to_subs":false,"_jetpack_newsletter_tier_id":0,"_jetpack_memberships_contains_paywalled_content":false,"_jetpack_memberships_contains_paid_content":false,"footnotes":""},"categories":[396,407,452,384,399,406,386,378,398],"tags":[4170,4159,4169,2172,4171,4172,1195,3994],"class_list":["post-10580","post","type-post","status-publish","format-standard","has-post-thumbnail","hentry","category-bosques","category-corrupcion","category-frontpage","category-medio-ambiente","category-megaproyectos","category-megaproyectos-2","category-mujer","category-politica","category-rios","tag-crimen-organizado","tag-defensa-del-territorio-en-guatemala","tag-desalojos","tag-despojo-de-tierras-a-comunidades-indigenas","tag-el-estor","tag-indigenas-en-guatemala","tag-izabal","tag-mujeres-indigenas-en-guatemala"],"jetpack_featured_media_url":"https:\/\/i0.wp.com\/www.entremundos.org\/revista\/wp-content\/uploads\/2023\/03\/portada.jpg?fit=1024%2C768&ssl=1","jetpack_shortlink":"https:\/\/wp.me\/p7ljt7-2KE","jetpack-related-posts":[{"id":12224,"url":"https:\/\/www.entremundos.org\/revista\/mujer\/derechos-sexuales-y-reproductivos-tema-pendiente-en-guatemala\/","url_meta":{"origin":10580,"position":0},"title":"Derechos sexuales y reproductivos; tema pendiente en Guatemala","author":"EntreMundos","date":"15 julio, 2024","format":false,"excerpt":"POR EMMA G\u00d3MEZ Seg\u00fan La Organizaci\u00f3n de las Naciones Unidas de los Derechos Humanos, (ONU-DH), los derechos sexuales y reproductivos est\u00e1n relacionados con la libertad de las personas a decidir sobre su sexualidad y el ejercicio libre de la misma. Algunos derechos pueden ser; ejercer la sexualidad de manera independiente\u2026","rel":"","context":"En \u00abFrontPage\u00bb","block_context":{"text":"FrontPage","link":"https:\/\/www.entremundos.org\/revista\/category\/frontpage\/"},"img":{"alt_text":"","src":"https:\/\/i0.wp.com\/www.entremundos.org\/revista\/wp-content\/uploads\/2024\/07\/444487166_750607893953803_8829963883492089519_n.jpg?fit=1200%2C1158&ssl=1&resize=350%2C200","width":350,"height":200,"srcset":"https:\/\/i0.wp.com\/www.entremundos.org\/revista\/wp-content\/uploads\/2024\/07\/444487166_750607893953803_8829963883492089519_n.jpg?fit=1200%2C1158&ssl=1&resize=350%2C200 1x, https:\/\/i0.wp.com\/www.entremundos.org\/revista\/wp-content\/uploads\/2024\/07\/444487166_750607893953803_8829963883492089519_n.jpg?fit=1200%2C1158&ssl=1&resize=525%2C300 1.5x, https:\/\/i0.wp.com\/www.entremundos.org\/revista\/wp-content\/uploads\/2024\/07\/444487166_750607893953803_8829963883492089519_n.jpg?fit=1200%2C1158&ssl=1&resize=700%2C400 2x, https:\/\/i0.wp.com\/www.entremundos.org\/revista\/wp-content\/uploads\/2024\/07\/444487166_750607893953803_8829963883492089519_n.jpg?fit=1200%2C1158&ssl=1&resize=1050%2C600 3x"},"classes":[]},{"id":10833,"url":"https:\/\/www.entremundos.org\/revista\/politica\/violencia-contra-las-mujeres-dominio-masculino-en-la-politica\/","url_meta":{"origin":10580,"position":1},"title":"Violencia contra las mujeres: dominio masculino en la pol\u00edtica","author":"EntreMundos","date":"29 mayo, 2023","format":false,"excerpt":"Silvia Lilian Trujillo La violencia pol\u00edtica es sistem\u00e1tica y permanente, se produce para inhibir, ralentizar o restringir la participaci\u00f3n pol\u00edtica de mujeres, en el marco de un sistema que se resiste a aceptar su igualdad de derechos. Mientras no se trabaje para acabar con esta violencia espec\u00edfica la calidad de\u2026","rel":"","context":"En \u00abFrontPage\u00bb","block_context":{"text":"FrontPage","link":"https:\/\/www.entremundos.org\/revista\/category\/frontpage\/"},"img":{"alt_text":"","src":"https:\/\/i0.wp.com\/www.entremundos.org\/revista\/wp-content\/uploads\/2023\/05\/000_16w772-1.jpg?fit=1200%2C799&ssl=1&resize=350%2C200","width":350,"height":200,"srcset":"https:\/\/i0.wp.com\/www.entremundos.org\/revista\/wp-content\/uploads\/2023\/05\/000_16w772-1.jpg?fit=1200%2C799&ssl=1&resize=350%2C200 1x, https:\/\/i0.wp.com\/www.entremundos.org\/revista\/wp-content\/uploads\/2023\/05\/000_16w772-1.jpg?fit=1200%2C799&ssl=1&resize=525%2C300 1.5x, https:\/\/i0.wp.com\/www.entremundos.org\/revista\/wp-content\/uploads\/2023\/05\/000_16w772-1.jpg?fit=1200%2C799&ssl=1&resize=700%2C400 2x, https:\/\/i0.wp.com\/www.entremundos.org\/revista\/wp-content\/uploads\/2023\/05\/000_16w772-1.jpg?fit=1200%2C799&ssl=1&resize=1050%2C600 3x"},"classes":[]},{"id":12859,"url":"https:\/\/www.entremundos.org\/revista\/politica\/mujeres-indigenas-y-rurales-en-defensa-del-territorio-frente-al-extractivismo-en-guatemala\/","url_meta":{"origin":10580,"position":2},"title":"Mujeres ind\u00edgenas y rurales en defensa del territorio frente al extractivismo en Guatemala","author":"EntreMundos","date":"21 mayo, 2025","format":false,"excerpt":"Por Asociadas Por lo Justo (JASS) Este es un resumen de un mapeo realizado por JASS, para compartir sus an\u00e1lisis, sus luchas y los impactos en sus vidas. El objetivo es contar las luchas por el territorio frente al extractivismo en Guatemala e identificar el papel y el impacto en\u2026","rel":"","context":"En \u00abFrontPage\u00bb","block_context":{"text":"FrontPage","link":"https:\/\/www.entremundos.org\/revista\/category\/frontpage\/"},"img":{"alt_text":"","src":"https:\/\/i0.wp.com\/www.entremundos.org\/revista\/wp-content\/uploads\/2025\/05\/2-scaled.png?fit=1200%2C843&ssl=1&resize=350%2C200","width":350,"height":200,"srcset":"https:\/\/i0.wp.com\/www.entremundos.org\/revista\/wp-content\/uploads\/2025\/05\/2-scaled.png?fit=1200%2C843&ssl=1&resize=350%2C200 1x, https:\/\/i0.wp.com\/www.entremundos.org\/revista\/wp-content\/uploads\/2025\/05\/2-scaled.png?fit=1200%2C843&ssl=1&resize=525%2C300 1.5x, https:\/\/i0.wp.com\/www.entremundos.org\/revista\/wp-content\/uploads\/2025\/05\/2-scaled.png?fit=1200%2C843&ssl=1&resize=700%2C400 2x, https:\/\/i0.wp.com\/www.entremundos.org\/revista\/wp-content\/uploads\/2025\/05\/2-scaled.png?fit=1200%2C843&ssl=1&resize=1050%2C600 3x"},"classes":[]},{"id":12980,"url":"https:\/\/www.entremundos.org\/revista\/mujer\/el-otro-lado-del-viaje-sonado-detras-de-un-espacio-internacional\/","url_meta":{"origin":10580,"position":3},"title":"El otro lado del viaje so\u00f1ado; detr\u00e1s de un espacio internacional","author":"EntreMundos","date":"23 julio, 2025","format":false,"excerpt":"Por Adela Tuy Cuando la gente escucha \u2018Conferencias Internacionales\u2019 piensa en edificios lujosos, gente hablando en ingl\u00e9s, muchas fotos formales y muchos discursos bonitos; tambi\u00e9n en lo elegante de participar en una conferencia y ponerlo en tu curr\u00edculum vitae. Sin embargo, nadie les cuenta sobre lo que hay detr\u00e1s de\u2026","rel":"","context":"En \u00abCine\u00bb","block_context":{"text":"Cine","link":"https:\/\/www.entremundos.org\/revista\/category\/cine\/"},"img":{"alt_text":"","src":"https:\/\/i0.wp.com\/www.entremundos.org\/revista\/wp-content\/uploads\/2025\/07\/20241121_092407-143c-1.jpg?fit=1200%2C800&ssl=1&resize=350%2C200","width":350,"height":200,"srcset":"https:\/\/i0.wp.com\/www.entremundos.org\/revista\/wp-content\/uploads\/2025\/07\/20241121_092407-143c-1.jpg?fit=1200%2C800&ssl=1&resize=350%2C200 1x, https:\/\/i0.wp.com\/www.entremundos.org\/revista\/wp-content\/uploads\/2025\/07\/20241121_092407-143c-1.jpg?fit=1200%2C800&ssl=1&resize=525%2C300 1.5x, https:\/\/i0.wp.com\/www.entremundos.org\/revista\/wp-content\/uploads\/2025\/07\/20241121_092407-143c-1.jpg?fit=1200%2C800&ssl=1&resize=700%2C400 2x, https:\/\/i0.wp.com\/www.entremundos.org\/revista\/wp-content\/uploads\/2025\/07\/20241121_092407-143c-1.jpg?fit=1200%2C800&ssl=1&resize=1050%2C600 3x"},"classes":[]},{"id":11407,"url":"https:\/\/www.entremundos.org\/revista\/politica\/del-papel-a-la-pantalla\/","url_meta":{"origin":10580,"position":4},"title":"Del papel a la pantalla","author":"EntreMundos","date":"10 noviembre, 2023","format":false,"excerpt":"POR EMMA G\u00d3MEZ Dos pa\u00edses golpeados por la corrupci\u00f3n, violaci\u00f3n de los derechos humanos, injusticias, persecuciones y despojos, por mencionar algunos de los males que tienen en com\u00fan Guatemala y El Salvador. El proyecto, Del Papel a la Pantalla, presenta dos propuestas visuales para reflexionar sobre la educaci\u00f3n sexual y\u2026","rel":"","context":"En \u00abAccion Comunitaria\u00bb","block_context":{"text":"Accion Comunitaria","link":"https:\/\/www.entremundos.org\/revista\/category\/politica\/accion-comunitaria-3\/"},"img":{"alt_text":"","src":"https:\/\/i0.wp.com\/www.entremundos.org\/revista\/wp-content\/uploads\/2023\/11\/whatsapp-image-2023-10-23-at-9.54.45-am-2.jpeg?fit=1200%2C800&ssl=1&resize=350%2C200","width":350,"height":200,"srcset":"https:\/\/i0.wp.com\/www.entremundos.org\/revista\/wp-content\/uploads\/2023\/11\/whatsapp-image-2023-10-23-at-9.54.45-am-2.jpeg?fit=1200%2C800&ssl=1&resize=350%2C200 1x, https:\/\/i0.wp.com\/www.entremundos.org\/revista\/wp-content\/uploads\/2023\/11\/whatsapp-image-2023-10-23-at-9.54.45-am-2.jpeg?fit=1200%2C800&ssl=1&resize=525%2C300 1.5x, https:\/\/i0.wp.com\/www.entremundos.org\/revista\/wp-content\/uploads\/2023\/11\/whatsapp-image-2023-10-23-at-9.54.45-am-2.jpeg?fit=1200%2C800&ssl=1&resize=700%2C400 2x, https:\/\/i0.wp.com\/www.entremundos.org\/revista\/wp-content\/uploads\/2023\/11\/whatsapp-image-2023-10-23-at-9.54.45-am-2.jpeg?fit=1200%2C800&ssl=1&resize=1050%2C600 3x"},"classes":[]},{"id":13649,"url":"https:\/\/www.entremundos.org\/revista\/politica\/la-urgencia-de-comprender-la-historia-y-sus-lecciones\/","url_meta":{"origin":10580,"position":5},"title":"La urgencia de comprender la historia y sus lecciones","author":"EntreMundos","date":"4 abril, 2026","format":false,"excerpt":"POR JUAN JOS\u00c9 HURTADO PAZ En los \u00faltimos meses se escuchan voces que defienden la intervenci\u00f3n imperialista yanqui contra Venezuela con el argumento aparentemente simple y moralizante: hab\u00eda una dictadura y deb\u00eda ser removida. Bajo esta narrativa, la intervenci\u00f3n externa se presenta como una acci\u00f3n necesaria, casi humanitaria, destinada a\u2026","rel":"","context":"En \u00abFrontPage\u00bb","block_context":{"text":"FrontPage","link":"https:\/\/www.entremundos.org\/revista\/category\/frontpage\/"},"img":{"alt_text":"","src":"","width":0,"height":0},"classes":[]}],"jetpack_sharing_enabled":true,"_links":{"self":[{"href":"https:\/\/www.entremundos.org\/revista\/wp-json\/wp\/v2\/posts\/10580","targetHints":{"allow":["GET"]}}],"collection":[{"href":"https:\/\/www.entremundos.org\/revista\/wp-json\/wp\/v2\/posts"}],"about":[{"href":"https:\/\/www.entremundos.org\/revista\/wp-json\/wp\/v2\/types\/post"}],"author":[{"embeddable":true,"href":"https:\/\/www.entremundos.org\/revista\/wp-json\/wp\/v2\/users\/1"}],"replies":[{"embeddable":true,"href":"https:\/\/www.entremundos.org\/revista\/wp-json\/wp\/v2\/comments?post=10580"}],"version-history":[{"count":1,"href":"https:\/\/www.entremundos.org\/revista\/wp-json\/wp\/v2\/posts\/10580\/revisions"}],"predecessor-version":[{"id":10581,"href":"https:\/\/www.entremundos.org\/revista\/wp-json\/wp\/v2\/posts\/10580\/revisions\/10581"}],"wp:featuredmedia":[{"embeddable":true,"href":"https:\/\/www.entremundos.org\/revista\/wp-json\/wp\/v2\/media\/10550"}],"wp:attachment":[{"href":"https:\/\/www.entremundos.org\/revista\/wp-json\/wp\/v2\/media?parent=10580"}],"wp:term":[{"taxonomy":"category","embeddable":true,"href":"https:\/\/www.entremundos.org\/revista\/wp-json\/wp\/v2\/categories?post=10580"},{"taxonomy":"post_tag","embeddable":true,"href":"https:\/\/www.entremundos.org\/revista\/wp-json\/wp\/v2\/tags?post=10580"}],"curies":[{"name":"wp","href":"https:\/\/api.w.org\/{rel}","templated":true}]}}