{"id":10681,"date":"2023-05-12T08:46:57","date_gmt":"2023-05-12T16:46:57","guid":{"rendered":"https:\/\/www.entremundos.org\/revista\/?p=10681"},"modified":"2023-05-12T08:49:49","modified_gmt":"2023-05-12T16:49:49","slug":"terror-contra-periodistas-y-la-libertad-de-expresion","status":"publish","type":"post","link":"https:\/\/www.entremundos.org\/revista\/politica\/terror-contra-periodistas-y-la-libertad-de-expresion\/","title":{"rendered":"Terror contra periodistas y la libertad de expresi\u00f3n"},"content":{"rendered":"<p><span style=\"font-weight: 400;\">Jos\u00e9 Cancinos<\/span><\/p>\n<p><span style=\"font-weight: 400;\">La persecuci\u00f3n, criminalizaci\u00f3n, penalizaci\u00f3n y hasta el encarcelamiento de periodistas y empleados de medios de comunicaci\u00f3n que ha emprendido, el r\u00e9gimen de Alejandro Giammattei a trav\u00e9s de su operador Ministerio P\u00fablico liderado por la fiscal Consuelo Porras, y apoyado por jueces, personajes y organizaciones a favor de la impunidad, ha llevado a la conclusi\u00f3n de organizaciones de la comunidad internacional, que ejercer el periodismo en el pa\u00eds es terrible.<\/span><\/p>\n<p><span style=\"font-weight: 400;\">Ese terror que han infundido contra los periodistas y la libertad de prensa, ha obligado a que muchos comunicadores de los departamentos fuera de la Ciudad Capital se abstengan a realizar un periodismo de fiscalizaci\u00f3n en las instituciones que conforman todo el aparato estatal.<\/span><\/p>\n<p><span style=\"font-weight: 400;\">Con tal acci\u00f3n el r\u00e9gimen Gimmattei est\u00e1 violando el Art\u00edculo 35 de Libre Emisi\u00f3n del Pensamiento de la Constituci\u00f3n Pol\u00edtica, adem\u00e1s del 46 que describe que los tratados y convenios aceptados y ratificados por Guatemala son preeminentes sobre el derecho interno.<\/span><\/p>\n<p><a href=\"https:\/\/i0.wp.com\/www.entremundos.org\/revista\/wp-content\/uploads\/2023\/05\/334774105_2847516488717933_5909697586650447144_n.jpg?ssl=1\"><img data-recalc-dims=\"1\" loading=\"lazy\" decoding=\"async\" class=\"size-medium wp-image-10686 aligncenter\" src=\"https:\/\/i0.wp.com\/www.entremundos.org\/revista\/wp-content\/uploads\/2023\/05\/334774105_2847516488717933_5909697586650447144_n.jpg?resize=300%2C225&#038;ssl=1\" alt=\"\" width=\"300\" height=\"225\" srcset=\"https:\/\/i0.wp.com\/www.entremundos.org\/revista\/wp-content\/uploads\/2023\/05\/334774105_2847516488717933_5909697586650447144_n.jpg?resize=300%2C225&amp;ssl=1 300w, https:\/\/i0.wp.com\/www.entremundos.org\/revista\/wp-content\/uploads\/2023\/05\/334774105_2847516488717933_5909697586650447144_n.jpg?resize=768%2C576&amp;ssl=1 768w, https:\/\/i0.wp.com\/www.entremundos.org\/revista\/wp-content\/uploads\/2023\/05\/334774105_2847516488717933_5909697586650447144_n.jpg?resize=72%2C54&amp;ssl=1 72w, https:\/\/i0.wp.com\/www.entremundos.org\/revista\/wp-content\/uploads\/2023\/05\/334774105_2847516488717933_5909697586650447144_n.jpg?resize=335%2C251&amp;ssl=1 335w, https:\/\/i0.wp.com\/www.entremundos.org\/revista\/wp-content\/uploads\/2023\/05\/334774105_2847516488717933_5909697586650447144_n.jpg?w=960&amp;ssl=1 960w\" sizes=\"auto, (max-width: 300px) 100vw, 300px\" \/><\/a><\/p>\n<p><span style=\"font-weight: 400;\">Guatemala en su momento, ratific\u00f3 el Art\u00edculo 19 de la Declaraci\u00f3n Universal de los Derechos Humanos y el Art\u00edculo 13 de la Convenci\u00f3n Americana de Derechos Humanos. Ambos engloban las principales garant\u00edas que asisten a periodistas, comunicadores y comunicadores sociales y comunitarios, e incluso a personas que realizan ejercicios period\u00edsticos al margen de empresas u organizaciones sociales y comunitarias.<\/span><\/p>\n<p><span style=\"font-weight: 400;\">Al amparo de la Constituci\u00f3n Pol\u00edtica de la Rep\u00fablica y tratados y convenciones aceptados y ratificados por Guatemala, el r\u00e9gimen Gimmattei y su operadora Consuelo Porras deben abstenerse a continuar criminalizando el derecho de opinar, el derecho a investigar, recibir informaciones y opiniones, y el derecho a difundirlas sin limitaci\u00f3n de fronteras y cualquier medio de expresi\u00f3n.<\/span><\/p>\n<p><span style=\"font-weight: 400;\">Todos los empleados del Estado tienen que estar conscientes que es un derecho fundamental de los individuos acceder a la informaci\u00f3n, y puntualmente fiscales y jueces deben tener presente que todo comunicador social tiene derecho a la reserva de sus fuentes de informaci\u00f3n, apuntes, archivos personales y profesionales. Por tanto las leyes de privacidad no deben inhibir ni restringir la investigaci\u00f3n y difusi\u00f3n de informaci\u00f3n de inter\u00e9s p\u00fablico.<\/span><\/p>\n<p><span style=\"font-weight: 400;\">Es imperativo que fiscales, jueces y funcionarios de Gobierno deben estar conscientes que son empleados p\u00fablicos y que su actuar est\u00e1 bajo el escrutinio de los ciudadanos bajo el amparo de la Constituci\u00f3n que se\u00f1ala que nadie es superior a la ley.<\/span><\/p>\n<p>&nbsp;<\/p>\n<p><a href=\"https:\/\/i0.wp.com\/www.entremundos.org\/revista\/wp-content\/uploads\/2023\/05\/119468091_3344546532329829_3528739754767434705_n-1.jpg?ssl=1\"><img data-recalc-dims=\"1\" loading=\"lazy\" decoding=\"async\" class=\"size-medium wp-image-10684 aligncenter\" src=\"https:\/\/i0.wp.com\/www.entremundos.org\/revista\/wp-content\/uploads\/2023\/05\/119468091_3344546532329829_3528739754767434705_n-1.jpg?resize=240%2C300&#038;ssl=1\" alt=\"\" width=\"240\" height=\"300\" srcset=\"https:\/\/i0.wp.com\/www.entremundos.org\/revista\/wp-content\/uploads\/2023\/05\/119468091_3344546532329829_3528739754767434705_n-1.jpg?resize=240%2C300&amp;ssl=1 240w, https:\/\/i0.wp.com\/www.entremundos.org\/revista\/wp-content\/uploads\/2023\/05\/119468091_3344546532329829_3528739754767434705_n-1.jpg?resize=335%2C419&amp;ssl=1 335w, https:\/\/i0.wp.com\/www.entremundos.org\/revista\/wp-content\/uploads\/2023\/05\/119468091_3344546532329829_3528739754767434705_n-1.jpg?w=768&amp;ssl=1 768w\" sizes=\"auto, (max-width: 240px) 100vw, 240px\" \/><\/a><\/p>\n<p><span style=\"font-weight: 400;\">Las presiones directas o indirectas por parte de dichos personajes del Estado dirigidas a silenciar la labor informativa de los comunicadores sociales son incompatibles con la libertad de expresi\u00f3n.<\/span><\/p>\n<p><span style=\"font-weight: 400;\">La Comisi\u00f3n Interamericana de Derechos Humanos (CIDH) en su Declaraci\u00f3n de Principios sobre Libertad de Expresi\u00f3n est\u00e1 convencida que cuando se obstaculiza el libre debate de ideas y opiniones se limita la libertad de expresi\u00f3n y el efectivo desarrollo del proceso democr\u00e1tico.<\/span><\/p>\n<p><span style=\"font-weight: 400;\">La CIDH recuerda que la libertad de expresi\u00f3n es un derecho fundamental reconocido en la Declaraci\u00f3n\u00a0 sobre los Derechos y Deberes del Hombre y la Convenci\u00f3n Americana sobre Derechos Humanos. Tambi\u00e9n la Declaraci\u00f3n Universal de Derechos Humanos, la Resoluci\u00f3n 59 (l) de la Asamblea General de las Naciones Unidas, la Resoluci\u00f3n 104 adoptada por la Conferencia General de la UNESCO, el Pacto Internacional de Derechos Civiles y Pol\u00edticos, as\u00ed como\u00a0 otros instrumentos internacionales y constituciones nacionales.<\/span><\/p>\n<p><span style=\"font-weight: 400;\">Por tanto, como reconoce la CIDH que la libertad de prensa es esencial para la realizaci\u00f3n del pleno y efectivo ejercicio de la libertad de expresi\u00f3n e instrumento indispensable para el funcionamiento de la democracia representativa, mediante la cual los ciudadanos ejercen su derecho a recibir, difundir y buscar informaci\u00f3n. La libertad de expresi\u00f3n no es una concesi\u00f3n de los Estados, sino un derecho fundamental.<\/span><\/p>\n<p><span style=\"font-weight: 400;\">Jos\u00e9 Cancinos, tres d\u00e9cadas en el ejercicio period\u00edstico, autodefensor de la libre emisi\u00f3n del pensamiento, libertad de expresi\u00f3n y libertad de prensa. Expresidente de la Asociaci\u00f3n de Prensa Quezalteca (APQ), miembro fundador de la Red de Protecci\u00f3n para Periodistas de Guatemala, miembro del colectivo de periodistas #NoNosCallar\u00e1n, y representante en Quetzaltenango de la Red Rompe el Miedo Guatemala.<\/span><\/p>\n","protected":false},"excerpt":{"rendered":"<p>Jos\u00e9 Cancinos La persecuci\u00f3n, criminalizaci\u00f3n, penalizaci\u00f3n y hasta el encarcelamiento de periodistas y empleados de medios de comunicaci\u00f3n que ha emprendido, el r\u00e9gimen de Alejandro Giammattei a trav\u00e9s de su operador Ministerio P\u00fablico liderado por la fiscal Consuelo Porras, y apoyado por jueces, personajes y organizaciones a favor de la impunidad, ha llevado a la [&hellip;]<\/p>\n","protected":false},"author":1,"featured_media":10684,"comment_status":"closed","ping_status":"closed","sticky":false,"template":"","format":"standard","meta":{"_exactmetrics_skip_tracking":false,"_exactmetrics_sitenote_active":false,"_exactmetrics_sitenote_note":"","_exactmetrics_sitenote_category":0,"jetpack_post_was_ever_published":false,"_jetpack_newsletter_access":"","_jetpack_dont_email_post_to_subs":false,"_jetpack_newsletter_tier_id":0,"_jetpack_memberships_contains_paywalled_content":false,"_jetpack_memberships_contains_paid_content":false,"footnotes":""},"categories":[407,404,452,378,444],"tags":[652,3710,489,4247,4251,4249,4110,4248,4246,4252,4250],"class_list":["post-10681","post","type-post","status-publish","format-standard","has-post-thumbnail","hentry","category-corrupcion","category-figuras-publicas","category-frontpage","category-politica","category-radio","tag-comunicacion","tag-corrupcion-en-guatemala","tag-criminalizacion","tag-derecho-a-la-libertad-de-expresion","tag-derechos-de-medios-de-comunicacion","tag-informacion","tag-libertad-de-expresion","tag-medios-de-comunicacion","tag-periodicos","tag-periodistas-y-comunicadores","tag-proceso-democratico"],"jetpack_featured_media_url":"https:\/\/i0.wp.com\/www.entremundos.org\/revista\/wp-content\/uploads\/2023\/05\/119468091_3344546532329829_3528739754767434705_n-1.jpg?fit=768%2C960&ssl=1","jetpack_shortlink":"https:\/\/wp.me\/p7ljt7-2Mh","jetpack-related-posts":[{"id":11407,"url":"https:\/\/www.entremundos.org\/revista\/politica\/del-papel-a-la-pantalla\/","url_meta":{"origin":10681,"position":0},"title":"Del papel a la pantalla","author":"EntreMundos","date":"10 noviembre, 2023","format":false,"excerpt":"POR EMMA G\u00d3MEZ Dos pa\u00edses golpeados por la corrupci\u00f3n, violaci\u00f3n de los derechos humanos, injusticias, persecuciones y despojos, por mencionar algunos de los males que tienen en com\u00fan Guatemala y El Salvador. El proyecto, Del Papel a la Pantalla, presenta dos propuestas visuales para reflexionar sobre la educaci\u00f3n sexual y\u2026","rel":"","context":"En \u00abAccion Comunitaria\u00bb","block_context":{"text":"Accion Comunitaria","link":"https:\/\/www.entremundos.org\/revista\/category\/politica\/accion-comunitaria-3\/"},"img":{"alt_text":"","src":"https:\/\/i0.wp.com\/www.entremundos.org\/revista\/wp-content\/uploads\/2023\/11\/whatsapp-image-2023-10-23-at-9.54.45-am-2.jpeg?fit=1200%2C800&ssl=1&resize=350%2C200","width":350,"height":200,"srcset":"https:\/\/i0.wp.com\/www.entremundos.org\/revista\/wp-content\/uploads\/2023\/11\/whatsapp-image-2023-10-23-at-9.54.45-am-2.jpeg?fit=1200%2C800&ssl=1&resize=350%2C200 1x, https:\/\/i0.wp.com\/www.entremundos.org\/revista\/wp-content\/uploads\/2023\/11\/whatsapp-image-2023-10-23-at-9.54.45-am-2.jpeg?fit=1200%2C800&ssl=1&resize=525%2C300 1.5x, https:\/\/i0.wp.com\/www.entremundos.org\/revista\/wp-content\/uploads\/2023\/11\/whatsapp-image-2023-10-23-at-9.54.45-am-2.jpeg?fit=1200%2C800&ssl=1&resize=700%2C400 2x, https:\/\/i0.wp.com\/www.entremundos.org\/revista\/wp-content\/uploads\/2023\/11\/whatsapp-image-2023-10-23-at-9.54.45-am-2.jpeg?fit=1200%2C800&ssl=1&resize=1050%2C600 3x"},"classes":[]},{"id":13646,"url":"https:\/\/www.entremundos.org\/revista\/politica\/14-horas-en-la-emergencia-del-san-juan\/","url_meta":{"origin":10681,"position":1},"title":"14 Horas en la emergencia del San Juan","author":"EntreMundos","date":"4 abril, 2026","format":false,"excerpt":"POR JOS\u00c9 RUB\u00c9N ZAMORA A continuaci\u00f3n, un relato vivido el lunes 30 de diciembre de 2025, el experimentado y eficaz m\u00e9dico de Mariscal Zavala y Matamoros tuvo la deferencia de pasar a visitarme y preguntar por mi salud. A grandes rasgos le describ\u00ed la evoluci\u00f3n de mis achaques y c\u00f3mo\u2026","rel":"","context":"En \u00abFrontPage\u00bb","block_context":{"text":"FrontPage","link":"https:\/\/www.entremundos.org\/revista\/category\/frontpage\/"},"img":{"alt_text":"","src":"https:\/\/i0.wp.com\/www.entremundos.org\/revista\/wp-content\/uploads\/2026\/03\/634915345_122122712199038307_404958608411572897_n.jpg?fit=1200%2C802&ssl=1&resize=350%2C200","width":350,"height":200,"srcset":"https:\/\/i0.wp.com\/www.entremundos.org\/revista\/wp-content\/uploads\/2026\/03\/634915345_122122712199038307_404958608411572897_n.jpg?fit=1200%2C802&ssl=1&resize=350%2C200 1x, https:\/\/i0.wp.com\/www.entremundos.org\/revista\/wp-content\/uploads\/2026\/03\/634915345_122122712199038307_404958608411572897_n.jpg?fit=1200%2C802&ssl=1&resize=525%2C300 1.5x, https:\/\/i0.wp.com\/www.entremundos.org\/revista\/wp-content\/uploads\/2026\/03\/634915345_122122712199038307_404958608411572897_n.jpg?fit=1200%2C802&ssl=1&resize=700%2C400 2x, https:\/\/i0.wp.com\/www.entremundos.org\/revista\/wp-content\/uploads\/2026\/03\/634915345_122122712199038307_404958608411572897_n.jpg?fit=1200%2C802&ssl=1&resize=1050%2C600 3x"},"classes":[]},{"id":10580,"url":"https:\/\/www.entremundos.org\/revista\/politica\/desalojos-aumentan-durante-el-gobierno-de-alejandro-giammattei\/","url_meta":{"origin":10681,"position":2},"title":"Desalojos aumentan durante el gobierno de Alejandro Giammattei","author":"EntreMundos","date":"8 marzo, 2023","format":false,"excerpt":"Por Gilberto Escobar\u00a0 En Guatemala, durante los \u00faltimos a\u00f1os, los desalojos han ido en aumento y se han dado en dos modalidades: los desalojos legales que tienen una orden judicial y los extrajudiciales, los que\u00a0 no van acompa\u00f1ados de ninguna orden de un juez y que ocurren\u00a0 en horas de\u2026","rel":"","context":"En \u00abBosques\u00bb","block_context":{"text":"Bosques","link":"https:\/\/www.entremundos.org\/revista\/category\/medio-ambiente\/bosques\/"},"img":{"alt_text":"","src":"https:\/\/i0.wp.com\/www.entremundos.org\/revista\/wp-content\/uploads\/2023\/03\/portada.jpg?fit=1024%2C768&ssl=1&resize=350%2C200","width":350,"height":200,"srcset":"https:\/\/i0.wp.com\/www.entremundos.org\/revista\/wp-content\/uploads\/2023\/03\/portada.jpg?fit=1024%2C768&ssl=1&resize=350%2C200 1x, https:\/\/i0.wp.com\/www.entremundos.org\/revista\/wp-content\/uploads\/2023\/03\/portada.jpg?fit=1024%2C768&ssl=1&resize=525%2C300 1.5x, https:\/\/i0.wp.com\/www.entremundos.org\/revista\/wp-content\/uploads\/2023\/03\/portada.jpg?fit=1024%2C768&ssl=1&resize=700%2C400 2x"},"classes":[]},{"id":12734,"url":"https:\/\/www.entremundos.org\/revista\/politica\/deportacion-desinformacion-y-desafio-el-impacto-global-de-la-agenda-migratoria-de-trump\/","url_meta":{"origin":10681,"position":3},"title":"Deportaci\u00f3n, desinformaci\u00f3n y desaf\u00edo: El impacto global de la agenda migratoria de Trump","author":"EntreMundos","date":"17 marzo, 2025","format":false,"excerpt":"POR PATRICIA SCHWARTZ Unas 60 personas se sientan en un c\u00edrculo de sillas plegables un jueves por la noche en Tucson, Arizona, una ciudad estadounidense a una hora de la frontera con M\u00e9xico. La reuni\u00f3n semanal de la Coalici\u00f3n de Derechos Humanos se lleva a cabo en gran parte, en\u2026","rel":"","context":"En \u00abFrontPage\u00bb","block_context":{"text":"FrontPage","link":"https:\/\/www.entremundos.org\/revista\/category\/frontpage\/"},"img":{"alt_text":"","src":"https:\/\/i0.wp.com\/www.entremundos.org\/revista\/wp-content\/uploads\/2025\/03\/475088469_3067398756762538_3045668992826805668_n.jpg?fit=1100%2C666&ssl=1&resize=350%2C200","width":350,"height":200,"srcset":"https:\/\/i0.wp.com\/www.entremundos.org\/revista\/wp-content\/uploads\/2025\/03\/475088469_3067398756762538_3045668992826805668_n.jpg?fit=1100%2C666&ssl=1&resize=350%2C200 1x, https:\/\/i0.wp.com\/www.entremundos.org\/revista\/wp-content\/uploads\/2025\/03\/475088469_3067398756762538_3045668992826805668_n.jpg?fit=1100%2C666&ssl=1&resize=525%2C300 1.5x, https:\/\/i0.wp.com\/www.entremundos.org\/revista\/wp-content\/uploads\/2025\/03\/475088469_3067398756762538_3045668992826805668_n.jpg?fit=1100%2C666&ssl=1&resize=700%2C400 2x, https:\/\/i0.wp.com\/www.entremundos.org\/revista\/wp-content\/uploads\/2025\/03\/475088469_3067398756762538_3045668992826805668_n.jpg?fit=1100%2C666&ssl=1&resize=1050%2C600 3x"},"classes":[]},{"id":11617,"url":"https:\/\/www.entremundos.org\/revista\/mujer\/la-cultura-es-lo-que-en-la-muerte-continua-siendo-la-vida\/","url_meta":{"origin":10681,"position":4},"title":"\u201cLa Cultura es lo que, en la muerte, contin\u00faa siendo la vida\u201d","author":"EntreMundos","date":"19 enero, 2024","format":false,"excerpt":"POR PATRICIA MIRALB\u00c9S \u00bfTe has preguntado alguna vez por qu\u00e9 un grupo social se comporta de cierta manera? \u00bfDe d\u00f3nde vienen las creencias que te inculcan desde peque\u00f1o? Todo esto tiene que ver con la cultura del lugar en donde vivimos. La cultura es la base de la construcci\u00f3n de\u2026","rel":"","context":"En \u00abCultura\u00bb","block_context":{"text":"Cultura","link":"https:\/\/www.entremundos.org\/revista\/category\/cultura\/"},"img":{"alt_text":"","src":"https:\/\/i0.wp.com\/www.entremundos.org\/revista\/wp-content\/uploads\/2024\/01\/whatsapp-image-2023-12-13-at-6.59.10-pm-1.jpeg?fit=1200%2C800&ssl=1&resize=350%2C200","width":350,"height":200,"srcset":"https:\/\/i0.wp.com\/www.entremundos.org\/revista\/wp-content\/uploads\/2024\/01\/whatsapp-image-2023-12-13-at-6.59.10-pm-1.jpeg?fit=1200%2C800&ssl=1&resize=350%2C200 1x, https:\/\/i0.wp.com\/www.entremundos.org\/revista\/wp-content\/uploads\/2024\/01\/whatsapp-image-2023-12-13-at-6.59.10-pm-1.jpeg?fit=1200%2C800&ssl=1&resize=525%2C300 1.5x, https:\/\/i0.wp.com\/www.entremundos.org\/revista\/wp-content\/uploads\/2024\/01\/whatsapp-image-2023-12-13-at-6.59.10-pm-1.jpeg?fit=1200%2C800&ssl=1&resize=700%2C400 2x, https:\/\/i0.wp.com\/www.entremundos.org\/revista\/wp-content\/uploads\/2024\/01\/whatsapp-image-2023-12-13-at-6.59.10-pm-1.jpeg?fit=1200%2C800&ssl=1&resize=1050%2C600 3x"},"classes":[]},{"id":13246,"url":"https:\/\/www.entremundos.org\/revista\/politica\/el-mundo-no-es-como-lo-imaginamos\/","url_meta":{"origin":10681,"position":5},"title":"El mundo no es como lo imaginamos","author":"EntreMundos","date":"17 septiembre, 2025","format":false,"excerpt":"Por Juan Jos\u00e9 Hurtado Paz y Paz \"Ojal\u00e1 viviera en la teor\u00eda, porque en teor\u00eda todo est\u00e1 bien\" \u00a0Cita atribuida a Quino (Joaqu\u00edn Salvador Lavado Tej\u00f3n), en boca de su personaje Mafalda\u00a0 Vivimos en un mundo injusto, desigual, que excluye a las mayor\u00edas de oportunidades y posibilidades, y que niega\u2026","rel":"","context":"En \u00abFrontPage\u00bb","block_context":{"text":"FrontPage","link":"https:\/\/www.entremundos.org\/revista\/category\/frontpage\/"},"img":{"alt_text":"","src":"https:\/\/i0.wp.com\/www.entremundos.org\/revista\/wp-content\/uploads\/2025\/09\/img86.jpg?fit=1200%2C683&ssl=1&resize=350%2C200","width":350,"height":200,"srcset":"https:\/\/i0.wp.com\/www.entremundos.org\/revista\/wp-content\/uploads\/2025\/09\/img86.jpg?fit=1200%2C683&ssl=1&resize=350%2C200 1x, https:\/\/i0.wp.com\/www.entremundos.org\/revista\/wp-content\/uploads\/2025\/09\/img86.jpg?fit=1200%2C683&ssl=1&resize=525%2C300 1.5x, https:\/\/i0.wp.com\/www.entremundos.org\/revista\/wp-content\/uploads\/2025\/09\/img86.jpg?fit=1200%2C683&ssl=1&resize=700%2C400 2x, https:\/\/i0.wp.com\/www.entremundos.org\/revista\/wp-content\/uploads\/2025\/09\/img86.jpg?fit=1200%2C683&ssl=1&resize=1050%2C600 3x"},"classes":[]}],"jetpack_sharing_enabled":true,"_links":{"self":[{"href":"https:\/\/www.entremundos.org\/revista\/wp-json\/wp\/v2\/posts\/10681","targetHints":{"allow":["GET"]}}],"collection":[{"href":"https:\/\/www.entremundos.org\/revista\/wp-json\/wp\/v2\/posts"}],"about":[{"href":"https:\/\/www.entremundos.org\/revista\/wp-json\/wp\/v2\/types\/post"}],"author":[{"embeddable":true,"href":"https:\/\/www.entremundos.org\/revista\/wp-json\/wp\/v2\/users\/1"}],"replies":[{"embeddable":true,"href":"https:\/\/www.entremundos.org\/revista\/wp-json\/wp\/v2\/comments?post=10681"}],"version-history":[{"count":3,"href":"https:\/\/www.entremundos.org\/revista\/wp-json\/wp\/v2\/posts\/10681\/revisions"}],"predecessor-version":[{"id":10690,"href":"https:\/\/www.entremundos.org\/revista\/wp-json\/wp\/v2\/posts\/10681\/revisions\/10690"}],"wp:featuredmedia":[{"embeddable":true,"href":"https:\/\/www.entremundos.org\/revista\/wp-json\/wp\/v2\/media\/10684"}],"wp:attachment":[{"href":"https:\/\/www.entremundos.org\/revista\/wp-json\/wp\/v2\/media?parent=10681"}],"wp:term":[{"taxonomy":"category","embeddable":true,"href":"https:\/\/www.entremundos.org\/revista\/wp-json\/wp\/v2\/categories?post=10681"},{"taxonomy":"post_tag","embeddable":true,"href":"https:\/\/www.entremundos.org\/revista\/wp-json\/wp\/v2\/tags?post=10681"}],"curies":[{"name":"wp","href":"https:\/\/api.w.org\/{rel}","templated":true}]}}