{"id":10737,"date":"2023-05-17T20:11:04","date_gmt":"2023-05-18T04:11:04","guid":{"rendered":"https:\/\/www.entremundos.org\/revista\/?p=10737"},"modified":"2023-05-17T20:11:56","modified_gmt":"2023-05-18T04:11:56","slug":"terror-against-journalists-and-freedom-of-expression","status":"publish","type":"post","link":"https:\/\/www.entremundos.org\/revista\/politics\/terror-against-journalists-and-freedom-of-expression\/?lang=en","title":{"rendered":"Terror against journalists and freedom of expression"},"content":{"rendered":"<p><span style=\"font-weight: 400;\">Jos\u00e9 Cancinos<\/span><\/p>\n<p><span style=\"font-weight: 400;\">The persecution, criminalisation, penalisation and even imprisonment of journalists and media employees by the regime of Alejandro Giammattei through its operator, the Public Prosecutor&#8217;s Office led by prosecutor Consuelo Porras, and supported by judges, personalities and organizations in favor of impunity, has led international community organizations to conclude that it is terrible to practice journalism in the country.<\/span><\/p>\n<p><span style=\"font-weight: 400;\">The terror they have instilled against journalists and press freedom has forced many journalists in the departments outside the capital city to refrain from carrying out investigative journalism in the institutions that make up the entire state apparatus.<\/span><\/p>\n<p><span style=\"font-weight: 400;\">With such action, the Gimmattei regime is violating Article 35 of the Political Constitution on Freedom of Thought, as well as Article 46, which states that treaties and conventions accepted and ratified by Guatemala take precedence over domestic law.<\/span><\/p>\n<p><span style=\"font-weight: 400;\">Guatemala ratified Article 19 of the Universal Declaration of Human Rights and Article 13 of the American Convention on Human Rights. Both encompass the main guarantees for journalists, communicators and social and community communicators, and even for people who carry out journalistic activities outside companies or social and community organizations.<\/span><\/p>\n<p><span style=\"font-weight: 400;\">Under the protection of the Political Constitution of the Republic as well as treaties and conventions accepted and ratified by Guatemala, the Gimmattei regime and its operator Consuelo Porras must refrain from continuing to criminalize the right to express opinions, the right to investigate, receive information and opinions, and the right to disseminate them regardless of borders and any means of expression.<\/span><\/p>\n<p><span style=\"font-weight: 400;\">All state employees must be aware that it is a fundamental right of individuals to access information, and in particular prosecutors and judges must be aware that all social communicators have the right to reserve their sources of information, notes, personal and professional files. Therefore, privacy laws should not inhibit or restrict the investigation and dissemination of information of public interest.<\/span><\/p>\n<p><span style=\"font-weight: 400;\">It is imperative that prosecutors, judges and government officials are aware that they are public employees and that their actions are under the scrutiny of citizens and under the protection of the Constitution, which states that no one is superior to the law.<\/span><\/p>\n<p><span style=\"font-weight: 400;\">Direct or indirect pressures by such state officials aimed at silencing the informative work of social communicators are incompatible with freedom of expression.<\/span><\/p>\n<p><a href=\"https:\/\/i0.wp.com\/www.entremundos.org\/revista\/wp-content\/uploads\/2023\/05\/334774105_2847516488717933_5909697586650447144_n-300x225.jpg?ssl=1\"><img data-recalc-dims=\"1\" loading=\"lazy\" decoding=\"async\" class=\"size-medium wp-image-10687 aligncenter\" src=\"https:\/\/i0.wp.com\/www.entremundos.org\/revista\/wp-content\/uploads\/2023\/05\/334774105_2847516488717933_5909697586650447144_n.jpg?resize=300%2C225&#038;ssl=1\" alt=\"\" width=\"300\" height=\"225\" srcset=\"https:\/\/i0.wp.com\/www.entremundos.org\/revista\/wp-content\/uploads\/2023\/05\/334774105_2847516488717933_5909697586650447144_n.jpg?resize=300%2C225&amp;ssl=1 300w, https:\/\/i0.wp.com\/www.entremundos.org\/revista\/wp-content\/uploads\/2023\/05\/334774105_2847516488717933_5909697586650447144_n.jpg?resize=768%2C576&amp;ssl=1 768w, https:\/\/i0.wp.com\/www.entremundos.org\/revista\/wp-content\/uploads\/2023\/05\/334774105_2847516488717933_5909697586650447144_n.jpg?resize=72%2C54&amp;ssl=1 72w, https:\/\/i0.wp.com\/www.entremundos.org\/revista\/wp-content\/uploads\/2023\/05\/334774105_2847516488717933_5909697586650447144_n.jpg?resize=335%2C251&amp;ssl=1 335w, https:\/\/i0.wp.com\/www.entremundos.org\/revista\/wp-content\/uploads\/2023\/05\/334774105_2847516488717933_5909697586650447144_n.jpg?w=960&amp;ssl=1 960w\" sizes=\"auto, (max-width: 300px) 100vw, 300px\" \/><\/a><\/p>\n<p><span style=\"font-weight: 400;\">The Inter-American Commission on Human Rights (IACHR) in its Declaration of Principles on Freedom of Expression is convinced that when the free debate of ideas and opinions is hindered, freedom of expression and the effective development of the democratic process are limited.<\/span><\/p>\n<p><span style=\"font-weight: 400;\">The IACHR recalls that freedom of expression is a fundamental right recognised in the Declaration on the Rights and Duties of Man and the American Convention on Human Rights. Also the Universal Declaration of Human Rights, Resolution 59 (l) of the United Nations General Assembly, Resolution 104 adopted by the General Conference of UNESCO, the International Covenant on Civil and Political Rights, as well as other international instruments and national constitutions.<\/span><\/p>\n<p><span style=\"font-weight: 400;\">Therefore, as the IACHR recognises, freedom of the press is essential for the realization of the full and effective exercise of freedom of expression and an indispensable instrument for the functioning of representative democracies, through which citizens exercise their right to receive, disseminate and seek information. Freedom of expression is not a concession by states, but a fundamental right.<\/span><\/p>\n<p><span style=\"font-weight: 400;\">Jos\u00e9 Cancinos, three decades in journalism, self-defender of the free expression of thought, freedom of expression and freedom of the press. Former president of the Asociaci\u00f3n de Prensa Quezalteca (APQ), founding member of the Red de Protecci\u00f3n para Periodistas de Guatemala, member of the journalists&#8217; collective #NoNosCallar\u00e1n, and representative in Quetzaltenango of the Red Rompe el Miedo Guatemala.<\/span><\/p>\n","protected":false},"excerpt":{"rendered":"<p>Jos\u00e9 Cancinos The persecution, criminalisation, penalisation and even imprisonment of journalists and media employees by the regime of Alejandro Giammattei through its operator, the Public Prosecutor&#8217;s Office led by prosecutor Consuelo Porras, and supported by judges, personalities and organizations in favor of impunity, has led international community organizations to conclude that it is terrible to [&hellip;]<\/p>\n","protected":false},"author":1,"featured_media":10685,"comment_status":"closed","ping_status":"closed","sticky":false,"template":"","format":"standard","meta":{"_exactmetrics_skip_tracking":false,"_exactmetrics_sitenote_active":false,"_exactmetrics_sitenote_note":"","_exactmetrics_sitenote_category":0,"jetpack_post_was_ever_published":false,"_jetpack_newsletter_access":"","_jetpack_dont_email_post_to_subs":false,"_jetpack_newsletter_tier_id":0,"_jetpack_memberships_contains_paywalled_content":false,"_jetpack_memberships_contains_paid_content":false,"footnotes":""},"categories":[426,453,424,427,1806],"tags":[474,4276,1218,4277,4278],"class_list":["post-10737","post","type-post","status-publish","format-standard","has-post-thumbnail","hentry","category-corruption","category-frontpage-en","category-politics","category-public-figures","category-social-situation","tag-criminalization","tag-freedom-of-expression","tag-human-rights","tag-persecution","tag-persecution-of-journalists"],"jetpack_featured_media_url":"https:\/\/i0.wp.com\/www.entremundos.org\/revista\/wp-content\/uploads\/2023\/05\/119468091_3344546532329829_3528739754767434705_n-1.jpg?fit=768%2C960&ssl=1","jetpack_shortlink":"https:\/\/wp.me\/p7ljt7-2Nb","jetpack-related-posts":[{"id":11198,"url":"https:\/\/www.entremundos.org\/revista\/economy\/righting-the-countrys-wrongs\/?lang=en","url_meta":{"origin":10737,"position":0},"title":"Righting the country\u2019s wrongs","author":"EntreMundos","date":"6 septiembre, 2023","format":false,"excerpt":"TRANSLATED BY THOMAS LANG The recent victory of Bernardo Ar\u00e9valo and Karin Herrera from the Semilla Party in the polls brings us closer to rebuilding our Democratic State. Much can be expected of President-elect Ar\u00e9valo, a man with a long academic and diplomatic career, including positive changes that will, for\u2026","rel":"","context":"En \u00abAccomodation\u00bb","block_context":{"text":"Accomodation","link":"https:\/\/www.entremundos.org\/revista\/category\/accomodation-in-xela\/?lang=en"},"img":{"alt_text":"","src":"https:\/\/i0.wp.com\/www.entremundos.org\/revista\/wp-content\/uploads\/2023\/09\/filo-250823-1-scaled.jpg?fit=1200%2C936&ssl=1&resize=350%2C200","width":350,"height":200,"srcset":"https:\/\/i0.wp.com\/www.entremundos.org\/revista\/wp-content\/uploads\/2023\/09\/filo-250823-1-scaled.jpg?fit=1200%2C936&ssl=1&resize=350%2C200 1x, https:\/\/i0.wp.com\/www.entremundos.org\/revista\/wp-content\/uploads\/2023\/09\/filo-250823-1-scaled.jpg?fit=1200%2C936&ssl=1&resize=525%2C300 1.5x, https:\/\/i0.wp.com\/www.entremundos.org\/revista\/wp-content\/uploads\/2023\/09\/filo-250823-1-scaled.jpg?fit=1200%2C936&ssl=1&resize=700%2C400 2x, https:\/\/i0.wp.com\/www.entremundos.org\/revista\/wp-content\/uploads\/2023\/09\/filo-250823-1-scaled.jpg?fit=1200%2C936&ssl=1&resize=1050%2C600 3x"},"classes":[]},{"id":13011,"url":"https:\/\/www.entremundos.org\/revista\/women\/ciidh-analysis-to-know-the-situation-regarding-the-defense-and-promotion-of-human-rights-in-guatemala\/?lang=en","url_meta":{"origin":10737,"position":1},"title":"CIIDH Analysis: to know the situation regarding the defense and promotion of human rights in Guatemala","author":"EntreMundos","date":"30 julio, 2025","format":false,"excerpt":"By Emma G\u00f3mez \/\u00a0Translated by Max Leigthon\u00a0 For decades, the country has been hurt by multiple social, political and economic problems. It is hard to believe that the situation gets worse every year. As citizens we do not give credit to all the injustices that afflict us. In every government\u2026","rel":"","context":"En \u00abFrontPage\u00bb","block_context":{"text":"FrontPage","link":"https:\/\/www.entremundos.org\/revista\/category\/frontpage-en\/?lang=en"},"img":{"alt_text":"","src":"https:\/\/i0.wp.com\/www.entremundos.org\/revista\/wp-content\/uploads\/2025\/07\/496944573_1271482757679915_5433213452078556411_n.jpg?fit=959%2C1200&ssl=1&resize=350%2C200","width":350,"height":200,"srcset":"https:\/\/i0.wp.com\/www.entremundos.org\/revista\/wp-content\/uploads\/2025\/07\/496944573_1271482757679915_5433213452078556411_n.jpg?fit=959%2C1200&ssl=1&resize=350%2C200 1x, https:\/\/i0.wp.com\/www.entremundos.org\/revista\/wp-content\/uploads\/2025\/07\/496944573_1271482757679915_5433213452078556411_n.jpg?fit=959%2C1200&ssl=1&resize=525%2C300 1.5x, https:\/\/i0.wp.com\/www.entremundos.org\/revista\/wp-content\/uploads\/2025\/07\/496944573_1271482757679915_5433213452078556411_n.jpg?fit=959%2C1200&ssl=1&resize=700%2C400 2x"},"classes":[]},{"id":10439,"url":"https:\/\/www.entremundos.org\/revista\/politics\/the-right-to-know\/?lang=en","url_meta":{"origin":10737,"position":2},"title":"The right to know","author":"EntreMundos","date":"24 enero, 2023","format":false,"excerpt":"By Gerson Ortiz Journalism faces an unprecedented siege. The Association of Journalists of Guatemala (APG) registers 389 acts of harassment and limitations to journalistic work during the government of President Alejandro Giammattei, 105 of these attacks have occurred between January and October 2022. As in the darkest hours of the\u2026","rel":"","context":"En \u00abFrontPage\u00bb","block_context":{"text":"FrontPage","link":"https:\/\/www.entremundos.org\/revista\/category\/frontpage-en\/?lang=en"},"img":{"alt_text":"","src":"https:\/\/i0.wp.com\/www.entremundos.org\/revista\/wp-content\/uploads\/2023\/01\/freedom-of-speech-156029_960_720.png?fit=500%2C334&ssl=1&resize=350%2C200","width":350,"height":200},"classes":[]},{"id":11409,"url":"https:\/\/www.entremundos.org\/revista\/uncategorized\/from-paper-to-screen\/?lang=en","url_meta":{"origin":10737,"position":3},"title":"From paper to screen","author":"EntreMundos","date":"10 noviembre, 2023","format":false,"excerpt":"BY EMMA G\u00d3MEZ TRANSLATED BY DAVID H\u00d6RHAGER Guatemala and El Salvador - two nations battered by corruption, human rights violations, injustices, persecutions, and dispossession, that share these unfortunate commonalities. The project, \u201cFrom Paper to Screen,\u201d\u00a0 introduces two visual proposals for contemplating sexual education and political violence. This initiative, led by\u2026","rel":"","context":"En \u00abCommunity Action\u00bb","block_context":{"text":"Community Action","link":"https:\/\/www.entremundos.org\/revista\/category\/politics\/community-action-en-2\/?lang=en"},"img":{"alt_text":"","src":"https:\/\/i0.wp.com\/www.entremundos.org\/revista\/wp-content\/uploads\/2023\/11\/whatsapp-image-2023-10-23-at-9.54.45-am-2.jpeg?fit=1200%2C800&ssl=1&resize=350%2C200","width":350,"height":200,"srcset":"https:\/\/i0.wp.com\/www.entremundos.org\/revista\/wp-content\/uploads\/2023\/11\/whatsapp-image-2023-10-23-at-9.54.45-am-2.jpeg?fit=1200%2C800&ssl=1&resize=350%2C200 1x, https:\/\/i0.wp.com\/www.entremundos.org\/revista\/wp-content\/uploads\/2023\/11\/whatsapp-image-2023-10-23-at-9.54.45-am-2.jpeg?fit=1200%2C800&ssl=1&resize=525%2C300 1.5x, https:\/\/i0.wp.com\/www.entremundos.org\/revista\/wp-content\/uploads\/2023\/11\/whatsapp-image-2023-10-23-at-9.54.45-am-2.jpeg?fit=1200%2C800&ssl=1&resize=700%2C400 2x, https:\/\/i0.wp.com\/www.entremundos.org\/revista\/wp-content\/uploads\/2023\/11\/whatsapp-image-2023-10-23-at-9.54.45-am-2.jpeg?fit=1200%2C800&ssl=1&resize=1050%2C600 3x"},"classes":[]},{"id":10754,"url":"https:\/\/www.entremundos.org\/revista\/economy\/megaprojects\/voices-for-the-care-freedom-and-defense-of-water\/?lang=en","url_meta":{"origin":10737,"position":4},"title":"Voices for the care, freedom and defense of water","author":"EntreMundos","date":"17 mayo, 2023","format":false,"excerpt":"Maiz de Vida \u201cAs towns, communities, and neighborhoods with awareness, we want to firmly state that we yearn to CONTINUE LIVING IN THE TERRITORY WITH DIGNITY. Consequently, we invite all peoples and nations to unite in resistance and ensure both a dynamic of self-governance and strategies that allow a common\u2026","rel":"","context":"En \u00abClimate Change\u00bb","block_context":{"text":"Climate Change","link":"https:\/\/www.entremundos.org\/revista\/category\/environment\/climate-change\/?lang=en"},"img":{"alt_text":"","src":"https:\/\/i0.wp.com\/www.entremundos.org\/revista\/wp-content\/uploads\/2023\/05\/img_2350.jpg?fit=1200%2C900&ssl=1&resize=350%2C200","width":350,"height":200,"srcset":"https:\/\/i0.wp.com\/www.entremundos.org\/revista\/wp-content\/uploads\/2023\/05\/img_2350.jpg?fit=1200%2C900&ssl=1&resize=350%2C200 1x, https:\/\/i0.wp.com\/www.entremundos.org\/revista\/wp-content\/uploads\/2023\/05\/img_2350.jpg?fit=1200%2C900&ssl=1&resize=525%2C300 1.5x, https:\/\/i0.wp.com\/www.entremundos.org\/revista\/wp-content\/uploads\/2023\/05\/img_2350.jpg?fit=1200%2C900&ssl=1&resize=700%2C400 2x, https:\/\/i0.wp.com\/www.entremundos.org\/revista\/wp-content\/uploads\/2023\/05\/img_2350.jpg?fit=1200%2C900&ssl=1&resize=1050%2C600 3x"},"classes":[]},{"id":11179,"url":"https:\/\/www.entremundos.org\/revista\/women\/the-bureaucratic-entanglement-of-guatemalan-justice\/?lang=en","url_meta":{"origin":10737,"position":5},"title":"The Bureaucratic Entanglement of Guatemalan Justice","author":"EntreMundos","date":"4 septiembre, 2023","format":false,"excerpt":"POR IRMALICIA VEL\u00c1SQUEZ NIMATUJ TRANSLATED BY GEOFF WATSON The world is witnessing what analysts and experts have called, inside and outside the country, the process of establishing a \u201cjudicial dictatorship\u201d that corrupt local and national elites are imposing by force and terror in Guatemala, and that seeks to entangle the\u2026","rel":"","context":"En \u00abCommunity Action\u00bb","block_context":{"text":"Community Action","link":"https:\/\/www.entremundos.org\/revista\/category\/politics\/community-action-en-2\/?lang=en"},"img":{"alt_text":"","src":"https:\/\/i0.wp.com\/www.entremundos.org\/revista\/wp-content\/uploads\/2023\/09\/iqxdhc8q-1.jpg?fit=680%2C452&ssl=1&resize=350%2C200","width":350,"height":200,"srcset":"https:\/\/i0.wp.com\/www.entremundos.org\/revista\/wp-content\/uploads\/2023\/09\/iqxdhc8q-1.jpg?fit=680%2C452&ssl=1&resize=350%2C200 1x, https:\/\/i0.wp.com\/www.entremundos.org\/revista\/wp-content\/uploads\/2023\/09\/iqxdhc8q-1.jpg?fit=680%2C452&ssl=1&resize=525%2C300 1.5x"},"classes":[]}],"jetpack_sharing_enabled":true,"_links":{"self":[{"href":"https:\/\/www.entremundos.org\/revista\/wp-json\/wp\/v2\/posts\/10737","targetHints":{"allow":["GET"]}}],"collection":[{"href":"https:\/\/www.entremundos.org\/revista\/wp-json\/wp\/v2\/posts"}],"about":[{"href":"https:\/\/www.entremundos.org\/revista\/wp-json\/wp\/v2\/types\/post"}],"author":[{"embeddable":true,"href":"https:\/\/www.entremundos.org\/revista\/wp-json\/wp\/v2\/users\/1"}],"replies":[{"embeddable":true,"href":"https:\/\/www.entremundos.org\/revista\/wp-json\/wp\/v2\/comments?post=10737"}],"version-history":[{"count":2,"href":"https:\/\/www.entremundos.org\/revista\/wp-json\/wp\/v2\/posts\/10737\/revisions"}],"predecessor-version":[{"id":10739,"href":"https:\/\/www.entremundos.org\/revista\/wp-json\/wp\/v2\/posts\/10737\/revisions\/10739"}],"wp:featuredmedia":[{"embeddable":true,"href":"https:\/\/www.entremundos.org\/revista\/wp-json\/wp\/v2\/media\/10685"}],"wp:attachment":[{"href":"https:\/\/www.entremundos.org\/revista\/wp-json\/wp\/v2\/media?parent=10737"}],"wp:term":[{"taxonomy":"category","embeddable":true,"href":"https:\/\/www.entremundos.org\/revista\/wp-json\/wp\/v2\/categories?post=10737"},{"taxonomy":"post_tag","embeddable":true,"href":"https:\/\/www.entremundos.org\/revista\/wp-json\/wp\/v2\/tags?post=10737"}],"curies":[{"name":"wp","href":"https:\/\/api.w.org\/{rel}","templated":true}]}}