{"id":10757,"date":"2023-05-17T21:19:50","date_gmt":"2023-05-18T05:19:50","guid":{"rendered":"https:\/\/www.entremundos.org\/revista\/?p=10757"},"modified":"2023-09-08T19:58:13","modified_gmt":"2023-09-09T03:58:13","slug":"el-bienestar-de-las-mujeres-como-un-derecho-humano","status":"publish","type":"post","link":"https:\/\/www.entremundos.org\/revista\/politica\/el-bienestar-de-las-mujeres-como-un-derecho-humano\/","title":{"rendered":"El bienestar de las mujeres como un derecho humano"},"content":{"rendered":"<p><b>Thelma Such\u00ed<\/b><\/p>\n<p><span style=\"font-weight: 400;\">El D\u00eda Internacional de Acci\u00f3n por la Salud de las Mujeres se conmemora cada 28 de mayo de cada a\u00f1o, la decisi\u00f3n fue tomada por los graves problemas de salud que millones de mujeres sufren en distintos pa\u00edses, debido a la pobreza, violencia, guerras, discriminaci\u00f3n, exclusi\u00f3n social y la escasa inversi\u00f3n en temas de salud, el objetivo es reafirmar el derecho a la salud como un derecho humano de las mujeres al que se deben acceder sin restricciones o exclusiones de ning\u00fan tipo y a trav\u00e9s de todo su ciclo de vida. Esta fecha se propuso durante el V Encuentro Internacional de Mujeres y Salud en Costa Rica desde el a\u00f1o de 1987, es decir hace 36 a\u00f1os por la Red de Salud de las Mujeres Latinoamericanas y del Caribe.<\/span><\/p>\n<p><span style=\"font-weight: 400;\">La salud es un derecho humano cuya base jur\u00eddica se expresa en diversas obligaciones que los Estados deben cumplir de conformidad con las convenciones, protocolos y declaraciones internacionales suscritas por Guatemala, adem\u00e1s de ser derecho constitucional. La salud materna es parte del derecho a la salud, la muerte materna y los embarazos en la adolescencia son considerados como una expresi\u00f3n de la condici\u00f3n social inequitativa de las mujeres y del d\u00e9bil funcionamiento de los sistemas de salud. En el 2009, el Comit\u00e9 de Derechos Humanos de las Naciones Unidas (ONU) acord\u00f3 considerar a la muerte materna evitable como una grave violaci\u00f3n a los derechos humanos, un problema que no s\u00f3lo afecta a las mujeres, sino a la poblaci\u00f3n en general.<\/span><\/p>\n<p><b>Calidad de vida<\/b><\/p>\n<p><span style=\"font-weight: 400;\">Gozar de buena salud es un derecho humano fundamental y contempla un estado de completo bienestar f\u00edsico, mental y social necesario para desempe\u00f1ar un rol activo dentro de la sociedad, en este sentido tanto las mujeres como las ni\u00f1as tienen el derecho de disfrutar de un estado de salud \u00f3ptimo.<\/span><\/p>\n<p><span style=\"font-weight: 400;\">El bienestar est\u00e1 relacionado en c\u00f3mo las mujeres se cuidan a s\u00ed mismas, y como resultado, tiene un gran impacto en los diversos factores de sus vidas. Si alguien no se siente bien ni saludable, es dif\u00edcil que se pueda concentrarse en otros aspectos de la vida. El bienestar tambi\u00e9n contempla la salud mental y emocional, lo cual est\u00e1 estrechamente ligado a la calidad de vida.<\/span><\/p>\n<p><span style=\"font-weight: 400;\">En la sociedad actual, las mujeres y las ni\u00f1as deben estar protegidas, porque representan a la poblaci\u00f3n m\u00e1s vulnerable en temas de salud y otras necesidades; como la falta de acceso a informaci\u00f3n y servicios de calidad en la atenci\u00f3n en salud preventiva, embarazos en adolescentes y mortalidad materna. Es importante subrayar que en la mayor\u00eda de casos las mujeres suelen estar desempleadas, trabajan a tiempo parcial o en el sector informal y por lo tanto no tienen derecho a las prestaciones en salud.<\/span><\/p>\n<p><b>Vidas forzadas<\/b><\/p>\n<p><span style=\"font-weight: 400;\">Para comprender esta realidad, es necesario recurrir a estad\u00edsticas y datos duros. Solo en el a\u00f1o 2022, seg\u00fan datos monitoreados por el Observatorio en Salud Reproductiva (OSAR) se registraron 2,187 nacimientos en madres entre 10 a 14 a\u00f1os, basado en lo reportado por el Registro Nacional de Personas (RENAP). Es indignante solo de pensar en una sola ni\u00f1a que tenga que ser forzada a una maternidad a su corta edad, producto de abuso sexual. Mientras que 65,501 se convirtieron en madres entre los 15 y 19 a\u00f1os, el dato es igual de alarmante debido a que por las condiciones de vida de las adolescentes en el pa\u00eds, muchas de estas adolescentes podr\u00edan estar reportando el segundo o el tercer embarazo. Quetzaltenango registr\u00f3 131 nacimientos en madres entre 10 a 14 a\u00f1os, y 3,168 nacimientos en mujeres de 15 a 19 a\u00f1os,\u00a0 todo esto mantiene el c\u00edrculo de pobreza, violencia y desnutrici\u00f3n como parte de su vida.<\/span><\/p>\n<p><span style=\"font-weight: 400;\">En el a\u00f1o 2022 a nivel nacional murieron 328 mujeres durante el embarazo, parto o post parto. El 90% de las muertes eran prevenibles, 2 ni\u00f1as menores de 14 a\u00f1os y 45 adolescentes menores de 19 a\u00f1os se encuentran dentro de estas muertes maternas. En Quetzaltenango en este mismo a\u00f1o fallecieron 20 mujeres, el 20% de las muertes son reportadas en poblaci\u00f3n adolescentes, el 70% de las muertes maternas pertenecen al pueblo ind\u00edgena.<\/span><\/p>\n<p><span style=\"font-weight: 400;\">En las comunidades ind\u00edgenas las mujeres padecen mayor desnutrici\u00f3n y muertes por enfermedades prevenibles, comparado con el resto de la poblaci\u00f3n. En los lugares donde viven no hay centros de salud completamente equipados, ni siquiera con lo b\u00e1sico, la porci\u00f3n del gasto que el Estado dedica para resolver estas carencias es m\u00ednima, especialmente si se compara con el presupuesto nacional de salud.<\/span><\/p>\n<p><span style=\"font-weight: 400;\">A pesar de las dificultades, retos y desigualdades, es importante pensar en las soluciones que permitan aspirar a una atenci\u00f3n en salud de calidad, integral, con pertinencia cultural y asequible logrando una salud sexual y reproductiva plena, una maternidad saludable, la atenci\u00f3n en enfermedades prevenibles y la salud mental en contextos de violencia hacia las mujeres.<\/span><\/p>\n<p><span style=\"font-weight: 400;\">Se hace un llamado a las autoridades competentes para que se asignen los recursos financieros para garantizar que las ni\u00f1as, las adolescentes y las mujeres tengan acceso a servicios de salud integral, acceso a la Educaci\u00f3n Integral en Sexualidad para la prevenci\u00f3n de los embarazos en adolescentes.\u00a0<\/span><\/p>\n<p><span style=\"font-weight: 400;\">Brindar educaci\u00f3n integral en sexualidad, basada en evidencia cient\u00edfica, para lo cual los docentes deben contar con formaci\u00f3n especializada, metodolog\u00edas adecuadas e innovadoras con pertinencia cultural, contar con material did\u00e1ctico y recursos para el buen desempe\u00f1o en el aula.<\/span><\/p>\n<p><span style=\"font-weight: 400;\">Implementaci\u00f3n y fortalecimiento de espacios amigables que brinden atenci\u00f3n diferenciada con \u00e9nfasis en la prevenci\u00f3n de embarazos en adolescentes, ITS VIH\/VIH avanzado en la reducci\u00f3n de nuevos casos.<\/span><\/p>\n<p><span style=\"font-weight: 400;\">Que las j\u00f3venes y mujeres tengan acceso a m\u00e9todos anticonceptivos sin discriminaci\u00f3n por edad, g\u00e9nero o etnia en los servicios de salud, ampliar consejer\u00eda en el uso correcto del m\u00e9todo, brindando adem\u00e1s charlas de sensibilizaci\u00f3n a padres y madres de familia para reducir la oposici\u00f3n de acceso a los m\u00e9todos en menci\u00f3n.<\/span><\/p>\n<p><span style=\"font-weight: 400;\">Definir estrategias que permitan identificar a todas las adolescentes y j\u00f3venes que no asisten a la educaci\u00f3n formal para que tengan acceso a educaci\u00f3n integral en sexualidad como un derecho.<\/span><\/p>\n<p><span style=\"font-weight: 400;\">Garantizar la seguridad de ni\u00f1as, adolescentes y mujeres en la prevenci\u00f3n de la violencia sexual desde lo comunitario.<\/span><\/p>\n<p><span style=\"font-weight: 400;\">\u201cTodas las mujeres tenemos derecho a la salud, sin restricciones y exclusiones de ning\u00fan tipo\u201d<\/span><\/p>\n<p><span style=\"font-weight: 400;\">Telma Suchi, lideresa maya K\u00b4iche, facilitadora t\u00e9cnica del Observatorio en Salud Reproductiva de Quetzaltenango.\u00a0<\/span><\/p>\n","protected":false},"excerpt":{"rendered":"<p>Thelma Such\u00ed El D\u00eda Internacional de Acci\u00f3n por la Salud de las Mujeres se conmemora cada 28 de mayo de cada a\u00f1o, la decisi\u00f3n fue tomada por los graves problemas de salud que millones de mujeres sufren en distintos pa\u00edses, debido a la pobreza, violencia, guerras, discriminaci\u00f3n, exclusi\u00f3n social y la escasa inversi\u00f3n en temas [&hellip;]<\/p>\n","protected":false},"author":1,"featured_media":10716,"comment_status":"closed","ping_status":"closed","sticky":false,"template":"","format":"standard","meta":{"_exactmetrics_skip_tracking":false,"_exactmetrics_sitenote_active":false,"_exactmetrics_sitenote_note":"","_exactmetrics_sitenote_category":0,"jetpack_post_was_ever_published":false,"_jetpack_newsletter_access":"","_jetpack_dont_email_post_to_subs":false,"_jetpack_newsletter_tier_id":0,"_jetpack_memberships_contains_paywalled_content":false,"_jetpack_memberships_contains_paid_content":false,"footnotes":""},"categories":[452,386,378,1772],"tags":[4298,4295,514,4296,4297,4300,624,4048,4299,98,1292,1145],"class_list":["post-10757","post","type-post","status-publish","format-standard","has-post-thumbnail","hentry","category-frontpage","category-mujer","category-politica","category-situacion-social","tag-acceso-a-la-salud","tag-bienestar","tag-desnutricion","tag-embarazo-en-adolescentes","tag-enfermedades","tag-enfermedades-prevenibles","tag-jovenes","tag-la-desigualdad-en-guatemala","tag-muertes-maternas","tag-mujeres","tag-mujeres-indigenas","tag-sexualidad"],"jetpack_featured_media_url":"https:\/\/i0.wp.com\/www.entremundos.org\/revista\/wp-content\/uploads\/2023\/05\/whatsapp-image-2023-04-27-at-1.53.07-pm-1.jpeg?fit=1600%2C1200&ssl=1","jetpack_shortlink":"https:\/\/wp.me\/p7ljt7-2Nv","jetpack-related-posts":[{"id":12224,"url":"https:\/\/www.entremundos.org\/revista\/mujer\/derechos-sexuales-y-reproductivos-tema-pendiente-en-guatemala\/","url_meta":{"origin":10757,"position":0},"title":"Derechos sexuales y reproductivos; tema pendiente en Guatemala","author":"EntreMundos","date":"15 julio, 2024","format":false,"excerpt":"POR EMMA G\u00d3MEZ Seg\u00fan La Organizaci\u00f3n de las Naciones Unidas de los Derechos Humanos, (ONU-DH), los derechos sexuales y reproductivos est\u00e1n relacionados con la libertad de las personas a decidir sobre su sexualidad y el ejercicio libre de la misma. Algunos derechos pueden ser; ejercer la sexualidad de manera independiente\u2026","rel":"","context":"En \u00abFrontPage\u00bb","block_context":{"text":"FrontPage","link":"https:\/\/www.entremundos.org\/revista\/category\/frontpage\/"},"img":{"alt_text":"","src":"https:\/\/i0.wp.com\/www.entremundos.org\/revista\/wp-content\/uploads\/2024\/07\/444487166_750607893953803_8829963883492089519_n.jpg?fit=1200%2C1158&ssl=1&resize=350%2C200","width":350,"height":200,"srcset":"https:\/\/i0.wp.com\/www.entremundos.org\/revista\/wp-content\/uploads\/2024\/07\/444487166_750607893953803_8829963883492089519_n.jpg?fit=1200%2C1158&ssl=1&resize=350%2C200 1x, https:\/\/i0.wp.com\/www.entremundos.org\/revista\/wp-content\/uploads\/2024\/07\/444487166_750607893953803_8829963883492089519_n.jpg?fit=1200%2C1158&ssl=1&resize=525%2C300 1.5x, https:\/\/i0.wp.com\/www.entremundos.org\/revista\/wp-content\/uploads\/2024\/07\/444487166_750607893953803_8829963883492089519_n.jpg?fit=1200%2C1158&ssl=1&resize=700%2C400 2x, https:\/\/i0.wp.com\/www.entremundos.org\/revista\/wp-content\/uploads\/2024\/07\/444487166_750607893953803_8829963883492089519_n.jpg?fit=1200%2C1158&ssl=1&resize=1050%2C600 3x"},"classes":[]},{"id":12859,"url":"https:\/\/www.entremundos.org\/revista\/politica\/mujeres-indigenas-y-rurales-en-defensa-del-territorio-frente-al-extractivismo-en-guatemala\/","url_meta":{"origin":10757,"position":1},"title":"Mujeres ind\u00edgenas y rurales en defensa del territorio frente al extractivismo en Guatemala","author":"EntreMundos","date":"21 mayo, 2025","format":false,"excerpt":"Por Asociadas Por lo Justo (JASS) Este es un resumen de un mapeo realizado por JASS, para compartir sus an\u00e1lisis, sus luchas y los impactos en sus vidas. El objetivo es contar las luchas por el territorio frente al extractivismo en Guatemala e identificar el papel y el impacto en\u2026","rel":"","context":"En \u00abFrontPage\u00bb","block_context":{"text":"FrontPage","link":"https:\/\/www.entremundos.org\/revista\/category\/frontpage\/"},"img":{"alt_text":"","src":"https:\/\/i0.wp.com\/www.entremundos.org\/revista\/wp-content\/uploads\/2025\/05\/2-scaled.png?fit=1200%2C843&ssl=1&resize=350%2C200","width":350,"height":200,"srcset":"https:\/\/i0.wp.com\/www.entremundos.org\/revista\/wp-content\/uploads\/2025\/05\/2-scaled.png?fit=1200%2C843&ssl=1&resize=350%2C200 1x, https:\/\/i0.wp.com\/www.entremundos.org\/revista\/wp-content\/uploads\/2025\/05\/2-scaled.png?fit=1200%2C843&ssl=1&resize=525%2C300 1.5x, https:\/\/i0.wp.com\/www.entremundos.org\/revista\/wp-content\/uploads\/2025\/05\/2-scaled.png?fit=1200%2C843&ssl=1&resize=700%2C400 2x, https:\/\/i0.wp.com\/www.entremundos.org\/revista\/wp-content\/uploads\/2025\/05\/2-scaled.png?fit=1200%2C843&ssl=1&resize=1050%2C600 3x"},"classes":[]},{"id":13644,"url":"https:\/\/www.entremundos.org\/revista\/politica\/fortaleciendo-la-comunidad-desde-dentro-un-nuevo-capitulo-para-caras-alegres\/","url_meta":{"origin":10757,"position":2},"title":"Fortaleciendo la comunidad desde dentro: Un nuevo cap\u00edtulo para Caras Alegres","author":"EntreMundos","date":"4 abril, 2026","format":false,"excerpt":"POR VER\u00d3NICA DI MAGGIO Caras Alegres reabri\u00f3 sus puertas con una renovada claridad y enfoque estrat\u00e9gico. Despu\u00e9s de meses dedicados a la evaluaci\u00f3n y planificaci\u00f3n, este 2026 inicia no simplemente como un nuevo a\u00f1o operativo, sino como una expansi\u00f3n estructurada de nuestro impacto comunitario. El a\u00f1o pasado demostr\u00f3 que el\u2026","rel":"","context":"En \u00abFrontPage\u00bb","block_context":{"text":"FrontPage","link":"https:\/\/www.entremundos.org\/revista\/category\/frontpage\/"},"img":{"alt_text":"","src":"https:\/\/i0.wp.com\/www.entremundos.org\/revista\/wp-content\/uploads\/2026\/03\/633353323_1320877706749036_6826896970194983908_n.jpg?fit=1200%2C963&ssl=1&resize=350%2C200","width":350,"height":200,"srcset":"https:\/\/i0.wp.com\/www.entremundos.org\/revista\/wp-content\/uploads\/2026\/03\/633353323_1320877706749036_6826896970194983908_n.jpg?fit=1200%2C963&ssl=1&resize=350%2C200 1x, https:\/\/i0.wp.com\/www.entremundos.org\/revista\/wp-content\/uploads\/2026\/03\/633353323_1320877706749036_6826896970194983908_n.jpg?fit=1200%2C963&ssl=1&resize=525%2C300 1.5x, https:\/\/i0.wp.com\/www.entremundos.org\/revista\/wp-content\/uploads\/2026\/03\/633353323_1320877706749036_6826896970194983908_n.jpg?fit=1200%2C963&ssl=1&resize=700%2C400 2x, https:\/\/i0.wp.com\/www.entremundos.org\/revista\/wp-content\/uploads\/2026\/03\/633353323_1320877706749036_6826896970194983908_n.jpg?fit=1200%2C963&ssl=1&resize=1050%2C600 3x"},"classes":[]},{"id":13642,"url":"https:\/\/www.entremundos.org\/revista\/politica\/las-mujeres-inspiran-es-hora-de-acabar-con-las-brechas-de-desigualdad\/","url_meta":{"origin":10757,"position":3},"title":"Las mujeres inspiran: Es hora de acabar con las brechas de desigualdad","author":"EntreMundos","date":"4 abril, 2026","format":false,"excerpt":"POR MARIANA L\u00d3PEZ La discriminaci\u00f3n y racismo son temas que se han abordado e incluso se ha dicho que ya se han superado estando lejos de ser parte de nuestra realidad, sin embargo, basta con observar para comprender que una cosa es el discurso y otra la pr\u00e1ctica. En la\u2026","rel":"","context":"En \u00abFrontPage\u00bb","block_context":{"text":"FrontPage","link":"https:\/\/www.entremundos.org\/revista\/category\/frontpage\/"},"img":{"alt_text":"","src":"https:\/\/i0.wp.com\/www.entremundos.org\/revista\/wp-content\/uploads\/2026\/03\/649499575_1230883245899060_5224768132019882352_n.jpg?fit=1200%2C800&ssl=1&resize=350%2C200","width":350,"height":200,"srcset":"https:\/\/i0.wp.com\/www.entremundos.org\/revista\/wp-content\/uploads\/2026\/03\/649499575_1230883245899060_5224768132019882352_n.jpg?fit=1200%2C800&ssl=1&resize=350%2C200 1x, https:\/\/i0.wp.com\/www.entremundos.org\/revista\/wp-content\/uploads\/2026\/03\/649499575_1230883245899060_5224768132019882352_n.jpg?fit=1200%2C800&ssl=1&resize=525%2C300 1.5x, https:\/\/i0.wp.com\/www.entremundos.org\/revista\/wp-content\/uploads\/2026\/03\/649499575_1230883245899060_5224768132019882352_n.jpg?fit=1200%2C800&ssl=1&resize=700%2C400 2x, https:\/\/i0.wp.com\/www.entremundos.org\/revista\/wp-content\/uploads\/2026\/03\/649499575_1230883245899060_5224768132019882352_n.jpg?fit=1200%2C800&ssl=1&resize=1050%2C600 3x"},"classes":[]},{"id":13014,"url":"https:\/\/www.entremundos.org\/revista\/politica\/donar-no-es-negociar\/","url_meta":{"origin":10757,"position":4},"title":"Donar no es negociar","author":"EntreMundos","date":"30 julio, 2025","format":false,"excerpt":"Donar no es negociar Por Lisseth Santos De acuerdo a lo que se conoce respecto a la donaci\u00f3n, esta se refiere a una forma voluntaria de dar sin recibir nada a cambio. Sin embargo, el modelo\u00a0 econ\u00f3mico capitalista, en su fase neoliberal, ha convertido a la salud en un negocio\u2026","rel":"","context":"En \u00abFrontPage\u00bb","block_context":{"text":"FrontPage","link":"https:\/\/www.entremundos.org\/revista\/category\/frontpage\/"},"img":{"alt_text":"","src":"https:\/\/i0.wp.com\/www.entremundos.org\/revista\/wp-content\/uploads\/2025\/07\/20250702_150242-scaled.jpg?fit=1200%2C900&ssl=1&resize=350%2C200","width":350,"height":200,"srcset":"https:\/\/i0.wp.com\/www.entremundos.org\/revista\/wp-content\/uploads\/2025\/07\/20250702_150242-scaled.jpg?fit=1200%2C900&ssl=1&resize=350%2C200 1x, https:\/\/i0.wp.com\/www.entremundos.org\/revista\/wp-content\/uploads\/2025\/07\/20250702_150242-scaled.jpg?fit=1200%2C900&ssl=1&resize=525%2C300 1.5x, https:\/\/i0.wp.com\/www.entremundos.org\/revista\/wp-content\/uploads\/2025\/07\/20250702_150242-scaled.jpg?fit=1200%2C900&ssl=1&resize=700%2C400 2x, https:\/\/i0.wp.com\/www.entremundos.org\/revista\/wp-content\/uploads\/2025\/07\/20250702_150242-scaled.jpg?fit=1200%2C900&ssl=1&resize=1050%2C600 3x"},"classes":[]},{"id":13241,"url":"https:\/\/www.entremundos.org\/revista\/politica\/crimen-de-estado-primera-sentencia\/","url_meta":{"origin":10757,"position":5},"title":"Crimen De Estado: Primera Sentencia\u00a0","author":"EntreMundos","date":"17 septiembre, 2025","format":false,"excerpt":"Por Carolina Escobar Sarti Durante el gobierno de Jimmy Morales se cometi\u00f3 un crimen de Estado. Fue el 8 de marzo de 2017, cuando 56 ni\u00f1as y adolescentes fueron colocadas, por horas, en un aula de 7 x 6.8 metros donde no hab\u00eda ni siquiera un ba\u00f1o. Despu\u00e9s del desayuno\u2026","rel":"","context":"En \u00abFrontPage\u00bb","block_context":{"text":"FrontPage","link":"https:\/\/www.entremundos.org\/revista\/category\/frontpage\/"},"img":{"alt_text":"","src":"https:\/\/i0.wp.com\/www.entremundos.org\/revista\/wp-content\/uploads\/2025\/09\/img66.jpg?fit=960%2C1200&ssl=1&resize=350%2C200","width":350,"height":200,"srcset":"https:\/\/i0.wp.com\/www.entremundos.org\/revista\/wp-content\/uploads\/2025\/09\/img66.jpg?fit=960%2C1200&ssl=1&resize=350%2C200 1x, https:\/\/i0.wp.com\/www.entremundos.org\/revista\/wp-content\/uploads\/2025\/09\/img66.jpg?fit=960%2C1200&ssl=1&resize=525%2C300 1.5x, https:\/\/i0.wp.com\/www.entremundos.org\/revista\/wp-content\/uploads\/2025\/09\/img66.jpg?fit=960%2C1200&ssl=1&resize=700%2C400 2x"},"classes":[]}],"jetpack_sharing_enabled":true,"_links":{"self":[{"href":"https:\/\/www.entremundos.org\/revista\/wp-json\/wp\/v2\/posts\/10757","targetHints":{"allow":["GET"]}}],"collection":[{"href":"https:\/\/www.entremundos.org\/revista\/wp-json\/wp\/v2\/posts"}],"about":[{"href":"https:\/\/www.entremundos.org\/revista\/wp-json\/wp\/v2\/types\/post"}],"author":[{"embeddable":true,"href":"https:\/\/www.entremundos.org\/revista\/wp-json\/wp\/v2\/users\/1"}],"replies":[{"embeddable":true,"href":"https:\/\/www.entremundos.org\/revista\/wp-json\/wp\/v2\/comments?post=10757"}],"version-history":[{"count":1,"href":"https:\/\/www.entremundos.org\/revista\/wp-json\/wp\/v2\/posts\/10757\/revisions"}],"predecessor-version":[{"id":10758,"href":"https:\/\/www.entremundos.org\/revista\/wp-json\/wp\/v2\/posts\/10757\/revisions\/10758"}],"wp:featuredmedia":[{"embeddable":true,"href":"https:\/\/www.entremundos.org\/revista\/wp-json\/wp\/v2\/media\/10716"}],"wp:attachment":[{"href":"https:\/\/www.entremundos.org\/revista\/wp-json\/wp\/v2\/media?parent=10757"}],"wp:term":[{"taxonomy":"category","embeddable":true,"href":"https:\/\/www.entremundos.org\/revista\/wp-json\/wp\/v2\/categories?post=10757"},{"taxonomy":"post_tag","embeddable":true,"href":"https:\/\/www.entremundos.org\/revista\/wp-json\/wp\/v2\/tags?post=10757"}],"curies":[{"name":"wp","href":"https:\/\/api.w.org\/{rel}","templated":true}]}}