{"id":1079,"date":"2013-10-15T13:24:29","date_gmt":"2013-10-15T13:24:29","guid":{"rendered":"http:\/\/pixelgrade.com\/demos\/bucket\/?p=105"},"modified":"2013-10-15T13:24:29","modified_gmt":"2013-10-15T13:24:29","slug":"bowers-wilkins-speakers","status":"publish","type":"post","link":"https:\/\/www.entremundos.org\/revista\/uncategorized-es\/bowers-wilkins-speakers\/","title":{"rendered":"Bowers &amp; Wilkins Speakers"},"content":{"rendered":"<p>Few simple powered speakers for the PC has been around for a tenner.You do not have to spend much more to give his ears to hear something.\u00a0But who wants to treat his ears something, you have something to fall deeper into their pockets: From about 80 Euros you get even speaker structure, the \u00absound of something\u00bb that produce audible bass and which still makes listening to music for several hours of fun.<\/p>\n<p>But what gets who spends a multiple thereof, are PC speaker is on the desk, which cost 400, 500 or even<strong> 800 euro<\/strong>s?\u00a0You pay all the money only an expensive name and chic design?\u00a0Or is the difference really audible?<\/p>\n<blockquote><p>Even turned up they still sound clear and round, without distorting the complex construction pays off.<\/p><\/blockquote>\n<p>Since the first would be the Bose Computer Music Monitor, which acts initially tiny.\u00a0Ridiculous <strong>12.5 centimeters<\/strong>, each of the two boxes high, 6.5 inches wide.\u00a0That for as little speaker after all supposed to pay about 400 euros, makes me skeptical.\u00a0Good sound volume needs that everyone knows.\u00a0And volume have these mini things that fit loosely in my hand, so just do not.\u00a0As there should arise a useful sound?<\/p>\n<p><a href=\"https:\/\/i0.wp.com\/pixelgrade.com\/demos\/bucket\/wp-content\/uploads\/2013\/11\/placeholder_image1.png\"><img data-recalc-dims=\"1\" loading=\"lazy\" decoding=\"async\" class=\"alignnone size-full wp-image-107\" alt=\"bower-speakers-review1\" src=\"https:\/\/i0.wp.com\/pixelgrade.com\/demos\/bucket\/wp-content\/uploads\/2013\/11\/placeholder_image1.png?resize=640%2C427\" width=\"640\" height=\"427\" \/><\/a><\/p>\n<h3>Sound in stealth mode<\/h3>\n<p>This is not only the unusual design, that on closer examination can not guess where under the black fabric covering the speakers are hidden.That they are there, however, is perfectly audible in operation.\u00a0Powerful bass are accompanied here by crisp highs.\u00a0On the treble B &amp; W is proud anyway.\u00a0The tweeter is a special construction in which a resonance tube is connected directly to the sound generator.\u00a0The result should be a particularly good separation of high and low frequencies.<\/p>\n<p>Not so good playing the <a href=\"#\">MM-21 <\/a>in the central region on the other hand, the person something sounds too washed out.<\/p>\n<p><!--nextpage--><\/p>\n<p>This B &amp; W was the only one in the test field to the option to plugs the computer does not have an analog audio cable, but digitally via <strong>USB<\/strong> to the boxes.\u00a0A good idea.\u00a0Not only because each computer user has meanwhile a few USB cables lying around too much.\u00a0But mainly because noise is thereby effectively excluded.<\/p>\n<p>Overall, the B &amp; W speakers sound a bit fatter, a little stronger but also less transparent than the music monitor speakers from Bose.<\/p>\n<blockquote><p>An eye-catcher are the GLA-55 so all, but they sound good?<\/p><\/blockquote>\n<p>On my desk, the crystal boxes shine though with a lot of presence and shine with enormous clarity in mids and highs, falling in the bass range, clear off.\u00a0There is nothing I fear and am already preparing for a slating.\u00a0But when I build the speakers for direct comparison to the hearing test on the living room floor, the acoustics sun seems to be working.<\/p>\n<h3>Such bass extension in a matching design<\/h3>\n<p><a href=\"https:\/\/i0.wp.com\/pixelgrade.com\/demos\/bucket\/wp-content\/uploads\/2013\/11\/placeholder_image1.png\"><img data-recalc-dims=\"1\" loading=\"lazy\" decoding=\"async\" class=\"alignnone size-full wp-image-108\" alt=\"bower-speakers-review2\" src=\"https:\/\/i0.wp.com\/pixelgrade.com\/demos\/bucket\/wp-content\/uploads\/2013\/11\/placeholder_image1.png?resize=640%2C427\" width=\"640\" height=\"427\" \/><\/a><\/p>\n<p>The controller is sunk deep in the body, with only a slim screwdriver and a lot of feeling reached.\u00a0Did you get adjusted his desire level, you should not change this.<\/p>\n<h3>Kling expensive not so better?<\/h3>\n<p>A general answer to this question and I will not presume.\u00a0In the ranks of the three hearing test loaded stainless powered speakers but I can answer the question with \u00abYes\u00bb.<\/p>\n<p><!--nextpage--><\/p>\n<p>A general answer to this question and I will not presume.\u00a0In the ranks of the three hearing test loaded stainless powered speakers but I can answer the question with \u00abYes\u00bb.\u00a0In direct switch between the three noble stereo pair, the difference could be heard loud and clear, almost as if someone pull on the way from the <a href=\"#\">Bose <\/a>B &amp; W to Harman Kardon, a set of curtains.<\/p>\n<p>The B &amp; W MM-1 to outdo the other hand, with a little more rounded bass and softer overall sound.\u00a0Just as with Bose also its strength clearly lies in the sound of a computer user who placed the boxes next to his screen.\u00a0Your USB port eliminates the user from the &#8211; not always designed to Hi-Fi &#8211; sound card in the PC independently.<\/p>\n<h3>Conclusion<\/h3>\n<p>The hit but the Gla-55 from<strong> Harman Kardon<\/strong>.\u00a0Whether you like it or not the crystal design: The sound that produce extremely eye-catching plastic form, is simply good &#8211; if they are set up correctly.\u00a0The price that the manufacturer requires it, but it has to be.\u00a0With <strong>799 euros<\/strong>, the transparent boxes are in the price list &#8211; but this award requires fortunately hardly a dealer really, they are usually offered at lower rates.Nevertheless, they are still pretty expensive &#8211; but you can hear that.<\/p>\n","protected":false},"excerpt":{"rendered":"<p>Few simple powered speakers for the PC has been around for a tenner.You do not have to spend much more to give his ears to hear something.\u00a0But who wants to treat his ears something, you have something to fall deeper into their pockets: From about 80 Euros you get even speaker structure, the \u00absound of [&hellip;]<\/p>\n","protected":false},"author":1,"featured_media":1069,"comment_status":"open","ping_status":"open","sticky":false,"template":"","format":"standard","meta":{"_exactmetrics_skip_tracking":false,"_exactmetrics_sitenote_active":false,"_exactmetrics_sitenote_note":"","_exactmetrics_sitenote_category":0,"jetpack_post_was_ever_published":false,"_jetpack_newsletter_access":"","_jetpack_dont_email_post_to_subs":false,"_jetpack_newsletter_tier_id":0,"_jetpack_memberships_contains_paywalled_content":false,"_jetpack_memberships_contains_paid_content":false,"footnotes":""},"categories":[134],"tags":[287,329,335],"class_list":["post-1079","post","type-post","status-publish","format-standard","has-post-thumbnail","hentry","category-uncategorized-es","tag-design","tag-review","tag-speaker"],"jetpack_featured_media_url":"https:\/\/i0.wp.com\/www.entremundos.org\/revista\/wp-content\/uploads\/2013\/10\/placeholder_image1.png?fit=1900%2C1200&ssl=1","jetpack_shortlink":"https:\/\/wp.me\/p7ljt7-hp","jetpack-related-posts":[{"id":134,"url":"https:\/\/www.entremundos.org\/revista\/uncategorized-es\/marshalls-speaker-has-a-retro-feel\/","url_meta":{"origin":1079,"position":0},"title":"Marshall&#039;s speaker has a retro feel","author":"EntreMundos","date":"17 octubre, 2013","format":false,"excerpt":"He is the rockers among mobile musicians: the Marshall Hanwell , a speaker in the style of famous guitar amplifiers, which is also known by the great stages of the world.","rel":"","context":"En \u00abUncategorized\u00bb","block_context":{"text":"Uncategorized","link":"https:\/\/www.entremundos.org\/revista\/category\/uncategorized-es\/"},"img":{"alt_text":"","src":"https:\/\/i0.wp.com\/www.entremundos.org\/revista\/wp-content\/uploads\/2013\/10\/placeholder_image1.png?fit=1200%2C758&ssl=1&resize=350%2C200","width":350,"height":200,"srcset":"https:\/\/i0.wp.com\/www.entremundos.org\/revista\/wp-content\/uploads\/2013\/10\/placeholder_image1.png?fit=1200%2C758&ssl=1&resize=350%2C200 1x, https:\/\/i0.wp.com\/www.entremundos.org\/revista\/wp-content\/uploads\/2013\/10\/placeholder_image1.png?fit=1200%2C758&ssl=1&resize=525%2C300 1.5x, https:\/\/i0.wp.com\/www.entremundos.org\/revista\/wp-content\/uploads\/2013\/10\/placeholder_image1.png?fit=1200%2C758&ssl=1&resize=700%2C400 2x, https:\/\/i0.wp.com\/www.entremundos.org\/revista\/wp-content\/uploads\/2013\/10\/placeholder_image1.png?fit=1200%2C758&ssl=1&resize=1050%2C600 3x"},"classes":[]},{"id":8798,"url":"https:\/\/www.entremundos.org\/revista\/culture\/noise-pollution-a-public-health-problem-in-guatemala\/?lang=en","url_meta":{"origin":1079,"position":1},"title":"Noise Pollution: A Public Health Problem in Guatemala","author":"Majo Recinos","date":"14 mayo, 2021","format":false,"excerpt":"For: Carol Ixtabal\u00e1n and Diana Pastor When we breathe we make a sound. When we walk we make a sound. Eating, watching TV, listening to music\u2026everything we do emits some type of sound, often unpleasant noise: an unarticulated sound lacking rhythm and harmony, or a mix of sounds which are\u2026","rel":"","context":"En \u00abCulture\u00bb","block_context":{"text":"Culture","link":"https:\/\/www.entremundos.org\/revista\/category\/culture\/?lang=en"},"img":{"alt_text":"","src":"https:\/\/i0.wp.com\/www.entremundos.org\/revista\/wp-content\/uploads\/2021\/05\/ciudad-de-guatemala.-foto-flickr-un-women.jpg?fit=799%2C544&ssl=1&resize=350%2C200","width":350,"height":200,"srcset":"https:\/\/i0.wp.com\/www.entremundos.org\/revista\/wp-content\/uploads\/2021\/05\/ciudad-de-guatemala.-foto-flickr-un-women.jpg?fit=799%2C544&ssl=1&resize=350%2C200 1x, https:\/\/i0.wp.com\/www.entremundos.org\/revista\/wp-content\/uploads\/2021\/05\/ciudad-de-guatemala.-foto-flickr-un-women.jpg?fit=799%2C544&ssl=1&resize=525%2C300 1.5x, https:\/\/i0.wp.com\/www.entremundos.org\/revista\/wp-content\/uploads\/2021\/05\/ciudad-de-guatemala.-foto-flickr-un-women.jpg?fit=799%2C544&ssl=1&resize=700%2C400 2x"},"classes":[]},{"id":7298,"url":"https:\/\/www.entremundos.org\/revista\/culture\/in-the-same-territorial-space\/?lang=en","url_meta":{"origin":1079,"position":2},"title":"In The Same Territorial Space","author":"EntreMundos","date":"14 septiembre, 2020","format":false,"excerpt":"by Esmeralda Pe\u00f1a I walk on the sand and slow myself down.\u00a0 I take in the sun at its highest point. One tree humming to another accompanies my steps, softly like the sounds of the tongue's brief skipping from word to word.\u00a0 I recognize the phonemes because they are different,\u2026","rel":"","context":"En \u00abCulture\u00bb","block_context":{"text":"Culture","link":"https:\/\/www.entremundos.org\/revista\/category\/culture\/?lang=en"},"img":{"alt_text":"","src":"https:\/\/i0.wp.com\/www.entremundos.org\/revista\/wp-content\/uploads\/2020\/09\/portada.jpg?fit=1200%2C900&ssl=1&resize=350%2C200","width":350,"height":200,"srcset":"https:\/\/i0.wp.com\/www.entremundos.org\/revista\/wp-content\/uploads\/2020\/09\/portada.jpg?fit=1200%2C900&ssl=1&resize=350%2C200 1x, https:\/\/i0.wp.com\/www.entremundos.org\/revista\/wp-content\/uploads\/2020\/09\/portada.jpg?fit=1200%2C900&ssl=1&resize=525%2C300 1.5x, https:\/\/i0.wp.com\/www.entremundos.org\/revista\/wp-content\/uploads\/2020\/09\/portada.jpg?fit=1200%2C900&ssl=1&resize=700%2C400 2x, https:\/\/i0.wp.com\/www.entremundos.org\/revista\/wp-content\/uploads\/2020\/09\/portada.jpg?fit=1200%2C900&ssl=1&resize=1050%2C600 3x"},"classes":[]},{"id":206,"url":"https:\/\/www.entremundos.org\/revista\/uncategorized-es\/goodwood-festival-of-speed\/","url_meta":{"origin":1079,"position":3},"title":"Goodwood Festival of Speed","author":"EntreMundos","date":"7 octubre, 2013","format":"gallery","excerpt":"Goodwood Festival of Speed and Revival founder Lord March is today able to announce the provisional dates for next year\u2019s two leading sell-out Goodwood motoring events. It should be noted that at this stage the 2014 Festival of Speed and Goodwood Revival dates are provisional and remain subject to change,\u2026","rel":"","context":"En \u00abUncategorized\u00bb","block_context":{"text":"Uncategorized","link":"https:\/\/www.entremundos.org\/revista\/category\/uncategorized-es\/"},"img":{"alt_text":"","src":"https:\/\/i0.wp.com\/www.entremundos.org\/revista\/wp-content\/uploads\/2013\/10\/placeholder_image1.png?fit=1200%2C758&ssl=1&resize=350%2C200","width":350,"height":200,"srcset":"https:\/\/i0.wp.com\/www.entremundos.org\/revista\/wp-content\/uploads\/2013\/10\/placeholder_image1.png?fit=1200%2C758&ssl=1&resize=350%2C200 1x, https:\/\/i0.wp.com\/www.entremundos.org\/revista\/wp-content\/uploads\/2013\/10\/placeholder_image1.png?fit=1200%2C758&ssl=1&resize=525%2C300 1.5x, https:\/\/i0.wp.com\/www.entremundos.org\/revista\/wp-content\/uploads\/2013\/10\/placeholder_image1.png?fit=1200%2C758&ssl=1&resize=700%2C400 2x, https:\/\/i0.wp.com\/www.entremundos.org\/revista\/wp-content\/uploads\/2013\/10\/placeholder_image1.png?fit=1200%2C758&ssl=1&resize=1050%2C600 3x"},"classes":[]},{"id":4463,"url":"https:\/\/www.entremundos.org\/revista\/uncategorized\/music-in-the-time-of-walls\/?lang=en","url_meta":{"origin":1079,"position":4},"title":"Music in the Time of Walls","author":"EntreMundos","date":"10 septiembre, 2018","format":false,"excerpt":"By Luc\u00eda Mu\u00f1oz Argueta It is said that Gabriel Garc\u00eda M\u00e1rquez put the ear before reading in order to create and write. According to Hern\u00e1n D\u00edaz (2017), \u201cit is no wonder that\u00a0One Hundred Years of Solitude\u00a0can be considered a vallenato of 450 pages,\u00a0The Autumn of the Patriarch\u00a0a piano concerto by\u2026","rel":"","context":"En \u00abMusic\u00bb","block_context":{"text":"Music","link":"https:\/\/www.entremundos.org\/revista\/category\/music\/?lang=en"},"img":{"alt_text":"","src":"https:\/\/i0.wp.com\/www.entremundos.org\/revista\/wp-content\/uploads\/2018\/09\/9-art-ana-lucia.jpg?resize=350%2C200","width":350,"height":200,"srcset":"https:\/\/i0.wp.com\/www.entremundos.org\/revista\/wp-content\/uploads\/2018\/09\/9-art-ana-lucia.jpg?resize=350%2C200 1x, https:\/\/i0.wp.com\/www.entremundos.org\/revista\/wp-content\/uploads\/2018\/09\/9-art-ana-lucia.jpg?resize=525%2C300 1.5x, https:\/\/i0.wp.com\/www.entremundos.org\/revista\/wp-content\/uploads\/2018\/09\/9-art-ana-lucia.jpg?resize=700%2C400 2x, https:\/\/i0.wp.com\/www.entremundos.org\/revista\/wp-content\/uploads\/2018\/09\/9-art-ana-lucia.jpg?resize=1050%2C600 3x"},"classes":[]},{"id":7632,"url":"https:\/\/www.entremundos.org\/revista\/world\/olutec-an-indigenous-language-in-risk-of-extinction\/?lang=en","url_meta":{"origin":1079,"position":5},"title":"Olutec: An Indigenous Language in Risk of Extinction","author":"EntreMundos","date":"15 octubre, 2020","format":false,"excerpt":"By Modesto Ort\u00edz Olutec is an indigenous language considered to be at high risk of extinction. It is spoken only in the Olmeca region in the south of the state of Veracruz, Mexico. Historically, many factors have influenced its replacement by Spanish, leading to the current situation in which only\u2026","rel":"","context":"En \u00abFrontPage\u00bb","block_context":{"text":"FrontPage","link":"https:\/\/www.entremundos.org\/revista\/category\/frontpage-en\/?lang=en"},"img":{"alt_text":"","src":"https:\/\/i0.wp.com\/www.entremundos.org\/revista\/wp-content\/uploads\/2020\/10\/oluteco_1.png?fit=1198%2C1200&ssl=1&resize=350%2C200","width":350,"height":200,"srcset":"https:\/\/i0.wp.com\/www.entremundos.org\/revista\/wp-content\/uploads\/2020\/10\/oluteco_1.png?fit=1198%2C1200&ssl=1&resize=350%2C200 1x, https:\/\/i0.wp.com\/www.entremundos.org\/revista\/wp-content\/uploads\/2020\/10\/oluteco_1.png?fit=1198%2C1200&ssl=1&resize=525%2C300 1.5x, https:\/\/i0.wp.com\/www.entremundos.org\/revista\/wp-content\/uploads\/2020\/10\/oluteco_1.png?fit=1198%2C1200&ssl=1&resize=700%2C400 2x, https:\/\/i0.wp.com\/www.entremundos.org\/revista\/wp-content\/uploads\/2020\/10\/oluteco_1.png?fit=1198%2C1200&ssl=1&resize=1050%2C600 3x"},"classes":[]}],"jetpack_sharing_enabled":true,"_links":{"self":[{"href":"https:\/\/www.entremundos.org\/revista\/wp-json\/wp\/v2\/posts\/1079","targetHints":{"allow":["GET"]}}],"collection":[{"href":"https:\/\/www.entremundos.org\/revista\/wp-json\/wp\/v2\/posts"}],"about":[{"href":"https:\/\/www.entremundos.org\/revista\/wp-json\/wp\/v2\/types\/post"}],"author":[{"embeddable":true,"href":"https:\/\/www.entremundos.org\/revista\/wp-json\/wp\/v2\/users\/1"}],"replies":[{"embeddable":true,"href":"https:\/\/www.entremundos.org\/revista\/wp-json\/wp\/v2\/comments?post=1079"}],"version-history":[{"count":0,"href":"https:\/\/www.entremundos.org\/revista\/wp-json\/wp\/v2\/posts\/1079\/revisions"}],"wp:featuredmedia":[{"embeddable":true,"href":"https:\/\/www.entremundos.org\/revista\/wp-json\/wp\/v2\/media\/1069"}],"wp:attachment":[{"href":"https:\/\/www.entremundos.org\/revista\/wp-json\/wp\/v2\/media?parent=1079"}],"wp:term":[{"taxonomy":"category","embeddable":true,"href":"https:\/\/www.entremundos.org\/revista\/wp-json\/wp\/v2\/categories?post=1079"},{"taxonomy":"post_tag","embeddable":true,"href":"https:\/\/www.entremundos.org\/revista\/wp-json\/wp\/v2\/tags?post=1079"}],"curies":[{"name":"wp","href":"https:\/\/api.w.org\/{rel}","templated":true}]}}