{"id":10833,"date":"2023-05-29T11:33:51","date_gmt":"2023-05-29T19:33:51","guid":{"rendered":"https:\/\/www.entremundos.org\/revista\/?p=10833"},"modified":"2023-07-20T10:33:21","modified_gmt":"2023-07-20T18:33:21","slug":"violencia-contra-las-mujeres-dominio-masculino-en-la-politica","status":"publish","type":"post","link":"https:\/\/www.entremundos.org\/revista\/politica\/violencia-contra-las-mujeres-dominio-masculino-en-la-politica\/","title":{"rendered":"Violencia contra las mujeres: dominio masculino en la pol\u00edtica"},"content":{"rendered":"<p><b>Silvia Lilian Trujillo<\/b><\/p>\n<p><span style=\"font-weight: 400;\">La violencia pol\u00edtica es sistem\u00e1tica y permanente, se produce para inhibir, ralentizar o restringir la participaci\u00f3n pol\u00edtica de mujeres, en el marco de un sistema que se resiste a aceptar su igualdad de derechos. <\/span><b>Mientras no se trabaje para acabar con esta violencia espec\u00edfica la calidad de la representatividad se cuestiona<\/b><span style=\"font-weight: 400;\">, como tambi\u00e9n la del sistema democr\u00e1tico.\u00a0\u00a0<\/span><\/p>\n<p><b>En Guatemala las mujeres no ejercen a\u00fan la ciudadan\u00eda plena<\/b><\/p>\n<p><span style=\"font-weight: 400;\">Las mujeres que participan pol\u00edticamente en el pa\u00eds han estado expuestas de forma continuada a este tipo de violencia, aunque se agudiza en los contextos electorales. Cuando se las ha consultado narran distintas experiencias desde haber recibido amenazas, hasta ser v\u00edctimas de atentados con disparos en sus domicilios o ser atacadas por turbas masculinas que no aceptan sus candidaturas. El terreno digital no se mantiene ajeno, ellas han reportado que en el periodo eleccionario de 2019 se produjo un aumento de agresiones provenientes de net centers.\u00a0<\/span><\/p>\n<p><span style=\"font-weight: 400;\">Al no haber en el pa\u00eds un tipo penal espec\u00edfico no se cuenta con datos oficiales sobre estos delitos, lo cual se suma a que la mayor\u00eda de ellas no denuncia los hechos en el sistema de justicia, en algunos casos, porque los interpretan como parte del juego pol\u00edtico y, en otros casos, porque saben que la correlaci\u00f3n de fuerzas no est\u00e1 a su favor. El miedo es otro inhibidor ya que cuando han puesto en evidencia a los agresores en las estructuras partidarias no s\u00f3lo no ha habido sanciones para los mismos, sino que son ellas las que han tenido que enfrentar las consecuencias.<\/span><\/p>\n<p><span style=\"font-weight: 400;\">Otra arista del problema es la subrepresentaci\u00f3n de mujeres en cargos p\u00fablicos. En Guatemala es resultado, entre otras cuestiones, de la violencia pol\u00edtica que implica no contar en el pa\u00eds con leyes o medidas afirmativas que permitan terminar con esa desigualdad, en un sistema pol\u00edtico a\u00fan permeado por l\u00f3gicas patriarcales, androc\u00e9ntricas y excluyentes.<\/span><\/p>\n<p><span style=\"font-weight: 400;\">Los porcentajes de representaci\u00f3n en cargos de elecci\u00f3n popular y de altos cargos de designaci\u00f3n pol\u00edtica son poco significativos desde hace m\u00e1s de treinta a\u00f1os, de hecho, de los m\u00e1s bajos de la regi\u00f3n. Las mujeres conforman la mayor\u00eda del padr\u00f3n electoral (53.72 % en 2019 y 54% en 2023) seg\u00fan datos del Tribunal Supremo Electoral (TSE), fueron las que m\u00e1s votaron en 2015 (55.1 %), pero son las que menor porcentaje de participaci\u00f3n y representaci\u00f3n tienen. En los nueve procesos electorales que se han desarrollado en Guatemala desde que retomara el camino democr\u00e1tico el porcentaje ha aumentado menos del 15%.<\/span><\/p>\n<p><span style=\"font-weight: 400;\">En 1989 las diputadas ocupaban el 6.9% de las curules, diez a\u00f1os despu\u00e9s representaban el 13.7 % y en 2009 conformaban el 12 %. De 2020-2024, de las 160 curules de la Legislatura, solo 31 (19.38%) han sido ocupadas por mujeres (TSE, 2019). Este porcentaje ubica al pa\u00eds en el lugar 119\/186 del mapa de mujeres en pol\u00edtica elaborado por la Uni\u00f3n Interparlamentaria y ONU Mujeres (2023) estando a\u00fan lejos de alcanzar el promedio regional establecido por esta misma entidad en 34,6%.<\/span><\/p>\n<p><span style=\"font-weight: 400;\">La imposici\u00f3n de opresiones da como resultado que la situaci\u00f3n para las mujeres ind\u00edgenas sea m\u00e1s desventajosa. La primera diputada ind\u00edgena, Ana Mar\u00eda Xuy\u00e1 Cuxil, tom\u00f3 posesi\u00f3n del cargo en la legislatura 1986-1990. En los per\u00edodos legislativos 1996-2000 y 2000- 2004, la participaci\u00f3n de diputadas ind\u00edgenas se mantuvo en 1.9% (3 diputadas en cada legislatura), y en periodo de 2008-2012 fueron 4 diputadas (25.4%). En la legislatura de 2020 \u2013 2024 solo 3 mujeres ind\u00edgenas ocuparon una curul. En todo ese periodo no ha habido diputadas gar\u00edfunas o xincas. Tampoco ha habido mujeres trans diputadas.<\/span><\/p>\n<p><span style=\"font-weight: 400;\">Mientras tanto en el poder Ejecutivo, de los 14 ministerios existentes el porcentaje de ministras se ha mantenido en los \u00faltimos dos per\u00edodos de gobierno en 14.2%, mientras que en los viceministerios el porcentaje de mujeres desciende a 12% (6 mujeres de 50 puestos). El mapa de mujeres en pol\u00edtica ubica a Guatemala en el lugar 167 de 190 pa\u00edses por la cantidad de mujeres en cargos ministeriales que al 1 de enero de 2023 era de 1 de 14 ministerios.<\/span><\/p>\n<p><span style=\"font-weight: 400;\">En cuanto a mujeres ind\u00edgenas desempe\u00f1ando cargos de ministras en los \u00faltimos veinte a\u00f1os ha habido \u00fanicamente dos: Otilia Lux de Cot\u00ed en el Ministerio de Cultura y Deportes 2000-2004 y Leticia Teleguario en el Ministerio de Trabajo entre 2016-2018.<\/span><\/p>\n<p><b>Promotora de ley contra el acoso<\/b><\/p>\n<p><span style=\"font-weight: 400;\">El 13 de marzo de 2023 se cumplieron once a\u00f1os de la muerte violenta de la concejala Aimara Juana Quispe, en Bolivia. Ella hab\u00eda sido electa consejala titular de dicho municipio, pero ni el concejo municipal ni el alcalde estuvieron de acuerdo con el ejercicio de su cargo. Desde que fue electa hasta que su cuerpo fue encontrado sin vida; transcurrieron dos a\u00f1os en los cuales enfrent\u00f3 distintas formas de violencia en su contra, f\u00edsica (le arrojaron cemento en sus ojos), verbal (amenazas e insultos constantes) e institucional (tr\u00e1mites extenuantes, retenci\u00f3n del salario, as\u00ed como la negaci\u00f3n a escuchar sus constantes denuncias).<\/span><\/p>\n<p><span style=\"font-weight: 400;\">Quispe hab\u00eda sido una de sus principales impulsoras de la Ley N\u00ba243 Contra el Acoso y Violencia Pol\u00edtica Hacia las Mujeres, misma que la Asociaci\u00f3n de Concejalas de Bolivia (ACOBOL), con el acompa\u00f1amiento de varias organizaciones feministas y de mujeres, logr\u00f3 que se aprobara el 28 de mayo del a\u00f1o 2012. Fueron doce a\u00f1os de lucha para lograrlo y Juana no pudo beneficiarse de su contenido.\u00a0<\/span><\/p>\n<p><b>Violencia y acoso pol\u00edtico contra mujeres pol\u00edticas<\/b><\/p>\n<p><span style=\"font-weight: 400;\">Desde la existencia de la ley en Bolivia, por cierto, el primer pa\u00eds de la regi\u00f3n latinoamericana en contar con un marco normativo en este sentido, se han hecho esfuerzos en otros por crear el tipo penal y definir la violencia pol\u00edtica contra mujeres que participan pol\u00edticamente de forma apropiada, pero la lucha se mantiene.<\/span><\/p>\n<p><span style=\"font-weight: 400;\">Se la ha conceptualizado como cualquier agresi\u00f3n, sea f\u00edsica, psicol\u00f3gica, sexual, simb\u00f3lica, entre otras, que enfrentan las mujeres en la vida pol\u00edtica para desalentar, inhibir o frenar su participaci\u00f3n. Generalmente es un tipo de violencia que ejercen los hombres contra las mujeres, aunque en algunas oportunidades tambi\u00e9n las mujeres violentan a otras, transform\u00e1ndose en un instrumento de las l\u00f3gicas patriarcales.<\/span><\/p>\n<p><span style=\"font-weight: 400;\">Resulta importante se\u00f1alar que las omisiones y tolerancia a las formas como se expresa, tambi\u00e9n se consideran parte de la definici\u00f3n. De hecho, la Ley Modelo Interamericana Para Prevenir, Sancionar y Erradicar la Violencia contra las Mujeres en la Vida Pol\u00edtica promulgada en 2017 re\u00fane la mayor\u00eda de estos elementos en su definici\u00f3n.<\/span><\/p>\n<p><span style=\"font-weight: 400;\">La experta en el tema Flavia Freidenberg explica que son \u201csituaciones de invisibilidad, descr\u00e9dito o generaci\u00f3n de culpa\u201d.<\/span><\/p>\n<p><span style=\"font-weight: 400;\">Se traducen en abuso o acoso psicol\u00f3gico o sexual, intimidaci\u00f3n, amenazas a ellas y su familia, silenciamiento p\u00fablico, exclusi\u00f3n f\u00edsica de los lugares de toma de decisiones, cuestionamiento de acciones tomadas, recibir burlas o comentarios sexistas, no ser convocadas a reuniones, negarles el acceso a recursos financieros, e incluso, criminalizaci\u00f3n y agresi\u00f3n f\u00edsica directa. <\/span><b>Tambi\u00e9n incluye la omisi\u00f3n de los Estados para promulgar marcos normativos que generen las condiciones para reducir brechas de desigualdad y en otras acciones, expl\u00edcitas o no, que de hecho cancelen su participaci\u00f3n.\u00a0\u00a0<\/b><\/p>\n<p><b>Dos mujeres candidatas a presidenta en Guatemala \u00bfse resuelve el problema?<\/b><\/p>\n<p><span style=\"font-weight: 400;\">La campa\u00f1a electoral 2023 ya comenz\u00f3 y hay dos candidaturas a la presidencia ocupadas por mujeres, sin embargo, esto no resuelve el problema porque, aunque estas mujeres est\u00e1n \u201cautorizadas\u201d, esto no facilita el camino a las dem\u00e1s. Por el contrario, refuerza estrategias patriarcales que las acepta y autoriza en tanto jueguen con las reglas del sistema de dominio. Aquellas que no se plieguen, que tengan discursos y propuestas que se enfrentan al statu quo, son expulsadas del proceso.<\/span><\/p>\n<p><span style=\"font-weight: 400;\"> <a href=\"https:\/\/i0.wp.com\/www.entremundos.org\/revista\/wp-content\/uploads\/2023\/05\/bd5c7-4435fc25-076f-464c-85e4-1fcc7837a85f.jpg?ssl=1\"><img data-recalc-dims=\"1\" loading=\"lazy\" decoding=\"async\" class=\"size-medium wp-image-10706 aligncenter\" src=\"https:\/\/i0.wp.com\/www.entremundos.org\/revista\/wp-content\/uploads\/2023\/05\/bd5c7-4435fc25-076f-464c-85e4-1fcc7837a85f.jpg?resize=221%2C300&#038;ssl=1\" alt=\"\" width=\"221\" height=\"300\" srcset=\"https:\/\/i0.wp.com\/www.entremundos.org\/revista\/wp-content\/uploads\/2023\/05\/bd5c7-4435fc25-076f-464c-85e4-1fcc7837a85f.jpg?resize=221%2C300&amp;ssl=1 221w, https:\/\/i0.wp.com\/www.entremundos.org\/revista\/wp-content\/uploads\/2023\/05\/bd5c7-4435fc25-076f-464c-85e4-1fcc7837a85f.jpg?resize=335%2C455&amp;ssl=1 335w, https:\/\/i0.wp.com\/www.entremundos.org\/revista\/wp-content\/uploads\/2023\/05\/bd5c7-4435fc25-076f-464c-85e4-1fcc7837a85f.jpg?w=640&amp;ssl=1 640w\" sizes=\"auto, (max-width: 221px) 100vw, 221px\" \/><\/a><\/span><\/p>\n","protected":false},"excerpt":{"rendered":"<p>Silvia Lilian Trujillo La violencia pol\u00edtica es sistem\u00e1tica y permanente, se produce para inhibir, ralentizar o restringir la participaci\u00f3n pol\u00edtica de mujeres, en el marco de un sistema que se resiste a aceptar su igualdad de derechos. Mientras no se trabaje para acabar con esta violencia espec\u00edfica la calidad de la representatividad se cuestiona, como [&hellip;]<\/p>\n","protected":false},"author":1,"featured_media":11058,"comment_status":"closed","ping_status":"closed","sticky":false,"template":"","format":"standard","meta":{"_exactmetrics_skip_tracking":false,"_exactmetrics_sitenote_active":false,"_exactmetrics_sitenote_note":"","_exactmetrics_sitenote_category":0,"jetpack_post_was_ever_published":false,"_jetpack_newsletter_access":"","_jetpack_dont_email_post_to_subs":false,"_jetpack_newsletter_tier_id":0,"_jetpack_memberships_contains_paywalled_content":false,"_jetpack_memberships_contains_paid_content":false,"footnotes":""},"categories":[452,386,378,1772],"tags":[811,4318,4313,4314,1292,4315,4317,4316],"class_list":["post-10833","post","type-post","status-publish","format-standard","has-post-thumbnail","hentry","category-frontpage","category-mujer","category-politica","category-situacion-social","tag-desigualdad","tag-dominio-masculino","tag-elecciones-generales-guatemala","tag-mujeres-en-la-politica","tag-mujeres-indigenas","tag-opresion","tag-representatividad","tag-violencia-politica"],"jetpack_featured_media_url":"https:\/\/i0.wp.com\/www.entremundos.org\/revista\/wp-content\/uploads\/2023\/05\/000_16w772-1.jpg?fit=1200%2C799&ssl=1","jetpack_shortlink":"https:\/\/wp.me\/p7ljt7-2OJ","jetpack-related-posts":[{"id":10588,"url":"https:\/\/www.entremundos.org\/revista\/politica\/ley-de-mujeres-desaparecidas\/","url_meta":{"origin":10833,"position":0},"title":"Ley de mujeres desaparecidas","author":"EntreMundos","date":"9 marzo, 2023","format":false,"excerpt":"Emma G\u00f3mez\u00a0 En Guatemala, cada d\u00eda desaparecen unas 5 mujeres. La desaparici\u00f3n de mujeres est\u00e1 ligada fuertemente con alg\u00fan tipo de violencia de g\u00e9nero.\u00a0 Hace 3 a\u00f1os se implement\u00f3 un mecanismo de b\u00fasqueda inmediata de mujeres desaparecidas, Isabel-Claudina, mecanismo que tiene como base la Ley de Mujeres Desaparecidas que fue\u2026","rel":"","context":"En \u00abFrontPage\u00bb","block_context":{"text":"FrontPage","link":"https:\/\/www.entremundos.org\/revista\/category\/frontpage\/"},"img":{"alt_text":"","src":"https:\/\/i0.wp.com\/www.entremundos.org\/revista\/wp-content\/uploads\/2023\/03\/isable-claudina-justicia.png?fit=1200%2C789&ssl=1&resize=350%2C200","width":350,"height":200,"srcset":"https:\/\/i0.wp.com\/www.entremundos.org\/revista\/wp-content\/uploads\/2023\/03\/isable-claudina-justicia.png?fit=1200%2C789&ssl=1&resize=350%2C200 1x, https:\/\/i0.wp.com\/www.entremundos.org\/revista\/wp-content\/uploads\/2023\/03\/isable-claudina-justicia.png?fit=1200%2C789&ssl=1&resize=525%2C300 1.5x, https:\/\/i0.wp.com\/www.entremundos.org\/revista\/wp-content\/uploads\/2023\/03\/isable-claudina-justicia.png?fit=1200%2C789&ssl=1&resize=700%2C400 2x, https:\/\/i0.wp.com\/www.entremundos.org\/revista\/wp-content\/uploads\/2023\/03\/isable-claudina-justicia.png?fit=1200%2C789&ssl=1&resize=1050%2C600 3x"},"classes":[]},{"id":12859,"url":"https:\/\/www.entremundos.org\/revista\/politica\/mujeres-indigenas-y-rurales-en-defensa-del-territorio-frente-al-extractivismo-en-guatemala\/","url_meta":{"origin":10833,"position":1},"title":"Mujeres ind\u00edgenas y rurales en defensa del territorio frente al extractivismo en Guatemala","author":"EntreMundos","date":"21 mayo, 2025","format":false,"excerpt":"Por Asociadas Por lo Justo (JASS) Este es un resumen de un mapeo realizado por JASS, para compartir sus an\u00e1lisis, sus luchas y los impactos en sus vidas. El objetivo es contar las luchas por el territorio frente al extractivismo en Guatemala e identificar el papel y el impacto en\u2026","rel":"","context":"En \u00abFrontPage\u00bb","block_context":{"text":"FrontPage","link":"https:\/\/www.entremundos.org\/revista\/category\/frontpage\/"},"img":{"alt_text":"","src":"https:\/\/i0.wp.com\/www.entremundos.org\/revista\/wp-content\/uploads\/2025\/05\/2-scaled.png?fit=1200%2C843&ssl=1&resize=350%2C200","width":350,"height":200,"srcset":"https:\/\/i0.wp.com\/www.entremundos.org\/revista\/wp-content\/uploads\/2025\/05\/2-scaled.png?fit=1200%2C843&ssl=1&resize=350%2C200 1x, https:\/\/i0.wp.com\/www.entremundos.org\/revista\/wp-content\/uploads\/2025\/05\/2-scaled.png?fit=1200%2C843&ssl=1&resize=525%2C300 1.5x, https:\/\/i0.wp.com\/www.entremundos.org\/revista\/wp-content\/uploads\/2025\/05\/2-scaled.png?fit=1200%2C843&ssl=1&resize=700%2C400 2x, https:\/\/i0.wp.com\/www.entremundos.org\/revista\/wp-content\/uploads\/2025\/05\/2-scaled.png?fit=1200%2C843&ssl=1&resize=1050%2C600 3x"},"classes":[]},{"id":13644,"url":"https:\/\/www.entremundos.org\/revista\/politica\/fortaleciendo-la-comunidad-desde-dentro-un-nuevo-capitulo-para-caras-alegres\/","url_meta":{"origin":10833,"position":2},"title":"Fortaleciendo la comunidad desde dentro: Un nuevo cap\u00edtulo para Caras Alegres","author":"EntreMundos","date":"4 abril, 2026","format":false,"excerpt":"POR VER\u00d3NICA DI MAGGIO Caras Alegres reabri\u00f3 sus puertas con una renovada claridad y enfoque estrat\u00e9gico. Despu\u00e9s de meses dedicados a la evaluaci\u00f3n y planificaci\u00f3n, este 2026 inicia no simplemente como un nuevo a\u00f1o operativo, sino como una expansi\u00f3n estructurada de nuestro impacto comunitario. El a\u00f1o pasado demostr\u00f3 que el\u2026","rel":"","context":"En \u00abFrontPage\u00bb","block_context":{"text":"FrontPage","link":"https:\/\/www.entremundos.org\/revista\/category\/frontpage\/"},"img":{"alt_text":"","src":"https:\/\/i0.wp.com\/www.entremundos.org\/revista\/wp-content\/uploads\/2026\/03\/633353323_1320877706749036_6826896970194983908_n.jpg?fit=1200%2C963&ssl=1&resize=350%2C200","width":350,"height":200,"srcset":"https:\/\/i0.wp.com\/www.entremundos.org\/revista\/wp-content\/uploads\/2026\/03\/633353323_1320877706749036_6826896970194983908_n.jpg?fit=1200%2C963&ssl=1&resize=350%2C200 1x, https:\/\/i0.wp.com\/www.entremundos.org\/revista\/wp-content\/uploads\/2026\/03\/633353323_1320877706749036_6826896970194983908_n.jpg?fit=1200%2C963&ssl=1&resize=525%2C300 1.5x, https:\/\/i0.wp.com\/www.entremundos.org\/revista\/wp-content\/uploads\/2026\/03\/633353323_1320877706749036_6826896970194983908_n.jpg?fit=1200%2C963&ssl=1&resize=700%2C400 2x, https:\/\/i0.wp.com\/www.entremundos.org\/revista\/wp-content\/uploads\/2026\/03\/633353323_1320877706749036_6826896970194983908_n.jpg?fit=1200%2C963&ssl=1&resize=1050%2C600 3x"},"classes":[]},{"id":12224,"url":"https:\/\/www.entremundos.org\/revista\/mujer\/derechos-sexuales-y-reproductivos-tema-pendiente-en-guatemala\/","url_meta":{"origin":10833,"position":3},"title":"Derechos sexuales y reproductivos; tema pendiente en Guatemala","author":"EntreMundos","date":"15 julio, 2024","format":false,"excerpt":"POR EMMA G\u00d3MEZ Seg\u00fan La Organizaci\u00f3n de las Naciones Unidas de los Derechos Humanos, (ONU-DH), los derechos sexuales y reproductivos est\u00e1n relacionados con la libertad de las personas a decidir sobre su sexualidad y el ejercicio libre de la misma. Algunos derechos pueden ser; ejercer la sexualidad de manera independiente\u2026","rel":"","context":"En \u00abFrontPage\u00bb","block_context":{"text":"FrontPage","link":"https:\/\/www.entremundos.org\/revista\/category\/frontpage\/"},"img":{"alt_text":"","src":"https:\/\/i0.wp.com\/www.entremundos.org\/revista\/wp-content\/uploads\/2024\/07\/444487166_750607893953803_8829963883492089519_n.jpg?fit=1200%2C1158&ssl=1&resize=350%2C200","width":350,"height":200,"srcset":"https:\/\/i0.wp.com\/www.entremundos.org\/revista\/wp-content\/uploads\/2024\/07\/444487166_750607893953803_8829963883492089519_n.jpg?fit=1200%2C1158&ssl=1&resize=350%2C200 1x, https:\/\/i0.wp.com\/www.entremundos.org\/revista\/wp-content\/uploads\/2024\/07\/444487166_750607893953803_8829963883492089519_n.jpg?fit=1200%2C1158&ssl=1&resize=525%2C300 1.5x, https:\/\/i0.wp.com\/www.entremundos.org\/revista\/wp-content\/uploads\/2024\/07\/444487166_750607893953803_8829963883492089519_n.jpg?fit=1200%2C1158&ssl=1&resize=700%2C400 2x, https:\/\/i0.wp.com\/www.entremundos.org\/revista\/wp-content\/uploads\/2024\/07\/444487166_750607893953803_8829963883492089519_n.jpg?fit=1200%2C1158&ssl=1&resize=1050%2C600 3x"},"classes":[]},{"id":11407,"url":"https:\/\/www.entremundos.org\/revista\/politica\/del-papel-a-la-pantalla\/","url_meta":{"origin":10833,"position":4},"title":"Del papel a la pantalla","author":"EntreMundos","date":"10 noviembre, 2023","format":false,"excerpt":"POR EMMA G\u00d3MEZ Dos pa\u00edses golpeados por la corrupci\u00f3n, violaci\u00f3n de los derechos humanos, injusticias, persecuciones y despojos, por mencionar algunos de los males que tienen en com\u00fan Guatemala y El Salvador. El proyecto, Del Papel a la Pantalla, presenta dos propuestas visuales para reflexionar sobre la educaci\u00f3n sexual y\u2026","rel":"","context":"En \u00abAccion Comunitaria\u00bb","block_context":{"text":"Accion Comunitaria","link":"https:\/\/www.entremundos.org\/revista\/category\/politica\/accion-comunitaria-3\/"},"img":{"alt_text":"","src":"https:\/\/i0.wp.com\/www.entremundos.org\/revista\/wp-content\/uploads\/2023\/11\/whatsapp-image-2023-10-23-at-9.54.45-am-2.jpeg?fit=1200%2C800&ssl=1&resize=350%2C200","width":350,"height":200,"srcset":"https:\/\/i0.wp.com\/www.entremundos.org\/revista\/wp-content\/uploads\/2023\/11\/whatsapp-image-2023-10-23-at-9.54.45-am-2.jpeg?fit=1200%2C800&ssl=1&resize=350%2C200 1x, https:\/\/i0.wp.com\/www.entremundos.org\/revista\/wp-content\/uploads\/2023\/11\/whatsapp-image-2023-10-23-at-9.54.45-am-2.jpeg?fit=1200%2C800&ssl=1&resize=525%2C300 1.5x, https:\/\/i0.wp.com\/www.entremundos.org\/revista\/wp-content\/uploads\/2023\/11\/whatsapp-image-2023-10-23-at-9.54.45-am-2.jpeg?fit=1200%2C800&ssl=1&resize=700%2C400 2x, https:\/\/i0.wp.com\/www.entremundos.org\/revista\/wp-content\/uploads\/2023\/11\/whatsapp-image-2023-10-23-at-9.54.45-am-2.jpeg?fit=1200%2C800&ssl=1&resize=1050%2C600 3x"},"classes":[]},{"id":13642,"url":"https:\/\/www.entremundos.org\/revista\/politica\/las-mujeres-inspiran-es-hora-de-acabar-con-las-brechas-de-desigualdad\/","url_meta":{"origin":10833,"position":5},"title":"Las mujeres inspiran: Es hora de acabar con las brechas de desigualdad","author":"EntreMundos","date":"4 abril, 2026","format":false,"excerpt":"POR MARIANA L\u00d3PEZ La discriminaci\u00f3n y racismo son temas que se han abordado e incluso se ha dicho que ya se han superado estando lejos de ser parte de nuestra realidad, sin embargo, basta con observar para comprender que una cosa es el discurso y otra la pr\u00e1ctica. En la\u2026","rel":"","context":"En \u00abFrontPage\u00bb","block_context":{"text":"FrontPage","link":"https:\/\/www.entremundos.org\/revista\/category\/frontpage\/"},"img":{"alt_text":"","src":"https:\/\/i0.wp.com\/www.entremundos.org\/revista\/wp-content\/uploads\/2026\/03\/649499575_1230883245899060_5224768132019882352_n.jpg?fit=1200%2C800&ssl=1&resize=350%2C200","width":350,"height":200,"srcset":"https:\/\/i0.wp.com\/www.entremundos.org\/revista\/wp-content\/uploads\/2026\/03\/649499575_1230883245899060_5224768132019882352_n.jpg?fit=1200%2C800&ssl=1&resize=350%2C200 1x, https:\/\/i0.wp.com\/www.entremundos.org\/revista\/wp-content\/uploads\/2026\/03\/649499575_1230883245899060_5224768132019882352_n.jpg?fit=1200%2C800&ssl=1&resize=525%2C300 1.5x, https:\/\/i0.wp.com\/www.entremundos.org\/revista\/wp-content\/uploads\/2026\/03\/649499575_1230883245899060_5224768132019882352_n.jpg?fit=1200%2C800&ssl=1&resize=700%2C400 2x, https:\/\/i0.wp.com\/www.entremundos.org\/revista\/wp-content\/uploads\/2026\/03\/649499575_1230883245899060_5224768132019882352_n.jpg?fit=1200%2C800&ssl=1&resize=1050%2C600 3x"},"classes":[]}],"jetpack_sharing_enabled":true,"_links":{"self":[{"href":"https:\/\/www.entremundos.org\/revista\/wp-json\/wp\/v2\/posts\/10833","targetHints":{"allow":["GET"]}}],"collection":[{"href":"https:\/\/www.entremundos.org\/revista\/wp-json\/wp\/v2\/posts"}],"about":[{"href":"https:\/\/www.entremundos.org\/revista\/wp-json\/wp\/v2\/types\/post"}],"author":[{"embeddable":true,"href":"https:\/\/www.entremundos.org\/revista\/wp-json\/wp\/v2\/users\/1"}],"replies":[{"embeddable":true,"href":"https:\/\/www.entremundos.org\/revista\/wp-json\/wp\/v2\/comments?post=10833"}],"version-history":[{"count":1,"href":"https:\/\/www.entremundos.org\/revista\/wp-json\/wp\/v2\/posts\/10833\/revisions"}],"predecessor-version":[{"id":10836,"href":"https:\/\/www.entremundos.org\/revista\/wp-json\/wp\/v2\/posts\/10833\/revisions\/10836"}],"wp:featuredmedia":[{"embeddable":true,"href":"https:\/\/www.entremundos.org\/revista\/wp-json\/wp\/v2\/media\/11058"}],"wp:attachment":[{"href":"https:\/\/www.entremundos.org\/revista\/wp-json\/wp\/v2\/media?parent=10833"}],"wp:term":[{"taxonomy":"category","embeddable":true,"href":"https:\/\/www.entremundos.org\/revista\/wp-json\/wp\/v2\/categories?post=10833"},{"taxonomy":"post_tag","embeddable":true,"href":"https:\/\/www.entremundos.org\/revista\/wp-json\/wp\/v2\/tags?post=10833"}],"curies":[{"name":"wp","href":"https:\/\/api.w.org\/{rel}","templated":true}]}}