{"id":11068,"date":"2023-07-20T15:53:10","date_gmt":"2023-07-20T23:53:10","guid":{"rendered":"https:\/\/www.entremundos.org\/revista\/?p=11068"},"modified":"2024-11-19T16:20:39","modified_gmt":"2024-11-20T00:20:39","slug":"ejercer-una-ciudadania-responsable","status":"publish","type":"post","link":"https:\/\/www.entremundos.org\/revista\/cine\/ejercer-una-ciudadania-responsable\/","title":{"rendered":"Ejercer una ciudadan\u00eda responsable"},"content":{"rendered":"<p><span style=\"font-weight: 400;\">Samuel Alvarez Morales<\/span><\/p>\n<p><span style=\"font-weight: 400;\">La semana previa a las elecciones la encuesta de Prensa Libre se\u00f1alaba que, Sandra Torres de la Unidad Nacional de la Esperanza (UNE) pasar\u00eda a segunda vuelta y la ciudadan\u00eda estaba expectante de quien la acompa\u00f1ar\u00eda. Cualquiera hubiera pensado que ser\u00eda Edmond Mulet o quiz\u00e1 la misma Zury R\u00edos, sin embargo, fue Bernardo Ar\u00e9valo, de Movimiento Semilla quien dio la sorpresa.<\/span><\/p>\n<p><span style=\"font-weight: 400;\">Este resultado inesperado se puede explicar cuando analizamos los errores cometidos por Manuel Villacorta, la no participaci\u00f3n de varios candidatos, la evidente manipulaci\u00f3n del proceso electoral, pero fundamentalmente el rechazo al establishment por parte de la ciudadan\u00eda, esto hizo que el candidato con una de las campa\u00f1as m\u00e1s austeras diera la sorpresa.<\/span><\/p>\n<p><span style=\"font-weight: 400;\">El 25 junio las y los guatemaltecos acudimos a las urnas para decidir el futuro del pa\u00eds. Un pa\u00eds de d\u00e9bil institucionalidad, donde los \u00faltimos gobiernos han atentado contra la rep\u00fablica y sus instituciones.<\/span><\/p>\n<p><span style=\"font-weight: 400;\">Durante los meses previos a los comicios electorales, se evidenci\u00f3 la manipulaci\u00f3n del proceso, a trav\u00e9s del actuar de los Magistrados del Tribunal Supremo Electoral (TSE) que violentaron la Constituci\u00f3n Pol\u00edtica de la Rep\u00fablica al permitir que Zury R\u00edos presidenciable del partido Valor y Romeo Garc\u00eda candidato a vicepresidente del partido UNE participaran. Ambos con prohibiciones taxativas para participar, pues, la primera es hija de R\u00edos Montt autor de un golpe de estado y el segundo, hasta un d\u00eda antes de su inscripci\u00f3n, era ministro religioso.\u00a0<\/span><\/p>\n<p><span style=\"font-weight: 400;\">La manipulaci\u00f3n del proceso electoral no termin\u00f3 ah\u00ed, tambi\u00e9n vimos c\u00f3mo permitieron participar a decenas de candidatos a diputados para el Congreso de la Rep\u00fablica y alcaldes se\u00f1alados de narcotr\u00e1fico y otros delitos. Aunado a lo anterior el TSE decidi\u00f3 dejar fuera de la contienda a tres candidatos a la presidencia que figuraban estar dentro de los primeros cinco lugares, Thelma Cabrera del MLP, Roberto Arz\u00fa de Podemos y Carlos Pineda de Prosperidad Ciudadana.<\/span><\/p>\n<p><span style=\"font-weight: 400;\">Aunque es evidente que la cultura pol\u00edtica de Guatemala est\u00e1 cambiando no podemos olvidar que el verdadero ganador de estas elecciones fue el voto nulo, con un 17.39% una evidente se\u00f1al de desconfianza y descontento hacia la clase pol\u00edtica tradicional.\u00a0<\/span><\/p>\n<p><span style=\"font-weight: 400;\">Este no es un dato que debemos pasar por alto, por el contrario, tanto las autoridades guatemaltecas como los propios partidos pol\u00edticos deben observar y velar por propiciar los cambios necesarios para generar condiciones que permitan vivir en Democracia, con gobernantes que representen a su poblaci\u00f3n y no con gobernantes impuestos por grupos de poder que se re\u00fanen fuera del pa\u00eds a negociar el futuro.<\/span><\/p>\n<p><span style=\"font-weight: 400;\">Sin temor a equivocarme, miles de guatemaltecos estar\u00e1n esperanzados en que la posible llegada de alguien como Bernardo Ar\u00e9valo a la presidencia significa el fin de una era de gobiernos conservadores que han limitado varias de las libertades fundamentales, sin embargo, no debemos olvidar que el verdadero poder est\u00e1 en el Congreso de la Rep\u00fablica.<\/span><\/p>\n<p><span style=\"font-weight: 400;\">Un congreso que en las \u00faltimas legislaturas se ha dedicado a aprobar normas que contravienen Derechos Humanos y fomentan la impunidad, pr\u00e9stamos que propician la corrupci\u00f3n y se ha excusado de su obligaci\u00f3n de elegir Corte Suprema de Justicia y Salas de Apelaci\u00f3n.<\/span><\/p>\n<p><span style=\"font-weight: 400;\">El reto de construir el pa\u00eds que merecemos es grande y cuatro a\u00f1os no son suficientes para implementar los cambios necesarios para garantizar el desarrollo integral de la poblaci\u00f3n. Ya sea que gane Sandra Torres o Bernardo Ar\u00e9valo, el ganador tendr\u00e1 una dif\u00edcil tarea.<\/span><\/p>\n<p><span style=\"font-weight: 400;\">En cuanto a las elecciones a corporaci\u00f3n municipal de Quetzaltenango los ciudadanos decidieron que el actual Alcalde, Juan Fernando L\u00f3pez, lograra su reelecci\u00f3n, un resultado que se esperaba, no por el buen trabajo de la corporaci\u00f3n municipal, sino porque en realidad tuvieron la fortuna de ejecutar los proyectos de arrastre de dos corporaciones anteriores.\u00a0 A pesar de su reelecci\u00f3n, el concejo contar\u00e1 con algunos concejales de oposici\u00f3n que pese a su poca experiencia en administraci\u00f3n p\u00fablica dan esperanza a los ciudadanos de no tener un concejo autoritario que privilegie intereses particulares, pues, el comit\u00e9 c\u00edvico que los impuls\u00f3 hab\u00eda trabajado durante a\u00f1os como una plataforma social bien vista por la ciudadan\u00eda.<\/span><\/p>\n<p><span style=\"font-weight: 400;\">Quetzaltenango es una ciudad importante en la econom\u00eda de Guatemala, pero los retos a los que se enfrenta requieren de un concejo con visi\u00f3n y capacidad, condiciones dif\u00edciles de encontrar considerando la forma en que se integrar\u00e1 a partir del pr\u00f3ximo a\u00f1o.<\/span><\/p>\n<p><span style=\"font-weight: 400;\">Independientemente de quien haya ganado la corporaci\u00f3n municipal o quien gane la presidencia, es deber de los ciudadanos, seguir articul\u00e1ndose para fiscalizar la administraci\u00f3n p\u00fablica y exigir a sus autoridades que trabajen con transparencia en beneficio de la vida digna, la libertad, la propiedad privada, la econom\u00eda del pa\u00eds y sus ciudadanos, porque no todo es responsabilidad del Estado.<\/span><\/p>\n<p><span style=\"font-weight: 400;\">Samuel Alvarez Morales.\u00a0<\/span><span style=\"font-weight: 400;\">Analista pol\u00edtico, integrante de Visi\u00f3n Legislativa y fundador de Voluntarios por Xela.\u00a0<\/span><\/p>\n","protected":false},"excerpt":{"rendered":"<p>Samuel Alvarez Morales La semana previa a las elecciones la encuesta de Prensa Libre se\u00f1alaba que, Sandra Torres de la Unidad Nacional de la Esperanza (UNE) pasar\u00eda a segunda vuelta y la ciudadan\u00eda estaba expectante de quien la acompa\u00f1ar\u00eda. Cualquiera hubiera pensado que ser\u00eda Edmond Mulet o quiz\u00e1 la misma Zury R\u00edos, sin embargo, fue [&hellip;]<\/p>\n","protected":false},"author":1,"featured_media":11003,"comment_status":"closed","ping_status":"closed","sticky":false,"template":"","format":"standard","meta":{"_exactmetrics_skip_tracking":false,"_exactmetrics_sitenote_active":false,"_exactmetrics_sitenote_note":"","_exactmetrics_sitenote_category":0,"jetpack_post_was_ever_published":false,"_jetpack_newsletter_access":"","_jetpack_dont_email_post_to_subs":false,"_jetpack_newsletter_tier_id":0,"_jetpack_memberships_contains_paywalled_content":false,"_jetpack_memberships_contains_paid_content":false,"footnotes":""},"categories":[442],"tags":[1248,813,3710,4122,4352,103],"class_list":["post-11068","post","type-post","status-publish","format-standard","has-post-thumbnail","hentry","category-cine","tag-ciudadania","tag-corrupcion","tag-corrupcion-en-guatemala","tag-desarrollo-2","tag-elecciones-en-guatemala","tag-politica"],"jetpack_featured_media_url":"https:\/\/i0.wp.com\/www.entremundos.org\/revista\/wp-content\/uploads\/2023\/07\/305317831_564609572126053_9184223796612708360_n-1.jpg?fit=960%2C522&ssl=1","jetpack_shortlink":"https:\/\/wp.me\/p7ljt7-2Sw","jetpack-related-posts":[{"id":12734,"url":"https:\/\/www.entremundos.org\/revista\/politica\/deportacion-desinformacion-y-desafio-el-impacto-global-de-la-agenda-migratoria-de-trump\/","url_meta":{"origin":11068,"position":0},"title":"Deportaci\u00f3n, desinformaci\u00f3n y desaf\u00edo: El impacto global de la agenda migratoria de Trump","author":"EntreMundos","date":"17 marzo, 2025","format":false,"excerpt":"POR PATRICIA SCHWARTZ Unas 60 personas se sientan en un c\u00edrculo de sillas plegables un jueves por la noche en Tucson, Arizona, una ciudad estadounidense a una hora de la frontera con M\u00e9xico. La reuni\u00f3n semanal de la Coalici\u00f3n de Derechos Humanos se lleva a cabo en gran parte, en\u2026","rel":"","context":"En \u00abFrontPage\u00bb","block_context":{"text":"FrontPage","link":"https:\/\/www.entremundos.org\/revista\/category\/frontpage\/"},"img":{"alt_text":"","src":"https:\/\/i0.wp.com\/www.entremundos.org\/revista\/wp-content\/uploads\/2025\/03\/475088469_3067398756762538_3045668992826805668_n.jpg?fit=1100%2C666&ssl=1&resize=350%2C200","width":350,"height":200,"srcset":"https:\/\/i0.wp.com\/www.entremundos.org\/revista\/wp-content\/uploads\/2025\/03\/475088469_3067398756762538_3045668992826805668_n.jpg?fit=1100%2C666&ssl=1&resize=350%2C200 1x, https:\/\/i0.wp.com\/www.entremundos.org\/revista\/wp-content\/uploads\/2025\/03\/475088469_3067398756762538_3045668992826805668_n.jpg?fit=1100%2C666&ssl=1&resize=525%2C300 1.5x, https:\/\/i0.wp.com\/www.entremundos.org\/revista\/wp-content\/uploads\/2025\/03\/475088469_3067398756762538_3045668992826805668_n.jpg?fit=1100%2C666&ssl=1&resize=700%2C400 2x, https:\/\/i0.wp.com\/www.entremundos.org\/revista\/wp-content\/uploads\/2025\/03\/475088469_3067398756762538_3045668992826805668_n.jpg?fit=1100%2C666&ssl=1&resize=1050%2C600 3x"},"classes":[]},{"id":11407,"url":"https:\/\/www.entremundos.org\/revista\/politica\/del-papel-a-la-pantalla\/","url_meta":{"origin":11068,"position":1},"title":"Del papel a la pantalla","author":"EntreMundos","date":"10 noviembre, 2023","format":false,"excerpt":"POR EMMA G\u00d3MEZ Dos pa\u00edses golpeados por la corrupci\u00f3n, violaci\u00f3n de los derechos humanos, injusticias, persecuciones y despojos, por mencionar algunos de los males que tienen en com\u00fan Guatemala y El Salvador. El proyecto, Del Papel a la Pantalla, presenta dos propuestas visuales para reflexionar sobre la educaci\u00f3n sexual y\u2026","rel":"","context":"En \u00abAccion Comunitaria\u00bb","block_context":{"text":"Accion Comunitaria","link":"https:\/\/www.entremundos.org\/revista\/category\/politica\/accion-comunitaria-3\/"},"img":{"alt_text":"","src":"https:\/\/i0.wp.com\/www.entremundos.org\/revista\/wp-content\/uploads\/2023\/11\/whatsapp-image-2023-10-23-at-9.54.45-am-2.jpeg?fit=1200%2C800&ssl=1&resize=350%2C200","width":350,"height":200,"srcset":"https:\/\/i0.wp.com\/www.entremundos.org\/revista\/wp-content\/uploads\/2023\/11\/whatsapp-image-2023-10-23-at-9.54.45-am-2.jpeg?fit=1200%2C800&ssl=1&resize=350%2C200 1x, https:\/\/i0.wp.com\/www.entremundos.org\/revista\/wp-content\/uploads\/2023\/11\/whatsapp-image-2023-10-23-at-9.54.45-am-2.jpeg?fit=1200%2C800&ssl=1&resize=525%2C300 1.5x, https:\/\/i0.wp.com\/www.entremundos.org\/revista\/wp-content\/uploads\/2023\/11\/whatsapp-image-2023-10-23-at-9.54.45-am-2.jpeg?fit=1200%2C800&ssl=1&resize=700%2C400 2x, https:\/\/i0.wp.com\/www.entremundos.org\/revista\/wp-content\/uploads\/2023\/11\/whatsapp-image-2023-10-23-at-9.54.45-am-2.jpeg?fit=1200%2C800&ssl=1&resize=1050%2C600 3x"},"classes":[]},{"id":10580,"url":"https:\/\/www.entremundos.org\/revista\/politica\/desalojos-aumentan-durante-el-gobierno-de-alejandro-giammattei\/","url_meta":{"origin":11068,"position":2},"title":"Desalojos aumentan durante el gobierno de Alejandro Giammattei","author":"EntreMundos","date":"8 marzo, 2023","format":false,"excerpt":"Por Gilberto Escobar\u00a0 En Guatemala, durante los \u00faltimos a\u00f1os, los desalojos han ido en aumento y se han dado en dos modalidades: los desalojos legales que tienen una orden judicial y los extrajudiciales, los que\u00a0 no van acompa\u00f1ados de ninguna orden de un juez y que ocurren\u00a0 en horas de\u2026","rel":"","context":"En \u00abBosques\u00bb","block_context":{"text":"Bosques","link":"https:\/\/www.entremundos.org\/revista\/category\/medio-ambiente\/bosques\/"},"img":{"alt_text":"","src":"https:\/\/i0.wp.com\/www.entremundos.org\/revista\/wp-content\/uploads\/2023\/03\/portada.jpg?fit=1024%2C768&ssl=1&resize=350%2C200","width":350,"height":200,"srcset":"https:\/\/i0.wp.com\/www.entremundos.org\/revista\/wp-content\/uploads\/2023\/03\/portada.jpg?fit=1024%2C768&ssl=1&resize=350%2C200 1x, https:\/\/i0.wp.com\/www.entremundos.org\/revista\/wp-content\/uploads\/2023\/03\/portada.jpg?fit=1024%2C768&ssl=1&resize=525%2C300 1.5x, https:\/\/i0.wp.com\/www.entremundos.org\/revista\/wp-content\/uploads\/2023\/03\/portada.jpg?fit=1024%2C768&ssl=1&resize=700%2C400 2x"},"classes":[]},{"id":10833,"url":"https:\/\/www.entremundos.org\/revista\/politica\/violencia-contra-las-mujeres-dominio-masculino-en-la-politica\/","url_meta":{"origin":11068,"position":3},"title":"Violencia contra las mujeres: dominio masculino en la pol\u00edtica","author":"EntreMundos","date":"29 mayo, 2023","format":false,"excerpt":"Silvia Lilian Trujillo La violencia pol\u00edtica es sistem\u00e1tica y permanente, se produce para inhibir, ralentizar o restringir la participaci\u00f3n pol\u00edtica de mujeres, en el marco de un sistema que se resiste a aceptar su igualdad de derechos. Mientras no se trabaje para acabar con esta violencia espec\u00edfica la calidad de\u2026","rel":"","context":"En \u00abFrontPage\u00bb","block_context":{"text":"FrontPage","link":"https:\/\/www.entremundos.org\/revista\/category\/frontpage\/"},"img":{"alt_text":"","src":"https:\/\/i0.wp.com\/www.entremundos.org\/revista\/wp-content\/uploads\/2023\/05\/000_16w772-1.jpg?fit=1200%2C799&ssl=1&resize=350%2C200","width":350,"height":200,"srcset":"https:\/\/i0.wp.com\/www.entremundos.org\/revista\/wp-content\/uploads\/2023\/05\/000_16w772-1.jpg?fit=1200%2C799&ssl=1&resize=350%2C200 1x, https:\/\/i0.wp.com\/www.entremundos.org\/revista\/wp-content\/uploads\/2023\/05\/000_16w772-1.jpg?fit=1200%2C799&ssl=1&resize=525%2C300 1.5x, https:\/\/i0.wp.com\/www.entremundos.org\/revista\/wp-content\/uploads\/2023\/05\/000_16w772-1.jpg?fit=1200%2C799&ssl=1&resize=700%2C400 2x, https:\/\/i0.wp.com\/www.entremundos.org\/revista\/wp-content\/uploads\/2023\/05\/000_16w772-1.jpg?fit=1200%2C799&ssl=1&resize=1050%2C600 3x"},"classes":[]},{"id":13649,"url":"https:\/\/www.entremundos.org\/revista\/politica\/la-urgencia-de-comprender-la-historia-y-sus-lecciones\/","url_meta":{"origin":11068,"position":4},"title":"La urgencia de comprender la historia y sus lecciones","author":"EntreMundos","date":"4 abril, 2026","format":false,"excerpt":"POR JUAN JOS\u00c9 HURTADO PAZ En los \u00faltimos meses se escuchan voces que defienden la intervenci\u00f3n imperialista yanqui contra Venezuela con el argumento aparentemente simple y moralizante: hab\u00eda una dictadura y deb\u00eda ser removida. Bajo esta narrativa, la intervenci\u00f3n externa se presenta como una acci\u00f3n necesaria, casi humanitaria, destinada a\u2026","rel":"","context":"En \u00abFrontPage\u00bb","block_context":{"text":"FrontPage","link":"https:\/\/www.entremundos.org\/revista\/category\/frontpage\/"},"img":{"alt_text":"","src":"","width":0,"height":0},"classes":[]},{"id":13250,"url":"https:\/\/www.entremundos.org\/revista\/politica\/pymes-migracion-y-el-reto-de-la-informalidad-en-guatemala-una-economia-que-resiste-desde-abajo\/","url_meta":{"origin":11068,"position":5},"title":"PYMES, migraci\u00f3n y el reto de la informalidad en Guatemala: Una econom\u00eda que resiste desde abajo","author":"EntreMundos","date":"17 septiembre, 2025","format":false,"excerpt":"Por Alexander Castillo Este art\u00edculo analiza el papel crucial que juegan las Peque\u00f1as y Medianas Empresas (PYMES) y la migraci\u00f3n en la econom\u00eda guatemalteca. Con base en datos actuales, se resalta que m\u00e1s del 90\u202f% de las empresas del pa\u00eds son peque\u00f1as o medianas, y que las remesas representan cerca\u2026","rel":"","context":"En \u00abFrontPage\u00bb","block_context":{"text":"FrontPage","link":"https:\/\/www.entremundos.org\/revista\/category\/frontpage\/"},"img":{"alt_text":"","src":"","width":0,"height":0},"classes":[]}],"jetpack_sharing_enabled":true,"_links":{"self":[{"href":"https:\/\/www.entremundos.org\/revista\/wp-json\/wp\/v2\/posts\/11068","targetHints":{"allow":["GET"]}}],"collection":[{"href":"https:\/\/www.entremundos.org\/revista\/wp-json\/wp\/v2\/posts"}],"about":[{"href":"https:\/\/www.entremundos.org\/revista\/wp-json\/wp\/v2\/types\/post"}],"author":[{"embeddable":true,"href":"https:\/\/www.entremundos.org\/revista\/wp-json\/wp\/v2\/users\/1"}],"replies":[{"embeddable":true,"href":"https:\/\/www.entremundos.org\/revista\/wp-json\/wp\/v2\/comments?post=11068"}],"version-history":[{"count":1,"href":"https:\/\/www.entremundos.org\/revista\/wp-json\/wp\/v2\/posts\/11068\/revisions"}],"predecessor-version":[{"id":11069,"href":"https:\/\/www.entremundos.org\/revista\/wp-json\/wp\/v2\/posts\/11068\/revisions\/11069"}],"wp:featuredmedia":[{"embeddable":true,"href":"https:\/\/www.entremundos.org\/revista\/wp-json\/wp\/v2\/media\/11003"}],"wp:attachment":[{"href":"https:\/\/www.entremundos.org\/revista\/wp-json\/wp\/v2\/media?parent=11068"}],"wp:term":[{"taxonomy":"category","embeddable":true,"href":"https:\/\/www.entremundos.org\/revista\/wp-json\/wp\/v2\/categories?post=11068"},{"taxonomy":"post_tag","embeddable":true,"href":"https:\/\/www.entremundos.org\/revista\/wp-json\/wp\/v2\/tags?post=11068"}],"curies":[{"name":"wp","href":"https:\/\/api.w.org\/{rel}","templated":true}]}}