{"id":11089,"date":"2023-07-20T16:44:31","date_gmt":"2023-07-21T00:44:31","guid":{"rendered":"https:\/\/www.entremundos.org\/revista\/?p=11089"},"modified":"2023-07-20T16:44:31","modified_gmt":"2023-07-21T00:44:31","slug":"una-realidad-que-va-mas-alla-de-lo-corporal-y-banal","status":"publish","type":"post","link":"https:\/\/www.entremundos.org\/revista\/mujer\/una-realidad-que-va-mas-alla-de-lo-corporal-y-banal\/","title":{"rendered":"Una realidad que va m\u00e1s all\u00e1 de lo corporal y banal"},"content":{"rendered":"<p><span style=\"font-weight: 400;\">Sadie Garc\u00eda<\/span><\/p>\n<p><span style=\"font-weight: 400;\">El autocuidado va m\u00e1s all\u00e1 de la atenci\u00f3n f\u00edsica que el cuerpo requiere, por supuesto es precisa y necesaria, y de alcanzar un prototipo, a veces, o casi siempre inalcanzable, construido desde los par\u00e1metros sociales basados en la insatisfacci\u00f3n y el consumismo.<\/span><\/p>\n<p><span style=\"font-weight: 400;\">Hablar de la mujer y el autocuidado en esta sociedad influenciada por sistemas patriarcales y sumamente masculinizada, conlleva\u00a0 abordar el tema desde un\u00a0 punto de vista f\u00edsico y en un menor porcentaje desde un aspecto cognitivo; y es que los argumentos que se dan al hablar del cuidado de la mujer a\u00fan se encuentran sujetos a los estereotipos impuestos sutilmente por los medios de comunicaci\u00f3n y los sistemas de creencias sobre lo que es una \u201cmujer empoderada\u201d influenciados por las grandes pseudo figuras femeninas, que principalmente las redes sociales suelen promover.\u00a0<\/span><\/p>\n<p><span style=\"font-weight: 400;\">Nos preguntamos, entonces, \u00bfqu\u00e9 es realmente el autocuidado en la mujer?\u00a0<\/span><\/p>\n<p><span style=\"font-weight: 400;\">Desde una mirada integral y justa para la mujer, como bien dice Clarissa Pinkola; en la frase que cito al final del texto, \u201cser nosotras mismas hace que acabemos exiliadas por otros\u201d. En donde nos habla de la valent\u00eda de ser una misma en cualquier escenario, en cualquier contexto y sin importar ante qui\u00e9n estemos, siempre permaneciendo sinceras a nuestra identidad.<\/span><\/p>\n<p><span style=\"font-weight: 400;\">As\u00ed, hemos de volver a lo primordial, hacia esa mujer conectada con su lado salvaje que no est\u00e1 de acuerdo con lo implantado al intentar corromper su libertad, negando el crecimiento personal; es esto realmente el cuidar de s\u00ed misma, serse fiel, encontrarse y dejarse fluir, se escribe f\u00e1cil, se lee a\u00fan m\u00e1s, pero es un proceso; es un largo camino de transformaci\u00f3n.<\/span><\/p>\n<p><span style=\"font-weight: 400;\">Transformar todos los sistemas de creencia acerca de este tema en las mujeres de nuestro contexto, significa empezar a resignificar lo que realmente es cuidarse y habitarse. Para esto es sumamente importante crear redes de apoyo con nuevas ideolog\u00edas, basadas en la sororidad y el fortalecimiento de la energ\u00eda femenina, en donde se empodere a la mujer desde el amor y no desde las heridas y el miedo a no encajar en un sistema lleno de apariencias y vanidad; espacios en donde se trasciendan los pensamientos limitantes acerca del bienestar y se generen creencias de autenticidad, aceptaci\u00f3n y poder, en cada mujer y en todas las generaciones existentes y por venir.<\/span><\/p>\n<p><span style=\"font-weight: 400;\">S\u00ed, hist\u00f3ricamente las mujeres hemos sido sometidas y domesticadas bajo est\u00e1ndares sociales establecidos por un sistema patriarcal; exiliadas y sometidas al pensamiento que estar bien y \u201cauto cuidarse\u201d es encajar en patrones de belleza f\u00edsicos \u00fanicamente, la buena noticia es que estamos en nuevos y mejores tiempos para que cada mujer se levante y se encuentre as\u00ed misma. Y como dijo la gran Nina Simone <\/span><b>\u201cEl amor, as\u00ed como la libertad, son situaciones y sentimientos dif\u00edciles de explicar. Necesitan pr\u00e1ctica, necesitan ser experimentados. No se quedan nunca en lo banal de un concepto\u201d <\/b><span style=\"font-weight: 400;\">ese es el camino para un buen autocuidado, empezar por cada una a experimentar el habitarnos, el ponernos en primer lugar, el ser libres y volver a nosotras mismas.<\/span><\/p>\n<p><span style=\"font-weight: 400;\">Una mujer habitada, empoderada y fuerte desde el propio amor a ella, transforma realidades, crea nuevos y mejores escenarios, incidiendo as\u00ed en su familia, comunidad y en consecuencia a su patria. El autocuidado va m\u00e1s all\u00e1 de la materia, es un acto de revoluci\u00f3n y amor, un ritual para volver a ser, lo que un d\u00eda se nos fue negado.<\/span><\/p>\n<p><b>\u201cSer nosotros mismos hace que acabemos exiliados por muchos otros. Sin embargo, cumplir con lo que otros quieren nos causa exiliarnos de nosotros mismos\u201d.<\/b><\/p>\n<p><span style=\"font-weight: 400;\">\u00a0<\/span><b><i>Clarissa Pinkola,<\/i><\/b><\/p>\n<p><b><i>Mujeres que corren como lobos\u00a0<\/i><\/b><\/p>\n<p><span style=\"font-weight: 400;\">Sadie Melissa Garc\u00eda Cital\u00e1n\u00a0<\/span><\/p>\n<p><span style=\"font-weight: 400;\">Terapeuta Hol\u00edstica<\/span><\/p>\n<p><span style=\"font-weight: 400;\">Coordinadora local Proyecto Buena Semilla\u00a0<\/span><\/p>\n<p><span style=\"font-weight: 400;\">garciasadimeliss@gmail.com<\/span><\/p>\n<p><span style=\"font-weight: 400;\">ap\u00f3yanos y visita nuestro sitio web https:\/\/buena-semilla.org\/<\/span><\/p>\n<p><span style=\"font-weight: 400;\">\u00a0<\/span><\/p>\n","protected":false},"excerpt":{"rendered":"<p>Sadie Garc\u00eda El autocuidado va m\u00e1s all\u00e1 de la atenci\u00f3n f\u00edsica que el cuerpo requiere, por supuesto es precisa y necesaria, y de alcanzar un prototipo, a veces, o casi siempre inalcanzable, construido desde los par\u00e1metros sociales basados en la insatisfacci\u00f3n y el consumismo. Hablar de la mujer y el autocuidado en esta sociedad influenciada [&hellip;]<\/p>\n","protected":false},"author":1,"featured_media":11009,"comment_status":"closed","ping_status":"closed","sticky":false,"template":"","format":"standard","meta":{"_exactmetrics_skip_tracking":false,"_exactmetrics_sitenote_active":false,"_exactmetrics_sitenote_note":"","_exactmetrics_sitenote_category":0,"jetpack_post_was_ever_published":false,"_jetpack_newsletter_access":"","_jetpack_dont_email_post_to_subs":false,"_jetpack_newsletter_tier_id":0,"_jetpack_memberships_contains_paywalled_content":false,"_jetpack_memberships_contains_paid_content":false,"footnotes":""},"categories":[402,386,1772],"tags":[4379,4381,4295,4383,4187,98,3993,4382,4380],"class_list":["post-11089","post","type-post","status-publish","format-standard","has-post-thumbnail","hentry","category-accion-comunitaria-3","category-mujer","category-situacion-social","tag-autocuidado","tag-autoestima","tag-bienestar","tag-crecimiento-personal","tag-empoderamiento","tag-mujeres","tag-mujeres-en-guatemala","tag-salud-integral","tag-transformacion"],"jetpack_featured_media_url":"https:\/\/i0.wp.com\/www.entremundos.org\/revista\/wp-content\/uploads\/2023\/07\/334739747_111978985104075_92854380472254883_n-1.jpg?fit=600%2C503&ssl=1","jetpack_shortlink":"https:\/\/wp.me\/p7ljt7-2SR","jetpack-related-posts":[{"id":12980,"url":"https:\/\/www.entremundos.org\/revista\/mujer\/el-otro-lado-del-viaje-sonado-detras-de-un-espacio-internacional\/","url_meta":{"origin":11089,"position":0},"title":"El otro lado del viaje so\u00f1ado; detr\u00e1s de un espacio internacional","author":"EntreMundos","date":"23 julio, 2025","format":false,"excerpt":"Por Adela Tuy Cuando la gente escucha \u2018Conferencias Internacionales\u2019 piensa en edificios lujosos, gente hablando en ingl\u00e9s, muchas fotos formales y muchos discursos bonitos; tambi\u00e9n en lo elegante de participar en una conferencia y ponerlo en tu curr\u00edculum vitae. Sin embargo, nadie les cuenta sobre lo que hay detr\u00e1s de\u2026","rel":"","context":"En \u00abCine\u00bb","block_context":{"text":"Cine","link":"https:\/\/www.entremundos.org\/revista\/category\/cine\/"},"img":{"alt_text":"","src":"https:\/\/i0.wp.com\/www.entremundos.org\/revista\/wp-content\/uploads\/2025\/07\/20241121_092407-143c-1.jpg?fit=1200%2C800&ssl=1&resize=350%2C200","width":350,"height":200,"srcset":"https:\/\/i0.wp.com\/www.entremundos.org\/revista\/wp-content\/uploads\/2025\/07\/20241121_092407-143c-1.jpg?fit=1200%2C800&ssl=1&resize=350%2C200 1x, https:\/\/i0.wp.com\/www.entremundos.org\/revista\/wp-content\/uploads\/2025\/07\/20241121_092407-143c-1.jpg?fit=1200%2C800&ssl=1&resize=525%2C300 1.5x, https:\/\/i0.wp.com\/www.entremundos.org\/revista\/wp-content\/uploads\/2025\/07\/20241121_092407-143c-1.jpg?fit=1200%2C800&ssl=1&resize=700%2C400 2x, https:\/\/i0.wp.com\/www.entremundos.org\/revista\/wp-content\/uploads\/2025\/07\/20241121_092407-143c-1.jpg?fit=1200%2C800&ssl=1&resize=1050%2C600 3x"},"classes":[]},{"id":13642,"url":"https:\/\/www.entremundos.org\/revista\/politica\/las-mujeres-inspiran-es-hora-de-acabar-con-las-brechas-de-desigualdad\/","url_meta":{"origin":11089,"position":1},"title":"Las mujeres inspiran: Es hora de acabar con las brechas de desigualdad","author":"EntreMundos","date":"4 abril, 2026","format":false,"excerpt":"POR MARIANA L\u00d3PEZ La discriminaci\u00f3n y racismo son temas que se han abordado e incluso se ha dicho que ya se han superado estando lejos de ser parte de nuestra realidad, sin embargo, basta con observar para comprender que una cosa es el discurso y otra la pr\u00e1ctica. En la\u2026","rel":"","context":"En \u00abFrontPage\u00bb","block_context":{"text":"FrontPage","link":"https:\/\/www.entremundos.org\/revista\/category\/frontpage\/"},"img":{"alt_text":"","src":"https:\/\/i0.wp.com\/www.entremundos.org\/revista\/wp-content\/uploads\/2026\/03\/649499575_1230883245899060_5224768132019882352_n.jpg?fit=1200%2C800&ssl=1&resize=350%2C200","width":350,"height":200,"srcset":"https:\/\/i0.wp.com\/www.entremundos.org\/revista\/wp-content\/uploads\/2026\/03\/649499575_1230883245899060_5224768132019882352_n.jpg?fit=1200%2C800&ssl=1&resize=350%2C200 1x, https:\/\/i0.wp.com\/www.entremundos.org\/revista\/wp-content\/uploads\/2026\/03\/649499575_1230883245899060_5224768132019882352_n.jpg?fit=1200%2C800&ssl=1&resize=525%2C300 1.5x, https:\/\/i0.wp.com\/www.entremundos.org\/revista\/wp-content\/uploads\/2026\/03\/649499575_1230883245899060_5224768132019882352_n.jpg?fit=1200%2C800&ssl=1&resize=700%2C400 2x, https:\/\/i0.wp.com\/www.entremundos.org\/revista\/wp-content\/uploads\/2026\/03\/649499575_1230883245899060_5224768132019882352_n.jpg?fit=1200%2C800&ssl=1&resize=1050%2C600 3x"},"classes":[]},{"id":12224,"url":"https:\/\/www.entremundos.org\/revista\/mujer\/derechos-sexuales-y-reproductivos-tema-pendiente-en-guatemala\/","url_meta":{"origin":11089,"position":2},"title":"Derechos sexuales y reproductivos; tema pendiente en Guatemala","author":"EntreMundos","date":"15 julio, 2024","format":false,"excerpt":"POR EMMA G\u00d3MEZ Seg\u00fan La Organizaci\u00f3n de las Naciones Unidas de los Derechos Humanos, (ONU-DH), los derechos sexuales y reproductivos est\u00e1n relacionados con la libertad de las personas a decidir sobre su sexualidad y el ejercicio libre de la misma. Algunos derechos pueden ser; ejercer la sexualidad de manera independiente\u2026","rel":"","context":"En \u00abFrontPage\u00bb","block_context":{"text":"FrontPage","link":"https:\/\/www.entremundos.org\/revista\/category\/frontpage\/"},"img":{"alt_text":"","src":"https:\/\/i0.wp.com\/www.entremundos.org\/revista\/wp-content\/uploads\/2024\/07\/444487166_750607893953803_8829963883492089519_n.jpg?fit=1200%2C1158&ssl=1&resize=350%2C200","width":350,"height":200,"srcset":"https:\/\/i0.wp.com\/www.entremundos.org\/revista\/wp-content\/uploads\/2024\/07\/444487166_750607893953803_8829963883492089519_n.jpg?fit=1200%2C1158&ssl=1&resize=350%2C200 1x, https:\/\/i0.wp.com\/www.entremundos.org\/revista\/wp-content\/uploads\/2024\/07\/444487166_750607893953803_8829963883492089519_n.jpg?fit=1200%2C1158&ssl=1&resize=525%2C300 1.5x, https:\/\/i0.wp.com\/www.entremundos.org\/revista\/wp-content\/uploads\/2024\/07\/444487166_750607893953803_8829963883492089519_n.jpg?fit=1200%2C1158&ssl=1&resize=700%2C400 2x, https:\/\/i0.wp.com\/www.entremundos.org\/revista\/wp-content\/uploads\/2024\/07\/444487166_750607893953803_8829963883492089519_n.jpg?fit=1200%2C1158&ssl=1&resize=1050%2C600 3x"},"classes":[]},{"id":10833,"url":"https:\/\/www.entremundos.org\/revista\/politica\/violencia-contra-las-mujeres-dominio-masculino-en-la-politica\/","url_meta":{"origin":11089,"position":3},"title":"Violencia contra las mujeres: dominio masculino en la pol\u00edtica","author":"EntreMundos","date":"29 mayo, 2023","format":false,"excerpt":"Silvia Lilian Trujillo La violencia pol\u00edtica es sistem\u00e1tica y permanente, se produce para inhibir, ralentizar o restringir la participaci\u00f3n pol\u00edtica de mujeres, en el marco de un sistema que se resiste a aceptar su igualdad de derechos. Mientras no se trabaje para acabar con esta violencia espec\u00edfica la calidad de\u2026","rel":"","context":"En \u00abFrontPage\u00bb","block_context":{"text":"FrontPage","link":"https:\/\/www.entremundos.org\/revista\/category\/frontpage\/"},"img":{"alt_text":"","src":"https:\/\/i0.wp.com\/www.entremundos.org\/revista\/wp-content\/uploads\/2023\/05\/000_16w772-1.jpg?fit=1200%2C799&ssl=1&resize=350%2C200","width":350,"height":200,"srcset":"https:\/\/i0.wp.com\/www.entremundos.org\/revista\/wp-content\/uploads\/2023\/05\/000_16w772-1.jpg?fit=1200%2C799&ssl=1&resize=350%2C200 1x, https:\/\/i0.wp.com\/www.entremundos.org\/revista\/wp-content\/uploads\/2023\/05\/000_16w772-1.jpg?fit=1200%2C799&ssl=1&resize=525%2C300 1.5x, https:\/\/i0.wp.com\/www.entremundos.org\/revista\/wp-content\/uploads\/2023\/05\/000_16w772-1.jpg?fit=1200%2C799&ssl=1&resize=700%2C400 2x, https:\/\/i0.wp.com\/www.entremundos.org\/revista\/wp-content\/uploads\/2023\/05\/000_16w772-1.jpg?fit=1200%2C799&ssl=1&resize=1050%2C600 3x"},"classes":[]},{"id":11847,"url":"https:\/\/www.entremundos.org\/revista\/politica\/cuando-la-tierra-se-movio\/","url_meta":{"origin":11089,"position":4},"title":"Cuando la tierra se movi\u00f3","author":"EntreMundos","date":"26 marzo, 2024","format":false,"excerpt":"POR CECILIA REED Estaba profundamente dormida, unos minutos despu\u00e9s de la medianoche; cuando de repente, \u00a1mi cuerpo entr\u00f3 en modo de p\u00e1nico y me despert\u00e9! Mi cama se balanceaba vigorosamente de izquierda a derecha, y las paredes a mi alrededor se balanceaban en direcci\u00f3n opuesta a un ritmo similar. Nunca\u2026","rel":"","context":"En \u00abAccion Comunitaria\u00bb","block_context":{"text":"Accion Comunitaria","link":"https:\/\/www.entremundos.org\/revista\/category\/politica\/accion-comunitaria-3\/"},"img":{"alt_text":"","src":"https:\/\/i0.wp.com\/www.entremundos.org\/revista\/wp-content\/uploads\/2024\/03\/20240124_080747-scaled.jpg?fit=1200%2C900&ssl=1&resize=350%2C200","width":350,"height":200,"srcset":"https:\/\/i0.wp.com\/www.entremundos.org\/revista\/wp-content\/uploads\/2024\/03\/20240124_080747-scaled.jpg?fit=1200%2C900&ssl=1&resize=350%2C200 1x, https:\/\/i0.wp.com\/www.entremundos.org\/revista\/wp-content\/uploads\/2024\/03\/20240124_080747-scaled.jpg?fit=1200%2C900&ssl=1&resize=525%2C300 1.5x, https:\/\/i0.wp.com\/www.entremundos.org\/revista\/wp-content\/uploads\/2024\/03\/20240124_080747-scaled.jpg?fit=1200%2C900&ssl=1&resize=700%2C400 2x, https:\/\/i0.wp.com\/www.entremundos.org\/revista\/wp-content\/uploads\/2024\/03\/20240124_080747-scaled.jpg?fit=1200%2C900&ssl=1&resize=1050%2C600 3x"},"classes":[]},{"id":12859,"url":"https:\/\/www.entremundos.org\/revista\/politica\/mujeres-indigenas-y-rurales-en-defensa-del-territorio-frente-al-extractivismo-en-guatemala\/","url_meta":{"origin":11089,"position":5},"title":"Mujeres ind\u00edgenas y rurales en defensa del territorio frente al extractivismo en Guatemala","author":"EntreMundos","date":"21 mayo, 2025","format":false,"excerpt":"Por Asociadas Por lo Justo (JASS) Este es un resumen de un mapeo realizado por JASS, para compartir sus an\u00e1lisis, sus luchas y los impactos en sus vidas. El objetivo es contar las luchas por el territorio frente al extractivismo en Guatemala e identificar el papel y el impacto en\u2026","rel":"","context":"En \u00abFrontPage\u00bb","block_context":{"text":"FrontPage","link":"https:\/\/www.entremundos.org\/revista\/category\/frontpage\/"},"img":{"alt_text":"","src":"https:\/\/i0.wp.com\/www.entremundos.org\/revista\/wp-content\/uploads\/2025\/05\/2-scaled.png?fit=1200%2C843&ssl=1&resize=350%2C200","width":350,"height":200,"srcset":"https:\/\/i0.wp.com\/www.entremundos.org\/revista\/wp-content\/uploads\/2025\/05\/2-scaled.png?fit=1200%2C843&ssl=1&resize=350%2C200 1x, https:\/\/i0.wp.com\/www.entremundos.org\/revista\/wp-content\/uploads\/2025\/05\/2-scaled.png?fit=1200%2C843&ssl=1&resize=525%2C300 1.5x, https:\/\/i0.wp.com\/www.entremundos.org\/revista\/wp-content\/uploads\/2025\/05\/2-scaled.png?fit=1200%2C843&ssl=1&resize=700%2C400 2x, https:\/\/i0.wp.com\/www.entremundos.org\/revista\/wp-content\/uploads\/2025\/05\/2-scaled.png?fit=1200%2C843&ssl=1&resize=1050%2C600 3x"},"classes":[]}],"jetpack_sharing_enabled":true,"_links":{"self":[{"href":"https:\/\/www.entremundos.org\/revista\/wp-json\/wp\/v2\/posts\/11089","targetHints":{"allow":["GET"]}}],"collection":[{"href":"https:\/\/www.entremundos.org\/revista\/wp-json\/wp\/v2\/posts"}],"about":[{"href":"https:\/\/www.entremundos.org\/revista\/wp-json\/wp\/v2\/types\/post"}],"author":[{"embeddable":true,"href":"https:\/\/www.entremundos.org\/revista\/wp-json\/wp\/v2\/users\/1"}],"replies":[{"embeddable":true,"href":"https:\/\/www.entremundos.org\/revista\/wp-json\/wp\/v2\/comments?post=11089"}],"version-history":[{"count":1,"href":"https:\/\/www.entremundos.org\/revista\/wp-json\/wp\/v2\/posts\/11089\/revisions"}],"predecessor-version":[{"id":11090,"href":"https:\/\/www.entremundos.org\/revista\/wp-json\/wp\/v2\/posts\/11089\/revisions\/11090"}],"wp:featuredmedia":[{"embeddable":true,"href":"https:\/\/www.entremundos.org\/revista\/wp-json\/wp\/v2\/media\/11009"}],"wp:attachment":[{"href":"https:\/\/www.entremundos.org\/revista\/wp-json\/wp\/v2\/media?parent=11089"}],"wp:term":[{"taxonomy":"category","embeddable":true,"href":"https:\/\/www.entremundos.org\/revista\/wp-json\/wp\/v2\/categories?post=11089"},{"taxonomy":"post_tag","embeddable":true,"href":"https:\/\/www.entremundos.org\/revista\/wp-json\/wp\/v2\/tags?post=11089"}],"curies":[{"name":"wp","href":"https:\/\/api.w.org\/{rel}","templated":true}]}}