{"id":11093,"date":"2023-07-21T14:43:51","date_gmt":"2023-07-21T22:43:51","guid":{"rendered":"https:\/\/www.entremundos.org\/revista\/?p=11093"},"modified":"2023-07-21T14:43:51","modified_gmt":"2023-07-21T22:43:51","slug":"trabajo-infantil-o-explotacion-a-la-ninez-a-traves-del-trabajo","status":"publish","type":"post","link":"https:\/\/www.entremundos.org\/revista\/politica\/trabajo-infantil-o-explotacion-a-la-ninez-a-traves-del-trabajo\/","title":{"rendered":"\u00bfTrabajo infantil  o explotaci\u00f3n a la ni\u00f1ez a trav\u00e9s del trabajo?"},"content":{"rendered":"<p><span style=\"font-weight: 400;\">Edna Patricia Delgado Rojas\u00a0<\/span><\/p>\n<p><span style=\"font-weight: 400;\">El nombre \u201cTrabajo Infantil\u201d para referirse a la explotaci\u00f3n de las ni\u00f1as, ni\u00f1os y adolescentes a trav\u00e9s del trabajo, si bien es una terminolog\u00eda legalmente acu\u00f1ada, ha sido objetada por pueblos ind\u00edgenas debido a que, desde la cultura de estos, tanto en Guatemala como en otros pa\u00edses de latinoam\u00e9rica, la educaci\u00f3n de la ni\u00f1ez se basa en \u201caprender haciendo\u201d; por lo que desde su punto de vista no es conveniente satanizar el trabajo y vale revisar c\u00f3mo se emplea la terminolog\u00eda legal.\u00a0<\/span><\/p>\n<p><span style=\"font-weight: 400;\">Sobre el tema, la Organizaci\u00f3n Internacional del Trabajo (OIT) presenta la siguiente aclaraci\u00f3n: \u201cpr\u00e1cticamente, todos los ni\u00f1os, ni\u00f1as y adolescentes en el mundo entero llevan a cabo trabajos que son adecuados para su edad y para su grado de madurez.\u00a0 Estos trabajos, que la mayor\u00eda de veces son de ayuda familiar y por tanto no son remunerados, son leg\u00edtimos. Al realizarlos los ni\u00f1os aprenden a asumir responsabilidades, adquieren aptitudes, ayudan a sus familias, incrementan su bienestar y en ocasiones sus ingresos\u201d<\/span><span style=\"font-weight: 400;\">.\u00a0\u00a0<\/span><\/p>\n<p><span style=\"font-weight: 400;\">De esta cuenta, algunas organizaciones nacionales e internacionales realizan una diferencia entre el Trabajo Infantil educativo y el Trabajo Infantil riesgoso, entre ellas Save the Children (2015) propone que el primero es aquel que se desarrolla con fines educativos, no violenta alg\u00fan derecho de la ni\u00f1ez y adolescencia, se hacen bajo la supervisi\u00f3n de un adulto, son actividades ligeras que est\u00e1n de acuerdo a la edad (que no incluye edades muy tempranas), no se realizan en el marco de la producci\u00f3n, no son estresantes para ellas y ellos y no menoscaban su dignidad. Por otro lado, el trabajo infantil riesgoso, en cambio, es una forma de explotaci\u00f3n infantil que se realiza, especialmente, en el marco de la producci\u00f3n, frecuentemente sin supervisi\u00f3n de un adulto. Asimismo; violenta los derechos de las ni\u00f1as y ni\u00f1os como la salud o la educaci\u00f3n, no es acorde a la edad, muchas veces inicia a una edad temprana, es estresante, peligrosa y menoscaba la dignidad de ellas y ellos.<\/span><\/p>\n<p><span style=\"font-weight: 400;\">Por lo anterior, si bien en las poblaciones ind\u00edgenas puede ser bien visto que las ni\u00f1as y ni\u00f1os apoyen en el trabajo, es importante revisar las condiciones en que se desarrollan las labores que realizan cuidando que no crucen la l\u00ednea de la explotaci\u00f3n infantil a trav\u00e9s del trabajo u otra forma de violencia que pueda contravenir la ley como lo estipula el art\u00edculo 148 del c\u00f3digo de trabajo; que menciona varias prohibiciones sobre la ocupaci\u00f3n de menores\u00a0 de edad dentro del \u00e1mbito laboral.\u00a0 De ser as\u00ed el trabajo de las ni\u00f1as y ni\u00f1os se convierte en un hecho denunciable.<\/span><\/p>\n<p><span style=\"font-weight: 400;\">En Guatemala, pese a que el Estado ha ratificado una serie de convenios para la defensa de los derechos de la ni\u00f1ez y el combate a las condiciones de trabajo infantil desde hace m\u00e1s de 30 a\u00f1os, 396 mil 479 ni\u00f1as y ni\u00f1os entre 7 y 14 a\u00f1os se encontraban trabajando hasta el 2018, seg\u00fan la Encuesta Nacional de Empleo e Ingreso 2-2018. Esta cifra increment\u00f3 despu\u00e9s de la pandemia Covid 19 considerando que los niveles de pobreza empeoraron en el pa\u00eds como producto del desempleo de muchas familias.\u00a0 Por esta raz\u00f3n, las medidas que se tomen para combatir este flagelo deben ser integrales, es decir, para las ni\u00f1as, ni\u00f1os y sus familias.\u00a0\u00a0<\/span><\/p>\n<p><span style=\"font-weight: 400;\">Por \u00faltimo, conviene recordar que el 12 de junio no es para \u201ccelebrar\u201d el D\u00eda Internacional contra el Trabajo Infantil pues no hay nada que festejar, sino, m\u00e1s bien, reflexionar y replantear medidas para contrarrestarlo.<\/span><\/p>\n<p><b>Perfil:<\/b><\/p>\n<p><span style=\"font-weight: 400;\">Edna Patricia Delgado Rojas, Licenciada en Socioling\u00fc\u00edstica, maya Popti\u2019\/Jakalteka, consultora externa del Fondo de las Naciones para la Infancia en Guatemala.\u00a0 Con experiencia en temas de Protecci\u00f3n a la Ni\u00f1ez y Adolescencia, interculturalidad, pertinencia cultural y ling\u00fc\u00edstica en los proyectos de desarrollo. \u00a0 \u00a0<\/span><\/p>\n<p><a href=\"https:\/\/i0.wp.com\/www.entremundos.org\/revista\/wp-content\/uploads\/2023\/07\/diseno-sin-titulo-18-1.png?ssl=1\"><img data-recalc-dims=\"1\" loading=\"lazy\" decoding=\"async\" class=\"size-medium wp-image-11023 aligncenter\" src=\"https:\/\/i0.wp.com\/www.entremundos.org\/revista\/wp-content\/uploads\/2023\/07\/diseno-sin-titulo-18-1.png?resize=300%2C213&#038;ssl=1\" alt=\"\" width=\"300\" height=\"213\" srcset=\"https:\/\/i0.wp.com\/www.entremundos.org\/revista\/wp-content\/uploads\/2023\/07\/diseno-sin-titulo-18-1.png?resize=300%2C213&amp;ssl=1 300w, https:\/\/i0.wp.com\/www.entremundos.org\/revista\/wp-content\/uploads\/2023\/07\/diseno-sin-titulo-18-1.png?resize=1024%2C726&amp;ssl=1 1024w, https:\/\/i0.wp.com\/www.entremundos.org\/revista\/wp-content\/uploads\/2023\/07\/diseno-sin-titulo-18-1.png?resize=768%2C545&amp;ssl=1 768w, https:\/\/i0.wp.com\/www.entremundos.org\/revista\/wp-content\/uploads\/2023\/07\/diseno-sin-titulo-18-1.png?resize=1536%2C1090&amp;ssl=1 1536w, https:\/\/i0.wp.com\/www.entremundos.org\/revista\/wp-content\/uploads\/2023\/07\/diseno-sin-titulo-18-1.png?resize=335%2C238&amp;ssl=1 335w, https:\/\/i0.wp.com\/www.entremundos.org\/revista\/wp-content\/uploads\/2023\/07\/diseno-sin-titulo-18-1.png?resize=1050%2C745&amp;ssl=1 1050w, https:\/\/i0.wp.com\/www.entremundos.org\/revista\/wp-content\/uploads\/2023\/07\/diseno-sin-titulo-18-1.png?w=1748&amp;ssl=1 1748w, https:\/\/i0.wp.com\/www.entremundos.org\/revista\/wp-content\/uploads\/2023\/07\/diseno-sin-titulo-18-1.png?w=1280&amp;ssl=1 1280w\" sizes=\"auto, (max-width: 300px) 100vw, 300px\" \/>\u00a0<\/a><\/p>\n","protected":false},"excerpt":{"rendered":"<p>Edna Patricia Delgado Rojas\u00a0 El nombre \u201cTrabajo Infantil\u201d para referirse a la explotaci\u00f3n de las ni\u00f1as, ni\u00f1os y adolescentes a trav\u00e9s del trabajo, si bien es una terminolog\u00eda legalmente acu\u00f1ada, ha sido objetada por pueblos ind\u00edgenas debido a que, desde la cultura de estos, tanto en Guatemala como en otros pa\u00edses de latinoam\u00e9rica, la educaci\u00f3n [&hellip;]<\/p>\n","protected":false},"author":1,"featured_media":11017,"comment_status":"closed","ping_status":"closed","sticky":false,"template":"","format":"standard","meta":{"_exactmetrics_skip_tracking":false,"_exactmetrics_sitenote_active":false,"_exactmetrics_sitenote_note":"","_exactmetrics_sitenote_category":0,"jetpack_post_was_ever_published":false,"_jetpack_newsletter_access":"","_jetpack_dont_email_post_to_subs":false,"_jetpack_newsletter_tier_id":0,"_jetpack_memberships_contains_paywalled_content":false,"_jetpack_memberships_contains_paid_content":false,"footnotes":""},"categories":[378,1772],"tags":[],"class_list":["post-11093","post","type-post","status-publish","format-standard","has-post-thumbnail","hentry","category-politica","category-situacion-social"],"jetpack_featured_media_url":"https:\/\/i0.wp.com\/www.entremundos.org\/revista\/wp-content\/uploads\/2023\/07\/diseno-sin-titulo-1-1.png?fit=1748%2C1240&ssl=1","jetpack_shortlink":"https:\/\/wp.me\/p7ljt7-2SV","jetpack-related-posts":[{"id":13241,"url":"https:\/\/www.entremundos.org\/revista\/politica\/crimen-de-estado-primera-sentencia\/","url_meta":{"origin":11093,"position":0},"title":"Crimen De Estado: Primera Sentencia\u00a0","author":"EntreMundos","date":"17 septiembre, 2025","format":false,"excerpt":"Por Carolina Escobar Sarti Durante el gobierno de Jimmy Morales se cometi\u00f3 un crimen de Estado. Fue el 8 de marzo de 2017, cuando 56 ni\u00f1as y adolescentes fueron colocadas, por horas, en un aula de 7 x 6.8 metros donde no hab\u00eda ni siquiera un ba\u00f1o. Despu\u00e9s del desayuno\u2026","rel":"","context":"En \u00abFrontPage\u00bb","block_context":{"text":"FrontPage","link":"https:\/\/www.entremundos.org\/revista\/category\/frontpage\/"},"img":{"alt_text":"","src":"https:\/\/i0.wp.com\/www.entremundos.org\/revista\/wp-content\/uploads\/2025\/09\/img66.jpg?fit=960%2C1200&ssl=1&resize=350%2C200","width":350,"height":200,"srcset":"https:\/\/i0.wp.com\/www.entremundos.org\/revista\/wp-content\/uploads\/2025\/09\/img66.jpg?fit=960%2C1200&ssl=1&resize=350%2C200 1x, https:\/\/i0.wp.com\/www.entremundos.org\/revista\/wp-content\/uploads\/2025\/09\/img66.jpg?fit=960%2C1200&ssl=1&resize=525%2C300 1.5x, https:\/\/i0.wp.com\/www.entremundos.org\/revista\/wp-content\/uploads\/2025\/09\/img66.jpg?fit=960%2C1200&ssl=1&resize=700%2C400 2x"},"classes":[]},{"id":13644,"url":"https:\/\/www.entremundos.org\/revista\/politica\/fortaleciendo-la-comunidad-desde-dentro-un-nuevo-capitulo-para-caras-alegres\/","url_meta":{"origin":11093,"position":1},"title":"Fortaleciendo la comunidad desde dentro: Un nuevo cap\u00edtulo para Caras Alegres","author":"EntreMundos","date":"4 abril, 2026","format":false,"excerpt":"POR VER\u00d3NICA DI MAGGIO Caras Alegres reabri\u00f3 sus puertas con una renovada claridad y enfoque estrat\u00e9gico. Despu\u00e9s de meses dedicados a la evaluaci\u00f3n y planificaci\u00f3n, este 2026 inicia no simplemente como un nuevo a\u00f1o operativo, sino como una expansi\u00f3n estructurada de nuestro impacto comunitario. El a\u00f1o pasado demostr\u00f3 que el\u2026","rel":"","context":"En \u00abFrontPage\u00bb","block_context":{"text":"FrontPage","link":"https:\/\/www.entremundos.org\/revista\/category\/frontpage\/"},"img":{"alt_text":"","src":"https:\/\/i0.wp.com\/www.entremundos.org\/revista\/wp-content\/uploads\/2026\/03\/633353323_1320877706749036_6826896970194983908_n.jpg?fit=1200%2C963&ssl=1&resize=350%2C200","width":350,"height":200,"srcset":"https:\/\/i0.wp.com\/www.entremundos.org\/revista\/wp-content\/uploads\/2026\/03\/633353323_1320877706749036_6826896970194983908_n.jpg?fit=1200%2C963&ssl=1&resize=350%2C200 1x, https:\/\/i0.wp.com\/www.entremundos.org\/revista\/wp-content\/uploads\/2026\/03\/633353323_1320877706749036_6826896970194983908_n.jpg?fit=1200%2C963&ssl=1&resize=525%2C300 1.5x, https:\/\/i0.wp.com\/www.entremundos.org\/revista\/wp-content\/uploads\/2026\/03\/633353323_1320877706749036_6826896970194983908_n.jpg?fit=1200%2C963&ssl=1&resize=700%2C400 2x, https:\/\/i0.wp.com\/www.entremundos.org\/revista\/wp-content\/uploads\/2026\/03\/633353323_1320877706749036_6826896970194983908_n.jpg?fit=1200%2C963&ssl=1&resize=1050%2C600 3x"},"classes":[]},{"id":13246,"url":"https:\/\/www.entremundos.org\/revista\/politica\/el-mundo-no-es-como-lo-imaginamos\/","url_meta":{"origin":11093,"position":2},"title":"El mundo no es como lo imaginamos","author":"EntreMundos","date":"17 septiembre, 2025","format":false,"excerpt":"Por Juan Jos\u00e9 Hurtado Paz y Paz \"Ojal\u00e1 viviera en la teor\u00eda, porque en teor\u00eda todo est\u00e1 bien\" \u00a0Cita atribuida a Quino (Joaqu\u00edn Salvador Lavado Tej\u00f3n), en boca de su personaje Mafalda\u00a0 Vivimos en un mundo injusto, desigual, que excluye a las mayor\u00edas de oportunidades y posibilidades, y que niega\u2026","rel":"","context":"En \u00abFrontPage\u00bb","block_context":{"text":"FrontPage","link":"https:\/\/www.entremundos.org\/revista\/category\/frontpage\/"},"img":{"alt_text":"","src":"https:\/\/i0.wp.com\/www.entremundos.org\/revista\/wp-content\/uploads\/2025\/09\/img86.jpg?fit=1200%2C683&ssl=1&resize=350%2C200","width":350,"height":200,"srcset":"https:\/\/i0.wp.com\/www.entremundos.org\/revista\/wp-content\/uploads\/2025\/09\/img86.jpg?fit=1200%2C683&ssl=1&resize=350%2C200 1x, https:\/\/i0.wp.com\/www.entremundos.org\/revista\/wp-content\/uploads\/2025\/09\/img86.jpg?fit=1200%2C683&ssl=1&resize=525%2C300 1.5x, https:\/\/i0.wp.com\/www.entremundos.org\/revista\/wp-content\/uploads\/2025\/09\/img86.jpg?fit=1200%2C683&ssl=1&resize=700%2C400 2x, https:\/\/i0.wp.com\/www.entremundos.org\/revista\/wp-content\/uploads\/2025\/09\/img86.jpg?fit=1200%2C683&ssl=1&resize=1050%2C600 3x"},"classes":[]},{"id":13250,"url":"https:\/\/www.entremundos.org\/revista\/politica\/pymes-migracion-y-el-reto-de-la-informalidad-en-guatemala-una-economia-que-resiste-desde-abajo\/","url_meta":{"origin":11093,"position":3},"title":"PYMES, migraci\u00f3n y el reto de la informalidad en Guatemala: Una econom\u00eda que resiste desde abajo","author":"EntreMundos","date":"17 septiembre, 2025","format":false,"excerpt":"Por Alexander Castillo Este art\u00edculo analiza el papel crucial que juegan las Peque\u00f1as y Medianas Empresas (PYMES) y la migraci\u00f3n en la econom\u00eda guatemalteca. Con base en datos actuales, se resalta que m\u00e1s del 90\u202f% de las empresas del pa\u00eds son peque\u00f1as o medianas, y que las remesas representan cerca\u2026","rel":"","context":"En \u00abFrontPage\u00bb","block_context":{"text":"FrontPage","link":"https:\/\/www.entremundos.org\/revista\/category\/frontpage\/"},"img":{"alt_text":"","src":"","width":0,"height":0},"classes":[]},{"id":12734,"url":"https:\/\/www.entremundos.org\/revista\/politica\/deportacion-desinformacion-y-desafio-el-impacto-global-de-la-agenda-migratoria-de-trump\/","url_meta":{"origin":11093,"position":4},"title":"Deportaci\u00f3n, desinformaci\u00f3n y desaf\u00edo: El impacto global de la agenda migratoria de Trump","author":"EntreMundos","date":"17 marzo, 2025","format":false,"excerpt":"POR PATRICIA SCHWARTZ Unas 60 personas se sientan en un c\u00edrculo de sillas plegables un jueves por la noche en Tucson, Arizona, una ciudad estadounidense a una hora de la frontera con M\u00e9xico. La reuni\u00f3n semanal de la Coalici\u00f3n de Derechos Humanos se lleva a cabo en gran parte, en\u2026","rel":"","context":"En \u00abFrontPage\u00bb","block_context":{"text":"FrontPage","link":"https:\/\/www.entremundos.org\/revista\/category\/frontpage\/"},"img":{"alt_text":"","src":"https:\/\/i0.wp.com\/www.entremundos.org\/revista\/wp-content\/uploads\/2025\/03\/475088469_3067398756762538_3045668992826805668_n.jpg?fit=1100%2C666&ssl=1&resize=350%2C200","width":350,"height":200,"srcset":"https:\/\/i0.wp.com\/www.entremundos.org\/revista\/wp-content\/uploads\/2025\/03\/475088469_3067398756762538_3045668992826805668_n.jpg?fit=1100%2C666&ssl=1&resize=350%2C200 1x, https:\/\/i0.wp.com\/www.entremundos.org\/revista\/wp-content\/uploads\/2025\/03\/475088469_3067398756762538_3045668992826805668_n.jpg?fit=1100%2C666&ssl=1&resize=525%2C300 1.5x, https:\/\/i0.wp.com\/www.entremundos.org\/revista\/wp-content\/uploads\/2025\/03\/475088469_3067398756762538_3045668992826805668_n.jpg?fit=1100%2C666&ssl=1&resize=700%2C400 2x, https:\/\/i0.wp.com\/www.entremundos.org\/revista\/wp-content\/uploads\/2025\/03\/475088469_3067398756762538_3045668992826805668_n.jpg?fit=1100%2C666&ssl=1&resize=1050%2C600 3x"},"classes":[]},{"id":12622,"url":"https:\/\/www.entremundos.org\/revista\/politica\/presupuesto-nacional-procesos-y-elementos-importantes\/","url_meta":{"origin":11093,"position":5},"title":"Presupuesto nacional; Procesos y elementos importantes","author":"EntreMundos","date":"16 enero, 2025","format":false,"excerpt":"POR YESSICA PASTOR El siguiente es un extracto de una de las conversaciones sostenidas dentro de la serie de encuentros virtuales sobre incidencia pol\u00edtica del Directorio Guatemala. A continuaci\u00f3n, la intervenci\u00f3n de Ricardo Barrientos, director ejecutivo del Instituto Centroamericano de Estudios Fiscales (ICEFI). \u00bfQu\u00e9 factores pol\u00edticos considera que influyeron en\u2026","rel":"","context":"En \u00abPol\u00edtica\u00bb","block_context":{"text":"Pol\u00edtica","link":"https:\/\/www.entremundos.org\/revista\/category\/politica\/"},"img":{"alt_text":"","src":"https:\/\/i0.wp.com\/www.entremundos.org\/revista\/wp-content\/uploads\/2025\/01\/minifi.jpg?fit=1200%2C900&ssl=1&resize=350%2C200","width":350,"height":200,"srcset":"https:\/\/i0.wp.com\/www.entremundos.org\/revista\/wp-content\/uploads\/2025\/01\/minifi.jpg?fit=1200%2C900&ssl=1&resize=350%2C200 1x, https:\/\/i0.wp.com\/www.entremundos.org\/revista\/wp-content\/uploads\/2025\/01\/minifi.jpg?fit=1200%2C900&ssl=1&resize=525%2C300 1.5x, https:\/\/i0.wp.com\/www.entremundos.org\/revista\/wp-content\/uploads\/2025\/01\/minifi.jpg?fit=1200%2C900&ssl=1&resize=700%2C400 2x, https:\/\/i0.wp.com\/www.entremundos.org\/revista\/wp-content\/uploads\/2025\/01\/minifi.jpg?fit=1200%2C900&ssl=1&resize=1050%2C600 3x"},"classes":[]}],"jetpack_sharing_enabled":true,"_links":{"self":[{"href":"https:\/\/www.entremundos.org\/revista\/wp-json\/wp\/v2\/posts\/11093","targetHints":{"allow":["GET"]}}],"collection":[{"href":"https:\/\/www.entremundos.org\/revista\/wp-json\/wp\/v2\/posts"}],"about":[{"href":"https:\/\/www.entremundos.org\/revista\/wp-json\/wp\/v2\/types\/post"}],"author":[{"embeddable":true,"href":"https:\/\/www.entremundos.org\/revista\/wp-json\/wp\/v2\/users\/1"}],"replies":[{"embeddable":true,"href":"https:\/\/www.entremundos.org\/revista\/wp-json\/wp\/v2\/comments?post=11093"}],"version-history":[{"count":1,"href":"https:\/\/www.entremundos.org\/revista\/wp-json\/wp\/v2\/posts\/11093\/revisions"}],"predecessor-version":[{"id":11094,"href":"https:\/\/www.entremundos.org\/revista\/wp-json\/wp\/v2\/posts\/11093\/revisions\/11094"}],"wp:featuredmedia":[{"embeddable":true,"href":"https:\/\/www.entremundos.org\/revista\/wp-json\/wp\/v2\/media\/11017"}],"wp:attachment":[{"href":"https:\/\/www.entremundos.org\/revista\/wp-json\/wp\/v2\/media?parent=11093"}],"wp:term":[{"taxonomy":"category","embeddable":true,"href":"https:\/\/www.entremundos.org\/revista\/wp-json\/wp\/v2\/categories?post=11093"},{"taxonomy":"post_tag","embeddable":true,"href":"https:\/\/www.entremundos.org\/revista\/wp-json\/wp\/v2\/tags?post=11093"}],"curies":[{"name":"wp","href":"https:\/\/api.w.org\/{rel}","templated":true}]}}