{"id":11124,"date":"2023-09-04T09:49:39","date_gmt":"2023-09-04T17:49:39","guid":{"rendered":"https:\/\/www.entremundos.org\/revista\/?p=11124"},"modified":"2024-01-22T10:09:38","modified_gmt":"2024-01-22T18:09:38","slug":"el-enredo-burocratico-de-la-justicia-guatemalteca","status":"publish","type":"post","link":"https:\/\/www.entremundos.org\/revista\/politica\/el-enredo-burocratico-de-la-justicia-guatemalteca\/","title":{"rendered":"El enredo burocr\u00e1tico de la justicia guatemalteca"},"content":{"rendered":"<p><span style=\"font-weight: 400;\">Por Irmalicia Vel\u00e1squez Nimatuj<\/span><\/p>\n<p><span style=\"font-weight: 400;\">El mundo est\u00e1 siendo testigo de lo que analistas y expertos han denominado, dentro y fuera del pa\u00eds, como el proceso de instaurar una \u201cdictadura judicial\u201d que las \u00e9lites corruptas, locales y nacionales, est\u00e1n imponiendo a fuerza y terror en Guatemala, y que busca enmara\u00f1ar el camino pol\u00edtico usando el sistema de justicia para bloquear y reiniciar a todas las instituciones del Estado e impedir as\u00ed, el funcionamiento de la naci\u00f3n para que el agonizante estado de derecho termine de expirar.<\/span><\/p>\n<p><span style=\"font-weight: 400;\">Pero \u00bfpor qu\u00e9 el pacto de corruptos sigue usando y lubricando el camino de la persecuci\u00f3n judicial, aun despu\u00e9s de que las y los votantes derrotaron y humillaron a su ungida en las urnas el pasado 20 de agosto?\u00a0\u00a0<\/span><\/p>\n<p><span style=\"font-weight: 400;\">En parte porque el pacto de corruptos finalmente, ahora s\u00ed, le teme a las fuerzas nacionales que de diversos or\u00edgenes y posiciones les han dicho \u00a1basta! usando \u00fanicamente su voto, para detener el actuar delincuencial, cuyo principal efecto se materializa en los perversos y vergonzosos niveles de corrupci\u00f3n nacional, regional y municipal, que tienen convertido a un pa\u00eds rico en el segundo pa\u00eds m\u00e1s pobre de Am\u00e9rica Latina.\u00a0<\/span><\/p>\n<p><span style=\"font-weight: 400;\">En la reciente elecci\u00f3n, la poblaci\u00f3n les ha demostrado que no son una masa inerte incapaz de diferenciar entre una mujer, Sandra Torres, que ha vivido de ejercer la pol\u00edtica al m\u00e1s bajo nivel negociando con los sectores oscurantistas, conservadores y corruptos, ofreci\u00e9ndoles cuidar no solo sus intereses econ\u00f3micos sino tambi\u00e9n ideol\u00f3gicos, frente a una propuesta pol\u00edtica que se ha nutrido de los diferentes movimientos sociales que han surgido y se han ido fortaleciendo a partir de la firma de la paz en 1996 y que ahora es representado por un profesional, Bernardo Ar\u00e9valo, que conoce el Estado y que est\u00e1 consciente que su elecci\u00f3n como Presidente es una responsabilidad hist\u00f3rica porque es un punto de quiebre dado que implica rescatar al Estado de las garras de las inhumanas mafias que tomaron a la naci\u00f3n y\u00a0 sus territorios para operar con libertad e impunidad y que buscan convertirlo en un Estado autoritario que pretende extenderse hasta el fin del siglo XXI.<\/span><\/p>\n<p><b>El silencio ya no es opci\u00f3n<\/b><\/p>\n<p><span style=\"font-weight: 400;\">Frente a este enredo judicial creado por ellos mismos, la respuesta del mundo es importante, porque siendo testigos de permanentes golpes t\u00e9cnicos que no cesan y aun as\u00ed no act\u00faan, est\u00e1n convirti\u00e9ndose en c\u00f3mplices de que se ejecuten las pr\u00f3ximas acciones que, para acallar a cualquiera que levante la voz, ser\u00e1n m\u00e1s violentas e inimaginadas.\u00a0 Por eso, el silencio de las voces diversas, individuales e institucionales, as\u00ed como sus acciones son claves para el futuro de la regi\u00f3n centroamericana, porque la batalla para que no muera la d\u00e9bil democracia se disputa ahora en Guatemala.\u00a0<\/span><\/p>\n<p><span style=\"font-weight: 400;\">Hoy, pareciera que las acciones que se ejercen en el marco de la legalidad de las y los ciudadanos guatemaltecos no son suficientes para detener a quienes buscan imponer su voluntad a trav\u00e9s de un r\u00e9gimen de imparables detenciones y presi\u00f3n hacia el exilio.\u00a0\u00a0\u00a0<\/span><\/p>\n<p><span style=\"font-weight: 400;\">La vida en Guatemala se torna en un hilo demasiado fr\u00e1gil y endeble solamente fortalecida por la acci\u00f3n colectiva de m\u00e1s de dos millones\u00a0 cuatrocientos mil mujeres y hombres que, el 20 de agosto pasado, cansados de tanta ignominia de sus consejos municipales, diputados departamentales y del presidente de la rep\u00fablica, hartos de ver que la corrupci\u00f3n les gana la carrera en cualquier oficina p\u00fablica, hastiados de tener que ver partir a sus seres amados para poder garantizar que tendr\u00e1n los medios b\u00e1sicos para sobrevivir, mientras las elites viejas y nuevas no hacen sino disfrutar de las mieles del poder, terminaron levant\u00e1ndose y usando su derecho al voto para coincidir silenciosamente y darle su respaldo al partido Semilla, sabiendo que era la mejor propuesta que en m\u00e1s de cincuenta a\u00f1os ha tenido el pa\u00eds.\u00a0\u00a0<\/span><\/p>\n<p><span style=\"font-weight: 400;\">Por eso, el hecho de saber que se materializa la demanda de que \u201cel pueblo unido jam\u00e1s ser\u00e1 vencido\u201d es una esperanza que en el fondo no debemos dejar morir, a pesar, del imparable clima de persecuci\u00f3n pol\u00edtica y judicial en que amanece cada ma\u00f1ana nuestra amada Guatemala. <a href=\"https:\/\/i0.wp.com\/www.entremundos.org\/revista\/wp-content\/uploads\/2023\/09\/portada.-foto-de-prensa-comunitaria-5.jpeg?ssl=1\"><img data-recalc-dims=\"1\" loading=\"lazy\" decoding=\"async\" class=\"size-medium wp-image-11168 aligncenter\" src=\"https:\/\/i0.wp.com\/www.entremundos.org\/revista\/wp-content\/uploads\/2023\/09\/portada.-foto-de-prensa-comunitaria-5.jpeg?resize=300%2C225&#038;ssl=1\" alt=\"\" width=\"300\" height=\"225\" srcset=\"https:\/\/i0.wp.com\/www.entremundos.org\/revista\/wp-content\/uploads\/2023\/09\/portada.-foto-de-prensa-comunitaria-5.jpeg?resize=300%2C225&amp;ssl=1 300w, https:\/\/i0.wp.com\/www.entremundos.org\/revista\/wp-content\/uploads\/2023\/09\/portada.-foto-de-prensa-comunitaria-5.jpeg?resize=1024%2C768&amp;ssl=1 1024w, https:\/\/i0.wp.com\/www.entremundos.org\/revista\/wp-content\/uploads\/2023\/09\/portada.-foto-de-prensa-comunitaria-5.jpeg?resize=768%2C576&amp;ssl=1 768w, https:\/\/i0.wp.com\/www.entremundos.org\/revista\/wp-content\/uploads\/2023\/09\/portada.-foto-de-prensa-comunitaria-5.jpeg?resize=72%2C54&amp;ssl=1 72w, https:\/\/i0.wp.com\/www.entremundos.org\/revista\/wp-content\/uploads\/2023\/09\/portada.-foto-de-prensa-comunitaria-5.jpeg?resize=335%2C251&amp;ssl=1 335w, https:\/\/i0.wp.com\/www.entremundos.org\/revista\/wp-content\/uploads\/2023\/09\/portada.-foto-de-prensa-comunitaria-5.jpeg?resize=1050%2C788&amp;ssl=1 1050w, https:\/\/i0.wp.com\/www.entremundos.org\/revista\/wp-content\/uploads\/2023\/09\/portada.-foto-de-prensa-comunitaria-5.jpeg?w=1280&amp;ssl=1 1280w\" sizes=\"auto, (max-width: 300px) 100vw, 300px\" \/><\/a> <\/span><\/p>\n<p>&nbsp;<\/p>\n","protected":false},"excerpt":{"rendered":"<p>Por Irmalicia Vel\u00e1squez Nimatuj El mundo est\u00e1 siendo testigo de lo que analistas y expertos han denominado, dentro y fuera del pa\u00eds, como el proceso de instaurar una \u201cdictadura judicial\u201d que las \u00e9lites corruptas, locales y nacionales, est\u00e1n imponiendo a fuerza y terror en Guatemala, y que busca enmara\u00f1ar el camino pol\u00edtico usando el sistema [&hellip;]<\/p>\n","protected":false},"author":1,"featured_media":11162,"comment_status":"closed","ping_status":"closed","sticky":false,"template":"","format":"standard","meta":{"_exactmetrics_skip_tracking":false,"_exactmetrics_sitenote_active":false,"_exactmetrics_sitenote_note":"","_exactmetrics_sitenote_category":0,"jetpack_post_was_ever_published":false,"_jetpack_newsletter_access":"","_jetpack_dont_email_post_to_subs":false,"_jetpack_newsletter_tier_id":0,"_jetpack_memberships_contains_paywalled_content":false,"_jetpack_memberships_contains_paid_content":false,"footnotes":""},"categories":[452,386,378,1772],"tags":[4389,813,3715,3716,3710,4387,1932,935,1089,4161,4388,486],"class_list":["post-11124","post","type-post","status-publish","format-standard","has-post-thumbnail","hentry","category-frontpage","category-mujer","category-politica","category-situacion-social","tag-cambio-de-gobierno","tag-corrupcion","tag-corrupcion-en-el-congreso-de-guatemala","tag-corrupcion-en-el-mp-de-guetemala","tag-corrupcion-en-guatemala","tag-corruptos","tag-derechos-humanos-guatemala","tag-elecciones","tag-gobierno","tag-justicia-en-guatemala","tag-ministerio-publico","tag-pobreza"],"jetpack_featured_media_url":"https:\/\/i0.wp.com\/www.entremundos.org\/revista\/wp-content\/uploads\/2023\/09\/iqxdhc8q-1.jpg?fit=680%2C452&ssl=1","jetpack_shortlink":"https:\/\/wp.me\/p7ljt7-2Tq","jetpack-related-posts":[{"id":12734,"url":"https:\/\/www.entremundos.org\/revista\/politica\/deportacion-desinformacion-y-desafio-el-impacto-global-de-la-agenda-migratoria-de-trump\/","url_meta":{"origin":11124,"position":0},"title":"Deportaci\u00f3n, desinformaci\u00f3n y desaf\u00edo: El impacto global de la agenda migratoria de Trump","author":"EntreMundos","date":"17 marzo, 2025","format":false,"excerpt":"POR PATRICIA SCHWARTZ Unas 60 personas se sientan en un c\u00edrculo de sillas plegables un jueves por la noche en Tucson, Arizona, una ciudad estadounidense a una hora de la frontera con M\u00e9xico. La reuni\u00f3n semanal de la Coalici\u00f3n de Derechos Humanos se lleva a cabo en gran parte, en\u2026","rel":"","context":"En \u00abFrontPage\u00bb","block_context":{"text":"FrontPage","link":"https:\/\/www.entremundos.org\/revista\/category\/frontpage\/"},"img":{"alt_text":"","src":"https:\/\/i0.wp.com\/www.entremundos.org\/revista\/wp-content\/uploads\/2025\/03\/475088469_3067398756762538_3045668992826805668_n.jpg?fit=1100%2C666&ssl=1&resize=350%2C200","width":350,"height":200,"srcset":"https:\/\/i0.wp.com\/www.entremundos.org\/revista\/wp-content\/uploads\/2025\/03\/475088469_3067398756762538_3045668992826805668_n.jpg?fit=1100%2C666&ssl=1&resize=350%2C200 1x, https:\/\/i0.wp.com\/www.entremundos.org\/revista\/wp-content\/uploads\/2025\/03\/475088469_3067398756762538_3045668992826805668_n.jpg?fit=1100%2C666&ssl=1&resize=525%2C300 1.5x, https:\/\/i0.wp.com\/www.entremundos.org\/revista\/wp-content\/uploads\/2025\/03\/475088469_3067398756762538_3045668992826805668_n.jpg?fit=1100%2C666&ssl=1&resize=700%2C400 2x, https:\/\/i0.wp.com\/www.entremundos.org\/revista\/wp-content\/uploads\/2025\/03\/475088469_3067398756762538_3045668992826805668_n.jpg?fit=1100%2C666&ssl=1&resize=1050%2C600 3x"},"classes":[]},{"id":10580,"url":"https:\/\/www.entremundos.org\/revista\/politica\/desalojos-aumentan-durante-el-gobierno-de-alejandro-giammattei\/","url_meta":{"origin":11124,"position":1},"title":"Desalojos aumentan durante el gobierno de Alejandro Giammattei","author":"EntreMundos","date":"8 marzo, 2023","format":false,"excerpt":"Por Gilberto Escobar\u00a0 En Guatemala, durante los \u00faltimos a\u00f1os, los desalojos han ido en aumento y se han dado en dos modalidades: los desalojos legales que tienen una orden judicial y los extrajudiciales, los que\u00a0 no van acompa\u00f1ados de ninguna orden de un juez y que ocurren\u00a0 en horas de\u2026","rel":"","context":"En \u00abBosques\u00bb","block_context":{"text":"Bosques","link":"https:\/\/www.entremundos.org\/revista\/category\/medio-ambiente\/bosques\/"},"img":{"alt_text":"","src":"https:\/\/i0.wp.com\/www.entremundos.org\/revista\/wp-content\/uploads\/2023\/03\/portada.jpg?fit=1024%2C768&ssl=1&resize=350%2C200","width":350,"height":200,"srcset":"https:\/\/i0.wp.com\/www.entremundos.org\/revista\/wp-content\/uploads\/2023\/03\/portada.jpg?fit=1024%2C768&ssl=1&resize=350%2C200 1x, https:\/\/i0.wp.com\/www.entremundos.org\/revista\/wp-content\/uploads\/2023\/03\/portada.jpg?fit=1024%2C768&ssl=1&resize=525%2C300 1.5x, https:\/\/i0.wp.com\/www.entremundos.org\/revista\/wp-content\/uploads\/2023\/03\/portada.jpg?fit=1024%2C768&ssl=1&resize=700%2C400 2x"},"classes":[]},{"id":11407,"url":"https:\/\/www.entremundos.org\/revista\/politica\/del-papel-a-la-pantalla\/","url_meta":{"origin":11124,"position":2},"title":"Del papel a la pantalla","author":"EntreMundos","date":"10 noviembre, 2023","format":false,"excerpt":"POR EMMA G\u00d3MEZ Dos pa\u00edses golpeados por la corrupci\u00f3n, violaci\u00f3n de los derechos humanos, injusticias, persecuciones y despojos, por mencionar algunos de los males que tienen en com\u00fan Guatemala y El Salvador. El proyecto, Del Papel a la Pantalla, presenta dos propuestas visuales para reflexionar sobre la educaci\u00f3n sexual y\u2026","rel":"","context":"En \u00abAccion Comunitaria\u00bb","block_context":{"text":"Accion Comunitaria","link":"https:\/\/www.entremundos.org\/revista\/category\/politica\/accion-comunitaria-3\/"},"img":{"alt_text":"","src":"https:\/\/i0.wp.com\/www.entremundos.org\/revista\/wp-content\/uploads\/2023\/11\/whatsapp-image-2023-10-23-at-9.54.45-am-2.jpeg?fit=1200%2C800&ssl=1&resize=350%2C200","width":350,"height":200,"srcset":"https:\/\/i0.wp.com\/www.entremundos.org\/revista\/wp-content\/uploads\/2023\/11\/whatsapp-image-2023-10-23-at-9.54.45-am-2.jpeg?fit=1200%2C800&ssl=1&resize=350%2C200 1x, https:\/\/i0.wp.com\/www.entremundos.org\/revista\/wp-content\/uploads\/2023\/11\/whatsapp-image-2023-10-23-at-9.54.45-am-2.jpeg?fit=1200%2C800&ssl=1&resize=525%2C300 1.5x, https:\/\/i0.wp.com\/www.entremundos.org\/revista\/wp-content\/uploads\/2023\/11\/whatsapp-image-2023-10-23-at-9.54.45-am-2.jpeg?fit=1200%2C800&ssl=1&resize=700%2C400 2x, https:\/\/i0.wp.com\/www.entremundos.org\/revista\/wp-content\/uploads\/2023\/11\/whatsapp-image-2023-10-23-at-9.54.45-am-2.jpeg?fit=1200%2C800&ssl=1&resize=1050%2C600 3x"},"classes":[]},{"id":13241,"url":"https:\/\/www.entremundos.org\/revista\/politica\/crimen-de-estado-primera-sentencia\/","url_meta":{"origin":11124,"position":3},"title":"Crimen De Estado: Primera Sentencia\u00a0","author":"EntreMundos","date":"17 septiembre, 2025","format":false,"excerpt":"Por Carolina Escobar Sarti Durante el gobierno de Jimmy Morales se cometi\u00f3 un crimen de Estado. Fue el 8 de marzo de 2017, cuando 56 ni\u00f1as y adolescentes fueron colocadas, por horas, en un aula de 7 x 6.8 metros donde no hab\u00eda ni siquiera un ba\u00f1o. Despu\u00e9s del desayuno\u2026","rel":"","context":"En \u00abFrontPage\u00bb","block_context":{"text":"FrontPage","link":"https:\/\/www.entremundos.org\/revista\/category\/frontpage\/"},"img":{"alt_text":"","src":"https:\/\/i0.wp.com\/www.entremundos.org\/revista\/wp-content\/uploads\/2025\/09\/img66.jpg?fit=960%2C1200&ssl=1&resize=350%2C200","width":350,"height":200,"srcset":"https:\/\/i0.wp.com\/www.entremundos.org\/revista\/wp-content\/uploads\/2025\/09\/img66.jpg?fit=960%2C1200&ssl=1&resize=350%2C200 1x, https:\/\/i0.wp.com\/www.entremundos.org\/revista\/wp-content\/uploads\/2025\/09\/img66.jpg?fit=960%2C1200&ssl=1&resize=525%2C300 1.5x, https:\/\/i0.wp.com\/www.entremundos.org\/revista\/wp-content\/uploads\/2025\/09\/img66.jpg?fit=960%2C1200&ssl=1&resize=700%2C400 2x"},"classes":[]},{"id":12488,"url":"https:\/\/www.entremundos.org\/revista\/politica\/de-la-lucha-a-la-agricultura-en-las-montanas-de-guatemala\/","url_meta":{"origin":11124,"position":4},"title":"De la lucha a la agricultura en las monta\u00f1as de Guatemala","author":"EntreMundos","date":"13 noviembre, 2024","format":false,"excerpt":"POR JONATHAN LOTT A la sombra de las monta\u00f1as selv\u00e1ticas de Guatemala, anta\u00f1o cargadas del espectro del conflicto, el olor del caf\u00e9 flota en el aire. Una generaci\u00f3n despu\u00e9s del hist\u00f3rico acuerdo de paz que puso fin a la guerra civil guatemalteca (1960-1996), decenas de exguerrilleros trabajan ahora la tierra\u2026","rel":"","context":"En \u00abFrontPage\u00bb","block_context":{"text":"FrontPage","link":"https:\/\/www.entremundos.org\/revista\/category\/frontpage\/"},"img":{"alt_text":"","src":"https:\/\/i0.wp.com\/www.entremundos.org\/revista\/wp-content\/uploads\/2024\/11\/anita2-e1731543808410.jpg?fit=910%2C671&ssl=1&resize=350%2C200","width":350,"height":200,"srcset":"https:\/\/i0.wp.com\/www.entremundos.org\/revista\/wp-content\/uploads\/2024\/11\/anita2-e1731543808410.jpg?fit=910%2C671&ssl=1&resize=350%2C200 1x, https:\/\/i0.wp.com\/www.entremundos.org\/revista\/wp-content\/uploads\/2024\/11\/anita2-e1731543808410.jpg?fit=910%2C671&ssl=1&resize=525%2C300 1.5x, https:\/\/i0.wp.com\/www.entremundos.org\/revista\/wp-content\/uploads\/2024\/11\/anita2-e1731543808410.jpg?fit=910%2C671&ssl=1&resize=700%2C400 2x"},"classes":[]},{"id":13649,"url":"https:\/\/www.entremundos.org\/revista\/politica\/la-urgencia-de-comprender-la-historia-y-sus-lecciones\/","url_meta":{"origin":11124,"position":5},"title":"La urgencia de comprender la historia y sus lecciones","author":"EntreMundos","date":"4 abril, 2026","format":false,"excerpt":"POR JUAN JOS\u00c9 HURTADO PAZ En los \u00faltimos meses se escuchan voces que defienden la intervenci\u00f3n imperialista yanqui contra Venezuela con el argumento aparentemente simple y moralizante: hab\u00eda una dictadura y deb\u00eda ser removida. Bajo esta narrativa, la intervenci\u00f3n externa se presenta como una acci\u00f3n necesaria, casi humanitaria, destinada a\u2026","rel":"","context":"En \u00abFrontPage\u00bb","block_context":{"text":"FrontPage","link":"https:\/\/www.entremundos.org\/revista\/category\/frontpage\/"},"img":{"alt_text":"","src":"","width":0,"height":0},"classes":[]}],"jetpack_sharing_enabled":true,"_links":{"self":[{"href":"https:\/\/www.entremundos.org\/revista\/wp-json\/wp\/v2\/posts\/11124","targetHints":{"allow":["GET"]}}],"collection":[{"href":"https:\/\/www.entremundos.org\/revista\/wp-json\/wp\/v2\/posts"}],"about":[{"href":"https:\/\/www.entremundos.org\/revista\/wp-json\/wp\/v2\/types\/post"}],"author":[{"embeddable":true,"href":"https:\/\/www.entremundos.org\/revista\/wp-json\/wp\/v2\/users\/1"}],"replies":[{"embeddable":true,"href":"https:\/\/www.entremundos.org\/revista\/wp-json\/wp\/v2\/comments?post=11124"}],"version-history":[{"count":1,"href":"https:\/\/www.entremundos.org\/revista\/wp-json\/wp\/v2\/posts\/11124\/revisions"}],"predecessor-version":[{"id":11178,"href":"https:\/\/www.entremundos.org\/revista\/wp-json\/wp\/v2\/posts\/11124\/revisions\/11178"}],"wp:featuredmedia":[{"embeddable":true,"href":"https:\/\/www.entremundos.org\/revista\/wp-json\/wp\/v2\/media\/11162"}],"wp:attachment":[{"href":"https:\/\/www.entremundos.org\/revista\/wp-json\/wp\/v2\/media?parent=11124"}],"wp:term":[{"taxonomy":"category","embeddable":true,"href":"https:\/\/www.entremundos.org\/revista\/wp-json\/wp\/v2\/categories?post=11124"},{"taxonomy":"post_tag","embeddable":true,"href":"https:\/\/www.entremundos.org\/revista\/wp-json\/wp\/v2\/tags?post=11124"}],"curies":[{"name":"wp","href":"https:\/\/api.w.org\/{rel}","templated":true}]}}