{"id":11126,"date":"2023-09-04T10:49:09","date_gmt":"2023-09-04T18:49:09","guid":{"rendered":"https:\/\/www.entremundos.org\/revista\/?p=11126"},"modified":"2024-09-18T15:41:16","modified_gmt":"2024-09-18T23:41:16","slug":"podcast-radio-entremundos-edicion-13","status":"publish","type":"post","link":"https:\/\/www.entremundos.org\/revista\/multimedia\/podcast-radio-entremundos-edicion-13\/","title":{"rendered":"Podcast: Radio EntreMundos Edici\u00f3n 13"},"content":{"rendered":"<audio class=\"wp-audio-shortcode\" id=\"audio-11126-1\" preload=\"none\" style=\"width: 100%;\" controls=\"controls\"><source type=\"audio\/mpeg\" src=\"https:\/\/archive.org\/download\/radio-entremundos-13-edicion\/radio-entremundos-13-edicion-001.mp3?_=1\" \/><a href=\"https:\/\/archive.org\/download\/radio-entremundos-13-edicion\/radio-entremundos-13-edicion-001.mp3\">https:\/\/archive.org\/download\/radio-entremundos-13-edicion\/radio-entremundos-13-edicion-001.mp3<\/a><\/audio>\n<br \/>\nDesde Quetzaltenango, Guatemala, saludos a todos y todas y bienvenidos a Radio EntreMundos.\u00a0 Les presentamos una edici\u00f3n m\u00e1s del podcast donde hablamos con personajes que han logrado destacar. Adem\u00e1s, les platicaremos sobre un proyecto tur\u00edstico\u00a0 que se dedica a la conservaci\u00f3n de especies en peligro de extinci\u00f3n tanto de flora y fauna, y aviturismo, en la comunidad de Sibinal San Marcos.\u00a0<\/span><span style=\"font-weight: 400;\">Para iniciar nuestro programa, vamos con el primer segmento.\u00a0<\/span><span style=\"font-weight: 400;\">Escuchemos lo m\u00e1s destacado de la vida de la guatemalteca Edna Marly Figueroa Cuc, de 24 a\u00f1os de edad y originaria de Cob\u00e1n, Alta Verapaz.\u00a0<\/span><span style=\"font-weight: 400;\">Este a\u00f1o obtuvo el t\u00edtulo de Se\u00f1orita Ind\u00edgena de Am\u00e9rica Abya Yala 2023, en el certamen Intercultural celebrado en la Ciudad de Panam\u00e1.\u00a0 <\/span><span style=\"font-weight: 400;\">Edna\u00a0 es digna representante de los pueblos originarios de Guatemala, que con sus presentaciones e intervenciones en su idioma materno Q&#8217;eqchi&#8217; dio a conocer la milenaria y ancestral cultura de Guatemala.<\/span><\/p>\n<p><em>Musica de tema por Do Kashiteru<\/em><\/p>\n<div id=\"jp-relatedposts\" class=\"jp-relatedposts\"><\/div>\n","protected":false},"excerpt":{"rendered":"<p>Desde Quetzaltenango, Guatemala, saludos a todos y todas y bienvenidos a Radio EntreMundos.\u00a0 Les presentamos una edici\u00f3n m\u00e1s del podcast donde hablamos con personajes que han logrado destacar. Adem\u00e1s, les platicaremos sobre un proyecto tur\u00edstico\u00a0 que se dedica a la conservaci\u00f3n de especies en peligro de extinci\u00f3n tanto de flora y fauna, y aviturismo, en [&hellip;]<\/p>\n","protected":false},"author":24,"featured_media":11193,"comment_status":"closed","ping_status":"closed","sticky":false,"template":"","format":"audio","meta":{"_exactmetrics_skip_tracking":false,"_exactmetrics_sitenote_active":false,"_exactmetrics_sitenote_note":"","_exactmetrics_sitenote_category":0,"jetpack_post_was_ever_published":false,"_jetpack_newsletter_access":"","_jetpack_dont_email_post_to_subs":false,"_jetpack_newsletter_tier_id":0,"_jetpack_memberships_contains_paywalled_content":false,"_jetpack_memberships_contains_paid_content":false,"footnotes":""},"categories":[392],"tags":[2969],"class_list":["post-11126","post","type-post","status-publish","format-audio","has-post-thumbnail","hentry","category-multimedia","tag-radio-entremundos","post_format-post-format-audio"],"jetpack_featured_media_url":"https:\/\/i0.wp.com\/www.entremundos.org\/revista\/wp-content\/uploads\/2023\/09\/podcast.jpg?fit=1080%2C1080&ssl=1","jetpack_shortlink":"https:\/\/wp.me\/p7ljt7-2Ts","jetpack-related-posts":[{"id":704,"url":"https:\/\/www.entremundos.org\/revista\/uncategorized-es\/resumen-de-la-edicion-cambio-climatico\/","url_meta":{"origin":11126,"position":0},"title":"Cambio Clim\u00e1tico &#8211; Resumen de la Edici\u00f3n","author":"EntreMundos","date":"8 mayo, 2015","format":false,"excerpt":"En estas p\u00e1ginas, varios expertos explican como el cambio clim\u00e1tico est\u00e1 afectando a Guatemala y que es lo que el futuro depara. El a\u00f1o pasado durante la temporada de lluvia hubo 45 d\u00edas de sequ\u00eda, lo que caus\u00f3 una crisis humanitaria.\u00a0 Como siempre los m\u00e1s afectados por el desastre medioambiental\u2026","rel":"","context":"En \u00abUncategorized\u00bb","block_context":{"text":"Uncategorized","link":"https:\/\/www.entremundos.org\/revista\/category\/uncategorized-es\/"},"img":{"alt_text":"","src":"https:\/\/i0.wp.com\/www.entremundos.org\/revista\/wp-content\/uploads\/2015\/05\/nota-editor-the-behive-collective-poster-500-years.jpg?fit=600%2C398&ssl=1&resize=350%2C200","width":350,"height":200,"srcset":"https:\/\/i0.wp.com\/www.entremundos.org\/revista\/wp-content\/uploads\/2015\/05\/nota-editor-the-behive-collective-poster-500-years.jpg?fit=600%2C398&ssl=1&resize=350%2C200 1x, https:\/\/i0.wp.com\/www.entremundos.org\/revista\/wp-content\/uploads\/2015\/05\/nota-editor-the-behive-collective-poster-500-years.jpg?fit=600%2C398&ssl=1&resize=525%2C300 1.5x"},"classes":[]},{"id":9435,"url":"https:\/\/www.entremundos.org\/revista\/frontpage-en\/whats-in-the-5th-edition-of-radio-entremundos-celebrating-20-years-of-community-service\/?lang=en","url_meta":{"origin":11126,"position":1},"title":"What\u2019s in the 5th Edition of Radio EntreMundos | Celebrating 20 Years of Community Service:","author":"EntreMundos","date":"25 diciembre, 2021","format":false,"excerpt":"On the occasion of our 20th Anniversary, EntreMundos will be presenting its team, who contribute\u00a0 their time, talent and heart to advance human rights and development in Guatemala.\u00a0 In this 5th edition of Radio EntreMundos you\u2019ll hear reflections from both our current staff members and volunteers.\u00a0 Also, in observance of\u2026","rel":"","context":"En \u00abFrontPage\u00bb","block_context":{"text":"FrontPage","link":"https:\/\/www.entremundos.org\/revista\/category\/frontpage-en\/?lang=en"},"img":{"alt_text":"","src":"https:\/\/i0.wp.com\/www.entremundos.org\/revista\/wp-content\/uploads\/2021\/11\/em-20-anyos-min-scaled.jpeg?fit=1200%2C900&ssl=1&resize=350%2C200","width":350,"height":200,"srcset":"https:\/\/i0.wp.com\/www.entremundos.org\/revista\/wp-content\/uploads\/2021\/11\/em-20-anyos-min-scaled.jpeg?fit=1200%2C900&ssl=1&resize=350%2C200 1x, https:\/\/i0.wp.com\/www.entremundos.org\/revista\/wp-content\/uploads\/2021\/11\/em-20-anyos-min-scaled.jpeg?fit=1200%2C900&ssl=1&resize=525%2C300 1.5x, https:\/\/i0.wp.com\/www.entremundos.org\/revista\/wp-content\/uploads\/2021\/11\/em-20-anyos-min-scaled.jpeg?fit=1200%2C900&ssl=1&resize=700%2C400 2x, https:\/\/i0.wp.com\/www.entremundos.org\/revista\/wp-content\/uploads\/2021\/11\/em-20-anyos-min-scaled.jpeg?fit=1200%2C900&ssl=1&resize=1050%2C600 3x"},"classes":[]},{"id":8560,"url":"https:\/\/www.entremundos.org\/revista\/frontpage-en\/entremundos-is-now-in-audio-on-the-year-of-our-20th-anniversary-we-launch-our-podcast-project\/?lang=en","url_meta":{"origin":11126,"position":2},"title":"EntreMundos is now in audio!  On the year of our 20th anniversary, we launch our podcast project","author":"Majo Recinos","date":"1 abril, 2021","format":false,"excerpt":"Working for the past 20 years on this magazine, we\u2019ve realized that time generates inevitable changes.\u00a0 On occasion, these changes have allowed us to re-invent ourselves and improve our work, but they have also brought us difficulties to continue as an independent media source in a world that generally consumes\u2026","rel":"","context":"En \u00abFrontPage\u00bb","block_context":{"text":"FrontPage","link":"https:\/\/www.entremundos.org\/revista\/category\/frontpage-en\/?lang=en"},"img":{"alt_text":"","src":"https:\/\/i0.wp.com\/www.entremundos.org\/revista\/wp-content\/uploads\/2021\/04\/pag.-20.jpg?fit=597%2C334&ssl=1&resize=350%2C200","width":350,"height":200,"srcset":"https:\/\/i0.wp.com\/www.entremundos.org\/revista\/wp-content\/uploads\/2021\/04\/pag.-20.jpg?fit=597%2C334&ssl=1&resize=350%2C200 1x, https:\/\/i0.wp.com\/www.entremundos.org\/revista\/wp-content\/uploads\/2021\/04\/pag.-20.jpg?fit=597%2C334&ssl=1&resize=525%2C300 1.5x"},"classes":[]},{"id":2663,"url":"https:\/\/www.entremundos.org\/revista\/culture\/telaranas-de-regina-jose-galin\/?lang=en","url_meta":{"origin":11126,"position":3},"title":"Regina Jos\u00e9 Galindo\u2019s Telara\u00f1as","author":"EntreMundos","date":"15 mayo, 2016","format":false,"excerpt":"By\u00a0Ediciones del Pensativo This year, Ediciones del Pensativo published Telara\u00f1as, a book of poetry by Regina Jos\u00e9 Galindo, who is known internationally for her work as a visual artist specializing in performance art. However, she started out as a poet in 1996 when Fundaci\u00f3n Coloquia published her first book, Personal\u2026","rel":"","context":"En \u00abCulture\u00bb","block_context":{"text":"Culture","link":"https:\/\/www.entremundos.org\/revista\/category\/culture\/?lang=en"},"img":{"alt_text":"","src":"https:\/\/i0.wp.com\/www.entremundos.org\/revista\/wp-content\/uploads\/2016\/05\/regis_17.jpg?fit=1200%2C857&ssl=1&resize=350%2C200","width":350,"height":200,"srcset":"https:\/\/i0.wp.com\/www.entremundos.org\/revista\/wp-content\/uploads\/2016\/05\/regis_17.jpg?fit=1200%2C857&ssl=1&resize=350%2C200 1x, https:\/\/i0.wp.com\/www.entremundos.org\/revista\/wp-content\/uploads\/2016\/05\/regis_17.jpg?fit=1200%2C857&ssl=1&resize=525%2C300 1.5x, https:\/\/i0.wp.com\/www.entremundos.org\/revista\/wp-content\/uploads\/2016\/05\/regis_17.jpg?fit=1200%2C857&ssl=1&resize=700%2C400 2x, https:\/\/i0.wp.com\/www.entremundos.org\/revista\/wp-content\/uploads\/2016\/05\/regis_17.jpg?fit=1200%2C857&ssl=1&resize=1050%2C600 3x"},"classes":[]},{"id":6252,"url":"https:\/\/www.entremundos.org\/revista\/politics\/community-action-en-2\/6252\/?lang=en","url_meta":{"origin":11126,"position":4},"title":"Call for Indigenous Writers of Mexico and Central America","author":"EntreMundos","date":"28 junio, 2020","format":false,"excerpt":"Are you passionate about writing? Do you want to share your opinions on matters that affect your Indigenous community in Mexico and Central America? Do you think that your elected officials are doing good things for Indigenous Peoples in your country? Do you think that Indigenous Peoples are migrating because\u2026","rel":"","context":"En \u00abCine\u00bb","block_context":{"text":"Cine","link":"https:\/\/www.entremundos.org\/revista\/category\/cine\/"},"img":{"alt_text":"","src":"https:\/\/i0.wp.com\/www.entremundos.org\/revista\/wp-content\/uploads\/2019\/12\/convocatoria-1.png?fit=1200%2C675&ssl=1&resize=350%2C200","width":350,"height":200,"srcset":"https:\/\/i0.wp.com\/www.entremundos.org\/revista\/wp-content\/uploads\/2019\/12\/convocatoria-1.png?fit=1200%2C675&ssl=1&resize=350%2C200 1x, https:\/\/i0.wp.com\/www.entremundos.org\/revista\/wp-content\/uploads\/2019\/12\/convocatoria-1.png?fit=1200%2C675&ssl=1&resize=525%2C300 1.5x, https:\/\/i0.wp.com\/www.entremundos.org\/revista\/wp-content\/uploads\/2019\/12\/convocatoria-1.png?fit=1200%2C675&ssl=1&resize=700%2C400 2x, https:\/\/i0.wp.com\/www.entremundos.org\/revista\/wp-content\/uploads\/2019\/12\/convocatoria-1.png?fit=1200%2C675&ssl=1&resize=1050%2C600 3x"},"classes":[]},{"id":11500,"url":"https:\/\/www.entremundos.org\/revista\/frontpage\/desarrollo-y-turismo-comunitario\/","url_meta":{"origin":11126,"position":5},"title":"Desarrollo y turismo comunitario","author":"EntreMundos","date":"11 diciembre, 2023","format":false,"excerpt":"POR ADAFIS Y ASODIL\u00a0 En Guatemala se pueden disfrutar de experiencias inolvidables en cada recorrido que se haga en el pa\u00eds; pues \u00e9ste es de los pa\u00edses con mayores atractivos naturales en Centroam\u00e9rica. Como muestra, te presentamos dos proyectos exitosos de turismo comunitario; ADAFIS y ASODIL. Iniciamos el recorrido en\u2026","rel":"","context":"En \u00abFrontPage\u00bb","block_context":{"text":"FrontPage","link":"https:\/\/www.entremundos.org\/revista\/category\/frontpage\/"},"img":{"alt_text":"","src":"https:\/\/i0.wp.com\/www.entremundos.org\/revista\/wp-content\/uploads\/2023\/12\/foto-asodil-.jpg?fit=480%2C360&ssl=1&resize=350%2C200","width":350,"height":200},"classes":[]}],"jetpack_sharing_enabled":true,"_links":{"self":[{"href":"https:\/\/www.entremundos.org\/revista\/wp-json\/wp\/v2\/posts\/11126","targetHints":{"allow":["GET"]}}],"collection":[{"href":"https:\/\/www.entremundos.org\/revista\/wp-json\/wp\/v2\/posts"}],"about":[{"href":"https:\/\/www.entremundos.org\/revista\/wp-json\/wp\/v2\/types\/post"}],"author":[{"embeddable":true,"href":"https:\/\/www.entremundos.org\/revista\/wp-json\/wp\/v2\/users\/24"}],"replies":[{"embeddable":true,"href":"https:\/\/www.entremundos.org\/revista\/wp-json\/wp\/v2\/comments?post=11126"}],"version-history":[{"count":3,"href":"https:\/\/www.entremundos.org\/revista\/wp-json\/wp\/v2\/posts\/11126\/revisions"}],"predecessor-version":[{"id":12304,"href":"https:\/\/www.entremundos.org\/revista\/wp-json\/wp\/v2\/posts\/11126\/revisions\/12304"}],"wp:featuredmedia":[{"embeddable":true,"href":"https:\/\/www.entremundos.org\/revista\/wp-json\/wp\/v2\/media\/11193"}],"wp:attachment":[{"href":"https:\/\/www.entremundos.org\/revista\/wp-json\/wp\/v2\/media?parent=11126"}],"wp:term":[{"taxonomy":"category","embeddable":true,"href":"https:\/\/www.entremundos.org\/revista\/wp-json\/wp\/v2\/categories?post=11126"},{"taxonomy":"post_tag","embeddable":true,"href":"https:\/\/www.entremundos.org\/revista\/wp-json\/wp\/v2\/tags?post=11126"}],"curies":[{"name":"wp","href":"https:\/\/api.w.org\/{rel}","templated":true}]}}