{"id":11196,"date":"2023-09-06T20:52:01","date_gmt":"2023-09-07T04:52:01","guid":{"rendered":"https:\/\/www.entremundos.org\/revista\/?p=11196"},"modified":"2023-09-06T20:52:01","modified_gmt":"2023-09-07T04:52:01","slug":"atacar-los-males-del-pais","status":"publish","type":"post","link":"https:\/\/www.entremundos.org\/revista\/politica\/atacar-los-males-del-pais\/","title":{"rendered":"Atacar los males del pa\u00eds"},"content":{"rendered":"<p>POR EVELYN BLANCK<\/p>\n<p>La victoria reciente en las urnas de Bernardo Ar\u00e9valo y Karin Herrera del partido Semilla acerca la posibilidad de reconstruir el estado democr\u00e1tico. Electo Ar\u00e9valo, hombre de larga trayectoria acad\u00e9mica y diplom\u00e1tica, se esperan de \u00e9l acciones positivas para que, por ejemplo, la c\u00e1rcel o el exilio no sean las \u00fanicas alternativas de operadores de justicia y periodistas que desean hacer bien su trabajo.<\/p>\n<p>Sin embargo, solo la victoria de Ar\u00e9valo no alcanza para combatir los males. El llamado Pacto de Corruptos, ese grupo corporativo que re\u00fane empresarios, pol\u00edticos, militares y miembros del crimen organizado, conserv\u00f3 la mayor\u00eda en el Congreso, adem\u00e1s a\u00fan tiene cooptadas las cortes y tambi\u00e9n el Ministerio P\u00fablico, entidad que a\u00fan ve a Ar\u00e9valo, amenazante y que quiere acabar con su partido, retomando su reino de terror.<\/p>\n<p>La bancada Semilla, en cambio, s\u00f3lo tendr\u00e1 23 diputados. El Presidente electo necesitar\u00e1 mucho y decidido acompa\u00f1amiento de las y los guatemaltecos y de la comunidad internacional. Tambi\u00e9n coberturas rigurosas de la prensa, que deber\u00e1 ver m\u00e1s all\u00e1 de las luces artificiales de la victoria.<\/p>\n<p>El papel de la prensa<\/p>\n<p>Este acompa\u00f1amiento ser\u00e1 relevante sobre todo en el caso de la prensa. Es necesario y urgente liberar a Jos\u00e9 Rub\u00e9n Zamora, cuyo encarcelamiento sigue enviando un mensaje de terror por la libertad de expresi\u00f3n. Asimismo, terminar con la persecuci\u00f3n de periodistas y columnistas de elPeri\u00f3dico, porque ninguno de ellos y ellas puede ser juzgado por sus escritos, sin pasar antes por un Tribunal de Imprenta.<\/p>\n<p>En lo que Ar\u00e9valo s\u00ed tendr\u00e1 influencia directa es en la creaci\u00f3n del mecanismo de protecci\u00f3n para periodistas, con el fin de que el Estado comience a asumir su rol. Tan solo en los primeros siete meses de este a\u00f1o, el Observatorio de los Periodistas de Guatemala report\u00f3 120 casos de agresiones, casi el doble con respecto a 2022.<\/p>\n<p>Esto es una muestra de que, lo que queda al frente, es un camino lleno de escollos, pero con un horizonte que los guatemaltecos vislumbraron, donde hay posibilidades de desarrollo, libre expresi\u00f3n y combate a la delincuencia y al crimen organizado; donde el Estado es garante y no opresor. Tambi\u00e9n, donde las ni\u00f1as, los ni\u00f1os, los j\u00f3venes, las mujeres y los adultos mayores son vistos y atendidos. Ar\u00e9valo deber\u00e1 iniciar la caminata con firmeza, porque al votar por \u00e9l, Guatemala apost\u00f3 por la esperanza.<\/p>\n<p><em>Evelyn Blanck es periodista y coordinadora general del Centro Civitas, organizaci\u00f3n que trabaja en favor de la libertad de expresi\u00f3n del pa\u00eds.<\/em><\/p>\n<p><a href=\"https:\/\/i0.wp.com\/www.entremundos.org\/revista\/wp-content\/uploads\/2023\/09\/filo-280823-scaled.jpg?ssl=1\"><img data-recalc-dims=\"1\" loading=\"lazy\" decoding=\"async\" class=\"size-medium wp-image-11137 aligncenter\" src=\"https:\/\/i0.wp.com\/www.entremundos.org\/revista\/wp-content\/uploads\/2023\/09\/filo-280823.jpg?resize=300%2C227&#038;ssl=1\" alt=\"\" width=\"300\" height=\"227\" srcset=\"https:\/\/i0.wp.com\/www.entremundos.org\/revista\/wp-content\/uploads\/2023\/09\/filo-280823-scaled.jpg?resize=300%2C227&amp;ssl=1 300w, https:\/\/i0.wp.com\/www.entremundos.org\/revista\/wp-content\/uploads\/2023\/09\/filo-280823-scaled.jpg?resize=1024%2C773&amp;ssl=1 1024w, https:\/\/i0.wp.com\/www.entremundos.org\/revista\/wp-content\/uploads\/2023\/09\/filo-280823-scaled.jpg?resize=768%2C580&amp;ssl=1 768w, https:\/\/i0.wp.com\/www.entremundos.org\/revista\/wp-content\/uploads\/2023\/09\/filo-280823-scaled.jpg?resize=1536%2C1160&amp;ssl=1 1536w, https:\/\/i0.wp.com\/www.entremundos.org\/revista\/wp-content\/uploads\/2023\/09\/filo-280823-scaled.jpg?resize=2048%2C1546&amp;ssl=1 2048w, https:\/\/i0.wp.com\/www.entremundos.org\/revista\/wp-content\/uploads\/2023\/09\/filo-280823-scaled.jpg?resize=72%2C54&amp;ssl=1 72w, https:\/\/i0.wp.com\/www.entremundos.org\/revista\/wp-content\/uploads\/2023\/09\/filo-280823-scaled.jpg?resize=335%2C253&amp;ssl=1 335w, https:\/\/i0.wp.com\/www.entremundos.org\/revista\/wp-content\/uploads\/2023\/09\/filo-280823-scaled.jpg?resize=1050%2C793&amp;ssl=1 1050w, https:\/\/i0.wp.com\/www.entremundos.org\/revista\/wp-content\/uploads\/2023\/09\/filo-280823-scaled.jpg?w=1280&amp;ssl=1 1280w, https:\/\/i0.wp.com\/www.entremundos.org\/revista\/wp-content\/uploads\/2023\/09\/filo-280823-scaled.jpg?w=1920&amp;ssl=1 1920w\" sizes=\"auto, (max-width: 300px) 100vw, 300px\" \/><\/a><\/p>\n<p>&nbsp;<\/p>\n","protected":false},"excerpt":{"rendered":"<p>POR EVELYN BLANCK La victoria reciente en las urnas de Bernardo Ar\u00e9valo y Karin Herrera del partido Semilla acerca la posibilidad de reconstruir el estado democr\u00e1tico. Electo Ar\u00e9valo, hombre de larga trayectoria acad\u00e9mica y diplom\u00e1tica, se esperan de \u00e9l acciones positivas para que, por ejemplo, la c\u00e1rcel o el exilio no sean las \u00fanicas alternativas [&hellip;]<\/p>\n","protected":false},"author":1,"featured_media":11135,"comment_status":"closed","ping_status":"closed","sticky":false,"template":"","format":"standard","meta":{"_exactmetrics_skip_tracking":false,"_exactmetrics_sitenote_active":false,"_exactmetrics_sitenote_note":"","_exactmetrics_sitenote_category":0,"jetpack_post_was_ever_published":false,"_jetpack_newsletter_access":"","_jetpack_dont_email_post_to_subs":false,"_jetpack_newsletter_tier_id":0,"_jetpack_memberships_contains_paywalled_content":false,"_jetpack_memberships_contains_paid_content":false,"footnotes":""},"categories":[452,386,378,1772],"tags":[534,4170,4247,4396,4395,4290,4111],"class_list":["post-11196","post","type-post","status-publish","format-standard","has-post-thumbnail","hentry","category-frontpage","category-mujer","category-politica","category-situacion-social","tag-activismo","tag-crimen-organizado","tag-derecho-a-la-libertad-de-expresion","tag-gobernabilidad","tag-periodistas","tag-persecucion","tag-prensa"],"jetpack_featured_media_url":"https:\/\/i0.wp.com\/www.entremundos.org\/revista\/wp-content\/uploads\/2023\/09\/filo-250823-1-scaled.jpg?fit=2560%2C1997&ssl=1","jetpack_shortlink":"https:\/\/wp.me\/p7ljt7-2UA","jetpack-related-posts":[{"id":10580,"url":"https:\/\/www.entremundos.org\/revista\/politica\/desalojos-aumentan-durante-el-gobierno-de-alejandro-giammattei\/","url_meta":{"origin":11196,"position":0},"title":"Desalojos aumentan durante el gobierno de Alejandro Giammattei","author":"EntreMundos","date":"8 marzo, 2023","format":false,"excerpt":"Por Gilberto Escobar\u00a0 En Guatemala, durante los \u00faltimos a\u00f1os, los desalojos han ido en aumento y se han dado en dos modalidades: los desalojos legales que tienen una orden judicial y los extrajudiciales, los que\u00a0 no van acompa\u00f1ados de ninguna orden de un juez y que ocurren\u00a0 en horas de\u2026","rel":"","context":"En \u00abBosques\u00bb","block_context":{"text":"Bosques","link":"https:\/\/www.entremundos.org\/revista\/category\/medio-ambiente\/bosques\/"},"img":{"alt_text":"","src":"https:\/\/i0.wp.com\/www.entremundos.org\/revista\/wp-content\/uploads\/2023\/03\/portada.jpg?fit=1024%2C768&ssl=1&resize=350%2C200","width":350,"height":200,"srcset":"https:\/\/i0.wp.com\/www.entremundos.org\/revista\/wp-content\/uploads\/2023\/03\/portada.jpg?fit=1024%2C768&ssl=1&resize=350%2C200 1x, https:\/\/i0.wp.com\/www.entremundos.org\/revista\/wp-content\/uploads\/2023\/03\/portada.jpg?fit=1024%2C768&ssl=1&resize=525%2C300 1.5x, https:\/\/i0.wp.com\/www.entremundos.org\/revista\/wp-content\/uploads\/2023\/03\/portada.jpg?fit=1024%2C768&ssl=1&resize=700%2C400 2x"},"classes":[]},{"id":12734,"url":"https:\/\/www.entremundos.org\/revista\/politica\/deportacion-desinformacion-y-desafio-el-impacto-global-de-la-agenda-migratoria-de-trump\/","url_meta":{"origin":11196,"position":1},"title":"Deportaci\u00f3n, desinformaci\u00f3n y desaf\u00edo: El impacto global de la agenda migratoria de Trump","author":"EntreMundos","date":"17 marzo, 2025","format":false,"excerpt":"POR PATRICIA SCHWARTZ Unas 60 personas se sientan en un c\u00edrculo de sillas plegables un jueves por la noche en Tucson, Arizona, una ciudad estadounidense a una hora de la frontera con M\u00e9xico. La reuni\u00f3n semanal de la Coalici\u00f3n de Derechos Humanos se lleva a cabo en gran parte, en\u2026","rel":"","context":"En \u00abFrontPage\u00bb","block_context":{"text":"FrontPage","link":"https:\/\/www.entremundos.org\/revista\/category\/frontpage\/"},"img":{"alt_text":"","src":"https:\/\/i0.wp.com\/www.entremundos.org\/revista\/wp-content\/uploads\/2025\/03\/475088469_3067398756762538_3045668992826805668_n.jpg?fit=1100%2C666&ssl=1&resize=350%2C200","width":350,"height":200,"srcset":"https:\/\/i0.wp.com\/www.entremundos.org\/revista\/wp-content\/uploads\/2025\/03\/475088469_3067398756762538_3045668992826805668_n.jpg?fit=1100%2C666&ssl=1&resize=350%2C200 1x, https:\/\/i0.wp.com\/www.entremundos.org\/revista\/wp-content\/uploads\/2025\/03\/475088469_3067398756762538_3045668992826805668_n.jpg?fit=1100%2C666&ssl=1&resize=525%2C300 1.5x, https:\/\/i0.wp.com\/www.entremundos.org\/revista\/wp-content\/uploads\/2025\/03\/475088469_3067398756762538_3045668992826805668_n.jpg?fit=1100%2C666&ssl=1&resize=700%2C400 2x, https:\/\/i0.wp.com\/www.entremundos.org\/revista\/wp-content\/uploads\/2025\/03\/475088469_3067398756762538_3045668992826805668_n.jpg?fit=1100%2C666&ssl=1&resize=1050%2C600 3x"},"classes":[]},{"id":13241,"url":"https:\/\/www.entremundos.org\/revista\/politica\/crimen-de-estado-primera-sentencia\/","url_meta":{"origin":11196,"position":2},"title":"Crimen De Estado: Primera Sentencia\u00a0","author":"EntreMundos","date":"17 septiembre, 2025","format":false,"excerpt":"Por Carolina Escobar Sarti Durante el gobierno de Jimmy Morales se cometi\u00f3 un crimen de Estado. Fue el 8 de marzo de 2017, cuando 56 ni\u00f1as y adolescentes fueron colocadas, por horas, en un aula de 7 x 6.8 metros donde no hab\u00eda ni siquiera un ba\u00f1o. Despu\u00e9s del desayuno\u2026","rel":"","context":"En \u00abFrontPage\u00bb","block_context":{"text":"FrontPage","link":"https:\/\/www.entremundos.org\/revista\/category\/frontpage\/"},"img":{"alt_text":"","src":"https:\/\/i0.wp.com\/www.entremundos.org\/revista\/wp-content\/uploads\/2025\/09\/img66.jpg?fit=960%2C1200&ssl=1&resize=350%2C200","width":350,"height":200,"srcset":"https:\/\/i0.wp.com\/www.entremundos.org\/revista\/wp-content\/uploads\/2025\/09\/img66.jpg?fit=960%2C1200&ssl=1&resize=350%2C200 1x, https:\/\/i0.wp.com\/www.entremundos.org\/revista\/wp-content\/uploads\/2025\/09\/img66.jpg?fit=960%2C1200&ssl=1&resize=525%2C300 1.5x, https:\/\/i0.wp.com\/www.entremundos.org\/revista\/wp-content\/uploads\/2025\/09\/img66.jpg?fit=960%2C1200&ssl=1&resize=700%2C400 2x"},"classes":[]},{"id":12488,"url":"https:\/\/www.entremundos.org\/revista\/politica\/de-la-lucha-a-la-agricultura-en-las-montanas-de-guatemala\/","url_meta":{"origin":11196,"position":3},"title":"De la lucha a la agricultura en las monta\u00f1as de Guatemala","author":"EntreMundos","date":"13 noviembre, 2024","format":false,"excerpt":"POR JONATHAN LOTT A la sombra de las monta\u00f1as selv\u00e1ticas de Guatemala, anta\u00f1o cargadas del espectro del conflicto, el olor del caf\u00e9 flota en el aire. Una generaci\u00f3n despu\u00e9s del hist\u00f3rico acuerdo de paz que puso fin a la guerra civil guatemalteca (1960-1996), decenas de exguerrilleros trabajan ahora la tierra\u2026","rel":"","context":"En \u00abFrontPage\u00bb","block_context":{"text":"FrontPage","link":"https:\/\/www.entremundos.org\/revista\/category\/frontpage\/"},"img":{"alt_text":"","src":"https:\/\/i0.wp.com\/www.entremundos.org\/revista\/wp-content\/uploads\/2024\/11\/anita2-e1731543808410.jpg?fit=910%2C671&ssl=1&resize=350%2C200","width":350,"height":200,"srcset":"https:\/\/i0.wp.com\/www.entremundos.org\/revista\/wp-content\/uploads\/2024\/11\/anita2-e1731543808410.jpg?fit=910%2C671&ssl=1&resize=350%2C200 1x, https:\/\/i0.wp.com\/www.entremundos.org\/revista\/wp-content\/uploads\/2024\/11\/anita2-e1731543808410.jpg?fit=910%2C671&ssl=1&resize=525%2C300 1.5x, https:\/\/i0.wp.com\/www.entremundos.org\/revista\/wp-content\/uploads\/2024\/11\/anita2-e1731543808410.jpg?fit=910%2C671&ssl=1&resize=700%2C400 2x"},"classes":[]},{"id":13649,"url":"https:\/\/www.entremundos.org\/revista\/politica\/la-urgencia-de-comprender-la-historia-y-sus-lecciones\/","url_meta":{"origin":11196,"position":4},"title":"La urgencia de comprender la historia y sus lecciones","author":"EntreMundos","date":"4 abril, 2026","format":false,"excerpt":"POR JUAN JOS\u00c9 HURTADO PAZ En los \u00faltimos meses se escuchan voces que defienden la intervenci\u00f3n imperialista yanqui contra Venezuela con el argumento aparentemente simple y moralizante: hab\u00eda una dictadura y deb\u00eda ser removida. Bajo esta narrativa, la intervenci\u00f3n externa se presenta como una acci\u00f3n necesaria, casi humanitaria, destinada a\u2026","rel":"","context":"En \u00abFrontPage\u00bb","block_context":{"text":"FrontPage","link":"https:\/\/www.entremundos.org\/revista\/category\/frontpage\/"},"img":{"alt_text":"","src":"","width":0,"height":0},"classes":[]},{"id":11407,"url":"https:\/\/www.entremundos.org\/revista\/politica\/del-papel-a-la-pantalla\/","url_meta":{"origin":11196,"position":5},"title":"Del papel a la pantalla","author":"EntreMundos","date":"10 noviembre, 2023","format":false,"excerpt":"POR EMMA G\u00d3MEZ Dos pa\u00edses golpeados por la corrupci\u00f3n, violaci\u00f3n de los derechos humanos, injusticias, persecuciones y despojos, por mencionar algunos de los males que tienen en com\u00fan Guatemala y El Salvador. El proyecto, Del Papel a la Pantalla, presenta dos propuestas visuales para reflexionar sobre la educaci\u00f3n sexual y\u2026","rel":"","context":"En \u00abAccion Comunitaria\u00bb","block_context":{"text":"Accion Comunitaria","link":"https:\/\/www.entremundos.org\/revista\/category\/politica\/accion-comunitaria-3\/"},"img":{"alt_text":"","src":"https:\/\/i0.wp.com\/www.entremundos.org\/revista\/wp-content\/uploads\/2023\/11\/whatsapp-image-2023-10-23-at-9.54.45-am-2.jpeg?fit=1200%2C800&ssl=1&resize=350%2C200","width":350,"height":200,"srcset":"https:\/\/i0.wp.com\/www.entremundos.org\/revista\/wp-content\/uploads\/2023\/11\/whatsapp-image-2023-10-23-at-9.54.45-am-2.jpeg?fit=1200%2C800&ssl=1&resize=350%2C200 1x, https:\/\/i0.wp.com\/www.entremundos.org\/revista\/wp-content\/uploads\/2023\/11\/whatsapp-image-2023-10-23-at-9.54.45-am-2.jpeg?fit=1200%2C800&ssl=1&resize=525%2C300 1.5x, https:\/\/i0.wp.com\/www.entremundos.org\/revista\/wp-content\/uploads\/2023\/11\/whatsapp-image-2023-10-23-at-9.54.45-am-2.jpeg?fit=1200%2C800&ssl=1&resize=700%2C400 2x, https:\/\/i0.wp.com\/www.entremundos.org\/revista\/wp-content\/uploads\/2023\/11\/whatsapp-image-2023-10-23-at-9.54.45-am-2.jpeg?fit=1200%2C800&ssl=1&resize=1050%2C600 3x"},"classes":[]}],"jetpack_sharing_enabled":true,"_links":{"self":[{"href":"https:\/\/www.entremundos.org\/revista\/wp-json\/wp\/v2\/posts\/11196","targetHints":{"allow":["GET"]}}],"collection":[{"href":"https:\/\/www.entremundos.org\/revista\/wp-json\/wp\/v2\/posts"}],"about":[{"href":"https:\/\/www.entremundos.org\/revista\/wp-json\/wp\/v2\/types\/post"}],"author":[{"embeddable":true,"href":"https:\/\/www.entremundos.org\/revista\/wp-json\/wp\/v2\/users\/1"}],"replies":[{"embeddable":true,"href":"https:\/\/www.entremundos.org\/revista\/wp-json\/wp\/v2\/comments?post=11196"}],"version-history":[{"count":1,"href":"https:\/\/www.entremundos.org\/revista\/wp-json\/wp\/v2\/posts\/11196\/revisions"}],"predecessor-version":[{"id":11197,"href":"https:\/\/www.entremundos.org\/revista\/wp-json\/wp\/v2\/posts\/11196\/revisions\/11197"}],"wp:featuredmedia":[{"embeddable":true,"href":"https:\/\/www.entremundos.org\/revista\/wp-json\/wp\/v2\/media\/11135"}],"wp:attachment":[{"href":"https:\/\/www.entremundos.org\/revista\/wp-json\/wp\/v2\/media?parent=11196"}],"wp:term":[{"taxonomy":"category","embeddable":true,"href":"https:\/\/www.entremundos.org\/revista\/wp-json\/wp\/v2\/categories?post=11196"},{"taxonomy":"post_tag","embeddable":true,"href":"https:\/\/www.entremundos.org\/revista\/wp-json\/wp\/v2\/tags?post=11196"}],"curies":[{"name":"wp","href":"https:\/\/api.w.org\/{rel}","templated":true}]}}