{"id":11590,"date":"2024-01-19T17:32:59","date_gmt":"2024-01-20T01:32:59","guid":{"rendered":"https:\/\/www.entremundos.org\/revista\/?p=11590"},"modified":"2024-01-19T17:49:43","modified_gmt":"2024-01-20T01:49:43","slug":"el-habitante-arbol","status":"publish","type":"post","link":"https:\/\/www.entremundos.org\/revista\/medio-ambiente\/el-habitante-arbol\/","title":{"rendered":"El habitante \u00e1rbol"},"content":{"rendered":"<p><span style=\"font-weight: 400;\">POR VALERIA LEIVA<\/span><\/p>\n<p><span style=\"font-weight: 400;\">La administraci\u00f3n municipal de Quetzaltenango orden\u00f3 la tala de \u00e1rboles en el parque de la zona 3 de la ciudad pero vecinos, comerciantes y expertos se manifestaron en contra de esta decisi\u00f3n.\u00a0<\/span><\/p>\n<p><span style=\"font-weight: 400;\">Cada ciudad constituye su propio ecosistema urbano y se suele pensar que en el ecosistema de una ciudad los humanos representan la especie dominante, pues son el principal referente y constructor del paisaje urbano. Sin embargo, esta l\u00f3gica antropoc\u00e9ntrica tiene el problema de negar y someter a otros habitantes del ecosistema; pues una comunidad biol\u00f3gica tambi\u00e9n est\u00e1 conformada por \u00e1rboles y dem\u00e1s elementos naturales que de manera recurrente, son negados y sometidos a una violencia sist\u00e9mica. Estos elementos desaparecen por la falta de planificaci\u00f3n y visi\u00f3n de futuro. Su ausencia no solo representa una p\u00e9rdida para el paisaje de la ciudad, sino un deterioro en nuestra calidad de vida.\u00a0<\/span><\/p>\n<p><span style=\"font-weight: 400;\">Seg\u00fan el historiador Ra\u00fal Iz\u00e1s, el Parque Benito Ju\u00e1rez de Quetzaltenango recibe su nombre como reconocimiento a la di\u00e1spora mexicana que resid\u00eda en la ciudad alrededor del a\u00f1o 1930. Por tal raz\u00f3n, el parque cuenta con monumentos que celebran la fraternidad entre M\u00e9xico y Guatemala, tales como el Calendario Azteca y el busto de Benito Ju\u00e1rez. Ubicado entre la 15 y 16 avenida de la zona 3 de La Democracia, el parque naci\u00f3 como un peque\u00f1o bosque en medio de una ciudad que se expand\u00eda. Sus \u00e1rboles estar\u00edan por cumplir cien a\u00f1os.\u00a0<\/span><\/p>\n<p><a href=\"https:\/\/i0.wp.com\/www.entremundos.org\/revista\/wp-content\/uploads\/2024\/01\/whatsapp-image-2023-12-15-at-11.52.22-pm-1.jpeg?ssl=1\"><img data-recalc-dims=\"1\" loading=\"lazy\" decoding=\"async\" class=\"size-medium wp-image-11576 aligncenter\" src=\"https:\/\/i0.wp.com\/www.entremundos.org\/revista\/wp-content\/uploads\/2024\/01\/whatsapp-image-2023-12-15-at-11.52.22-pm-1.jpeg?resize=300%2C135&#038;ssl=1\" alt=\"\" width=\"300\" height=\"135\" srcset=\"https:\/\/i0.wp.com\/www.entremundos.org\/revista\/wp-content\/uploads\/2024\/01\/whatsapp-image-2023-12-15-at-11.52.22-pm-1.jpeg?resize=300%2C135&amp;ssl=1 300w, https:\/\/i0.wp.com\/www.entremundos.org\/revista\/wp-content\/uploads\/2024\/01\/whatsapp-image-2023-12-15-at-11.52.22-pm-1.jpeg?resize=1024%2C461&amp;ssl=1 1024w, https:\/\/i0.wp.com\/www.entremundos.org\/revista\/wp-content\/uploads\/2024\/01\/whatsapp-image-2023-12-15-at-11.52.22-pm-1.jpeg?resize=768%2C346&amp;ssl=1 768w, https:\/\/i0.wp.com\/www.entremundos.org\/revista\/wp-content\/uploads\/2024\/01\/whatsapp-image-2023-12-15-at-11.52.22-pm-1.jpeg?resize=1536%2C691&amp;ssl=1 1536w, https:\/\/i0.wp.com\/www.entremundos.org\/revista\/wp-content\/uploads\/2024\/01\/whatsapp-image-2023-12-15-at-11.52.22-pm-1.jpeg?resize=335%2C151&amp;ssl=1 335w, https:\/\/i0.wp.com\/www.entremundos.org\/revista\/wp-content\/uploads\/2024\/01\/whatsapp-image-2023-12-15-at-11.52.22-pm-1.jpeg?resize=1050%2C473&amp;ssl=1 1050w, https:\/\/i0.wp.com\/www.entremundos.org\/revista\/wp-content\/uploads\/2024\/01\/whatsapp-image-2023-12-15-at-11.52.22-pm-1.jpeg?w=1600&amp;ssl=1 1600w, https:\/\/i0.wp.com\/www.entremundos.org\/revista\/wp-content\/uploads\/2024\/01\/whatsapp-image-2023-12-15-at-11.52.22-pm-1.jpeg?w=1280&amp;ssl=1 1280w\" sizes=\"auto, (max-width: 300px) 100vw, 300px\" \/><\/a><\/p>\n<p><b>Importancia en la vida urbana\u00a0<\/b><\/p>\n<p><span style=\"font-weight: 400;\">El arquitecto paisajista Luis Monterroso sostiene que los \u00e1rboles del Parque Benito Ju\u00e1rez fueron talados bajo criterios t\u00e9cnicos restrictivos y anticuados. Es decir, la administraci\u00f3n municipal legitima el discurso del \u00e1rbol como un riesgo social. En vez de realizar una gesti\u00f3n de riesgos con criterio ecol\u00f3gico para evaluar aquellos \u00e1rboles con peligro de caer por su edad o condiciones, se opt\u00f3 por una tala violenta de todo el parque. La valoraci\u00f3n ecosist\u00e9mica es importante porque nos ayuda a comprender no solo el valor ambiental de un \u00e1rbol cerca de nuestra casa en la ciudad, sino su contribuci\u00f3n social, cultural y econ\u00f3mica, desde el incremento del valor de propiedad hasta la salubridad por el mejoramiento de la calidad del aire.\u00a0 \u201cTodos estos activos naturales son un capital favorable que al final los pol\u00edticos pueden utilizar para bien pero desechan.\u201d menciona Monterroso.\u00a0<\/span><\/p>\n<p><span style=\"font-weight: 400;\">Los espacios verdes son clave en la mitigaci\u00f3n de los efectos producidos por la urbanizaci\u00f3n. Inciden incluso en la salud f\u00edsica y mental de las personas. Durante la \u00faltima pandemia fue evidente la necesidad de contar con espacios abiertos y pulmones verdes cerca de nuestro vecindario. Muchas personas establecieron nuevos rituales y h\u00e1bitos personales en relaci\u00f3n con su entorno local. Un \u00e1rea verde es una v\u00e1lvula de alivio al estr\u00e9s propio de la vida urbana.\u00a0<\/span><\/p>\n<p><span style=\"font-weight: 400;\">El Ingeniero Juan Carlos D\u00edaz es el dise\u00f1ador del proyecto de remodelaci\u00f3n del parque denominado \u201cRevitalizaci\u00f3n del Parque Benito Ju\u00e1rez\u201d. Junto al departamento de gesti\u00f3n de riesgos de la municipalidad se dictamin\u00f3 que los \u00e1rboles representaban un riesgo por su altura y que deb\u00edan ser reemplazados por una paleta vegetal ornamental. Las especies que se proponen sembrar son 160 jacarandas, m\u00e1s setos romanos con una sola entrada. Adem\u00e1s se planea incorporar nuevas fuentes de agua. Seg\u00fan el planteamiento, la ornamentaci\u00f3n, el CO2 y la altura son los criterios t\u00e9cnicos que se utilizaron a la hora de seleccionar la paleta vegetal.\u00a0\u00a0<\/span><\/p>\n<p><span style=\"font-weight: 400;\">Sin embargo, frente a la crisis clim\u00e1tica a la que nos enfrentamos, \u00bfSer\u00e1n los \u00e1rboles antiguos el verdadero riesgo, o las personas encargadas de la toma de decisiones, las que consideran a los \u00e1rboles como un riesgo? \u00bfEs el posible peligro que representaban algunos \u00e1rboles la raz\u00f3n por la cual se decidi\u00f3 talar todo el parque? D\u00edaz se cuestion\u00f3 si una gesti\u00f3n de riesgos en un parque arbolado es aquella que se basa sobre todo en criterios ornamentales y deja por fuera un criterio socioambiental para gestionar la poca cobertura boscosa de una ciudad que la necesita con urgencia. A pesar de ello, en Quetzaltenango cada vez carecemos m\u00e1s de cobertura verde.<\/span><\/p>\n<p><b>Ciudades verdes\u00a0<\/b><\/p>\n<p><span style=\"font-weight: 400;\">En la actualidad reconocemos los famosos bosques urbanos de muchas ciudades alrededor del mundo y los beneficios que los \u00e1rboles aportan a los habitantes, m\u00e1s all\u00e1 de lo decorativo. Ciudades como Par\u00eds est\u00e1n proyectando levantar hasta el 40% de asfalto de las calles y sembrar 170 mil \u00e1rboles para combatir las altas temperaturas. Se teme que si no se transforma la ciudad el calor ser\u00e1 insostenible. Cerca del 30% de la ciudad de Berl\u00edn est\u00e1 compuesta por espacios verdes p\u00fablicos. Hoy las ciudades con visi\u00f3n de futuro hablan de infraestructura verde, concibi\u00e9ndola y manej\u00e1ndola como redes interconectadas que regulan las funciones naturales del ecosistema.\u00a0 El protagonismo de los \u00e1rboles en la ciudad debe ser reconocido, t\u00e9cnicamente bien manejado y financiado, para que la comunidad gane resiliencia y tenga mayor capacidad de afrontar los cambios globales y el crecimiento de la densidad humana.\u00a0<\/span><\/p>\n<p><span style=\"font-weight: 400;\">La municipalidad parece tener nula visi\u00f3n de ciudad. Monterroso se\u00f1ala que un estudio realizado por el Banco Interamericano de Desarrollo (BID) ya se hab\u00eda detectado el bajo d\u00e9ficit de arborizaci\u00f3n de Quetzaltenango: apenas 2.5 metros cuadrados por persona, cuando la recomendaci\u00f3n es de 10 a 15 metros, por habitante. Quetzaltenango necesita cambios para soportar la cantidad de personas y el tr\u00e1fico que recibe, pero las soluciones deben estar integradas a una escala humana y ambiental, puntualiza Monterroso.\u00a0\u00a0\u00a0<\/span><\/p>\n<p><span style=\"font-weight: 400;\">Experiencias urbanas de todo el mundo demuestran que las intervenciones enfocadas en veh\u00edculos e infraestructura gris no solucionan estos desaf\u00edos. Estamos cometiendo los errores de ciudades autoc\u00e9ntricas que se olvidaron de los habitantes y la calidad de vida.\u00a0<\/span><\/p>\n<p><span style=\"font-weight: 400;\">El Parque Benito Ju\u00e1rez estaba en p\u00e9simas condiciones y renovarlo es una necesidad. Sin embargo, ante la falta de informaci\u00f3n y comunicaci\u00f3n hay una especulaci\u00f3n grande entre la poblaci\u00f3n por la sorpresa que caus\u00f3 la violenta y repentina tala. \u201cPareciera que las autoridades consideran el parque su propiedad y pueden hacer con \u00e9l lo que les venga en gana\u201d, reflexiona Iz\u00e1s. Una poblaci\u00f3n debe estar informada y consultada sobre los planes y propuestas, incluso involucrada en la proyecci\u00f3n de los espacios urbanos que habita.\u00a0<\/span><\/p>\n<p><a href=\"https:\/\/i0.wp.com\/www.entremundos.org\/revista\/wp-content\/uploads\/2024\/01\/whatsapp-image-2023-12-15-at-11.52.21-pm-1.jpeg?ssl=1\"><img data-recalc-dims=\"1\" loading=\"lazy\" decoding=\"async\" class=\" wp-image-11572 aligncenter\" src=\"https:\/\/i0.wp.com\/www.entremundos.org\/revista\/wp-content\/uploads\/2024\/01\/whatsapp-image-2023-12-15-at-11.52.21-pm-1.jpeg?resize=504%2C227&#038;ssl=1\" alt=\"\" width=\"504\" height=\"227\" srcset=\"https:\/\/i0.wp.com\/www.entremundos.org\/revista\/wp-content\/uploads\/2024\/01\/whatsapp-image-2023-12-15-at-11.52.21-pm-1.jpeg?resize=300%2C135&amp;ssl=1 300w, https:\/\/i0.wp.com\/www.entremundos.org\/revista\/wp-content\/uploads\/2024\/01\/whatsapp-image-2023-12-15-at-11.52.21-pm-1.jpeg?resize=1024%2C461&amp;ssl=1 1024w, https:\/\/i0.wp.com\/www.entremundos.org\/revista\/wp-content\/uploads\/2024\/01\/whatsapp-image-2023-12-15-at-11.52.21-pm-1.jpeg?resize=768%2C346&amp;ssl=1 768w, https:\/\/i0.wp.com\/www.entremundos.org\/revista\/wp-content\/uploads\/2024\/01\/whatsapp-image-2023-12-15-at-11.52.21-pm-1.jpeg?resize=1536%2C691&amp;ssl=1 1536w, https:\/\/i0.wp.com\/www.entremundos.org\/revista\/wp-content\/uploads\/2024\/01\/whatsapp-image-2023-12-15-at-11.52.21-pm-1.jpeg?resize=335%2C151&amp;ssl=1 335w, https:\/\/i0.wp.com\/www.entremundos.org\/revista\/wp-content\/uploads\/2024\/01\/whatsapp-image-2023-12-15-at-11.52.21-pm-1.jpeg?resize=1050%2C473&amp;ssl=1 1050w, https:\/\/i0.wp.com\/www.entremundos.org\/revista\/wp-content\/uploads\/2024\/01\/whatsapp-image-2023-12-15-at-11.52.21-pm-1.jpeg?w=1600&amp;ssl=1 1600w, https:\/\/i0.wp.com\/www.entremundos.org\/revista\/wp-content\/uploads\/2024\/01\/whatsapp-image-2023-12-15-at-11.52.21-pm-1.jpeg?w=1280&amp;ssl=1 1280w\" sizes=\"auto, (max-width: 504px) 100vw, 504px\" \/><\/a><\/p>\n<p><b>Planificaci\u00f3n y cambios<\/b><\/p>\n<p><span style=\"font-weight: 400;\">Sin duda el crecimiento desordenado del \u00e1rea comercial de La Democracia es un factor complejo que afecta el espacio p\u00fablico del sector. Pero eso no se soluciona talando \u00e1rboles. Se necesitan planes y acciones concretas sobre c\u00f3mo se quiere ver a Quetzaltenango en el a\u00f1o 2050, en qu\u00e9 ciudad queremos vivir, c\u00f3mo vamos a asegurar el recurso h\u00eddrico para el crecimiento de la poblaci\u00f3n, c\u00f3mo vamos a solventar las necesidades de movilidad con un sistema de transporte p\u00fablico digno, c\u00f3mo vamos a gestionar los desechos, tener \u00e1reas comerciales dignas y m\u00e1s cobertura verde. Sin embargo, seguimos viendo autoridades anquilosadas en pr\u00e1cticas lamentables y viendo como la \u00fanica \u201cplanificaci\u00f3n\u201d es aquella centrada en obras grises.\u00a0\u00a0\u00a0<\/span><\/p>\n<p><span style=\"font-weight: 400;\">Como habitantes, los \u00e1rboles de la ciudad tienen necesidades. No son sujetos descartables. La manera en que tratamos a un \u00e1rbol define nuestra personalidad colectiva. La selecci\u00f3n, siembra y cuidados de los \u00e1rboles existentes refleja el trabajo de personas que buscaron hacer la vida urbana m\u00e1s amable. Un \u00e1rbol, al ser un habitante m\u00e1s y no una simple infraestructura, est\u00e1 vinculado a la comunidad y las personas tienen derecho a conocer los proyectos relacionados con el mismo. Sin embargo, la municipalidad no comunica, se insiste en un proceder violento, tanto desde el punto de vista ambiental como social al imponer acciones sin consenso ni consulta.\u00a0<\/span><\/p>\n<p><span style=\"font-weight: 400;\">Desde la perspectiva de Monterroso y muchas personas m\u00e1s, el parque Benito Ju\u00e1rez ha sido un jard\u00edn hist\u00f3rico, un paisaje de conservaci\u00f3n y un patrimonio natural. En un paisaje se reconoce la valoraci\u00f3n social, cultural y econ\u00f3mica de un \u00e1rbol.\u00a0 Un \u00e1rbol cumple funciones de regulaci\u00f3n t\u00e9rmica, filtraci\u00f3n de agua y mientras m\u00e1s diversidad de \u00e1rboles exista, sus aportes ser\u00e1n mayores. Aquellas ciudades con una paleta vegetal diversa se hacen m\u00e1s resilientes. No basta con llenar la ciudad de jacarandas o cipreses lim\u00f3n.<\/span><\/p>\n<p><span style=\"font-weight: 400;\">Conocer la historia natural de la ciudad significa ser consciente del aporte de las \u00e1reas verdes en los par\u00e1metros culturales, pol\u00edticos y urban\u00edsticos. Una sociedad que reconoce y protege sus bienes comunes naturales desde su presente est\u00e1 decidiendo su futuro, subraya Monterroso. Los cambios tienen que venir desde la ciudadan\u00eda y m\u00e1s personas capacitadas en la toma de decisiones y en las dependencias t\u00e9cnicas.<\/span><\/p>\n<p><span style=\"font-weight: 400;\">Los \u00e1rboles han evolucionado durante millones de a\u00f1os hasta alcanzar el aspecto y la funci\u00f3n reguladora que hoy conocemos. Los \u00e1rboles no pelean con la ciudad. La ciudad no debe pelear con los \u00e1rboles. La biodiversidad de una ciudad, los colores, movimientos, texturas y formas de sus habitantes naturales, no solo embellecen las rutinas de nuestras vidas, le dan al espacio la calidad de vida que merecemos. Por eso es necesario ser los principales promotores de su cuidado y protecci\u00f3n.<\/span><\/p>\n<p><em>Valeria Leiva es dise\u00f1adora, fot\u00f3grafa y artista visual. Desde 2017 impulsa fotomaiz, actualmente colabora con 01320 desde la curadur\u00eda, gesti\u00f3n y montaje de exposiciones<\/em><\/p>\n<p><a href=\"https:\/\/i0.wp.com\/www.entremundos.org\/revista\/wp-content\/uploads\/2024\/01\/whatsapp-image-2023-12-15-at-11.52.21-pm.jpeg?ssl=1\"><img data-recalc-dims=\"1\" loading=\"lazy\" decoding=\"async\" class=\" wp-image-11574 aligncenter\" src=\"https:\/\/i0.wp.com\/www.entremundos.org\/revista\/wp-content\/uploads\/2024\/01\/whatsapp-image-2023-12-15-at-11.52.21-pm.jpeg?resize=529%2C238&#038;ssl=1\" alt=\"\" width=\"529\" height=\"238\" srcset=\"https:\/\/i0.wp.com\/www.entremundos.org\/revista\/wp-content\/uploads\/2024\/01\/whatsapp-image-2023-12-15-at-11.52.21-pm.jpeg?resize=300%2C135&amp;ssl=1 300w, https:\/\/i0.wp.com\/www.entremundos.org\/revista\/wp-content\/uploads\/2024\/01\/whatsapp-image-2023-12-15-at-11.52.21-pm.jpeg?resize=1024%2C461&amp;ssl=1 1024w, https:\/\/i0.wp.com\/www.entremundos.org\/revista\/wp-content\/uploads\/2024\/01\/whatsapp-image-2023-12-15-at-11.52.21-pm.jpeg?resize=768%2C346&amp;ssl=1 768w, https:\/\/i0.wp.com\/www.entremundos.org\/revista\/wp-content\/uploads\/2024\/01\/whatsapp-image-2023-12-15-at-11.52.21-pm.jpeg?resize=1536%2C691&amp;ssl=1 1536w, https:\/\/i0.wp.com\/www.entremundos.org\/revista\/wp-content\/uploads\/2024\/01\/whatsapp-image-2023-12-15-at-11.52.21-pm.jpeg?resize=335%2C151&amp;ssl=1 335w, https:\/\/i0.wp.com\/www.entremundos.org\/revista\/wp-content\/uploads\/2024\/01\/whatsapp-image-2023-12-15-at-11.52.21-pm.jpeg?resize=1050%2C473&amp;ssl=1 1050w, https:\/\/i0.wp.com\/www.entremundos.org\/revista\/wp-content\/uploads\/2024\/01\/whatsapp-image-2023-12-15-at-11.52.21-pm.jpeg?w=1600&amp;ssl=1 1600w, https:\/\/i0.wp.com\/www.entremundos.org\/revista\/wp-content\/uploads\/2024\/01\/whatsapp-image-2023-12-15-at-11.52.21-pm.jpeg?w=1280&amp;ssl=1 1280w\" sizes=\"auto, (max-width: 529px) 100vw, 529px\" \/><\/a><\/p>\n","protected":false},"excerpt":{"rendered":"<p>POR VALERIA LEIVA La administraci\u00f3n municipal de Quetzaltenango orden\u00f3 la tala de \u00e1rboles en el parque de la zona 3 de la ciudad pero vecinos, comerciantes y expertos se manifestaron en contra de esta decisi\u00f3n.\u00a0 Cada ciudad constituye su propio ecosistema urbano y se suele pensar que en el ecosistema de una ciudad los humanos [&hellip;]<\/p>\n","protected":false},"author":1,"featured_media":11568,"comment_status":"closed","ping_status":"closed","sticky":false,"template":"","format":"standard","meta":{"_exactmetrics_skip_tracking":false,"_exactmetrics_sitenote_active":false,"_exactmetrics_sitenote_note":"","_exactmetrics_sitenote_category":0,"jetpack_post_was_ever_published":false,"_jetpack_newsletter_access":"","_jetpack_dont_email_post_to_subs":false,"_jetpack_newsletter_tier_id":0,"_jetpack_memberships_contains_paywalled_content":false,"_jetpack_memberships_contains_paid_content":false,"footnotes":""},"categories":[396,394,452,384,406],"tags":[3076,4549,639,4552,540,4546,4551,4547,4548,4550,4545],"class_list":["post-11590","post","type-post","status-publish","format-standard","has-post-thumbnail","hentry","category-bosques","category-cambio-climatico","category-frontpage","category-medio-ambiente","category-megaproyectos-2","tag-arboles","tag-area-verde","tag-biodiversidad","tag-ciudades-verdes","tag-ecologia","tag-gestion-de-riesgo","tag-ornamentacion","tag-parque","tag-planificacion","tag-sembrar-arboles","tag-vida-urbana"],"jetpack_featured_media_url":"https:\/\/i0.wp.com\/www.entremundos.org\/revista\/wp-content\/uploads\/2024\/01\/img_1121-1-scaled.jpg?fit=2560%2C1920&ssl=1","jetpack_shortlink":"https:\/\/wp.me\/p7ljt7-30W","jetpack-related-posts":[{"id":12999,"url":"https:\/\/www.entremundos.org\/revista\/politica\/romper-el-cemento\/","url_meta":{"origin":11590,"position":0},"title":"Romper el cemento","author":"EntreMundos","date":"23 julio, 2025","format":false,"excerpt":"By Valeria Leiva La recuperaci\u00f3n de espacios verdes en la ciudad de Quetzaltenango. La ciudad de Quetzaltenango, como muchos municipios, ha sido v\u00edctima de decisiones pol\u00edticas irresponsables que han afectado el bienestar colectivo. La tala de m\u00e1s de 400 \u00e1rboles sin un plan de transici\u00f3n a largo plazo dej\u00f3 a\u2026","rel":"","context":"En \u00abAccion Comunitaria\u00bb","block_context":{"text":"Accion Comunitaria","link":"https:\/\/www.entremundos.org\/revista\/category\/politica\/accion-comunitaria-3\/"},"img":{"alt_text":"","src":"https:\/\/i0.wp.com\/www.entremundos.org\/revista\/wp-content\/uploads\/2025\/07\/despues2.jpg?fit=1200%2C900&ssl=1&resize=350%2C200","width":350,"height":200,"srcset":"https:\/\/i0.wp.com\/www.entremundos.org\/revista\/wp-content\/uploads\/2025\/07\/despues2.jpg?fit=1200%2C900&ssl=1&resize=350%2C200 1x, https:\/\/i0.wp.com\/www.entremundos.org\/revista\/wp-content\/uploads\/2025\/07\/despues2.jpg?fit=1200%2C900&ssl=1&resize=525%2C300 1.5x, https:\/\/i0.wp.com\/www.entremundos.org\/revista\/wp-content\/uploads\/2025\/07\/despues2.jpg?fit=1200%2C900&ssl=1&resize=700%2C400 2x, https:\/\/i0.wp.com\/www.entremundos.org\/revista\/wp-content\/uploads\/2025\/07\/despues2.jpg?fit=1200%2C900&ssl=1&resize=1050%2C600 3x"},"classes":[]},{"id":13246,"url":"https:\/\/www.entremundos.org\/revista\/politica\/el-mundo-no-es-como-lo-imaginamos\/","url_meta":{"origin":11590,"position":1},"title":"El mundo no es como lo imaginamos","author":"EntreMundos","date":"17 septiembre, 2025","format":false,"excerpt":"Por Juan Jos\u00e9 Hurtado Paz y Paz \"Ojal\u00e1 viviera en la teor\u00eda, porque en teor\u00eda todo est\u00e1 bien\" \u00a0Cita atribuida a Quino (Joaqu\u00edn Salvador Lavado Tej\u00f3n), en boca de su personaje Mafalda\u00a0 Vivimos en un mundo injusto, desigual, que excluye a las mayor\u00edas de oportunidades y posibilidades, y que niega\u2026","rel":"","context":"En \u00abFrontPage\u00bb","block_context":{"text":"FrontPage","link":"https:\/\/www.entremundos.org\/revista\/category\/frontpage\/"},"img":{"alt_text":"","src":"https:\/\/i0.wp.com\/www.entremundos.org\/revista\/wp-content\/uploads\/2025\/09\/img86.jpg?fit=1200%2C683&ssl=1&resize=350%2C200","width":350,"height":200,"srcset":"https:\/\/i0.wp.com\/www.entremundos.org\/revista\/wp-content\/uploads\/2025\/09\/img86.jpg?fit=1200%2C683&ssl=1&resize=350%2C200 1x, https:\/\/i0.wp.com\/www.entremundos.org\/revista\/wp-content\/uploads\/2025\/09\/img86.jpg?fit=1200%2C683&ssl=1&resize=525%2C300 1.5x, https:\/\/i0.wp.com\/www.entremundos.org\/revista\/wp-content\/uploads\/2025\/09\/img86.jpg?fit=1200%2C683&ssl=1&resize=700%2C400 2x, https:\/\/i0.wp.com\/www.entremundos.org\/revista\/wp-content\/uploads\/2025\/09\/img86.jpg?fit=1200%2C683&ssl=1&resize=1050%2C600 3x"},"classes":[]},{"id":12038,"url":"https:\/\/www.entremundos.org\/revista\/politica\/quetzaltenango-500-anos-de-historia-desafios-y-esperanza\/","url_meta":{"origin":11590,"position":2},"title":"Quetzaltenango: 500 a\u00f1os de historia, desaf\u00edos y esperanza","author":"EntreMundos","date":"16 mayo, 2024","format":false,"excerpt":"POR SAMUEL ALVAREZ MORALES La historia de la ciudad se remonta a la \u00e9poca precolombina. Desde entonces, fue un importante centro comercial y cultural para la regi\u00f3n. Sus primeros habitantes fueron los Mam, quienes la llamar\u00edan Kulaja; los Quich\u00e9s la conquistaron y la nombraron Xelajuj No\u2019j. Finalmente, el 15 de\u2026","rel":"","context":"En \u00abFrontPage\u00bb","block_context":{"text":"FrontPage","link":"https:\/\/www.entremundos.org\/revista\/category\/frontpage\/"},"img":{"alt_text":"","src":"https:\/\/i0.wp.com\/www.entremundos.org\/revista\/wp-content\/uploads\/2024\/05\/whatsapp-image-2024-05-03-at-5.26.36-pm-scaled.jpeg?fit=632%2C1200&ssl=1&resize=350%2C200","width":350,"height":200,"srcset":"https:\/\/i0.wp.com\/www.entremundos.org\/revista\/wp-content\/uploads\/2024\/05\/whatsapp-image-2024-05-03-at-5.26.36-pm-scaled.jpeg?fit=632%2C1200&ssl=1&resize=350%2C200 1x, https:\/\/i0.wp.com\/www.entremundos.org\/revista\/wp-content\/uploads\/2024\/05\/whatsapp-image-2024-05-03-at-5.26.36-pm-scaled.jpeg?fit=632%2C1200&ssl=1&resize=525%2C300 1.5x"},"classes":[]},{"id":11083,"url":"https:\/\/www.entremundos.org\/revista\/medio-ambiente\/sin-abejas-no-hay-vida\/","url_meta":{"origin":11590,"position":3},"title":"Sin abejas no hay vida","author":"EntreMundos","date":"20 julio, 2023","format":false,"excerpt":"Ma\u00edz de Vida\u00a0 \u00bfSab\u00edas que a nivel global existen m\u00e1s de 20 mil especies de abejas? Su vida es fundamental para los ecosistemas y la producci\u00f3n de alimentos. Sab\u00edas que una abeja vive menos de 40 d\u00edas, visita al menos 1000 flores y produce menos de una cucharadita de miel,\u2026","rel":"","context":"En \u00abAccion Comunitaria\u00bb","block_context":{"text":"Accion Comunitaria","link":"https:\/\/www.entremundos.org\/revista\/category\/politica\/accion-comunitaria-3\/"},"img":{"alt_text":"","src":"https:\/\/i0.wp.com\/www.entremundos.org\/revista\/wp-content\/uploads\/2023\/07\/a6d4e38f-ec55-4772-bcd2-36fc346e048c-1.jpg?fit=901%2C1200&ssl=1&resize=350%2C200","width":350,"height":200,"srcset":"https:\/\/i0.wp.com\/www.entremundos.org\/revista\/wp-content\/uploads\/2023\/07\/a6d4e38f-ec55-4772-bcd2-36fc346e048c-1.jpg?fit=901%2C1200&ssl=1&resize=350%2C200 1x, https:\/\/i0.wp.com\/www.entremundos.org\/revista\/wp-content\/uploads\/2023\/07\/a6d4e38f-ec55-4772-bcd2-36fc346e048c-1.jpg?fit=901%2C1200&ssl=1&resize=525%2C300 1.5x, https:\/\/i0.wp.com\/www.entremundos.org\/revista\/wp-content\/uploads\/2023\/07\/a6d4e38f-ec55-4772-bcd2-36fc346e048c-1.jpg?fit=901%2C1200&ssl=1&resize=700%2C400 2x"},"classes":[]},{"id":12980,"url":"https:\/\/www.entremundos.org\/revista\/mujer\/el-otro-lado-del-viaje-sonado-detras-de-un-espacio-internacional\/","url_meta":{"origin":11590,"position":4},"title":"El otro lado del viaje so\u00f1ado; detr\u00e1s de un espacio internacional","author":"EntreMundos","date":"23 julio, 2025","format":false,"excerpt":"Por Adela Tuy Cuando la gente escucha \u2018Conferencias Internacionales\u2019 piensa en edificios lujosos, gente hablando en ingl\u00e9s, muchas fotos formales y muchos discursos bonitos; tambi\u00e9n en lo elegante de participar en una conferencia y ponerlo en tu curr\u00edculum vitae. Sin embargo, nadie les cuenta sobre lo que hay detr\u00e1s de\u2026","rel":"","context":"En \u00abCine\u00bb","block_context":{"text":"Cine","link":"https:\/\/www.entremundos.org\/revista\/category\/cine\/"},"img":{"alt_text":"","src":"https:\/\/i0.wp.com\/www.entremundos.org\/revista\/wp-content\/uploads\/2025\/07\/20241121_092407-143c-1.jpg?fit=1200%2C800&ssl=1&resize=350%2C200","width":350,"height":200,"srcset":"https:\/\/i0.wp.com\/www.entremundos.org\/revista\/wp-content\/uploads\/2025\/07\/20241121_092407-143c-1.jpg?fit=1200%2C800&ssl=1&resize=350%2C200 1x, https:\/\/i0.wp.com\/www.entremundos.org\/revista\/wp-content\/uploads\/2025\/07\/20241121_092407-143c-1.jpg?fit=1200%2C800&ssl=1&resize=525%2C300 1.5x, https:\/\/i0.wp.com\/www.entremundos.org\/revista\/wp-content\/uploads\/2025\/07\/20241121_092407-143c-1.jpg?fit=1200%2C800&ssl=1&resize=700%2C400 2x, https:\/\/i0.wp.com\/www.entremundos.org\/revista\/wp-content\/uploads\/2025\/07\/20241121_092407-143c-1.jpg?fit=1200%2C800&ssl=1&resize=1050%2C600 3x"},"classes":[]},{"id":12622,"url":"https:\/\/www.entremundos.org\/revista\/politica\/presupuesto-nacional-procesos-y-elementos-importantes\/","url_meta":{"origin":11590,"position":5},"title":"Presupuesto nacional; Procesos y elementos importantes","author":"EntreMundos","date":"16 enero, 2025","format":false,"excerpt":"POR YESSICA PASTOR El siguiente es un extracto de una de las conversaciones sostenidas dentro de la serie de encuentros virtuales sobre incidencia pol\u00edtica del Directorio Guatemala. A continuaci\u00f3n, la intervenci\u00f3n de Ricardo Barrientos, director ejecutivo del Instituto Centroamericano de Estudios Fiscales (ICEFI). \u00bfQu\u00e9 factores pol\u00edticos considera que influyeron en\u2026","rel":"","context":"En \u00abPol\u00edtica\u00bb","block_context":{"text":"Pol\u00edtica","link":"https:\/\/www.entremundos.org\/revista\/category\/politica\/"},"img":{"alt_text":"","src":"https:\/\/i0.wp.com\/www.entremundos.org\/revista\/wp-content\/uploads\/2025\/01\/minifi.jpg?fit=1200%2C900&ssl=1&resize=350%2C200","width":350,"height":200,"srcset":"https:\/\/i0.wp.com\/www.entremundos.org\/revista\/wp-content\/uploads\/2025\/01\/minifi.jpg?fit=1200%2C900&ssl=1&resize=350%2C200 1x, https:\/\/i0.wp.com\/www.entremundos.org\/revista\/wp-content\/uploads\/2025\/01\/minifi.jpg?fit=1200%2C900&ssl=1&resize=525%2C300 1.5x, https:\/\/i0.wp.com\/www.entremundos.org\/revista\/wp-content\/uploads\/2025\/01\/minifi.jpg?fit=1200%2C900&ssl=1&resize=700%2C400 2x, https:\/\/i0.wp.com\/www.entremundos.org\/revista\/wp-content\/uploads\/2025\/01\/minifi.jpg?fit=1200%2C900&ssl=1&resize=1050%2C600 3x"},"classes":[]}],"jetpack_sharing_enabled":true,"_links":{"self":[{"href":"https:\/\/www.entremundos.org\/revista\/wp-json\/wp\/v2\/posts\/11590","targetHints":{"allow":["GET"]}}],"collection":[{"href":"https:\/\/www.entremundos.org\/revista\/wp-json\/wp\/v2\/posts"}],"about":[{"href":"https:\/\/www.entremundos.org\/revista\/wp-json\/wp\/v2\/types\/post"}],"author":[{"embeddable":true,"href":"https:\/\/www.entremundos.org\/revista\/wp-json\/wp\/v2\/users\/1"}],"replies":[{"embeddable":true,"href":"https:\/\/www.entremundos.org\/revista\/wp-json\/wp\/v2\/comments?post=11590"}],"version-history":[{"count":3,"href":"https:\/\/www.entremundos.org\/revista\/wp-json\/wp\/v2\/posts\/11590\/revisions"}],"predecessor-version":[{"id":11604,"href":"https:\/\/www.entremundos.org\/revista\/wp-json\/wp\/v2\/posts\/11590\/revisions\/11604"}],"wp:featuredmedia":[{"embeddable":true,"href":"https:\/\/www.entremundos.org\/revista\/wp-json\/wp\/v2\/media\/11568"}],"wp:attachment":[{"href":"https:\/\/www.entremundos.org\/revista\/wp-json\/wp\/v2\/media?parent=11590"}],"wp:term":[{"taxonomy":"category","embeddable":true,"href":"https:\/\/www.entremundos.org\/revista\/wp-json\/wp\/v2\/categories?post=11590"},{"taxonomy":"post_tag","embeddable":true,"href":"https:\/\/www.entremundos.org\/revista\/wp-json\/wp\/v2\/tags?post=11590"}],"curies":[{"name":"wp","href":"https:\/\/api.w.org\/{rel}","templated":true}]}}