{"id":11595,"date":"2024-01-19T17:47:44","date_gmt":"2024-01-20T01:47:44","guid":{"rendered":"https:\/\/www.entremundos.org\/revista\/?p=11595"},"modified":"2024-01-19T17:47:44","modified_gmt":"2024-01-20T01:47:44","slug":"tres-retos-para-el-nuevo-gobierno","status":"publish","type":"post","link":"https:\/\/www.entremundos.org\/revista\/politica\/tres-retos-para-el-nuevo-gobierno\/","title":{"rendered":"Tres retos para el nuevo Gobierno"},"content":{"rendered":"<p><span style=\"font-weight: 400;\">POR FREDY PASTOR<\/span><\/p>\n<p><span style=\"font-weight: 400;\">Hace algunos a\u00f1os particip\u00e9 en un interesante taller sobre Pol\u00edticas P\u00fablicas y Desarrollo. La facilitadora del evento nos pregunt\u00f3 a los asistentes si sab\u00edamos que significaba \u201cel norte\u201d. Todos asentimos, era una pregunta sencilla. Luego, nos pidi\u00f3 que cerr\u00e1ramos los ojos y con la mano derecha se\u00f1alamos seg\u00fan nosotros, d\u00f3nde se ubicaba el norte. Esta parte fue la m\u00e1s dif\u00edcil. No todos est\u00e1bamos seguros de c\u00f3mo ubicarnos espacialmente o d\u00f3nde quedaba el norte seg\u00fan nuestra posici\u00f3n. Cuando abrimos los ojos \u2013a\u00fan con la mano de cada uno se\u00f1alando nuestro norte- unos se\u00f1alaban al frente, otros a la derecha, algunos a la izquierda, incluso algunos se\u00f1alaban hacia atr\u00e1s&#8230; \u201cEl desarrollo es similar a esto\u201d dijo la facilitadora. \u201cAunque tengamos el mismo concepto en la forma de llegar a el, es d\u00f3nde est\u00e1, donde tenemos diferencias\u201d, asever\u00f3.<\/span><\/p>\n<p><b>Reto 1<\/b><\/p>\n<p><span style=\"font-weight: 400;\">El 7 de diciembre se realiz\u00f3 en la ciudad de Guatemala la \u201cMarcha por la Democracia\u201d convocada por el binomio presidencial electo (Bernardo Ar\u00e9valo y Karin Herrera), Autoridades Ancestrales (de Totonicap\u00e1n, Quich\u00e9, Solol\u00e1, Izabal y Escuintla entre otros departamentos) y organizaciones de sociedad civil. Esto como parte del proceso de resistencia ante las cuestionables acciones del Ministerio P\u00fablico (MP), la Corte de Constitucionalidad (CC) y la Corte Suprema de Justicia (CSJ) y cierta facci\u00f3n del Organismo Judicial (OJ), en el marco de la transici\u00f3n de gobierno 2024-2028.<\/span><\/p>\n<p><span style=\"font-weight: 400;\">Durante esta marcha, tambi\u00e9n se hicieron presentes ex candidatos presidenciales como Edmond Mulet del partido Cabal; ex aspirantes a la presidencia, como Roberto Arz\u00fa y ex funcionarios p\u00fablicos como Ascisclo Valladares. La participaci\u00f3n de \u00e9stos \u00faltimos gener\u00f3 disgusto y controversia en algunos de los asistentes de la marcha, puesto que los calificaron de oportunistas y como representantes de la pol\u00edtica tradicional guatemalteca. Las redes sociales tambi\u00e9n se dividieron: mientras algunos calificaron de tibio -o incluso traidor- a Ar\u00e9valo por confluir y compartir palestra con personajes como Mulet, Arz\u00fa o Valladares, otros comentaron sobre la importancia de lograr una democracia para todos y lograr acuerdos entre los distintos sectores que configuran la sociedad guatemalteca en pos de la democracia. Ya anteriormente algunas acciones del presidente electo hab\u00edan sido cuestionadas, sobre todo en cuanto a los acercamientos que ha procurado con el Gobierno de Estados Unidos y con algunas c\u00e1maras empresariales guatemaltecas. La pregunta entonces es \u00bfcon qu\u00e9 sectores deber\u00eda buscarse consensos y con qu\u00e9 sectores no? \u00bfPuede hacerse un gobierno para todos y a la vez un gobierno que rompa con la pol\u00edtica tradicional?<\/span><\/p>\n<p><span style=\"font-weight: 400;\">La Constituci\u00f3n Pol\u00edtica de la Rep\u00fablica establece que el Presidente representa la unidad nacional. Esto es en principio algo bastante comprensible. Pero, en la medida en que se va analizando detalladamente c\u00f3mo se puede traducir a la realidad se presentan altas complejidades. En primer lugar, <\/span><i><span style=\"font-weight: 400;\">representar la unidad nacional<\/span><\/i><span style=\"font-weight: 400;\"> no se configura como una de las funciones presidenciales, sino que se considera un hecho; no consigna el verbo en futuro <\/span><i><span style=\"font-weight: 400;\">representar\u00e1<\/span><\/i><span style=\"font-weight: 400;\"> sino en presente: <\/span><i><span style=\"font-weight: 400;\">representa<\/span><\/i><span style=\"font-weight: 400;\">.\u00a0 Esto nos da una idea de que se da por sentado que ya existe una unidad nacional. Este es el primer desfase entre lo preceptuado en la ley y el contexto. Porque en el pa\u00eds no hay una sino m\u00faltiples realidades, algunas diametralmente opuestas e incluso en confrontaci\u00f3n con otras. Cada realidad est\u00e1 configurada por aspectos econ\u00f3micos, hist\u00f3ricos, culturales y \u00e9tnicos, entre otros.<\/span><\/p>\n<p><span style=\"font-weight: 400;\">Mientras que los t\u00e9rminos \u201cEstado\u201d y \u201cGobierno\u201d se refieren a las instituciones pol\u00edticas donde se concentra el \u201cpoder\u201d, el hablar de <\/span><i><span style=\"font-weight: 400;\">Naci\u00f3n<\/span><\/i><span style=\"font-weight: 400;\"> se refiere al plano de los ciudadanos, del pueblo. No s\u00f3lo del pueblo como origen del poder pol\u00edtico, sino el pueblo como conjunto de individuos unidos por unos rasgos y sentimientos comunes. Por ello, la construcci\u00f3n de una <\/span><i><span style=\"font-weight: 400;\">unidad nacional<\/span><\/i><span style=\"font-weight: 400;\"> requiere en principio del reconocimiento de las diferentes naciones que habitan el Estado Guatemalteco, no solamente en su existencia sino fundamentalmente en el co-gobierno con cada una de estas naciones, entendiendo que existen diversas perspectivas del Derecho y desarrollo igualmente v\u00e1lidas que las del modelo occidental actual. No se trata de poner un pueblo, una etnia o una naci\u00f3n sobre o contra otra; se trata de respetar la autodeterminaci\u00f3n de cada naci\u00f3n y lograr la armonizaci\u00f3n de las diversas perspectivas culturales. Este es entonces el primer reto del pr\u00f3ximo gobierno: lograr la pertenencia y participaci\u00f3n de las diversas naciones en un mismo Estado que garantice igualdad de Derechos y condiciones materiales.<\/span><\/p>\n<p><a href=\"https:\/\/i0.wp.com\/www.entremundos.org\/revista\/wp-content\/uploads\/2024\/01\/399714011_328744216441715_5840458220255504292_n.jpg?ssl=1\"><img data-recalc-dims=\"1\" loading=\"lazy\" decoding=\"async\" class=\"size-medium wp-image-11598 aligncenter\" src=\"https:\/\/i0.wp.com\/www.entremundos.org\/revista\/wp-content\/uploads\/2024\/01\/399714011_328744216441715_5840458220255504292_n.jpg?resize=300%2C300&#038;ssl=1\" alt=\"\" width=\"300\" height=\"300\" srcset=\"https:\/\/i0.wp.com\/www.entremundos.org\/revista\/wp-content\/uploads\/2024\/01\/399714011_328744216441715_5840458220255504292_n.jpg?resize=300%2C300&amp;ssl=1 300w, https:\/\/i0.wp.com\/www.entremundos.org\/revista\/wp-content\/uploads\/2024\/01\/399714011_328744216441715_5840458220255504292_n.jpg?resize=1024%2C1024&amp;ssl=1 1024w, https:\/\/i0.wp.com\/www.entremundos.org\/revista\/wp-content\/uploads\/2024\/01\/399714011_328744216441715_5840458220255504292_n.jpg?resize=150%2C150&amp;ssl=1 150w, https:\/\/i0.wp.com\/www.entremundos.org\/revista\/wp-content\/uploads\/2024\/01\/399714011_328744216441715_5840458220255504292_n.jpg?resize=768%2C768&amp;ssl=1 768w, https:\/\/i0.wp.com\/www.entremundos.org\/revista\/wp-content\/uploads\/2024\/01\/399714011_328744216441715_5840458220255504292_n.jpg?resize=335%2C335&amp;ssl=1 335w, https:\/\/i0.wp.com\/www.entremundos.org\/revista\/wp-content\/uploads\/2024\/01\/399714011_328744216441715_5840458220255504292_n.jpg?resize=1050%2C1050&amp;ssl=1 1050w, https:\/\/i0.wp.com\/www.entremundos.org\/revista\/wp-content\/uploads\/2024\/01\/399714011_328744216441715_5840458220255504292_n.jpg?w=1080&amp;ssl=1 1080w\" sizes=\"auto, (max-width: 300px) 100vw, 300px\" \/><\/a><\/p>\n<p><b>Reto 2<\/b><\/p>\n<p><span style=\"font-weight: 400;\">Por otra parte, la unidad nacional es imposible cuando existe tanta desigualdad material, cuando las condiciones para el desarrollo son tan dis\u00edmiles, pues s\u00ed un reducido grupo concentra los m\u00e1s altos ingresos, la mayor\u00eda de la sociedad estar\u00e1 en plena lucha por su supervivencia. Si bien es cierto que Guatemala ha logrado reducir sus \u00edndices de desigualdad econ\u00f3mica pasando de un 58.3 (en 1986) a un 48.3 (2014, \u00faltimo dato obtenido del Banco Mundial), nuestro pa\u00eds sigue siendo el segundo m\u00e1s desigual en Centroam\u00e9rica y el cuarto en Am\u00e9rica Latina. Este es entonces el segundo reto del pr\u00f3ximo gobierno: construir la unidad nacional desde la reducci\u00f3n de la desigualdad, logrando una recaudaci\u00f3n fiscal equitativa y proporcional, donde se eliminen los privilegios para los grupos que concentran la riqueza y se optimicen los recursos. La lucha contra la desigualdad no se trata \u2013como maliciosamente lo declaran algunos- de hacer pobre al rico, sino eliminar todo tipo de favoritismo fiscal a las grandes empresas y facilitar los procesos de productividad para los peque\u00f1os empresarios, para los ciudadanos de a pie, quienes somos la mayor\u00eda. Mientras menor sea la brecha de desigualdad, mayor unidad nacional se lograr\u00e1.<\/span><\/p>\n<p><a href=\"https:\/\/i0.wp.com\/www.entremundos.org\/revista\/wp-content\/uploads\/2024\/01\/396335976_18015137797930772_6642370202984385307_n.jpg?ssl=1\"><img data-recalc-dims=\"1\" loading=\"lazy\" decoding=\"async\" class=\"size-medium wp-image-11600 aligncenter\" src=\"https:\/\/i0.wp.com\/www.entremundos.org\/revista\/wp-content\/uploads\/2024\/01\/396335976_18015137797930772_6642370202984385307_n.jpg?resize=241%2C300&#038;ssl=1\" alt=\"\" width=\"241\" height=\"300\" srcset=\"https:\/\/i0.wp.com\/www.entremundos.org\/revista\/wp-content\/uploads\/2024\/01\/396335976_18015137797930772_6642370202984385307_n.jpg?resize=241%2C300&amp;ssl=1 241w, https:\/\/i0.wp.com\/www.entremundos.org\/revista\/wp-content\/uploads\/2024\/01\/396335976_18015137797930772_6642370202984385307_n.jpg?resize=821%2C1024&amp;ssl=1 821w, https:\/\/i0.wp.com\/www.entremundos.org\/revista\/wp-content\/uploads\/2024\/01\/396335976_18015137797930772_6642370202984385307_n.jpg?resize=768%2C957&amp;ssl=1 768w, https:\/\/i0.wp.com\/www.entremundos.org\/revista\/wp-content\/uploads\/2024\/01\/396335976_18015137797930772_6642370202984385307_n.jpg?resize=1232%2C1536&amp;ssl=1 1232w, https:\/\/i0.wp.com\/www.entremundos.org\/revista\/wp-content\/uploads\/2024\/01\/396335976_18015137797930772_6642370202984385307_n.jpg?resize=335%2C418&amp;ssl=1 335w, https:\/\/i0.wp.com\/www.entremundos.org\/revista\/wp-content\/uploads\/2024\/01\/396335976_18015137797930772_6642370202984385307_n.jpg?resize=1050%2C1309&amp;ssl=1 1050w, https:\/\/i0.wp.com\/www.entremundos.org\/revista\/wp-content\/uploads\/2024\/01\/396335976_18015137797930772_6642370202984385307_n.jpg?w=1440&amp;ssl=1 1440w\" sizes=\"auto, (max-width: 241px) 100vw, 241px\" \/><\/a><\/p>\n<p><b>Reto 3<\/b><\/p>\n<p><span style=\"font-weight: 400;\">Es en cuanto al liderazgo que debe de representar a nivel estatal. El Presidente de la Rep\u00fablica, como todo servidor p\u00fablico de alta jerarqu\u00eda, tiene dos tareas importantes que se conjugan en el quehacer de sus funciones pero se diferencian en cuanto al campo de an\u00e1lisis: la funci\u00f3n administrativa y la funci\u00f3n pol\u00edtica. En cuanto a la administrativa debe liderar el an\u00e1lisis, planificaci\u00f3n, presupuesto, ejecuci\u00f3n y evaluaci\u00f3n de los programas de servicios p\u00fablicos (educaci\u00f3n, salud, cultura, etc.) para los habitantes. Esto se refleja en el uso eficiente, eficaz, pertinente y responsable de los recursos p\u00fablicos. Pero tambi\u00e9n es el <\/span><i><span style=\"font-weight: 400;\">Jefe del Estado<\/span><\/i><span style=\"font-weight: 400;\"> de Guatemala. Esta es la funci\u00f3n pol\u00edtica; lograr que todas y todos los ciudadanos se sientan identificados y esperanzados con el rumbo que est\u00e1 tomando el pa\u00eds al proporcionar directrices claras y respaldar estas con acciones claves y contundentes. Ni el presidente del Organismo Judicial, ni el Organismo Legislativo tienen tanta influencia en el imaginario popular como lo tiene el Presidente del Organismo Ejecutivo. La vara est\u00e1 bastante baja. Para el segundo a\u00f1o de gesti\u00f3n, seg\u00fan la empresa\u00a0 CID-Gallup (agosto 2021) Alejandro Giammattei apenas ten\u00eda un 21% de aprobaci\u00f3n y el 79% de los guatemaltecos estaba ya decepcionado de \u00e9l. S\u00ed Ar\u00e9valo y Herrera logran mantener un m\u00ednimo de coherencia entre su discurso y sus acciones, es probable que logren un porcentaje mayor a esto.<\/span><\/p>\n<p><a href=\"https:\/\/i0.wp.com\/www.entremundos.org\/revista\/wp-content\/uploads\/2024\/01\/392875686_318391744143629_8513117257772166550_n.jpg?ssl=1\"><img data-recalc-dims=\"1\" loading=\"lazy\" decoding=\"async\" class=\"size-medium wp-image-11596 aligncenter\" src=\"https:\/\/i0.wp.com\/www.entremundos.org\/revista\/wp-content\/uploads\/2024\/01\/392875686_318391744143629_8513117257772166550_n.jpg?resize=300%2C200&#038;ssl=1\" alt=\"\" width=\"300\" height=\"200\" srcset=\"https:\/\/i0.wp.com\/www.entremundos.org\/revista\/wp-content\/uploads\/2024\/01\/392875686_318391744143629_8513117257772166550_n.jpg?resize=300%2C200&amp;ssl=1 300w, https:\/\/i0.wp.com\/www.entremundos.org\/revista\/wp-content\/uploads\/2024\/01\/392875686_318391744143629_8513117257772166550_n.jpg?resize=1024%2C684&amp;ssl=1 1024w, https:\/\/i0.wp.com\/www.entremundos.org\/revista\/wp-content\/uploads\/2024\/01\/392875686_318391744143629_8513117257772166550_n.jpg?resize=768%2C513&amp;ssl=1 768w, https:\/\/i0.wp.com\/www.entremundos.org\/revista\/wp-content\/uploads\/2024\/01\/392875686_318391744143629_8513117257772166550_n.jpg?resize=335%2C224&amp;ssl=1 335w, https:\/\/i0.wp.com\/www.entremundos.org\/revista\/wp-content\/uploads\/2024\/01\/392875686_318391744143629_8513117257772166550_n.jpg?resize=1050%2C702&amp;ssl=1 1050w, https:\/\/i0.wp.com\/www.entremundos.org\/revista\/wp-content\/uploads\/2024\/01\/392875686_318391744143629_8513117257772166550_n.jpg?w=1079&amp;ssl=1 1079w\" sizes=\"auto, (max-width: 300px) 100vw, 300px\" \/><\/a><\/p>\n<p><span style=\"font-weight: 400;\">El 8 de diciembre, el MP en una poco fundamentada \u201cinvestigaci\u00f3n\u201d, imput\u00f3 la nulidad de elecciones de presidente, vicepresidente, diputados y alcaldes, dejando en duda el futuro democr\u00e1tico del pa\u00eds. Si bien es cierto que no existe certeza de que Bernardo Ar\u00e9valo y Karin Herrera vayan a hacer un buen gobierno, es importante recordar que el respeto a la voluntad popular \u2013correcta o incorrecta- es principio fundamental de la democracia. Y que los retos que tiene un pa\u00eds no son una petici\u00f3n m\u00e1gica a cumplir todos los d\u00edas, sino una exigencia constante que debe ser recordada cotidianamente y atendida diariamente por las autoridades. Solo as\u00ed se lograr\u00e1 un puente democr\u00e1tico para el desarrollo.<\/span><\/p>\n<p><span style=\"font-weight: 400;\"><em>Fredy Pastor. Consultor en Derechos Humanos, Pol\u00edticas P\u00fablicas y Educaci\u00f3n Popular. Estudiante de Ciencias Jur\u00eddicas y Sociales<\/em>.<\/span><\/p>\n<p>&nbsp;<\/p>\n","protected":false},"excerpt":{"rendered":"<p>POR FREDY PASTOR Hace algunos a\u00f1os particip\u00e9 en un interesante taller sobre Pol\u00edticas P\u00fablicas y Desarrollo. La facilitadora del evento nos pregunt\u00f3 a los asistentes si sab\u00edamos que significaba \u201cel norte\u201d. Todos asentimos, era una pregunta sencilla. Luego, nos pidi\u00f3 que cerr\u00e1ramos los ojos y con la mano derecha se\u00f1alamos seg\u00fan nosotros, d\u00f3nde se ubicaba [&hellip;]<\/p>\n","protected":false},"author":1,"featured_media":11550,"comment_status":"closed","ping_status":"closed","sticky":false,"template":"","format":"standard","meta":{"_exactmetrics_skip_tracking":false,"_exactmetrics_sitenote_active":false,"_exactmetrics_sitenote_note":"","_exactmetrics_sitenote_category":0,"jetpack_post_was_ever_published":false,"_jetpack_newsletter_access":"","_jetpack_dont_email_post_to_subs":false,"_jetpack_newsletter_tier_id":0,"_jetpack_memberships_contains_paywalled_content":false,"_jetpack_memberships_contains_paid_content":false,"footnotes":""},"categories":[452,439,386,378,1772],"tags":[4567,813,4387,47,4122,4568,4563,4565,976,4562,4564,4566],"class_list":["post-11595","post","type-post","status-publish","format-standard","has-post-thumbnail","hentry","category-frontpage","category-juventud","category-mujer","category-politica","category-situacion-social","tag-cooptacion-del-estado","tag-corrupcion","tag-corruptos","tag-derechos-humanos","tag-desarrollo-2","tag-funcion-publica","tag-funcionarios","tag-gobiernos","tag-impunidad","tag-nuevo-gobierno","tag-politica-tradicional","tag-unidad-nacional"],"jetpack_featured_media_url":"https:\/\/i0.wp.com\/www.entremundos.org\/revista\/wp-content\/uploads\/2024\/01\/366369274_280196074629863_3209473277002308910_n.jpg?fit=960%2C720&ssl=1","jetpack_shortlink":"https:\/\/wp.me\/p7ljt7-311","jetpack-related-posts":[{"id":11617,"url":"https:\/\/www.entremundos.org\/revista\/mujer\/la-cultura-es-lo-que-en-la-muerte-continua-siendo-la-vida\/","url_meta":{"origin":11595,"position":0},"title":"\u201cLa Cultura es lo que, en la muerte, contin\u00faa siendo la vida\u201d","author":"EntreMundos","date":"19 enero, 2024","format":false,"excerpt":"POR PATRICIA MIRALB\u00c9S \u00bfTe has preguntado alguna vez por qu\u00e9 un grupo social se comporta de cierta manera? \u00bfDe d\u00f3nde vienen las creencias que te inculcan desde peque\u00f1o? Todo esto tiene que ver con la cultura del lugar en donde vivimos. La cultura es la base de la construcci\u00f3n de\u2026","rel":"","context":"En \u00abCultura\u00bb","block_context":{"text":"Cultura","link":"https:\/\/www.entremundos.org\/revista\/category\/cultura\/"},"img":{"alt_text":"","src":"https:\/\/i0.wp.com\/www.entremundos.org\/revista\/wp-content\/uploads\/2024\/01\/whatsapp-image-2023-12-13-at-6.59.10-pm-1.jpeg?fit=1200%2C800&ssl=1&resize=350%2C200","width":350,"height":200,"srcset":"https:\/\/i0.wp.com\/www.entremundos.org\/revista\/wp-content\/uploads\/2024\/01\/whatsapp-image-2023-12-13-at-6.59.10-pm-1.jpeg?fit=1200%2C800&ssl=1&resize=350%2C200 1x, https:\/\/i0.wp.com\/www.entremundos.org\/revista\/wp-content\/uploads\/2024\/01\/whatsapp-image-2023-12-13-at-6.59.10-pm-1.jpeg?fit=1200%2C800&ssl=1&resize=525%2C300 1.5x, https:\/\/i0.wp.com\/www.entremundos.org\/revista\/wp-content\/uploads\/2024\/01\/whatsapp-image-2023-12-13-at-6.59.10-pm-1.jpeg?fit=1200%2C800&ssl=1&resize=700%2C400 2x, https:\/\/i0.wp.com\/www.entremundos.org\/revista\/wp-content\/uploads\/2024\/01\/whatsapp-image-2023-12-13-at-6.59.10-pm-1.jpeg?fit=1200%2C800&ssl=1&resize=1050%2C600 3x"},"classes":[]},{"id":13646,"url":"https:\/\/www.entremundos.org\/revista\/politica\/14-horas-en-la-emergencia-del-san-juan\/","url_meta":{"origin":11595,"position":1},"title":"14 Horas en la emergencia del San Juan","author":"EntreMundos","date":"4 abril, 2026","format":false,"excerpt":"POR JOS\u00c9 RUB\u00c9N ZAMORA A continuaci\u00f3n, un relato vivido el lunes 30 de diciembre de 2025, el experimentado y eficaz m\u00e9dico de Mariscal Zavala y Matamoros tuvo la deferencia de pasar a visitarme y preguntar por mi salud. A grandes rasgos le describ\u00ed la evoluci\u00f3n de mis achaques y c\u00f3mo\u2026","rel":"","context":"En \u00abFrontPage\u00bb","block_context":{"text":"FrontPage","link":"https:\/\/www.entremundos.org\/revista\/category\/frontpage\/"},"img":{"alt_text":"","src":"https:\/\/i0.wp.com\/www.entremundos.org\/revista\/wp-content\/uploads\/2026\/03\/634915345_122122712199038307_404958608411572897_n.jpg?fit=1200%2C802&ssl=1&resize=350%2C200","width":350,"height":200,"srcset":"https:\/\/i0.wp.com\/www.entremundos.org\/revista\/wp-content\/uploads\/2026\/03\/634915345_122122712199038307_404958608411572897_n.jpg?fit=1200%2C802&ssl=1&resize=350%2C200 1x, https:\/\/i0.wp.com\/www.entremundos.org\/revista\/wp-content\/uploads\/2026\/03\/634915345_122122712199038307_404958608411572897_n.jpg?fit=1200%2C802&ssl=1&resize=525%2C300 1.5x, https:\/\/i0.wp.com\/www.entremundos.org\/revista\/wp-content\/uploads\/2026\/03\/634915345_122122712199038307_404958608411572897_n.jpg?fit=1200%2C802&ssl=1&resize=700%2C400 2x, https:\/\/i0.wp.com\/www.entremundos.org\/revista\/wp-content\/uploads\/2026\/03\/634915345_122122712199038307_404958608411572897_n.jpg?fit=1200%2C802&ssl=1&resize=1050%2C600 3x"},"classes":[]},{"id":12734,"url":"https:\/\/www.entremundos.org\/revista\/politica\/deportacion-desinformacion-y-desafio-el-impacto-global-de-la-agenda-migratoria-de-trump\/","url_meta":{"origin":11595,"position":2},"title":"Deportaci\u00f3n, desinformaci\u00f3n y desaf\u00edo: El impacto global de la agenda migratoria de Trump","author":"EntreMundos","date":"17 marzo, 2025","format":false,"excerpt":"POR PATRICIA SCHWARTZ Unas 60 personas se sientan en un c\u00edrculo de sillas plegables un jueves por la noche en Tucson, Arizona, una ciudad estadounidense a una hora de la frontera con M\u00e9xico. La reuni\u00f3n semanal de la Coalici\u00f3n de Derechos Humanos se lleva a cabo en gran parte, en\u2026","rel":"","context":"En \u00abFrontPage\u00bb","block_context":{"text":"FrontPage","link":"https:\/\/www.entremundos.org\/revista\/category\/frontpage\/"},"img":{"alt_text":"","src":"https:\/\/i0.wp.com\/www.entremundos.org\/revista\/wp-content\/uploads\/2025\/03\/475088469_3067398756762538_3045668992826805668_n.jpg?fit=1100%2C666&ssl=1&resize=350%2C200","width":350,"height":200,"srcset":"https:\/\/i0.wp.com\/www.entremundos.org\/revista\/wp-content\/uploads\/2025\/03\/475088469_3067398756762538_3045668992826805668_n.jpg?fit=1100%2C666&ssl=1&resize=350%2C200 1x, https:\/\/i0.wp.com\/www.entremundos.org\/revista\/wp-content\/uploads\/2025\/03\/475088469_3067398756762538_3045668992826805668_n.jpg?fit=1100%2C666&ssl=1&resize=525%2C300 1.5x, https:\/\/i0.wp.com\/www.entremundos.org\/revista\/wp-content\/uploads\/2025\/03\/475088469_3067398756762538_3045668992826805668_n.jpg?fit=1100%2C666&ssl=1&resize=700%2C400 2x, https:\/\/i0.wp.com\/www.entremundos.org\/revista\/wp-content\/uploads\/2025\/03\/475088469_3067398756762538_3045668992826805668_n.jpg?fit=1100%2C666&ssl=1&resize=1050%2C600 3x"},"classes":[]},{"id":10580,"url":"https:\/\/www.entremundos.org\/revista\/politica\/desalojos-aumentan-durante-el-gobierno-de-alejandro-giammattei\/","url_meta":{"origin":11595,"position":3},"title":"Desalojos aumentan durante el gobierno de Alejandro Giammattei","author":"EntreMundos","date":"8 marzo, 2023","format":false,"excerpt":"Por Gilberto Escobar\u00a0 En Guatemala, durante los \u00faltimos a\u00f1os, los desalojos han ido en aumento y se han dado en dos modalidades: los desalojos legales que tienen una orden judicial y los extrajudiciales, los que\u00a0 no van acompa\u00f1ados de ninguna orden de un juez y que ocurren\u00a0 en horas de\u2026","rel":"","context":"En \u00abBosques\u00bb","block_context":{"text":"Bosques","link":"https:\/\/www.entremundos.org\/revista\/category\/medio-ambiente\/bosques\/"},"img":{"alt_text":"","src":"https:\/\/i0.wp.com\/www.entremundos.org\/revista\/wp-content\/uploads\/2023\/03\/portada.jpg?fit=1024%2C768&ssl=1&resize=350%2C200","width":350,"height":200,"srcset":"https:\/\/i0.wp.com\/www.entremundos.org\/revista\/wp-content\/uploads\/2023\/03\/portada.jpg?fit=1024%2C768&ssl=1&resize=350%2C200 1x, https:\/\/i0.wp.com\/www.entremundos.org\/revista\/wp-content\/uploads\/2023\/03\/portada.jpg?fit=1024%2C768&ssl=1&resize=525%2C300 1.5x, https:\/\/i0.wp.com\/www.entremundos.org\/revista\/wp-content\/uploads\/2023\/03\/portada.jpg?fit=1024%2C768&ssl=1&resize=700%2C400 2x"},"classes":[]},{"id":11407,"url":"https:\/\/www.entremundos.org\/revista\/politica\/del-papel-a-la-pantalla\/","url_meta":{"origin":11595,"position":4},"title":"Del papel a la pantalla","author":"EntreMundos","date":"10 noviembre, 2023","format":false,"excerpt":"POR EMMA G\u00d3MEZ Dos pa\u00edses golpeados por la corrupci\u00f3n, violaci\u00f3n de los derechos humanos, injusticias, persecuciones y despojos, por mencionar algunos de los males que tienen en com\u00fan Guatemala y El Salvador. El proyecto, Del Papel a la Pantalla, presenta dos propuestas visuales para reflexionar sobre la educaci\u00f3n sexual y\u2026","rel":"","context":"En \u00abAccion Comunitaria\u00bb","block_context":{"text":"Accion Comunitaria","link":"https:\/\/www.entremundos.org\/revista\/category\/politica\/accion-comunitaria-3\/"},"img":{"alt_text":"","src":"https:\/\/i0.wp.com\/www.entremundos.org\/revista\/wp-content\/uploads\/2023\/11\/whatsapp-image-2023-10-23-at-9.54.45-am-2.jpeg?fit=1200%2C800&ssl=1&resize=350%2C200","width":350,"height":200,"srcset":"https:\/\/i0.wp.com\/www.entremundos.org\/revista\/wp-content\/uploads\/2023\/11\/whatsapp-image-2023-10-23-at-9.54.45-am-2.jpeg?fit=1200%2C800&ssl=1&resize=350%2C200 1x, https:\/\/i0.wp.com\/www.entremundos.org\/revista\/wp-content\/uploads\/2023\/11\/whatsapp-image-2023-10-23-at-9.54.45-am-2.jpeg?fit=1200%2C800&ssl=1&resize=525%2C300 1.5x, https:\/\/i0.wp.com\/www.entremundos.org\/revista\/wp-content\/uploads\/2023\/11\/whatsapp-image-2023-10-23-at-9.54.45-am-2.jpeg?fit=1200%2C800&ssl=1&resize=700%2C400 2x, https:\/\/i0.wp.com\/www.entremundos.org\/revista\/wp-content\/uploads\/2023\/11\/whatsapp-image-2023-10-23-at-9.54.45-am-2.jpeg?fit=1200%2C800&ssl=1&resize=1050%2C600 3x"},"classes":[]},{"id":12038,"url":"https:\/\/www.entremundos.org\/revista\/politica\/quetzaltenango-500-anos-de-historia-desafios-y-esperanza\/","url_meta":{"origin":11595,"position":5},"title":"Quetzaltenango: 500 a\u00f1os de historia, desaf\u00edos y esperanza","author":"EntreMundos","date":"16 mayo, 2024","format":false,"excerpt":"POR SAMUEL ALVAREZ MORALES La historia de la ciudad se remonta a la \u00e9poca precolombina. Desde entonces, fue un importante centro comercial y cultural para la regi\u00f3n. Sus primeros habitantes fueron los Mam, quienes la llamar\u00edan Kulaja; los Quich\u00e9s la conquistaron y la nombraron Xelajuj No\u2019j. Finalmente, el 15 de\u2026","rel":"","context":"En \u00abFrontPage\u00bb","block_context":{"text":"FrontPage","link":"https:\/\/www.entremundos.org\/revista\/category\/frontpage\/"},"img":{"alt_text":"","src":"https:\/\/i0.wp.com\/www.entremundos.org\/revista\/wp-content\/uploads\/2024\/05\/whatsapp-image-2024-05-03-at-5.26.36-pm-scaled.jpeg?fit=632%2C1200&ssl=1&resize=350%2C200","width":350,"height":200,"srcset":"https:\/\/i0.wp.com\/www.entremundos.org\/revista\/wp-content\/uploads\/2024\/05\/whatsapp-image-2024-05-03-at-5.26.36-pm-scaled.jpeg?fit=632%2C1200&ssl=1&resize=350%2C200 1x, https:\/\/i0.wp.com\/www.entremundos.org\/revista\/wp-content\/uploads\/2024\/05\/whatsapp-image-2024-05-03-at-5.26.36-pm-scaled.jpeg?fit=632%2C1200&ssl=1&resize=525%2C300 1.5x"},"classes":[]}],"jetpack_sharing_enabled":true,"_links":{"self":[{"href":"https:\/\/www.entremundos.org\/revista\/wp-json\/wp\/v2\/posts\/11595","targetHints":{"allow":["GET"]}}],"collection":[{"href":"https:\/\/www.entremundos.org\/revista\/wp-json\/wp\/v2\/posts"}],"about":[{"href":"https:\/\/www.entremundos.org\/revista\/wp-json\/wp\/v2\/types\/post"}],"author":[{"embeddable":true,"href":"https:\/\/www.entremundos.org\/revista\/wp-json\/wp\/v2\/users\/1"}],"replies":[{"embeddable":true,"href":"https:\/\/www.entremundos.org\/revista\/wp-json\/wp\/v2\/comments?post=11595"}],"version-history":[{"count":1,"href":"https:\/\/www.entremundos.org\/revista\/wp-json\/wp\/v2\/posts\/11595\/revisions"}],"predecessor-version":[{"id":11602,"href":"https:\/\/www.entremundos.org\/revista\/wp-json\/wp\/v2\/posts\/11595\/revisions\/11602"}],"wp:featuredmedia":[{"embeddable":true,"href":"https:\/\/www.entremundos.org\/revista\/wp-json\/wp\/v2\/media\/11550"}],"wp:attachment":[{"href":"https:\/\/www.entremundos.org\/revista\/wp-json\/wp\/v2\/media?parent=11595"}],"wp:term":[{"taxonomy":"category","embeddable":true,"href":"https:\/\/www.entremundos.org\/revista\/wp-json\/wp\/v2\/categories?post=11595"},{"taxonomy":"post_tag","embeddable":true,"href":"https:\/\/www.entremundos.org\/revista\/wp-json\/wp\/v2\/tags?post=11595"}],"curies":[{"name":"wp","href":"https:\/\/api.w.org\/{rel}","templated":true}]}}