{"id":11669,"date":"2024-01-25T09:47:18","date_gmt":"2024-01-25T17:47:18","guid":{"rendered":"https:\/\/www.entremundos.org\/revista\/?p=11669"},"modified":"2024-07-10T07:10:23","modified_gmt":"2024-07-10T15:10:23","slug":"turismo-comunitario-para-la-conservacion-ambiental","status":"publish","type":"post","link":"https:\/\/www.entremundos.org\/revista\/frontpage\/turismo-comunitario-para-la-conservacion-ambiental\/","title":{"rendered":"Turismo comunitario para la conservaci\u00f3n ambiental"},"content":{"rendered":"<p><span style=\"font-weight: 400;\">POR JOS\u00c9 ALEJANDRO SOSA<\/span><\/p>\n<p><span style=\"font-weight: 400;\">El turismo comunitario en s\u00ed es una estrategia para poder realizar acciones de conservaci\u00f3n, porque estas acciones alternativas generan beneficios para los recursos naturales, para la biodiversidad y para la sostenibilidad econ\u00f3mica de los proyectos de ecoturismo en la regi\u00f3n. Por eso, es\u00a0 importante fortalecer estas iniciativas, as\u00ed como las capacidades de los grupos comunitarios organizados, municipalidades y otros grupos de inter\u00e9s que ejecutan proyectos de conservaci\u00f3n, restauraci\u00f3n y rehabilitaci\u00f3n de ecosistemas, para que conozcan las bases y lineamientos b\u00e1sicos en cuanto a la gesti\u00f3n del turismo comunitario sostenible.<\/span><\/p>\n<p><span style=\"font-weight: 400;\">En un curso organizado por ENTREMUNDOS e impartido a personal de organizaciones sin fines de lucro, se comparti\u00f3 informaci\u00f3n importante sobre la caracterizaci\u00f3n del desarrollo econ\u00f3mico y las potencialidades de la conservaci\u00f3n, cadenas de valor y algunas t\u00e9cnicas de restauraci\u00f3n de ecosistemas como el monitoreo biol\u00f3gico, la capacidad de carga, el manejo de desechos s\u00f3lidos y el rol de la poblaci\u00f3n en todos estos procesos. Esto se hizo con el objetivo de\u00a0 fortalecer las capacidades t\u00e9cnicas de las comunidades y los grupos organizados en cuanto a la gesti\u00f3n del turismo comunitario responsable y sostenible, para el desarrollo evolutivo del turismo en las comunidades; y sobre todo, para la protecci\u00f3n, restauraci\u00f3n y preservaci\u00f3n de los recursos naturales y\u00a0 los medios de vida en las regiones.\u00a0<\/span><\/p>\n<p><span style=\"font-weight: 400;\">En el desarrollo de este curso, se conocieron algunas propuestas para generar cambios sist\u00e9micos, sostenibles y escalables para proyectos tur\u00edsticos surgidos y administrados a nivel de comunidad. En este sentido, la documentaci\u00f3n, sistematizaci\u00f3n y difusi\u00f3n de modelos y lecciones aprendidas fue una actividad importante para alcanzar el objetivo, que es cuidar el medio ambiente.<\/span><\/p>\n<p><span style=\"font-weight: 400;\">Por eso la importancia de que todo proyecto tur\u00edstico comunitario debe conocer las potencialidades de su territorio, para as\u00ed alcanzar un desarrollo econ\u00f3mico; valorando la diversidad biol\u00f3gica, el ecosistema y reconociendo la necesidad de conservar estos elementos en la regi\u00f3n. La implementaci\u00f3n de acciones como las t\u00e9cnicas de monitoreo de flora y fauna, el an\u00e1lisis sobre el n\u00famero m\u00e1ximo de visitantes, el an\u00e1lisis de cadenas de valor son aspectos que contribuyen a tener una mejor gesti\u00f3n, manejo y protecci\u00f3n de un \u00e1rea determinada. Adem\u00e1s, estas acciones junto con el reconocimiento de las directrices b\u00e1sicas para la elaboraci\u00f3n de proyectos, permiten a las organizaciones tener m\u00e1s oportunidades de conectar con potenciales donantes y gestionar fondos que apoyen la sostenibilidad de su proyecto.\u00a0<\/span><\/p>\n<p><span style=\"font-weight: 400;\">Actualmente algunas organizaciones no lucrativas trabajan en conjunto con otras entidades estatales o privadas que apoyan el turismo para realizar acciones de conservaci\u00f3n y restauraci\u00f3n de ecosistemas en \u00e1reas priorizadas, entre estas est\u00e1n; el Comit\u00e9 de Autogesti\u00f3n Tur\u00edstica (CAT), el Consejo Nacional de \u00c1reas Protegidas (CONAP), el Instituto Nacional de Bosques (INAB) y el Instituto Guatemalteco de Turismo (INGUAT).\u00a0<\/span><\/p>\n<p><span style=\"font-weight: 400;\">Por \u00faltimo, se debe resaltar que todas estas acciones deben ir encaminadas a la reducci\u00f3n de los impactos negativos para el medio ambiente. Lo que se busca, es que sea un turismo respetuoso con el ecosistema, con un m\u00ednimo impacto sobre el entorno natural y la cultura local, sin que esto impida generar empleo e ingresos a la comunidad.<\/span><\/p>\n<p><em><span style=\"font-weight: 400;\">Jos\u00e9 Alejandro Sosa Cuellar es Ingeniero Agr\u00f3nomo; especializado en manejo de recursos naturales y biodiversidad. Adem\u00e1s es Regente Forestal, Instructor de Bomberos Forestales e Instructor en prevenci\u00f3n de incendios forestales.<\/span><\/em><\/p>\n<p>&nbsp;<\/p>\n","protected":false},"excerpt":{"rendered":"<p>POR JOS\u00c9 ALEJANDRO SOSA El turismo comunitario en s\u00ed es una estrategia para poder realizar acciones de conservaci\u00f3n, porque estas acciones alternativas generan beneficios para los recursos naturales, para la biodiversidad y para la sostenibilidad econ\u00f3mica de los proyectos de ecoturismo en la regi\u00f3n. Por eso, es\u00a0 importante fortalecer estas iniciativas, as\u00ed como las capacidades [&hellip;]<\/p>\n","protected":false},"author":1,"featured_media":11546,"comment_status":"closed","ping_status":"closed","sticky":false,"template":"","format":"standard","meta":{"_exactmetrics_skip_tracking":false,"_exactmetrics_sitenote_active":false,"_exactmetrics_sitenote_note":"","_exactmetrics_sitenote_category":0,"jetpack_post_was_ever_published":false,"_jetpack_newsletter_access":"","_jetpack_dont_email_post_to_subs":false,"_jetpack_newsletter_tier_id":0,"_jetpack_memberships_contains_paywalled_content":false,"_jetpack_memberships_contains_paid_content":false,"footnotes":""},"categories":[452,1408,3974],"tags":[4611,4055,4537,1728,1303,4536,4182,497,4058],"class_list":["post-11669","post","type-post","status-publish","format-standard","has-post-thumbnail","hentry","category-frontpage","category-guia-xela","category-turismo-comunitario","tag-areas-protegidas","tag-aviturismo","tag-bienes-naturales","tag-bosques","tag-proyectos-comunitarios","tag-senderos","tag-sostenibilidad","tag-turismo-comunitario","tag-turismo-en-guatemala"],"jetpack_featured_media_url":"https:\/\/i0.wp.com\/www.entremundos.org\/revista\/wp-content\/uploads\/2024\/01\/20230615_074119-scaled.jpg?fit=2560%2C1152&ssl=1","jetpack_shortlink":"https:\/\/wp.me\/p7ljt7-32d","jetpack-related-posts":[{"id":11500,"url":"https:\/\/www.entremundos.org\/revista\/frontpage\/desarrollo-y-turismo-comunitario\/","url_meta":{"origin":11669,"position":0},"title":"Desarrollo y turismo comunitario","author":"EntreMundos","date":"11 diciembre, 2023","format":false,"excerpt":"POR ADAFIS Y ASODIL\u00a0 En Guatemala se pueden disfrutar de experiencias inolvidables en cada recorrido que se haga en el pa\u00eds; pues \u00e9ste es de los pa\u00edses con mayores atractivos naturales en Centroam\u00e9rica. Como muestra, te presentamos dos proyectos exitosos de turismo comunitario; ADAFIS y ASODIL. Iniciamos el recorrido en\u2026","rel":"","context":"En \u00abFrontPage\u00bb","block_context":{"text":"FrontPage","link":"https:\/\/www.entremundos.org\/revista\/category\/frontpage\/"},"img":{"alt_text":"","src":"https:\/\/i0.wp.com\/www.entremundos.org\/revista\/wp-content\/uploads\/2023\/12\/foto-asodil-.jpg?fit=480%2C360&ssl=1&resize=350%2C200","width":350,"height":200},"classes":[]},{"id":11617,"url":"https:\/\/www.entremundos.org\/revista\/mujer\/la-cultura-es-lo-que-en-la-muerte-continua-siendo-la-vida\/","url_meta":{"origin":11669,"position":1},"title":"\u201cLa Cultura es lo que, en la muerte, contin\u00faa siendo la vida\u201d","author":"EntreMundos","date":"19 enero, 2024","format":false,"excerpt":"POR PATRICIA MIRALB\u00c9S \u00bfTe has preguntado alguna vez por qu\u00e9 un grupo social se comporta de cierta manera? \u00bfDe d\u00f3nde vienen las creencias que te inculcan desde peque\u00f1o? Todo esto tiene que ver con la cultura del lugar en donde vivimos. La cultura es la base de la construcci\u00f3n de\u2026","rel":"","context":"En \u00abCultura\u00bb","block_context":{"text":"Cultura","link":"https:\/\/www.entremundos.org\/revista\/category\/cultura\/"},"img":{"alt_text":"","src":"https:\/\/i0.wp.com\/www.entremundos.org\/revista\/wp-content\/uploads\/2024\/01\/whatsapp-image-2023-12-13-at-6.59.10-pm-1.jpeg?fit=1200%2C800&ssl=1&resize=350%2C200","width":350,"height":200,"srcset":"https:\/\/i0.wp.com\/www.entremundos.org\/revista\/wp-content\/uploads\/2024\/01\/whatsapp-image-2023-12-13-at-6.59.10-pm-1.jpeg?fit=1200%2C800&ssl=1&resize=350%2C200 1x, https:\/\/i0.wp.com\/www.entremundos.org\/revista\/wp-content\/uploads\/2024\/01\/whatsapp-image-2023-12-13-at-6.59.10-pm-1.jpeg?fit=1200%2C800&ssl=1&resize=525%2C300 1.5x, https:\/\/i0.wp.com\/www.entremundos.org\/revista\/wp-content\/uploads\/2024\/01\/whatsapp-image-2023-12-13-at-6.59.10-pm-1.jpeg?fit=1200%2C800&ssl=1&resize=700%2C400 2x, https:\/\/i0.wp.com\/www.entremundos.org\/revista\/wp-content\/uploads\/2024\/01\/whatsapp-image-2023-12-13-at-6.59.10-pm-1.jpeg?fit=1200%2C800&ssl=1&resize=1050%2C600 3x"},"classes":[]},{"id":13246,"url":"https:\/\/www.entremundos.org\/revista\/politica\/el-mundo-no-es-como-lo-imaginamos\/","url_meta":{"origin":11669,"position":2},"title":"El mundo no es como lo imaginamos","author":"EntreMundos","date":"17 septiembre, 2025","format":false,"excerpt":"Por Juan Jos\u00e9 Hurtado Paz y Paz \"Ojal\u00e1 viviera en la teor\u00eda, porque en teor\u00eda todo est\u00e1 bien\" \u00a0Cita atribuida a Quino (Joaqu\u00edn Salvador Lavado Tej\u00f3n), en boca de su personaje Mafalda\u00a0 Vivimos en un mundo injusto, desigual, que excluye a las mayor\u00edas de oportunidades y posibilidades, y que niega\u2026","rel":"","context":"En \u00abFrontPage\u00bb","block_context":{"text":"FrontPage","link":"https:\/\/www.entremundos.org\/revista\/category\/frontpage\/"},"img":{"alt_text":"","src":"https:\/\/i0.wp.com\/www.entremundos.org\/revista\/wp-content\/uploads\/2025\/09\/img86.jpg?fit=1200%2C683&ssl=1&resize=350%2C200","width":350,"height":200,"srcset":"https:\/\/i0.wp.com\/www.entremundos.org\/revista\/wp-content\/uploads\/2025\/09\/img86.jpg?fit=1200%2C683&ssl=1&resize=350%2C200 1x, https:\/\/i0.wp.com\/www.entremundos.org\/revista\/wp-content\/uploads\/2025\/09\/img86.jpg?fit=1200%2C683&ssl=1&resize=525%2C300 1.5x, https:\/\/i0.wp.com\/www.entremundos.org\/revista\/wp-content\/uploads\/2025\/09\/img86.jpg?fit=1200%2C683&ssl=1&resize=700%2C400 2x, https:\/\/i0.wp.com\/www.entremundos.org\/revista\/wp-content\/uploads\/2025\/09\/img86.jpg?fit=1200%2C683&ssl=1&resize=1050%2C600 3x"},"classes":[]},{"id":11407,"url":"https:\/\/www.entremundos.org\/revista\/politica\/del-papel-a-la-pantalla\/","url_meta":{"origin":11669,"position":3},"title":"Del papel a la pantalla","author":"EntreMundos","date":"10 noviembre, 2023","format":false,"excerpt":"POR EMMA G\u00d3MEZ Dos pa\u00edses golpeados por la corrupci\u00f3n, violaci\u00f3n de los derechos humanos, injusticias, persecuciones y despojos, por mencionar algunos de los males que tienen en com\u00fan Guatemala y El Salvador. El proyecto, Del Papel a la Pantalla, presenta dos propuestas visuales para reflexionar sobre la educaci\u00f3n sexual y\u2026","rel":"","context":"En \u00abAccion Comunitaria\u00bb","block_context":{"text":"Accion Comunitaria","link":"https:\/\/www.entremundos.org\/revista\/category\/politica\/accion-comunitaria-3\/"},"img":{"alt_text":"","src":"https:\/\/i0.wp.com\/www.entremundos.org\/revista\/wp-content\/uploads\/2023\/11\/whatsapp-image-2023-10-23-at-9.54.45-am-2.jpeg?fit=1200%2C800&ssl=1&resize=350%2C200","width":350,"height":200,"srcset":"https:\/\/i0.wp.com\/www.entremundos.org\/revista\/wp-content\/uploads\/2023\/11\/whatsapp-image-2023-10-23-at-9.54.45-am-2.jpeg?fit=1200%2C800&ssl=1&resize=350%2C200 1x, https:\/\/i0.wp.com\/www.entremundos.org\/revista\/wp-content\/uploads\/2023\/11\/whatsapp-image-2023-10-23-at-9.54.45-am-2.jpeg?fit=1200%2C800&ssl=1&resize=525%2C300 1.5x, https:\/\/i0.wp.com\/www.entremundos.org\/revista\/wp-content\/uploads\/2023\/11\/whatsapp-image-2023-10-23-at-9.54.45-am-2.jpeg?fit=1200%2C800&ssl=1&resize=700%2C400 2x, https:\/\/i0.wp.com\/www.entremundos.org\/revista\/wp-content\/uploads\/2023\/11\/whatsapp-image-2023-10-23-at-9.54.45-am-2.jpeg?fit=1200%2C800&ssl=1&resize=1050%2C600 3x"},"classes":[]},{"id":13644,"url":"https:\/\/www.entremundos.org\/revista\/politica\/fortaleciendo-la-comunidad-desde-dentro-un-nuevo-capitulo-para-caras-alegres\/","url_meta":{"origin":11669,"position":4},"title":"Fortaleciendo la comunidad desde dentro: Un nuevo cap\u00edtulo para Caras Alegres","author":"EntreMundos","date":"4 abril, 2026","format":false,"excerpt":"POR VER\u00d3NICA DI MAGGIO Caras Alegres reabri\u00f3 sus puertas con una renovada claridad y enfoque estrat\u00e9gico. Despu\u00e9s de meses dedicados a la evaluaci\u00f3n y planificaci\u00f3n, este 2026 inicia no simplemente como un nuevo a\u00f1o operativo, sino como una expansi\u00f3n estructurada de nuestro impacto comunitario. El a\u00f1o pasado demostr\u00f3 que el\u2026","rel":"","context":"En \u00abFrontPage\u00bb","block_context":{"text":"FrontPage","link":"https:\/\/www.entremundos.org\/revista\/category\/frontpage\/"},"img":{"alt_text":"","src":"https:\/\/i0.wp.com\/www.entremundos.org\/revista\/wp-content\/uploads\/2026\/03\/633353323_1320877706749036_6826896970194983908_n.jpg?fit=1200%2C963&ssl=1&resize=350%2C200","width":350,"height":200,"srcset":"https:\/\/i0.wp.com\/www.entremundos.org\/revista\/wp-content\/uploads\/2026\/03\/633353323_1320877706749036_6826896970194983908_n.jpg?fit=1200%2C963&ssl=1&resize=350%2C200 1x, https:\/\/i0.wp.com\/www.entremundos.org\/revista\/wp-content\/uploads\/2026\/03\/633353323_1320877706749036_6826896970194983908_n.jpg?fit=1200%2C963&ssl=1&resize=525%2C300 1.5x, https:\/\/i0.wp.com\/www.entremundos.org\/revista\/wp-content\/uploads\/2026\/03\/633353323_1320877706749036_6826896970194983908_n.jpg?fit=1200%2C963&ssl=1&resize=700%2C400 2x, https:\/\/i0.wp.com\/www.entremundos.org\/revista\/wp-content\/uploads\/2026\/03\/633353323_1320877706749036_6826896970194983908_n.jpg?fit=1200%2C963&ssl=1&resize=1050%2C600 3x"},"classes":[]},{"id":12859,"url":"https:\/\/www.entremundos.org\/revista\/politica\/mujeres-indigenas-y-rurales-en-defensa-del-territorio-frente-al-extractivismo-en-guatemala\/","url_meta":{"origin":11669,"position":5},"title":"Mujeres ind\u00edgenas y rurales en defensa del territorio frente al extractivismo en Guatemala","author":"EntreMundos","date":"21 mayo, 2025","format":false,"excerpt":"Por Asociadas Por lo Justo (JASS) Este es un resumen de un mapeo realizado por JASS, para compartir sus an\u00e1lisis, sus luchas y los impactos en sus vidas. El objetivo es contar las luchas por el territorio frente al extractivismo en Guatemala e identificar el papel y el impacto en\u2026","rel":"","context":"En \u00abFrontPage\u00bb","block_context":{"text":"FrontPage","link":"https:\/\/www.entremundos.org\/revista\/category\/frontpage\/"},"img":{"alt_text":"","src":"https:\/\/i0.wp.com\/www.entremundos.org\/revista\/wp-content\/uploads\/2025\/05\/2-scaled.png?fit=1200%2C843&ssl=1&resize=350%2C200","width":350,"height":200,"srcset":"https:\/\/i0.wp.com\/www.entremundos.org\/revista\/wp-content\/uploads\/2025\/05\/2-scaled.png?fit=1200%2C843&ssl=1&resize=350%2C200 1x, https:\/\/i0.wp.com\/www.entremundos.org\/revista\/wp-content\/uploads\/2025\/05\/2-scaled.png?fit=1200%2C843&ssl=1&resize=525%2C300 1.5x, https:\/\/i0.wp.com\/www.entremundos.org\/revista\/wp-content\/uploads\/2025\/05\/2-scaled.png?fit=1200%2C843&ssl=1&resize=700%2C400 2x, https:\/\/i0.wp.com\/www.entremundos.org\/revista\/wp-content\/uploads\/2025\/05\/2-scaled.png?fit=1200%2C843&ssl=1&resize=1050%2C600 3x"},"classes":[]}],"jetpack_sharing_enabled":true,"_links":{"self":[{"href":"https:\/\/www.entremundos.org\/revista\/wp-json\/wp\/v2\/posts\/11669","targetHints":{"allow":["GET"]}}],"collection":[{"href":"https:\/\/www.entremundos.org\/revista\/wp-json\/wp\/v2\/posts"}],"about":[{"href":"https:\/\/www.entremundos.org\/revista\/wp-json\/wp\/v2\/types\/post"}],"author":[{"embeddable":true,"href":"https:\/\/www.entremundos.org\/revista\/wp-json\/wp\/v2\/users\/1"}],"replies":[{"embeddable":true,"href":"https:\/\/www.entremundos.org\/revista\/wp-json\/wp\/v2\/comments?post=11669"}],"version-history":[{"count":1,"href":"https:\/\/www.entremundos.org\/revista\/wp-json\/wp\/v2\/posts\/11669\/revisions"}],"predecessor-version":[{"id":11670,"href":"https:\/\/www.entremundos.org\/revista\/wp-json\/wp\/v2\/posts\/11669\/revisions\/11670"}],"wp:featuredmedia":[{"embeddable":true,"href":"https:\/\/www.entremundos.org\/revista\/wp-json\/wp\/v2\/media\/11546"}],"wp:attachment":[{"href":"https:\/\/www.entremundos.org\/revista\/wp-json\/wp\/v2\/media?parent=11669"}],"wp:term":[{"taxonomy":"category","embeddable":true,"href":"https:\/\/www.entremundos.org\/revista\/wp-json\/wp\/v2\/categories?post=11669"},{"taxonomy":"post_tag","embeddable":true,"href":"https:\/\/www.entremundos.org\/revista\/wp-json\/wp\/v2\/tags?post=11669"}],"curies":[{"name":"wp","href":"https:\/\/api.w.org\/{rel}","templated":true}]}}