{"id":12038,"date":"2024-05-16T07:07:04","date_gmt":"2024-05-16T15:07:04","guid":{"rendered":"https:\/\/www.entremundos.org\/revista\/?p=12038"},"modified":"2024-05-16T07:08:49","modified_gmt":"2024-05-16T15:08:49","slug":"quetzaltenango-500-anos-de-historia-desafios-y-esperanza","status":"publish","type":"post","link":"https:\/\/www.entremundos.org\/revista\/politica\/quetzaltenango-500-anos-de-historia-desafios-y-esperanza\/","title":{"rendered":"Quetzaltenango: 500 a\u00f1os de historia, desaf\u00edos y esperanza"},"content":{"rendered":"<p>POR SAMUEL ALVAREZ MORALES<\/p>\n<p>La historia de la ciudad se remonta a la \u00e9poca precolombina. Desde entonces, fue un importante centro comercial y cultural para la regi\u00f3n. Sus primeros habitantes fueron los Mam, quienes la llamar\u00edan Kulaja; los Quich\u00e9s la conquistaron y la nombraron Xelajuj No\u2019j. Finalmente, el 15 de mayo de 1524 recibir\u00eda el nombre de Quetzaltenango, luego de la sangrienta conquista espa\u00f1ola.<\/p>\n<p>Desde sus humildes or\u00edgenes como un centro maya hasta su transformaci\u00f3n en una ciudad moderna y pr\u00f3spera, Quetzaltenango ha sido testigo de importantes eventos y transformaciones a lo largo de los siglos.<\/p>\n<p>La ciudad cumple 500 a\u00f1os de fundaci\u00f3n y, aunque son diversos los cap\u00edtulos de la historia que nos hacen una sociedad orgullosa de nuestros or\u00edgenes, pocos son tan significativos para la identidad quetzalteca como aquellos en los cuales hemos peleado por ser un territorio soberano e independiente.<\/p>\n<p>La b\u00fasqueda por la soberan\u00eda nos dej\u00f3 lecciones importantes que, pareciera, con el paso del tiempo hemos olvidado. Precursores del separatismo como Cleto Montiel, Cirilo Flores e incluso los mismos l\u00edderes del Estado de los Altos buscaban que Quetzaltenango fuese representada dignamente por el gobierno local y central, y se buscar\u00e1 desarrollar todo el potencial econ\u00f3mico, social y cultural de la regi\u00f3n.<\/p>\n<p>La historia, pol\u00edtica, social y econ\u00f3mica de Quetzaltenango est\u00e1n intr\u00ednsecamente interconectadas, formando un complejo tejido de identidad y desarrollo. Aunque la sociedad quetzalteca es diversa, din\u00e1mica y resiliente, con una rica mezcla de culturas, tradiciones y valores que la hacen \u00fanica, hoy, al cumplir 500 a\u00f1os de fundaci\u00f3n, enfrentamos desaf\u00edos significativos, como la desigualdad socioecon\u00f3mica, la falta de oportunidades, la infraestructura urbana y la falta de representaci\u00f3n pol\u00edtica.<\/p>\n<p>Como en Guatemala, la pol\u00edtica en Quetzaltenango tambi\u00e9n est\u00e1 marcada por la corrupci\u00f3n, la falta de transparencia y la influencia de intereses particulares en la toma de decisiones. Esto ha generado desconfianza y descontento entre la poblaci\u00f3n, que a menudo se siente marginada y poco representada por sus l\u00edderes pol\u00edticos.<br \/>\nDesde los primeros intentos de separatismo durante la \u00e9poca colonial hasta los movimientos pol\u00edticos m\u00e1s recientes, como la creaci\u00f3n del Sexto Estado de los Altos en 1838, la ciudad ha sido un basti\u00f3n de resistencia y un s\u00edmbolo de la lucha por la justicia, la igualdad y la libertad.<\/p>\n<p>Al conmemorar la fundaci\u00f3n de Quetzaltenango y recordar su historia, debemos, como sectores organizados, como ciudadanos en el libre ejercicio de nuestros derechos y deberes, cuestionarnos \u00bfqu\u00e9 historia estamos escribiendo? Pareciera que nuestra sociedad se ha quedado de brazos cruzados ante el mediocre trabajo de los pol\u00edticos que \u201crepresentan y dirigen\u201d a Quetzaltenango en los diferentes niveles de gobierno.<\/p>\n<p>Por ello, debemos reafirmar el compromiso en seguir siendo un faro de esperanza para la sociedad guatemalteca, con un potencial ilimitado para construir un futuro m\u00e1s pr\u00f3spero y equitativo donde los sue\u00f1os de una representaci\u00f3n digna y el desarrollo del potencial econ\u00f3mico, social y cultural se cumplan.<\/p>\n<p>Si bien Quetzaltenango enfrenta desaf\u00edos significativos en diversos aspectos, tambi\u00e9n cuenta con un gran potencial para superarlos y construir un futuro m\u00e1s pr\u00f3spero y sostenible; puede beneficiarse enormemente de un enfoque centrado en la participaci\u00f3n ciudadana, la transparencia y la colaboraci\u00f3n entre los diferentes actores de la sociedad.<br \/>\nLa clave radica en la colaboraci\u00f3n y el compromiso de todas las partes interesadas, incluidas las autoridades locales, la sociedad civil y el sector privado, para trabajar juntas en la b\u00fasqueda de soluciones efectivas y duraderas para abordar los desaf\u00edos y aprovechar las oportunidades de desarrollo. En los pr\u00f3ximos 500 a\u00f1os la ciudad puede avanzar hacia un futuro m\u00e1s pr\u00f3spero para todos sus habitantes, si recordamos los ideales que nos han llevado a ser tan orgullosos de esta tierra.<\/p>\n<p><em>Samuel Alvarez Morales. Analista pol\u00edtico, integrante de Visi\u00f3n Legislativa y fundador de Voluntarios por Xela.<\/em><\/p>\n","protected":false},"excerpt":{"rendered":"<p>POR SAMUEL ALVAREZ MORALES La historia de la ciudad se remonta a la \u00e9poca precolombina. Desde entonces, fue un importante centro comercial y cultural para la regi\u00f3n. Sus primeros habitantes fueron los Mam, quienes la llamar\u00edan Kulaja; los Quich\u00e9s la conquistaron y la nombraron Xelajuj No\u2019j. Finalmente, el 15 de mayo de 1524 recibir\u00eda el [&hellip;]<\/p>\n","protected":false},"author":1,"featured_media":12022,"comment_status":"closed","ping_status":"closed","sticky":false,"template":"","format":"standard","meta":{"_exactmetrics_skip_tracking":false,"_exactmetrics_sitenote_active":false,"_exactmetrics_sitenote_note":"","_exactmetrics_sitenote_category":0,"jetpack_post_was_ever_published":false,"_jetpack_newsletter_access":"","_jetpack_dont_email_post_to_subs":false,"_jetpack_newsletter_tier_id":0,"_jetpack_memberships_contains_paywalled_content":false,"_jetpack_memberships_contains_paid_content":false,"footnotes":""},"categories":[452,378,1772],"tags":[4674,1002,851,4671,1102,1154,4670,4672,103,4673,109],"class_list":["post-12038","post","type-post","status-publish","format-standard","has-post-thumbnail","hentry","category-frontpage","category-politica","category-situacion-social","tag-conquista-2","tag-cultura","tag-genocidio","tag-gobierno-local","tag-historia","tag-indigenas","tag-invacion","tag-movimientos-sociales","tag-politica","tag-pueblos","tag-resistencia"],"jetpack_featured_media_url":"https:\/\/i0.wp.com\/www.entremundos.org\/revista\/wp-content\/uploads\/2024\/05\/whatsapp-image-2024-05-03-at-5.26.36-pm-scaled.jpeg?fit=1349%2C2560&ssl=1","jetpack_shortlink":"https:\/\/wp.me\/p7ljt7-38a","jetpack-related-posts":[{"id":12999,"url":"https:\/\/www.entremundos.org\/revista\/politica\/romper-el-cemento\/","url_meta":{"origin":12038,"position":0},"title":"Romper el cemento","author":"EntreMundos","date":"23 julio, 2025","format":false,"excerpt":"By Valeria Leiva La recuperaci\u00f3n de espacios verdes en la ciudad de Quetzaltenango. La ciudad de Quetzaltenango, como muchos municipios, ha sido v\u00edctima de decisiones pol\u00edticas irresponsables que han afectado el bienestar colectivo. La tala de m\u00e1s de 400 \u00e1rboles sin un plan de transici\u00f3n a largo plazo dej\u00f3 a\u2026","rel":"","context":"En \u00abAccion Comunitaria\u00bb","block_context":{"text":"Accion Comunitaria","link":"https:\/\/www.entremundos.org\/revista\/category\/politica\/accion-comunitaria-3\/"},"img":{"alt_text":"","src":"https:\/\/i0.wp.com\/www.entremundos.org\/revista\/wp-content\/uploads\/2025\/07\/despues2.jpg?fit=1200%2C900&ssl=1&resize=350%2C200","width":350,"height":200,"srcset":"https:\/\/i0.wp.com\/www.entremundos.org\/revista\/wp-content\/uploads\/2025\/07\/despues2.jpg?fit=1200%2C900&ssl=1&resize=350%2C200 1x, https:\/\/i0.wp.com\/www.entremundos.org\/revista\/wp-content\/uploads\/2025\/07\/despues2.jpg?fit=1200%2C900&ssl=1&resize=525%2C300 1.5x, https:\/\/i0.wp.com\/www.entremundos.org\/revista\/wp-content\/uploads\/2025\/07\/despues2.jpg?fit=1200%2C900&ssl=1&resize=700%2C400 2x, https:\/\/i0.wp.com\/www.entremundos.org\/revista\/wp-content\/uploads\/2025\/07\/despues2.jpg?fit=1200%2C900&ssl=1&resize=1050%2C600 3x"},"classes":[]},{"id":11590,"url":"https:\/\/www.entremundos.org\/revista\/medio-ambiente\/el-habitante-arbol\/","url_meta":{"origin":12038,"position":1},"title":"El habitante \u00e1rbol","author":"EntreMundos","date":"19 enero, 2024","format":false,"excerpt":"POR VALERIA LEIVA La administraci\u00f3n municipal de Quetzaltenango orden\u00f3 la tala de \u00e1rboles en el parque de la zona 3 de la ciudad pero vecinos, comerciantes y expertos se manifestaron en contra de esta decisi\u00f3n.\u00a0 Cada ciudad constituye su propio ecosistema urbano y se suele pensar que en el ecosistema\u2026","rel":"","context":"En \u00abBosques\u00bb","block_context":{"text":"Bosques","link":"https:\/\/www.entremundos.org\/revista\/category\/medio-ambiente\/bosques\/"},"img":{"alt_text":"","src":"https:\/\/i0.wp.com\/www.entremundos.org\/revista\/wp-content\/uploads\/2024\/01\/img_1121-1-scaled.jpg?fit=1200%2C900&ssl=1&resize=350%2C200","width":350,"height":200,"srcset":"https:\/\/i0.wp.com\/www.entremundos.org\/revista\/wp-content\/uploads\/2024\/01\/img_1121-1-scaled.jpg?fit=1200%2C900&ssl=1&resize=350%2C200 1x, https:\/\/i0.wp.com\/www.entremundos.org\/revista\/wp-content\/uploads\/2024\/01\/img_1121-1-scaled.jpg?fit=1200%2C900&ssl=1&resize=525%2C300 1.5x, https:\/\/i0.wp.com\/www.entremundos.org\/revista\/wp-content\/uploads\/2024\/01\/img_1121-1-scaled.jpg?fit=1200%2C900&ssl=1&resize=700%2C400 2x, https:\/\/i0.wp.com\/www.entremundos.org\/revista\/wp-content\/uploads\/2024\/01\/img_1121-1-scaled.jpg?fit=1200%2C900&ssl=1&resize=1050%2C600 3x"},"classes":[]},{"id":10588,"url":"https:\/\/www.entremundos.org\/revista\/politica\/ley-de-mujeres-desaparecidas\/","url_meta":{"origin":12038,"position":2},"title":"Ley de mujeres desaparecidas","author":"EntreMundos","date":"9 marzo, 2023","format":false,"excerpt":"Emma G\u00f3mez\u00a0 En Guatemala, cada d\u00eda desaparecen unas 5 mujeres. La desaparici\u00f3n de mujeres est\u00e1 ligada fuertemente con alg\u00fan tipo de violencia de g\u00e9nero.\u00a0 Hace 3 a\u00f1os se implement\u00f3 un mecanismo de b\u00fasqueda inmediata de mujeres desaparecidas, Isabel-Claudina, mecanismo que tiene como base la Ley de Mujeres Desaparecidas que fue\u2026","rel":"","context":"En \u00abFrontPage\u00bb","block_context":{"text":"FrontPage","link":"https:\/\/www.entremundos.org\/revista\/category\/frontpage\/"},"img":{"alt_text":"","src":"https:\/\/i0.wp.com\/www.entremundos.org\/revista\/wp-content\/uploads\/2023\/03\/isable-claudina-justicia.png?fit=1200%2C789&ssl=1&resize=350%2C200","width":350,"height":200,"srcset":"https:\/\/i0.wp.com\/www.entremundos.org\/revista\/wp-content\/uploads\/2023\/03\/isable-claudina-justicia.png?fit=1200%2C789&ssl=1&resize=350%2C200 1x, https:\/\/i0.wp.com\/www.entremundos.org\/revista\/wp-content\/uploads\/2023\/03\/isable-claudina-justicia.png?fit=1200%2C789&ssl=1&resize=525%2C300 1.5x, https:\/\/i0.wp.com\/www.entremundos.org\/revista\/wp-content\/uploads\/2023\/03\/isable-claudina-justicia.png?fit=1200%2C789&ssl=1&resize=700%2C400 2x, https:\/\/i0.wp.com\/www.entremundos.org\/revista\/wp-content\/uploads\/2023\/03\/isable-claudina-justicia.png?fit=1200%2C789&ssl=1&resize=1050%2C600 3x"},"classes":[]},{"id":12488,"url":"https:\/\/www.entremundos.org\/revista\/politica\/de-la-lucha-a-la-agricultura-en-las-montanas-de-guatemala\/","url_meta":{"origin":12038,"position":3},"title":"De la lucha a la agricultura en las monta\u00f1as de Guatemala","author":"EntreMundos","date":"13 noviembre, 2024","format":false,"excerpt":"POR JONATHAN LOTT A la sombra de las monta\u00f1as selv\u00e1ticas de Guatemala, anta\u00f1o cargadas del espectro del conflicto, el olor del caf\u00e9 flota en el aire. Una generaci\u00f3n despu\u00e9s del hist\u00f3rico acuerdo de paz que puso fin a la guerra civil guatemalteca (1960-1996), decenas de exguerrilleros trabajan ahora la tierra\u2026","rel":"","context":"En \u00abFrontPage\u00bb","block_context":{"text":"FrontPage","link":"https:\/\/www.entremundos.org\/revista\/category\/frontpage\/"},"img":{"alt_text":"","src":"https:\/\/i0.wp.com\/www.entremundos.org\/revista\/wp-content\/uploads\/2024\/11\/anita2-e1731543808410.jpg?fit=910%2C671&ssl=1&resize=350%2C200","width":350,"height":200,"srcset":"https:\/\/i0.wp.com\/www.entremundos.org\/revista\/wp-content\/uploads\/2024\/11\/anita2-e1731543808410.jpg?fit=910%2C671&ssl=1&resize=350%2C200 1x, https:\/\/i0.wp.com\/www.entremundos.org\/revista\/wp-content\/uploads\/2024\/11\/anita2-e1731543808410.jpg?fit=910%2C671&ssl=1&resize=525%2C300 1.5x, https:\/\/i0.wp.com\/www.entremundos.org\/revista\/wp-content\/uploads\/2024\/11\/anita2-e1731543808410.jpg?fit=910%2C671&ssl=1&resize=700%2C400 2x"},"classes":[]},{"id":13644,"url":"https:\/\/www.entremundos.org\/revista\/politica\/fortaleciendo-la-comunidad-desde-dentro-un-nuevo-capitulo-para-caras-alegres\/","url_meta":{"origin":12038,"position":4},"title":"Fortaleciendo la comunidad desde dentro: Un nuevo cap\u00edtulo para Caras Alegres","author":"EntreMundos","date":"4 abril, 2026","format":false,"excerpt":"POR VER\u00d3NICA DI MAGGIO Caras Alegres reabri\u00f3 sus puertas con una renovada claridad y enfoque estrat\u00e9gico. Despu\u00e9s de meses dedicados a la evaluaci\u00f3n y planificaci\u00f3n, este 2026 inicia no simplemente como un nuevo a\u00f1o operativo, sino como una expansi\u00f3n estructurada de nuestro impacto comunitario. El a\u00f1o pasado demostr\u00f3 que el\u2026","rel":"","context":"En \u00abFrontPage\u00bb","block_context":{"text":"FrontPage","link":"https:\/\/www.entremundos.org\/revista\/category\/frontpage\/"},"img":{"alt_text":"","src":"https:\/\/i0.wp.com\/www.entremundos.org\/revista\/wp-content\/uploads\/2026\/03\/633353323_1320877706749036_6826896970194983908_n.jpg?fit=1200%2C963&ssl=1&resize=350%2C200","width":350,"height":200,"srcset":"https:\/\/i0.wp.com\/www.entremundos.org\/revista\/wp-content\/uploads\/2026\/03\/633353323_1320877706749036_6826896970194983908_n.jpg?fit=1200%2C963&ssl=1&resize=350%2C200 1x, https:\/\/i0.wp.com\/www.entremundos.org\/revista\/wp-content\/uploads\/2026\/03\/633353323_1320877706749036_6826896970194983908_n.jpg?fit=1200%2C963&ssl=1&resize=525%2C300 1.5x, https:\/\/i0.wp.com\/www.entremundos.org\/revista\/wp-content\/uploads\/2026\/03\/633353323_1320877706749036_6826896970194983908_n.jpg?fit=1200%2C963&ssl=1&resize=700%2C400 2x, https:\/\/i0.wp.com\/www.entremundos.org\/revista\/wp-content\/uploads\/2026\/03\/633353323_1320877706749036_6826896970194983908_n.jpg?fit=1200%2C963&ssl=1&resize=1050%2C600 3x"},"classes":[]},{"id":6304,"url":"https:\/\/www.entremundos.org\/revista\/xela-guide\/cultural-activities-for-the-end-of-the-month\/?lang=en","url_meta":{"origin":12038,"position":5},"title":"Cultural Activities for the end of the month","author":"EntreMundos","date":"26 febrero, 2020","format":false,"excerpt":"Thrusday, February 27th: 17:30 hrs. Cian Meetup, Casa No\u2019j, free entrance. 18:45 hrs. Rutas en Ruedas, night rides, Utz Ulew Mall, free. 19:00 hrs. Storytelling, Innovation and Entrepreneourship at El Teatrito Xela, free entrance. Friday, February 28th: 11:00 hrs. Lovers Danceathon at Interplaza Xela. 14:00 hrs. Bird Photography Contest Exhibit\u2026","rel":"","context":"En \u00abThings to Do\u00bb","block_context":{"text":"Things to Do","link":"https:\/\/www.entremundos.org\/revista\/category\/xela-guide\/things-to-do\/?lang=en"},"img":{"alt_text":"","src":"https:\/\/i0.wp.com\/www.entremundos.org\/revista\/wp-content\/uploads\/2018\/11\/teatro.jpg?fit=720%2C481&ssl=1&resize=350%2C200","width":350,"height":200,"srcset":"https:\/\/i0.wp.com\/www.entremundos.org\/revista\/wp-content\/uploads\/2018\/11\/teatro.jpg?fit=720%2C481&ssl=1&resize=350%2C200 1x, https:\/\/i0.wp.com\/www.entremundos.org\/revista\/wp-content\/uploads\/2018\/11\/teatro.jpg?fit=720%2C481&ssl=1&resize=525%2C300 1.5x, https:\/\/i0.wp.com\/www.entremundos.org\/revista\/wp-content\/uploads\/2018\/11\/teatro.jpg?fit=720%2C481&ssl=1&resize=700%2C400 2x"},"classes":[]}],"jetpack_sharing_enabled":true,"_links":{"self":[{"href":"https:\/\/www.entremundos.org\/revista\/wp-json\/wp\/v2\/posts\/12038","targetHints":{"allow":["GET"]}}],"collection":[{"href":"https:\/\/www.entremundos.org\/revista\/wp-json\/wp\/v2\/posts"}],"about":[{"href":"https:\/\/www.entremundos.org\/revista\/wp-json\/wp\/v2\/types\/post"}],"author":[{"embeddable":true,"href":"https:\/\/www.entremundos.org\/revista\/wp-json\/wp\/v2\/users\/1"}],"replies":[{"embeddable":true,"href":"https:\/\/www.entremundos.org\/revista\/wp-json\/wp\/v2\/comments?post=12038"}],"version-history":[{"count":2,"href":"https:\/\/www.entremundos.org\/revista\/wp-json\/wp\/v2\/posts\/12038\/revisions"}],"predecessor-version":[{"id":12040,"href":"https:\/\/www.entremundos.org\/revista\/wp-json\/wp\/v2\/posts\/12038\/revisions\/12040"}],"wp:featuredmedia":[{"embeddable":true,"href":"https:\/\/www.entremundos.org\/revista\/wp-json\/wp\/v2\/media\/12022"}],"wp:attachment":[{"href":"https:\/\/www.entremundos.org\/revista\/wp-json\/wp\/v2\/media?parent=12038"}],"wp:term":[{"taxonomy":"category","embeddable":true,"href":"https:\/\/www.entremundos.org\/revista\/wp-json\/wp\/v2\/categories?post=12038"},{"taxonomy":"post_tag","embeddable":true,"href":"https:\/\/www.entremundos.org\/revista\/wp-json\/wp\/v2\/tags?post=12038"}],"curies":[{"name":"wp","href":"https:\/\/api.w.org\/{rel}","templated":true}]}}