{"id":12449,"date":"2024-11-13T16:15:58","date_gmt":"2024-11-14T00:15:58","guid":{"rendered":"https:\/\/www.entremundos.org\/revista\/?p=12449"},"modified":"2024-11-13T16:15:58","modified_gmt":"2024-11-14T00:15:58","slug":"colomba-balas-y-cafe","status":"publish","type":"post","link":"https:\/\/www.entremundos.org\/revista\/politica\/colomba-balas-y-cafe\/","title":{"rendered":"Colomba: Balas y Caf\u00e9"},"content":{"rendered":"<p>POR FREDY PASTOR<\/p>\n<p>Nunca voy a olvidar la primera vez que visit\u00e9 Colomba Costa Cuca, Quetzaltenango. Era martes y llegu\u00e9 a eso de las diez de la ma\u00f1ana. En el camino, cerca del centro, una rockola a todo volumen animaba una cantina casi llena de j\u00f3venes. La escena me impresion\u00f3, porque era martes y era muy de ma\u00f1ana. Cuando habl\u00e9 con el t\u00e9cnico municipal a quien hab\u00eda ido a buscar le coment\u00e9 de mi asombro. Hablamos del contexto, de lo peligroso que era la situaci\u00f3n en el municipio. Me dijo de la presencia de pandillas en varias comunidades, de lo dif\u00edcil que era para muchos j\u00f3venes no ser reclutados y que incluso, estos grupos criminales hab\u00edan amenazado con sabotear las elecciones pasadas. En son de broma y advertencia, dijo: \u201cAc\u00e1 la tradici\u00f3n es el sicariato, y las artesan\u00edas, las armas hechizas\u2026\u201d<\/p>\n<p>Situado a cuarenta kil\u00f3metros de la cabecera municipal de Quetzaltenango, Colomba es uno de los municipios del \u00e1rea de la boca costa occidental. Famoso por su producci\u00f3n de caf\u00e9, tambi\u00e9n es conocido por ser uno de los municipios m\u00e1s peligrosos del departamento. Hace unas semanas, el 17 de septiembre, un suceso conmocion\u00f3 a la comunidad y al pa\u00eds. Mientras recib\u00eda clases en el gimnasio municipal (porque su establecimiento se encontraba en remodelaci\u00f3n), un estudiante de quince a\u00f1os fue atacado a balazos frente a todo el establecimiento. El atacante, otro adolescente integrante de una pandilla, sali\u00f3 corriendo y fue captado por c\u00e1maras de seguridad cercanas. Luego de 19 d\u00edas de hospitalizaci\u00f3n, la v\u00edctima del atentado muri\u00f3. \u00bfC\u00f3mo un municipio llega a tener niveles tan altos de violencia, donde un adolescente puede ser atacado a plena luz del d\u00eda, frente a todos sus compa\u00f1eros y profesores? Para responder esa pregunta, debemos de observar las condiciones de vida de la poblaci\u00f3n.<\/p>\n<p><a href=\"https:\/\/i0.wp.com\/www.entremundos.org\/revista\/wp-content\/uploads\/2024\/11\/460174173_968963351913814_954743439062480505_n.jpg?ssl=1\"><img data-recalc-dims=\"1\" loading=\"lazy\" decoding=\"async\" class=\"size-medium wp-image-12482 aligncenter\" src=\"https:\/\/i0.wp.com\/www.entremundos.org\/revista\/wp-content\/uploads\/2024\/11\/460174173_968963351913814_954743439062480505_n.jpg?resize=300%2C203&#038;ssl=1\" alt=\"\" width=\"300\" height=\"203\" srcset=\"https:\/\/i0.wp.com\/www.entremundos.org\/revista\/wp-content\/uploads\/2024\/11\/460174173_968963351913814_954743439062480505_n.jpg?resize=300%2C203&amp;ssl=1 300w, https:\/\/i0.wp.com\/www.entremundos.org\/revista\/wp-content\/uploads\/2024\/11\/460174173_968963351913814_954743439062480505_n.jpg?resize=768%2C520&amp;ssl=1 768w, https:\/\/i0.wp.com\/www.entremundos.org\/revista\/wp-content\/uploads\/2024\/11\/460174173_968963351913814_954743439062480505_n.jpg?resize=335%2C227&amp;ssl=1 335w, https:\/\/i0.wp.com\/www.entremundos.org\/revista\/wp-content\/uploads\/2024\/11\/460174173_968963351913814_954743439062480505_n.jpg?w=921&amp;ssl=1 921w\" sizes=\"auto, (max-width: 300px) 100vw, 300px\" \/><\/a><\/p>\n<p>En Colomba Costa Cuca (nombre completo del municipio) gran parte de la poblaci\u00f3n se emplea en alguna de las 91 fincas de caf\u00e9 del municipio, que representan m\u00e1s del 60% de la producci\u00f3n agr\u00edcola del lugar. Anteriormente estas fincas cafetaleras eran tierras comunitarias de poblaciones ind\u00edgenas, quienes las cultivaban de manera colectiva. Sin embargo, bajo el pretexto de modernizar el Estado guatemalteco y brindar certeza jur\u00eddica, la Reforma Liberal de Justo Rufino Barrios en 1987 inici\u00f3 un sistema de registro de propiedades, que m\u00e1s bien fue una acci\u00f3n de privatizaci\u00f3n de las \u00faltimas tierras que quedaban en manos de las comunidades que pose\u00edan tierras y no contaban con los t\u00edtulos correspondientes para justificar su propiedad. Durante el gobierno de Barrios, se implement\u00f3 un sistema de subasta p\u00fablica para que las comunidades pudieran registrar sus tierras, haciendo un pago de 500 pesos por caballer\u00eda y as\u00ed poder mantenerlas bajo su posesi\u00f3n. La mayor\u00eda de poblaci\u00f3n ind\u00edgena, siendo analfabeta y sin recursos, no pudo hacer nada ante este mecanismo y sus tierras fueron adjudicadas a finqueros, la mayor\u00eda, amigos y sub alternos de Justo Rufino Barrios, como el caso de Manuel Lisandro Barillas, quien se hizo de grandes extensiones en el \u00e1rea de Costa Cuca (Flores y Colomba) y El Palmar. Sin tierras cosechables, la poblaci\u00f3n local tuvo que emplearse como jornaleros, cuando antes eran poseedores.<\/p>\n<p>Las condiciones precarias y los bajos salarios en las fincas cafetaleras del municipio (persistentes a\u00fan en la actualidad) han creado un contexto donde la delincuencia se ha manifestado como una respuesta ante la explotaci\u00f3n laboral. Las consecuencias del despojo de tierras comunitarias, siguen siendo visibles a\u00fan m\u00e1s de cien a\u00f1os despu\u00e9s. No cabe duda que cuando a una comunidad se le arrebatan los medios de vida, se generar\u00e1n respuestas ante la subsistencia, aunque estas sean violentas. Colomba, un municipio de gente trabajadora, pero sin las condiciones adecuadas para el desarrollo, es un claro ejemplo de ello.<\/p>\n<p>Ojal\u00e1 este hecho lamentable sea un llamado para tomar acciones por parte del Estado y puedan brindar oportunidades para mejorar las condiciones de vida de la poblaci\u00f3n de este territorio.<\/p>\n<p>&nbsp;<\/p>\n","protected":false},"excerpt":{"rendered":"<p>POR FREDY PASTOR Nunca voy a olvidar la primera vez que visit\u00e9 Colomba Costa Cuca, Quetzaltenango. Era martes y llegu\u00e9 a eso de las diez de la ma\u00f1ana. En el camino, cerca del centro, una rockola a todo volumen animaba una cantina casi llena de j\u00f3venes. La escena me impresion\u00f3, porque era martes y era [&hellip;]<\/p>\n","protected":false},"author":1,"featured_media":12480,"comment_status":"closed","ping_status":"closed","sticky":false,"template":"","format":"standard","meta":{"_exactmetrics_skip_tracking":false,"_exactmetrics_sitenote_active":false,"_exactmetrics_sitenote_note":"","_exactmetrics_sitenote_category":0,"jetpack_post_was_ever_published":false,"_jetpack_newsletter_access":"","_jetpack_dont_email_post_to_subs":false,"_jetpack_newsletter_tier_id":0,"_jetpack_memberships_contains_paywalled_content":false,"_jetpack_memberships_contains_paid_content":false,"footnotes":""},"categories":[452,378,1772],"tags":[4805,4806,4163,4803,4800,4807,4804,4802,4801,4153],"class_list":["post-12449","post","type-post","status-publish","format-standard","has-post-thumbnail","hentry","category-frontpage","category-politica","category-situacion-social","tag-adolescentes-en-conflicto-con-la-ley","tag-bajo-salarios","tag-despojos-de-tierras","tag-fincas-de-cafe","tag-jornaleros","tag-oportunidades-laborales","tag-pandillas","tag-privatizacion-de-tierras","tag-tierras","tag-violencia-2"],"jetpack_featured_media_url":"https:\/\/i0.wp.com\/www.entremundos.org\/revista\/wp-content\/uploads\/2024\/11\/opcion-portada-scaled.jpg?fit=2560%2C1709&ssl=1","jetpack_shortlink":"https:\/\/wp.me\/p7ljt7-3eN","jetpack-related-posts":[{"id":12488,"url":"https:\/\/www.entremundos.org\/revista\/politica\/de-la-lucha-a-la-agricultura-en-las-montanas-de-guatemala\/","url_meta":{"origin":12449,"position":0},"title":"De la lucha a la agricultura en las monta\u00f1as de Guatemala","author":"EntreMundos","date":"13 noviembre, 2024","format":false,"excerpt":"POR JONATHAN LOTT A la sombra de las monta\u00f1as selv\u00e1ticas de Guatemala, anta\u00f1o cargadas del espectro del conflicto, el olor del caf\u00e9 flota en el aire. Una generaci\u00f3n despu\u00e9s del hist\u00f3rico acuerdo de paz que puso fin a la guerra civil guatemalteca (1960-1996), decenas de exguerrilleros trabajan ahora la tierra\u2026","rel":"","context":"En \u00abFrontPage\u00bb","block_context":{"text":"FrontPage","link":"https:\/\/www.entremundos.org\/revista\/category\/frontpage\/"},"img":{"alt_text":"","src":"https:\/\/i0.wp.com\/www.entremundos.org\/revista\/wp-content\/uploads\/2024\/11\/anita2-e1731543808410.jpg?fit=910%2C671&ssl=1&resize=350%2C200","width":350,"height":200,"srcset":"https:\/\/i0.wp.com\/www.entremundos.org\/revista\/wp-content\/uploads\/2024\/11\/anita2-e1731543808410.jpg?fit=910%2C671&ssl=1&resize=350%2C200 1x, https:\/\/i0.wp.com\/www.entremundos.org\/revista\/wp-content\/uploads\/2024\/11\/anita2-e1731543808410.jpg?fit=910%2C671&ssl=1&resize=525%2C300 1.5x, https:\/\/i0.wp.com\/www.entremundos.org\/revista\/wp-content\/uploads\/2024\/11\/anita2-e1731543808410.jpg?fit=910%2C671&ssl=1&resize=700%2C400 2x"},"classes":[]},{"id":11847,"url":"https:\/\/www.entremundos.org\/revista\/politica\/cuando-la-tierra-se-movio\/","url_meta":{"origin":12449,"position":1},"title":"Cuando la tierra se movi\u00f3","author":"EntreMundos","date":"26 marzo, 2024","format":false,"excerpt":"POR CECILIA REED Estaba profundamente dormida, unos minutos despu\u00e9s de la medianoche; cuando de repente, \u00a1mi cuerpo entr\u00f3 en modo de p\u00e1nico y me despert\u00e9! Mi cama se balanceaba vigorosamente de izquierda a derecha, y las paredes a mi alrededor se balanceaban en direcci\u00f3n opuesta a un ritmo similar. Nunca\u2026","rel":"","context":"En \u00abAccion Comunitaria\u00bb","block_context":{"text":"Accion Comunitaria","link":"https:\/\/www.entremundos.org\/revista\/category\/politica\/accion-comunitaria-3\/"},"img":{"alt_text":"","src":"https:\/\/i0.wp.com\/www.entremundos.org\/revista\/wp-content\/uploads\/2024\/03\/20240124_080747-scaled.jpg?fit=1200%2C900&ssl=1&resize=350%2C200","width":350,"height":200,"srcset":"https:\/\/i0.wp.com\/www.entremundos.org\/revista\/wp-content\/uploads\/2024\/03\/20240124_080747-scaled.jpg?fit=1200%2C900&ssl=1&resize=350%2C200 1x, https:\/\/i0.wp.com\/www.entremundos.org\/revista\/wp-content\/uploads\/2024\/03\/20240124_080747-scaled.jpg?fit=1200%2C900&ssl=1&resize=525%2C300 1.5x, https:\/\/i0.wp.com\/www.entremundos.org\/revista\/wp-content\/uploads\/2024\/03\/20240124_080747-scaled.jpg?fit=1200%2C900&ssl=1&resize=700%2C400 2x, https:\/\/i0.wp.com\/www.entremundos.org\/revista\/wp-content\/uploads\/2024\/03\/20240124_080747-scaled.jpg?fit=1200%2C900&ssl=1&resize=1050%2C600 3x"},"classes":[]},{"id":13646,"url":"https:\/\/www.entremundos.org\/revista\/politica\/14-horas-en-la-emergencia-del-san-juan\/","url_meta":{"origin":12449,"position":2},"title":"14 Horas en la emergencia del San Juan","author":"EntreMundos","date":"4 abril, 2026","format":false,"excerpt":"POR JOS\u00c9 RUB\u00c9N ZAMORA A continuaci\u00f3n, un relato vivido el lunes 30 de diciembre de 2025, el experimentado y eficaz m\u00e9dico de Mariscal Zavala y Matamoros tuvo la deferencia de pasar a visitarme y preguntar por mi salud. A grandes rasgos le describ\u00ed la evoluci\u00f3n de mis achaques y c\u00f3mo\u2026","rel":"","context":"En \u00abFrontPage\u00bb","block_context":{"text":"FrontPage","link":"https:\/\/www.entremundos.org\/revista\/category\/frontpage\/"},"img":{"alt_text":"","src":"https:\/\/i0.wp.com\/www.entremundos.org\/revista\/wp-content\/uploads\/2026\/03\/634915345_122122712199038307_404958608411572897_n.jpg?fit=1200%2C802&ssl=1&resize=350%2C200","width":350,"height":200,"srcset":"https:\/\/i0.wp.com\/www.entremundos.org\/revista\/wp-content\/uploads\/2026\/03\/634915345_122122712199038307_404958608411572897_n.jpg?fit=1200%2C802&ssl=1&resize=350%2C200 1x, https:\/\/i0.wp.com\/www.entremundos.org\/revista\/wp-content\/uploads\/2026\/03\/634915345_122122712199038307_404958608411572897_n.jpg?fit=1200%2C802&ssl=1&resize=525%2C300 1.5x, https:\/\/i0.wp.com\/www.entremundos.org\/revista\/wp-content\/uploads\/2026\/03\/634915345_122122712199038307_404958608411572897_n.jpg?fit=1200%2C802&ssl=1&resize=700%2C400 2x, https:\/\/i0.wp.com\/www.entremundos.org\/revista\/wp-content\/uploads\/2026\/03\/634915345_122122712199038307_404958608411572897_n.jpg?fit=1200%2C802&ssl=1&resize=1050%2C600 3x"},"classes":[]},{"id":12980,"url":"https:\/\/www.entremundos.org\/revista\/mujer\/el-otro-lado-del-viaje-sonado-detras-de-un-espacio-internacional\/","url_meta":{"origin":12449,"position":3},"title":"El otro lado del viaje so\u00f1ado; detr\u00e1s de un espacio internacional","author":"EntreMundos","date":"23 julio, 2025","format":false,"excerpt":"Por Adela Tuy Cuando la gente escucha \u2018Conferencias Internacionales\u2019 piensa en edificios lujosos, gente hablando en ingl\u00e9s, muchas fotos formales y muchos discursos bonitos; tambi\u00e9n en lo elegante de participar en una conferencia y ponerlo en tu curr\u00edculum vitae. Sin embargo, nadie les cuenta sobre lo que hay detr\u00e1s de\u2026","rel":"","context":"En \u00abCine\u00bb","block_context":{"text":"Cine","link":"https:\/\/www.entremundos.org\/revista\/category\/cine\/"},"img":{"alt_text":"","src":"https:\/\/i0.wp.com\/www.entremundos.org\/revista\/wp-content\/uploads\/2025\/07\/20241121_092407-143c-1.jpg?fit=1200%2C800&ssl=1&resize=350%2C200","width":350,"height":200,"srcset":"https:\/\/i0.wp.com\/www.entremundos.org\/revista\/wp-content\/uploads\/2025\/07\/20241121_092407-143c-1.jpg?fit=1200%2C800&ssl=1&resize=350%2C200 1x, https:\/\/i0.wp.com\/www.entremundos.org\/revista\/wp-content\/uploads\/2025\/07\/20241121_092407-143c-1.jpg?fit=1200%2C800&ssl=1&resize=525%2C300 1.5x, https:\/\/i0.wp.com\/www.entremundos.org\/revista\/wp-content\/uploads\/2025\/07\/20241121_092407-143c-1.jpg?fit=1200%2C800&ssl=1&resize=700%2C400 2x, https:\/\/i0.wp.com\/www.entremundos.org\/revista\/wp-content\/uploads\/2025\/07\/20241121_092407-143c-1.jpg?fit=1200%2C800&ssl=1&resize=1050%2C600 3x"},"classes":[]},{"id":12859,"url":"https:\/\/www.entremundos.org\/revista\/politica\/mujeres-indigenas-y-rurales-en-defensa-del-territorio-frente-al-extractivismo-en-guatemala\/","url_meta":{"origin":12449,"position":4},"title":"Mujeres ind\u00edgenas y rurales en defensa del territorio frente al extractivismo en Guatemala","author":"EntreMundos","date":"21 mayo, 2025","format":false,"excerpt":"Por Asociadas Por lo Justo (JASS) Este es un resumen de un mapeo realizado por JASS, para compartir sus an\u00e1lisis, sus luchas y los impactos en sus vidas. El objetivo es contar las luchas por el territorio frente al extractivismo en Guatemala e identificar el papel y el impacto en\u2026","rel":"","context":"En \u00abFrontPage\u00bb","block_context":{"text":"FrontPage","link":"https:\/\/www.entremundos.org\/revista\/category\/frontpage\/"},"img":{"alt_text":"","src":"https:\/\/i0.wp.com\/www.entremundos.org\/revista\/wp-content\/uploads\/2025\/05\/2-scaled.png?fit=1200%2C843&ssl=1&resize=350%2C200","width":350,"height":200,"srcset":"https:\/\/i0.wp.com\/www.entremundos.org\/revista\/wp-content\/uploads\/2025\/05\/2-scaled.png?fit=1200%2C843&ssl=1&resize=350%2C200 1x, https:\/\/i0.wp.com\/www.entremundos.org\/revista\/wp-content\/uploads\/2025\/05\/2-scaled.png?fit=1200%2C843&ssl=1&resize=525%2C300 1.5x, https:\/\/i0.wp.com\/www.entremundos.org\/revista\/wp-content\/uploads\/2025\/05\/2-scaled.png?fit=1200%2C843&ssl=1&resize=700%2C400 2x, https:\/\/i0.wp.com\/www.entremundos.org\/revista\/wp-content\/uploads\/2025\/05\/2-scaled.png?fit=1200%2C843&ssl=1&resize=1050%2C600 3x"},"classes":[]},{"id":13241,"url":"https:\/\/www.entremundos.org\/revista\/politica\/crimen-de-estado-primera-sentencia\/","url_meta":{"origin":12449,"position":5},"title":"Crimen De Estado: Primera Sentencia\u00a0","author":"EntreMundos","date":"17 septiembre, 2025","format":false,"excerpt":"Por Carolina Escobar Sarti Durante el gobierno de Jimmy Morales se cometi\u00f3 un crimen de Estado. Fue el 8 de marzo de 2017, cuando 56 ni\u00f1as y adolescentes fueron colocadas, por horas, en un aula de 7 x 6.8 metros donde no hab\u00eda ni siquiera un ba\u00f1o. Despu\u00e9s del desayuno\u2026","rel":"","context":"En \u00abFrontPage\u00bb","block_context":{"text":"FrontPage","link":"https:\/\/www.entremundos.org\/revista\/category\/frontpage\/"},"img":{"alt_text":"","src":"https:\/\/i0.wp.com\/www.entremundos.org\/revista\/wp-content\/uploads\/2025\/09\/img66.jpg?fit=960%2C1200&ssl=1&resize=350%2C200","width":350,"height":200,"srcset":"https:\/\/i0.wp.com\/www.entremundos.org\/revista\/wp-content\/uploads\/2025\/09\/img66.jpg?fit=960%2C1200&ssl=1&resize=350%2C200 1x, https:\/\/i0.wp.com\/www.entremundos.org\/revista\/wp-content\/uploads\/2025\/09\/img66.jpg?fit=960%2C1200&ssl=1&resize=525%2C300 1.5x, https:\/\/i0.wp.com\/www.entremundos.org\/revista\/wp-content\/uploads\/2025\/09\/img66.jpg?fit=960%2C1200&ssl=1&resize=700%2C400 2x"},"classes":[]}],"jetpack_sharing_enabled":true,"_links":{"self":[{"href":"https:\/\/www.entremundos.org\/revista\/wp-json\/wp\/v2\/posts\/12449","targetHints":{"allow":["GET"]}}],"collection":[{"href":"https:\/\/www.entremundos.org\/revista\/wp-json\/wp\/v2\/posts"}],"about":[{"href":"https:\/\/www.entremundos.org\/revista\/wp-json\/wp\/v2\/types\/post"}],"author":[{"embeddable":true,"href":"https:\/\/www.entremundos.org\/revista\/wp-json\/wp\/v2\/users\/1"}],"replies":[{"embeddable":true,"href":"https:\/\/www.entremundos.org\/revista\/wp-json\/wp\/v2\/comments?post=12449"}],"version-history":[{"count":1,"href":"https:\/\/www.entremundos.org\/revista\/wp-json\/wp\/v2\/posts\/12449\/revisions"}],"predecessor-version":[{"id":12484,"href":"https:\/\/www.entremundos.org\/revista\/wp-json\/wp\/v2\/posts\/12449\/revisions\/12484"}],"wp:featuredmedia":[{"embeddable":true,"href":"https:\/\/www.entremundos.org\/revista\/wp-json\/wp\/v2\/media\/12480"}],"wp:attachment":[{"href":"https:\/\/www.entremundos.org\/revista\/wp-json\/wp\/v2\/media?parent=12449"}],"wp:term":[{"taxonomy":"category","embeddable":true,"href":"https:\/\/www.entremundos.org\/revista\/wp-json\/wp\/v2\/categories?post=12449"},{"taxonomy":"post_tag","embeddable":true,"href":"https:\/\/www.entremundos.org\/revista\/wp-json\/wp\/v2\/tags?post=12449"}],"curies":[{"name":"wp","href":"https:\/\/api.w.org\/{rel}","templated":true}]}}