{"id":12505,"date":"2024-11-19T13:43:13","date_gmt":"2024-11-19T21:43:13","guid":{"rendered":"https:\/\/www.entremundos.org\/revista\/?p=12505"},"modified":"2024-11-19T16:25:20","modified_gmt":"2024-11-20T00:25:20","slug":"apoyando-a-la-comunidad-lgbt-en-guatemala-un-esfuerzo-multidimensional","status":"publish","type":"post","link":"https:\/\/www.entremundos.org\/revista\/politica\/apoyando-a-la-comunidad-lgbt-en-guatemala-un-esfuerzo-multidimensional\/","title":{"rendered":"Apoyando a la comunidad LGBT+ en Guatemala, un esfuerzo multidimensional"},"content":{"rendered":"<p>POR JONATHAN LOTT<\/p>\n<p>La discriminaci\u00f3n contra miembros de la comunidad LGBTQI+ en Guatemala a\u00fan persiste hoy. Actualmente no existen leyes que proh\u00edban la discriminaci\u00f3n relacionada con el empleo, la vivienda, la atenci\u00f3n m\u00e9dica o la educaci\u00f3n por motivos de orientaci\u00f3n sexual o identidad de g\u00e9nero. Las ONG y las publicaciones de derechos humanos indican que el acoso, el abuso policial, las agresiones y las violaciones \u201ccorrectivas\u201d todav\u00eda victimizan a estas comunidades, y las organizaciones de la sociedad civil informan que las investigaciones sobre estos cr\u00edmenes a menudo no se llevan a cabo a fondo.<\/p>\n<p>Debido a que la respuesta del gobierno ha sido insuficiente para corregir las leyes desiguales y la violencia estructural, varias ONG de base han tomado medidas para apoyar a las v\u00edctimas de violencia y discriminaci\u00f3n a nivel local y nacional. Una de estas importantes organizaciones es GAX: Grupo de Apoyo Xela. Al entrar en su quinto a\u00f1o, en 2024, GAX est\u00e1 llevando a cabo un conjunto diverso de esfuerzos para brindar reconocimiento y dignidad a la comunidad LGBTQI+ en Guatemala.<\/p>\n<p>Una de sus iniciativas m\u00e1s importantes es la Justicia Abierta, en la que GAX colabora con otras quince ONG (incluidas Ixoqib&#8217; MIRIAM, CREAR Escuintla, CICAM y FLACSO Guatemala, entre otras) para recopilar y presentar datos gubernamentales sobre amenazas discriminatorias y violencia. Las estad\u00edsticas de libre acceso van del 2017 al 2024 e indican incidentes y cr\u00edmenes de odio contra cuatro comunidades: ni\u00f1os, migrantes, mujeres y la poblaci\u00f3n LGBTQI+. GAX mantiene una base de datos en l\u00ednea (www.gaxong.gt\/justicia-abierta-gax) donde investigadores y trabajadores de derechos humanos pueden acceder a estas cifras de criminalidad.<\/p>\n<p><a href=\"https:\/\/i0.wp.com\/www.entremundos.org\/revista\/wp-content\/uploads\/2024\/11\/gax1.jpg?ssl=1\"><img data-recalc-dims=\"1\" loading=\"lazy\" decoding=\"async\" class=\"size-medium wp-image-12478 aligncenter\" src=\"https:\/\/i0.wp.com\/www.entremundos.org\/revista\/wp-content\/uploads\/2024\/11\/gax1.jpg?resize=225%2C300&#038;ssl=1\" alt=\"\" width=\"225\" height=\"300\" srcset=\"https:\/\/i0.wp.com\/www.entremundos.org\/revista\/wp-content\/uploads\/2024\/11\/gax1.jpg?resize=225%2C300&amp;ssl=1 225w, https:\/\/i0.wp.com\/www.entremundos.org\/revista\/wp-content\/uploads\/2024\/11\/gax1.jpg?resize=335%2C447&amp;ssl=1 335w, https:\/\/i0.wp.com\/www.entremundos.org\/revista\/wp-content\/uploads\/2024\/11\/gax1.jpg?w=720&amp;ssl=1 720w\" sizes=\"auto, (max-width: 225px) 100vw, 225px\" \/><\/a><\/p>\n<p>Sin embargo, debido a que las estad\u00edsticas son proporcionadas por el Ministerio P\u00fablico, no reflejan el alcance de la discriminaci\u00f3n contra estos grupos en riesgo. Estos datos no incluyen la discriminaci\u00f3n de jure, como negar vivienda en funci\u00f3n de la preferencia sexual, que no es un delito en Guatemala. Las estad\u00edsticas tampoco contienen delitos que, por cualquier motivo, no se denuncian ni se introducen en las bases de datos de la polic\u00eda.<\/p>\n<p>Los datos son un primer paso esencial para la concientizaci\u00f3n y la acci\u00f3n, ya que establecen los hechos que pueden disponer el contexto para el cambio. Leonardo Ortega, director de GAX, explica que la recopilaci\u00f3n de datos completos y precisos es en s\u00ed misma, parte del sistema de justicia. \u201cLa falta de voluntad pol\u00edtica por parte del gobierno, al no tener un registro de datos adecuado y reconocer adecuadamente las orientaciones sexuales y las identidades de g\u00e9nero es un ejemplo de una deuda existente hacia la comunidad LGBTIQ+\u201d, dice Ortega.<\/p>\n<p>GAX tambi\u00e9n lidera los esfuerzos para deshacer la discriminaci\u00f3n laboral en Quetzaltenango. Su programa \u201cInclusi\u00f3n, Equidad y Oportunidad\u201d organiza ferias laborales que conectan a trabajadores LGBTQI+ con empresas comprometidas para mantener una fuerza laboral libre de discriminaci\u00f3n sexual y de g\u00e9nero. Tambi\u00e9n realizan talleres gratuitos sobre curr\u00edculums, consultor\u00eda laboral y albergan una lista de ofertas de trabajo. A trav\u00e9s de este programa, muchas personas han conseguido empleos que les permiten trabajar con dignidad y superar la discriminaci\u00f3n institucional.<\/p>\n<p>Ortega comparte la historia de un joven que encontr\u00f3 trabajo a trav\u00e9s de GAX. Obligado a abandonar su hogar cuando a\u00fan era un ni\u00f1o, lleg\u00f3 a Quetzaltenango, donde recibi\u00f3 el apoyo de GAX y CRISTOSAL, otra ONG de derechos humanos. A trav\u00e9s de esta asociaci\u00f3n, este joven comenz\u00f3 a trabajar en un restaurante y pronto fue ascendido a gerente de eventos. Su historia es una de muchas.<\/p>\n<p>Construir un pa\u00eds libre de discriminaci\u00f3n tambi\u00e9n requiere una transformaci\u00f3n de actitudes tanto a nivel local como nacional. Con este fin, brindan capacitaci\u00f3n sobre salud sexual, prevenci\u00f3n de la violencia, concientizaci\u00f3n sobre el VIH y derechos humanos en Xela y otras partes del departamento de Quetzaltenango. Tambi\u00e9n mantienen un centro de pruebas de VIH y brindan apoyo legal, financiero y psicol\u00f3gico a las v\u00edctimas LGBTQI+.<\/p>\n<p><a href=\"https:\/\/i0.wp.com\/www.entremundos.org\/revista\/wp-content\/uploads\/2024\/11\/gax2.jpg?ssl=1\"><img data-recalc-dims=\"1\" loading=\"lazy\" decoding=\"async\" class=\"size-medium wp-image-12474 aligncenter\" src=\"https:\/\/i0.wp.com\/www.entremundos.org\/revista\/wp-content\/uploads\/2024\/11\/gax2.jpg?resize=300%2C225&#038;ssl=1\" alt=\"\" width=\"300\" height=\"225\" srcset=\"https:\/\/i0.wp.com\/www.entremundos.org\/revista\/wp-content\/uploads\/2024\/11\/gax2.jpg?resize=300%2C225&amp;ssl=1 300w, https:\/\/i0.wp.com\/www.entremundos.org\/revista\/wp-content\/uploads\/2024\/11\/gax2.jpg?resize=768%2C576&amp;ssl=1 768w, https:\/\/i0.wp.com\/www.entremundos.org\/revista\/wp-content\/uploads\/2024\/11\/gax2.jpg?resize=72%2C54&amp;ssl=1 72w, https:\/\/i0.wp.com\/www.entremundos.org\/revista\/wp-content\/uploads\/2024\/11\/gax2.jpg?resize=335%2C251&amp;ssl=1 335w, https:\/\/i0.wp.com\/www.entremundos.org\/revista\/wp-content\/uploads\/2024\/11\/gax2.jpg?w=970&amp;ssl=1 970w\" sizes=\"auto, (max-width: 300px) 100vw, 300px\" \/><\/a><\/p>\n<p>Para lograr cambios tambi\u00e9n es necesario aumentar la conciencia pol\u00edtica sobre estas barreras estructurales. Abogan por pol\u00edticas que apoyen la no discriminaci\u00f3n y el respeto en Guatemala a trav\u00e9s de campa\u00f1as en las redes sociales, talleres contra el acoso escolar, extensi\u00f3n comunitaria y educaci\u00f3n en derechos humanos.<\/p>\n<p>\u201cEn Guatemala el estigma y la discriminaci\u00f3n hacia la comunidad LGBTIQ+ son evidentes todos los d\u00edas, debido a la falta de informaci\u00f3n y conocimiento sobre derechos humanos. La LGBTIQfobia est\u00e1 presente actualmente en todos los sectores del pa\u00eds\u201d, afirma Ortega. Como muchas organizaciones sin fines de lucro que trabajan para mejorar los derechos humanos, GAX ha enfrentado obst\u00e1culos por parte de tomadores de decisiones p\u00fablicos y privados y en la implementaci\u00f3n de sus talleres educativos.<\/p>\n<p><a href=\"https:\/\/i0.wp.com\/www.entremundos.org\/revista\/wp-content\/uploads\/2024\/11\/gax4.jpg?ssl=1\"><img data-recalc-dims=\"1\" loading=\"lazy\" decoding=\"async\" class=\"size-medium wp-image-12472 aligncenter\" src=\"https:\/\/i0.wp.com\/www.entremundos.org\/revista\/wp-content\/uploads\/2024\/11\/gax4.jpg?resize=300%2C169&#038;ssl=1\" alt=\"\" width=\"300\" height=\"169\" srcset=\"https:\/\/i0.wp.com\/www.entremundos.org\/revista\/wp-content\/uploads\/2024\/11\/gax4.jpg?resize=300%2C169&amp;ssl=1 300w, https:\/\/i0.wp.com\/www.entremundos.org\/revista\/wp-content\/uploads\/2024\/11\/gax4.jpg?resize=768%2C432&amp;ssl=1 768w, https:\/\/i0.wp.com\/www.entremundos.org\/revista\/wp-content\/uploads\/2024\/11\/gax4.jpg?resize=335%2C189&amp;ssl=1 335w, https:\/\/i0.wp.com\/www.entremundos.org\/revista\/wp-content\/uploads\/2024\/11\/gax4.jpg?w=970&amp;ssl=1 970w\" sizes=\"auto, (max-width: 300px) 100vw, 300px\" \/><\/a><\/p>\n<p>Grupo de Apoyo Xela (www.gaxong.gt) aspira a ser una de las ONG comunitarias m\u00e1s grandes de Guatemala, promoviendo y protegiendo los derechos de los j\u00f3venes y la comunidad LGBTQI+. \u201cSeguimos trabajando en alianzas interinstitucionales, estrat\u00e9gicas y en la construcci\u00f3n de redes de j\u00f3venes voluntarios\u201d, explica Ortega. \u201cReconocemos la importancia del involucramiento de las nuevas generaciones para lograr estos cambios significativos, para que todas las personas puedan expresar libremente su identidad completa. Es su futuro\u201d.<br \/>\nJonathan es un educador de los Estados Unidos con varios a\u00f1os de experiencia en la docencia para estudiantes (adolescentes y adultos j\u00f3venes). Est\u00e1 terminando su maestr\u00eda en derechos humanos internacionales y derecho humanitario en la Universidad Viadrina en Alemania.<\/p>\n<p>&nbsp;<\/p>\n","protected":false},"excerpt":{"rendered":"<p>POR JONATHAN LOTT La discriminaci\u00f3n contra miembros de la comunidad LGBTQI+ en Guatemala a\u00fan persiste hoy. Actualmente no existen leyes que proh\u00edban la discriminaci\u00f3n relacionada con el empleo, la vivienda, la atenci\u00f3n m\u00e9dica o la educaci\u00f3n por motivos de orientaci\u00f3n sexual o identidad de g\u00e9nero. Las ONG y las publicaciones de derechos humanos indican que [&hellip;]<\/p>\n","protected":false},"author":1,"featured_media":12476,"comment_status":"closed","ping_status":"closed","sticky":false,"template":"","format":"standard","meta":{"_exactmetrics_skip_tracking":false,"_exactmetrics_sitenote_active":false,"_exactmetrics_sitenote_note":"","_exactmetrics_sitenote_category":0,"jetpack_post_was_ever_published":false,"_jetpack_newsletter_access":"","_jetpack_dont_email_post_to_subs":false,"_jetpack_newsletter_tier_id":0,"_jetpack_memberships_contains_paywalled_content":false,"_jetpack_memberships_contains_paid_content":false,"footnotes":""},"categories":[452,439,378],"tags":[4842,970,4264,4843,1387,4844,1274,103,4775,4624],"class_list":["post-12505","post","type-post","status-publish","format-standard","has-post-thumbnail","hentry","category-frontpage","category-juventud","category-politica","tag-comunidad-y-diversidad","tag-discriminacion","tag-diversidad","tag-equidad","tag-inclusion","tag-lgbtqi","tag-oportunidades","tag-politica","tag-sectores-vulnerables","tag-sistema-de-justicia"],"jetpack_featured_media_url":"https:\/\/i0.wp.com\/www.entremundos.org\/revista\/wp-content\/uploads\/2024\/11\/gax3.jpg?fit=794%2C794&ssl=1","jetpack_shortlink":"https:\/\/wp.me\/p7ljt7-3fH","jetpack-related-posts":[{"id":12224,"url":"https:\/\/www.entremundos.org\/revista\/mujer\/derechos-sexuales-y-reproductivos-tema-pendiente-en-guatemala\/","url_meta":{"origin":12505,"position":0},"title":"Derechos sexuales y reproductivos; tema pendiente en Guatemala","author":"EntreMundos","date":"15 julio, 2024","format":false,"excerpt":"POR EMMA G\u00d3MEZ Seg\u00fan La Organizaci\u00f3n de las Naciones Unidas de los Derechos Humanos, (ONU-DH), los derechos sexuales y reproductivos est\u00e1n relacionados con la libertad de las personas a decidir sobre su sexualidad y el ejercicio libre de la misma. Algunos derechos pueden ser; ejercer la sexualidad de manera independiente\u2026","rel":"","context":"En \u00abFrontPage\u00bb","block_context":{"text":"FrontPage","link":"https:\/\/www.entremundos.org\/revista\/category\/frontpage\/"},"img":{"alt_text":"","src":"https:\/\/i0.wp.com\/www.entremundos.org\/revista\/wp-content\/uploads\/2024\/07\/444487166_750607893953803_8829963883492089519_n.jpg?fit=1200%2C1158&ssl=1&resize=350%2C200","width":350,"height":200,"srcset":"https:\/\/i0.wp.com\/www.entremundos.org\/revista\/wp-content\/uploads\/2024\/07\/444487166_750607893953803_8829963883492089519_n.jpg?fit=1200%2C1158&ssl=1&resize=350%2C200 1x, https:\/\/i0.wp.com\/www.entremundos.org\/revista\/wp-content\/uploads\/2024\/07\/444487166_750607893953803_8829963883492089519_n.jpg?fit=1200%2C1158&ssl=1&resize=525%2C300 1.5x, https:\/\/i0.wp.com\/www.entremundos.org\/revista\/wp-content\/uploads\/2024\/07\/444487166_750607893953803_8829963883492089519_n.jpg?fit=1200%2C1158&ssl=1&resize=700%2C400 2x, https:\/\/i0.wp.com\/www.entremundos.org\/revista\/wp-content\/uploads\/2024\/07\/444487166_750607893953803_8829963883492089519_n.jpg?fit=1200%2C1158&ssl=1&resize=1050%2C600 3x"},"classes":[]},{"id":11407,"url":"https:\/\/www.entremundos.org\/revista\/politica\/del-papel-a-la-pantalla\/","url_meta":{"origin":12505,"position":1},"title":"Del papel a la pantalla","author":"EntreMundos","date":"10 noviembre, 2023","format":false,"excerpt":"POR EMMA G\u00d3MEZ Dos pa\u00edses golpeados por la corrupci\u00f3n, violaci\u00f3n de los derechos humanos, injusticias, persecuciones y despojos, por mencionar algunos de los males que tienen en com\u00fan Guatemala y El Salvador. El proyecto, Del Papel a la Pantalla, presenta dos propuestas visuales para reflexionar sobre la educaci\u00f3n sexual y\u2026","rel":"","context":"En \u00abAccion Comunitaria\u00bb","block_context":{"text":"Accion Comunitaria","link":"https:\/\/www.entremundos.org\/revista\/category\/politica\/accion-comunitaria-3\/"},"img":{"alt_text":"","src":"https:\/\/i0.wp.com\/www.entremundos.org\/revista\/wp-content\/uploads\/2023\/11\/whatsapp-image-2023-10-23-at-9.54.45-am-2.jpeg?fit=1200%2C800&ssl=1&resize=350%2C200","width":350,"height":200,"srcset":"https:\/\/i0.wp.com\/www.entremundos.org\/revista\/wp-content\/uploads\/2023\/11\/whatsapp-image-2023-10-23-at-9.54.45-am-2.jpeg?fit=1200%2C800&ssl=1&resize=350%2C200 1x, https:\/\/i0.wp.com\/www.entremundos.org\/revista\/wp-content\/uploads\/2023\/11\/whatsapp-image-2023-10-23-at-9.54.45-am-2.jpeg?fit=1200%2C800&ssl=1&resize=525%2C300 1.5x, https:\/\/i0.wp.com\/www.entremundos.org\/revista\/wp-content\/uploads\/2023\/11\/whatsapp-image-2023-10-23-at-9.54.45-am-2.jpeg?fit=1200%2C800&ssl=1&resize=700%2C400 2x, https:\/\/i0.wp.com\/www.entremundos.org\/revista\/wp-content\/uploads\/2023\/11\/whatsapp-image-2023-10-23-at-9.54.45-am-2.jpeg?fit=1200%2C800&ssl=1&resize=1050%2C600 3x"},"classes":[]},{"id":12488,"url":"https:\/\/www.entremundos.org\/revista\/politica\/de-la-lucha-a-la-agricultura-en-las-montanas-de-guatemala\/","url_meta":{"origin":12505,"position":2},"title":"De la lucha a la agricultura en las monta\u00f1as de Guatemala","author":"EntreMundos","date":"13 noviembre, 2024","format":false,"excerpt":"POR JONATHAN LOTT A la sombra de las monta\u00f1as selv\u00e1ticas de Guatemala, anta\u00f1o cargadas del espectro del conflicto, el olor del caf\u00e9 flota en el aire. Una generaci\u00f3n despu\u00e9s del hist\u00f3rico acuerdo de paz que puso fin a la guerra civil guatemalteca (1960-1996), decenas de exguerrilleros trabajan ahora la tierra\u2026","rel":"","context":"En \u00abFrontPage\u00bb","block_context":{"text":"FrontPage","link":"https:\/\/www.entremundos.org\/revista\/category\/frontpage\/"},"img":{"alt_text":"","src":"https:\/\/i0.wp.com\/www.entremundos.org\/revista\/wp-content\/uploads\/2024\/11\/anita2-e1731543808410.jpg?fit=910%2C671&ssl=1&resize=350%2C200","width":350,"height":200,"srcset":"https:\/\/i0.wp.com\/www.entremundos.org\/revista\/wp-content\/uploads\/2024\/11\/anita2-e1731543808410.jpg?fit=910%2C671&ssl=1&resize=350%2C200 1x, https:\/\/i0.wp.com\/www.entremundos.org\/revista\/wp-content\/uploads\/2024\/11\/anita2-e1731543808410.jpg?fit=910%2C671&ssl=1&resize=525%2C300 1.5x, https:\/\/i0.wp.com\/www.entremundos.org\/revista\/wp-content\/uploads\/2024\/11\/anita2-e1731543808410.jpg?fit=910%2C671&ssl=1&resize=700%2C400 2x"},"classes":[]},{"id":12859,"url":"https:\/\/www.entremundos.org\/revista\/politica\/mujeres-indigenas-y-rurales-en-defensa-del-territorio-frente-al-extractivismo-en-guatemala\/","url_meta":{"origin":12505,"position":3},"title":"Mujeres ind\u00edgenas y rurales en defensa del territorio frente al extractivismo en Guatemala","author":"EntreMundos","date":"21 mayo, 2025","format":false,"excerpt":"Por Asociadas Por lo Justo (JASS) Este es un resumen de un mapeo realizado por JASS, para compartir sus an\u00e1lisis, sus luchas y los impactos en sus vidas. El objetivo es contar las luchas por el territorio frente al extractivismo en Guatemala e identificar el papel y el impacto en\u2026","rel":"","context":"En \u00abFrontPage\u00bb","block_context":{"text":"FrontPage","link":"https:\/\/www.entremundos.org\/revista\/category\/frontpage\/"},"img":{"alt_text":"","src":"https:\/\/i0.wp.com\/www.entremundos.org\/revista\/wp-content\/uploads\/2025\/05\/2-scaled.png?fit=1200%2C843&ssl=1&resize=350%2C200","width":350,"height":200,"srcset":"https:\/\/i0.wp.com\/www.entremundos.org\/revista\/wp-content\/uploads\/2025\/05\/2-scaled.png?fit=1200%2C843&ssl=1&resize=350%2C200 1x, https:\/\/i0.wp.com\/www.entremundos.org\/revista\/wp-content\/uploads\/2025\/05\/2-scaled.png?fit=1200%2C843&ssl=1&resize=525%2C300 1.5x, https:\/\/i0.wp.com\/www.entremundos.org\/revista\/wp-content\/uploads\/2025\/05\/2-scaled.png?fit=1200%2C843&ssl=1&resize=700%2C400 2x, https:\/\/i0.wp.com\/www.entremundos.org\/revista\/wp-content\/uploads\/2025\/05\/2-scaled.png?fit=1200%2C843&ssl=1&resize=1050%2C600 3x"},"classes":[]},{"id":13642,"url":"https:\/\/www.entremundos.org\/revista\/politica\/las-mujeres-inspiran-es-hora-de-acabar-con-las-brechas-de-desigualdad\/","url_meta":{"origin":12505,"position":4},"title":"Las mujeres inspiran: Es hora de acabar con las brechas de desigualdad","author":"EntreMundos","date":"4 abril, 2026","format":false,"excerpt":"POR MARIANA L\u00d3PEZ La discriminaci\u00f3n y racismo son temas que se han abordado e incluso se ha dicho que ya se han superado estando lejos de ser parte de nuestra realidad, sin embargo, basta con observar para comprender que una cosa es el discurso y otra la pr\u00e1ctica. En la\u2026","rel":"","context":"En \u00abFrontPage\u00bb","block_context":{"text":"FrontPage","link":"https:\/\/www.entremundos.org\/revista\/category\/frontpage\/"},"img":{"alt_text":"","src":"https:\/\/i0.wp.com\/www.entremundos.org\/revista\/wp-content\/uploads\/2026\/03\/649499575_1230883245899060_5224768132019882352_n.jpg?fit=1200%2C800&ssl=1&resize=350%2C200","width":350,"height":200,"srcset":"https:\/\/i0.wp.com\/www.entremundos.org\/revista\/wp-content\/uploads\/2026\/03\/649499575_1230883245899060_5224768132019882352_n.jpg?fit=1200%2C800&ssl=1&resize=350%2C200 1x, https:\/\/i0.wp.com\/www.entremundos.org\/revista\/wp-content\/uploads\/2026\/03\/649499575_1230883245899060_5224768132019882352_n.jpg?fit=1200%2C800&ssl=1&resize=525%2C300 1.5x, https:\/\/i0.wp.com\/www.entremundos.org\/revista\/wp-content\/uploads\/2026\/03\/649499575_1230883245899060_5224768132019882352_n.jpg?fit=1200%2C800&ssl=1&resize=700%2C400 2x, https:\/\/i0.wp.com\/www.entremundos.org\/revista\/wp-content\/uploads\/2026\/03\/649499575_1230883245899060_5224768132019882352_n.jpg?fit=1200%2C800&ssl=1&resize=1050%2C600 3x"},"classes":[]},{"id":10580,"url":"https:\/\/www.entremundos.org\/revista\/politica\/desalojos-aumentan-durante-el-gobierno-de-alejandro-giammattei\/","url_meta":{"origin":12505,"position":5},"title":"Desalojos aumentan durante el gobierno de Alejandro Giammattei","author":"EntreMundos","date":"8 marzo, 2023","format":false,"excerpt":"Por Gilberto Escobar\u00a0 En Guatemala, durante los \u00faltimos a\u00f1os, los desalojos han ido en aumento y se han dado en dos modalidades: los desalojos legales que tienen una orden judicial y los extrajudiciales, los que\u00a0 no van acompa\u00f1ados de ninguna orden de un juez y que ocurren\u00a0 en horas de\u2026","rel":"","context":"En \u00abBosques\u00bb","block_context":{"text":"Bosques","link":"https:\/\/www.entremundos.org\/revista\/category\/medio-ambiente\/bosques\/"},"img":{"alt_text":"","src":"https:\/\/i0.wp.com\/www.entremundos.org\/revista\/wp-content\/uploads\/2023\/03\/portada.jpg?fit=1024%2C768&ssl=1&resize=350%2C200","width":350,"height":200,"srcset":"https:\/\/i0.wp.com\/www.entremundos.org\/revista\/wp-content\/uploads\/2023\/03\/portada.jpg?fit=1024%2C768&ssl=1&resize=350%2C200 1x, https:\/\/i0.wp.com\/www.entremundos.org\/revista\/wp-content\/uploads\/2023\/03\/portada.jpg?fit=1024%2C768&ssl=1&resize=525%2C300 1.5x, https:\/\/i0.wp.com\/www.entremundos.org\/revista\/wp-content\/uploads\/2023\/03\/portada.jpg?fit=1024%2C768&ssl=1&resize=700%2C400 2x"},"classes":[]}],"jetpack_sharing_enabled":true,"_links":{"self":[{"href":"https:\/\/www.entremundos.org\/revista\/wp-json\/wp\/v2\/posts\/12505","targetHints":{"allow":["GET"]}}],"collection":[{"href":"https:\/\/www.entremundos.org\/revista\/wp-json\/wp\/v2\/posts"}],"about":[{"href":"https:\/\/www.entremundos.org\/revista\/wp-json\/wp\/v2\/types\/post"}],"author":[{"embeddable":true,"href":"https:\/\/www.entremundos.org\/revista\/wp-json\/wp\/v2\/users\/1"}],"replies":[{"embeddable":true,"href":"https:\/\/www.entremundos.org\/revista\/wp-json\/wp\/v2\/comments?post=12505"}],"version-history":[{"count":1,"href":"https:\/\/www.entremundos.org\/revista\/wp-json\/wp\/v2\/posts\/12505\/revisions"}],"predecessor-version":[{"id":12506,"href":"https:\/\/www.entremundos.org\/revista\/wp-json\/wp\/v2\/posts\/12505\/revisions\/12506"}],"wp:featuredmedia":[{"embeddable":true,"href":"https:\/\/www.entremundos.org\/revista\/wp-json\/wp\/v2\/media\/12476"}],"wp:attachment":[{"href":"https:\/\/www.entremundos.org\/revista\/wp-json\/wp\/v2\/media?parent=12505"}],"wp:term":[{"taxonomy":"category","embeddable":true,"href":"https:\/\/www.entremundos.org\/revista\/wp-json\/wp\/v2\/categories?post=12505"},{"taxonomy":"post_tag","embeddable":true,"href":"https:\/\/www.entremundos.org\/revista\/wp-json\/wp\/v2\/tags?post=12505"}],"curies":[{"name":"wp","href":"https:\/\/api.w.org\/{rel}","templated":true}]}}