{"id":12657,"date":"2025-01-27T20:06:11","date_gmt":"2025-01-28T04:06:11","guid":{"rendered":"https:\/\/www.entremundos.org\/revista\/?p=12657"},"modified":"2025-01-27T20:06:11","modified_gmt":"2025-01-28T04:06:11","slug":"proyectos-que-apoyan-a-familias-rurales","status":"publish","type":"post","link":"https:\/\/www.entremundos.org\/revista\/politica\/proyectos-que-apoyan-a-familias-rurales\/","title":{"rendered":"Proyectos que apoyan a familias rurales"},"content":{"rendered":"<p>POR MARK JU\u00c1REZ<\/p>\n<p>En Guatemala, la le\u00f1a es la principal fuente de energ\u00eda para la cocci\u00f3n de alimentos, especialmente en \u00e1reas rurales, representando el 57% de la matriz energ\u00e9tica nacional.<\/p>\n<p>Muchas familias consideran la comida y su elaboraci\u00f3n como un momento \u00edntimo de compenetraci\u00f3n familiar, reuni\u00e9ndose alrededor de fogones abiertos para organizar el quehacer cotidiano, as\u00ed como transmitir conocimientos y tradiciones.<\/p>\n<p>El Instituto Nacional de Bosques (INAB) estima que la oferta anual de le\u00f1a es de 17.96 millones de metros c\u00fabicos, mientras que la demanda asciende a 27.98 millones, creando un d\u00e9ficit significativo que contribuye a la deforestaci\u00f3n y la degradaci\u00f3n ambiental.<\/p>\n<p>En los departamentos Huehuetenango, Quich\u00e9, y San Marcos, se registran los mayores d\u00e9ficits de le\u00f1a, coincidiendo con \u00e1reas de alta concentraci\u00f3n poblacional y mayores \u00edndices de pobreza.<\/p>\n<p><a href=\"https:\/\/i0.wp.com\/www.entremundos.org\/revista\/wp-content\/uploads\/2025\/01\/credito-andy-molina-1.png?ssl=1\"><img data-recalc-dims=\"1\" loading=\"lazy\" decoding=\"async\" class=\"size-medium wp-image-12586 aligncenter\" src=\"https:\/\/i0.wp.com\/www.entremundos.org\/revista\/wp-content\/uploads\/2025\/01\/credito-andy-molina-1.png?resize=300%2C200&#038;ssl=1\" alt=\"\" width=\"300\" height=\"200\" srcset=\"https:\/\/i0.wp.com\/www.entremundos.org\/revista\/wp-content\/uploads\/2025\/01\/credito-andy-molina-1.png?resize=300%2C200&amp;ssl=1 300w, https:\/\/i0.wp.com\/www.entremundos.org\/revista\/wp-content\/uploads\/2025\/01\/credito-andy-molina-1.png?resize=1024%2C683&amp;ssl=1 1024w, https:\/\/i0.wp.com\/www.entremundos.org\/revista\/wp-content\/uploads\/2025\/01\/credito-andy-molina-1.png?resize=768%2C512&amp;ssl=1 768w, https:\/\/i0.wp.com\/www.entremundos.org\/revista\/wp-content\/uploads\/2025\/01\/credito-andy-molina-1.png?resize=335%2C223&amp;ssl=1 335w, https:\/\/i0.wp.com\/www.entremundos.org\/revista\/wp-content\/uploads\/2025\/01\/credito-andy-molina-1.png?resize=1050%2C700&amp;ssl=1 1050w, https:\/\/i0.wp.com\/www.entremundos.org\/revista\/wp-content\/uploads\/2025\/01\/credito-andy-molina-1.png?w=1200&amp;ssl=1 1200w\" sizes=\"auto, (max-width: 300px) 100vw, 300px\" \/><\/a><\/p>\n<p><strong>Otra estufa, igual sabor y m\u00e1s salud<\/strong><\/p>\n<p>Mejorar la vida de miles de familias guatemaltecas es el objetivo final de la campa\u00f1a Respir\u00e1 Tranquilo\/a con tu Estufa Mejorada, una iniciativa que es parte del Programa Llamada, impulsado desde la Mitigation Action Facility, a trav\u00e9s del Banco Interamericano de Desarrollo (BID) y la implementaci\u00f3n de Alterna.<\/p>\n<p>Sabiendo que aproximadamente 1.7 millones de hogares en Guatemala utilizan le\u00f1a para cocinar; la campa\u00f1a social fue presentada oficialmente en Cob\u00e1n, cabecera departamental de Alta Verapaz el 22 de octubre del 2024 en el Palacio de Gobernaci\u00f3n.<\/p>\n<p>La ocasi\u00f3n incluy\u00f3 la participaci\u00f3n de autoridades municipales, Gobernaci\u00f3n Departamental, delegados de instituciones de Gobierno, lideresas y l\u00edderes comunitarios, Consejos Comunitarios de Desarrollo (COCODE), fabricantes de estufas mejoradas, expertos t\u00e9cnicos, usuarios\/as, representantes del BID y de Alterna, as\u00ed como poblaci\u00f3n local.<\/p>\n<p>Javier Mart\u00ednez, Gerente de Programas y Proyectos de Alterna expres\u00f3 \u201cen Guatemala, la le\u00f1a es la principal fuente de energ\u00eda para la cocci\u00f3n de alimentos, especialmente en \u00e1reas rurales, representando el 57% de la matriz energ\u00e9tica nacional, que contribuye a la deforestaci\u00f3n y la degradaci\u00f3n ambiental con una demanda de 16 millones de toneladas de le\u00f1a al a\u00f1o.<\/p>\n<p>Una de las soluciones identificadas para contribuir al mejoramiento de esta problem\u00e1tica es el reemplazo paulatino y sostenido de los fogones abiertos por estufas mejoradas, capaces de ahorrar hasta alrededor de 50% de le\u00f1a, lo que significa un ahorro monetario diario para los hogares\u201d.<\/p>\n<p><a href=\"https:\/\/i0.wp.com\/www.entremundos.org\/revista\/wp-content\/uploads\/2025\/01\/467295272_122119058894545361_4833259540433398583_n.jpg?ssl=1\"><img data-recalc-dims=\"1\" loading=\"lazy\" decoding=\"async\" class=\"size-medium wp-image-12610 aligncenter\" src=\"https:\/\/i0.wp.com\/www.entremundos.org\/revista\/wp-content\/uploads\/2025\/01\/467295272_122119058894545361_4833259540433398583_n.jpg?resize=300%2C300&#038;ssl=1\" alt=\"\" width=\"300\" height=\"300\" srcset=\"https:\/\/i0.wp.com\/www.entremundos.org\/revista\/wp-content\/uploads\/2025\/01\/467295272_122119058894545361_4833259540433398583_n.jpg?resize=300%2C300&amp;ssl=1 300w, https:\/\/i0.wp.com\/www.entremundos.org\/revista\/wp-content\/uploads\/2025\/01\/467295272_122119058894545361_4833259540433398583_n.jpg?resize=1024%2C1024&amp;ssl=1 1024w, https:\/\/i0.wp.com\/www.entremundos.org\/revista\/wp-content\/uploads\/2025\/01\/467295272_122119058894545361_4833259540433398583_n.jpg?resize=150%2C150&amp;ssl=1 150w, https:\/\/i0.wp.com\/www.entremundos.org\/revista\/wp-content\/uploads\/2025\/01\/467295272_122119058894545361_4833259540433398583_n.jpg?resize=768%2C768&amp;ssl=1 768w, https:\/\/i0.wp.com\/www.entremundos.org\/revista\/wp-content\/uploads\/2025\/01\/467295272_122119058894545361_4833259540433398583_n.jpg?resize=335%2C335&amp;ssl=1 335w, https:\/\/i0.wp.com\/www.entremundos.org\/revista\/wp-content\/uploads\/2025\/01\/467295272_122119058894545361_4833259540433398583_n.jpg?resize=1050%2C1050&amp;ssl=1 1050w, https:\/\/i0.wp.com\/www.entremundos.org\/revista\/wp-content\/uploads\/2025\/01\/467295272_122119058894545361_4833259540433398583_n.jpg?w=1200&amp;ssl=1 1200w\" sizes=\"auto, (max-width: 300px) 100vw, 300px\" \/><\/a><\/p>\n<p>Una estufa mejorada surge de un dise\u00f1o basado en una c\u00e1mara de combusti\u00f3n creada para conservar el calor del fuego, con una estructura sellada que incluye una chimenea que expulsa la mayor parte del humo fuera de la casa.<\/p>\n<p>Este dise\u00f1o tambi\u00e9n incide significativamente en un ahorro de le\u00f1a que incrementa el ahorro de recursos que cada familia puede destinar a satisfacer otras necesidades como educaci\u00f3n, vestimenta y otros.<\/p>\n<p>En Guatemala, el 69% de las personas que cocinan con le\u00f1a en fogones abiertos tienen un alto riesgo de desarrollar enfermedades card\u00edacas y respiratorias debido a la exposici\u00f3n al humo.<\/p>\n<p>En el 2016, se registraron 5.700 muertes relacionadas con el aire contaminado en los domicilios, de las cuales 1.700 fueron ni\u00f1os\/as, debido a que la mayor parte del d\u00eda, permanecen con sus madres, acompa\u00f1\u00e1ndolas en las tareas del hogar.<\/p>\n<p>Las estufas mejoradas son la soluci\u00f3n m\u00e1s barata y sencilla para enfrentar esta delicada situaci\u00f3n. Existen, a nivel nacional, fabricantes de estufas mejoradas hace m\u00e1s de 20 a\u00f1os; son emprendedores\/as que trabajan constantemente en diferentes modelos que logran reducir el perjuicio del uso de fog\u00f3n abierto para cocinar.<\/p>\n<p>A su vez, Petrona Cedillo, lideresa comunitaria y usuaria de una estufa mejorada, manifest\u00f3, \u201cnunca pens\u00e9 que un cambio, digamos peque\u00f1o, podr\u00eda darme tantos beneficios, en principio hab\u00eda resistencia en mi casa, mi mam\u00e1 no quer\u00eda saber de cambiar su fog\u00f3n, pero ahora que ya no vivimos con humo, que ya no nos lloran los ojos, nos dimos cuenta del da\u00f1o que nos est\u00e1bamos haciendo a nosotras mismas.<\/p>\n<p><a href=\"https:\/\/i0.wp.com\/www.entremundos.org\/revista\/wp-content\/uploads\/2025\/01\/whatsapp-image-2024-10-31-at-3.22.01-pm-2-scaled.jpeg?ssl=1\"><img data-recalc-dims=\"1\" loading=\"lazy\" decoding=\"async\" class=\"size-medium wp-image-12612 aligncenter\" src=\"https:\/\/i0.wp.com\/www.entremundos.org\/revista\/wp-content\/uploads\/2025\/01\/whatsapp-image-2024-10-31-at-3.22.01-pm-2.jpeg?resize=300%2C200&#038;ssl=1\" alt=\"\" width=\"300\" height=\"200\" srcset=\"https:\/\/i0.wp.com\/www.entremundos.org\/revista\/wp-content\/uploads\/2025\/01\/whatsapp-image-2024-10-31-at-3.22.01-pm-2-scaled.jpeg?resize=300%2C200&amp;ssl=1 300w, https:\/\/i0.wp.com\/www.entremundos.org\/revista\/wp-content\/uploads\/2025\/01\/whatsapp-image-2024-10-31-at-3.22.01-pm-2-scaled.jpeg?resize=1024%2C683&amp;ssl=1 1024w, https:\/\/i0.wp.com\/www.entremundos.org\/revista\/wp-content\/uploads\/2025\/01\/whatsapp-image-2024-10-31-at-3.22.01-pm-2-scaled.jpeg?resize=768%2C512&amp;ssl=1 768w, https:\/\/i0.wp.com\/www.entremundos.org\/revista\/wp-content\/uploads\/2025\/01\/whatsapp-image-2024-10-31-at-3.22.01-pm-2-scaled.jpeg?resize=1536%2C1024&amp;ssl=1 1536w, https:\/\/i0.wp.com\/www.entremundos.org\/revista\/wp-content\/uploads\/2025\/01\/whatsapp-image-2024-10-31-at-3.22.01-pm-2-scaled.jpeg?resize=2048%2C1366&amp;ssl=1 2048w, https:\/\/i0.wp.com\/www.entremundos.org\/revista\/wp-content\/uploads\/2025\/01\/whatsapp-image-2024-10-31-at-3.22.01-pm-2-scaled.jpeg?resize=335%2C223&amp;ssl=1 335w, https:\/\/i0.wp.com\/www.entremundos.org\/revista\/wp-content\/uploads\/2025\/01\/whatsapp-image-2024-10-31-at-3.22.01-pm-2-scaled.jpeg?resize=1050%2C700&amp;ssl=1 1050w, https:\/\/i0.wp.com\/www.entremundos.org\/revista\/wp-content\/uploads\/2025\/01\/whatsapp-image-2024-10-31-at-3.22.01-pm-2-scaled.jpeg?w=1280&amp;ssl=1 1280w, https:\/\/i0.wp.com\/www.entremundos.org\/revista\/wp-content\/uploads\/2025\/01\/whatsapp-image-2024-10-31-at-3.22.01-pm-2-scaled.jpeg?w=1920&amp;ssl=1 1920w\" sizes=\"auto, (max-width: 300px) 100vw, 300px\" \/><\/a><\/p>\n<p>Vivimos mejor y ahorramos dinero tambi\u00e9n, porque se necesita menos le\u00f1a y menos tiempo para cocinar\u201d.<\/p>\n<p>La campa\u00f1a Respir\u00e1 Tranquilo\/a con tu Estufa Mejorada fue lanzada en todo el pa\u00eds, con \u00e9nfasis en los departamentos de Huehuetenango, Quich\u00e9 y San Marcos en Occidente; Alta Verapaz y en Chiquimula en Oriente, \u00e1reas geogr\u00e1ficas en las que se registra mayor demanda insatisfecha de le\u00f1a, coincidiendo con alta concentraci\u00f3n poblacional y mayores \u00edndices de pobreza.<\/p>\n<p>Los expertos invitan a la poblaci\u00f3n en general, independientemente de su g\u00e9nero, edad, cultura y otros, a participar y contribuir en este cambio positivo en beneficio de las familias m\u00e1s vulnerables de Guatemala.<\/p>\n<p>La campa\u00f1a buscar\u00e1 alianzas con base en objetivos compartidos, con la sociedad civil, el sector privado y actores estatales de todos los niveles, anim\u00e1ndoles a colaborar a nivel local y nacional. Se invita a todo el p\u00fablico a seguir las redes sociales de la campa\u00f1a.<\/p>\n<p>&nbsp;<\/p>\n<p><a href=\"https:\/\/i0.wp.com\/www.entremundos.org\/revista\/wp-content\/uploads\/2025\/01\/whatsapp-image-2024-10-31-at-3.22.01-pm-scaled.jpeg?ssl=1\"><img data-recalc-dims=\"1\" loading=\"lazy\" decoding=\"async\" class=\"size-medium wp-image-12616 aligncenter\" src=\"https:\/\/i0.wp.com\/www.entremundos.org\/revista\/wp-content\/uploads\/2025\/01\/whatsapp-image-2024-10-31-at-3.22.01-pm.jpeg?resize=300%2C200&#038;ssl=1\" alt=\"\" width=\"300\" height=\"200\" srcset=\"https:\/\/i0.wp.com\/www.entremundos.org\/revista\/wp-content\/uploads\/2025\/01\/whatsapp-image-2024-10-31-at-3.22.01-pm-scaled.jpeg?resize=300%2C200&amp;ssl=1 300w, https:\/\/i0.wp.com\/www.entremundos.org\/revista\/wp-content\/uploads\/2025\/01\/whatsapp-image-2024-10-31-at-3.22.01-pm-scaled.jpeg?resize=1024%2C683&amp;ssl=1 1024w, https:\/\/i0.wp.com\/www.entremundos.org\/revista\/wp-content\/uploads\/2025\/01\/whatsapp-image-2024-10-31-at-3.22.01-pm-scaled.jpeg?resize=768%2C512&amp;ssl=1 768w, https:\/\/i0.wp.com\/www.entremundos.org\/revista\/wp-content\/uploads\/2025\/01\/whatsapp-image-2024-10-31-at-3.22.01-pm-scaled.jpeg?resize=1536%2C1024&amp;ssl=1 1536w, https:\/\/i0.wp.com\/www.entremundos.org\/revista\/wp-content\/uploads\/2025\/01\/whatsapp-image-2024-10-31-at-3.22.01-pm-scaled.jpeg?resize=2048%2C1366&amp;ssl=1 2048w, https:\/\/i0.wp.com\/www.entremundos.org\/revista\/wp-content\/uploads\/2025\/01\/whatsapp-image-2024-10-31-at-3.22.01-pm-scaled.jpeg?resize=335%2C223&amp;ssl=1 335w, https:\/\/i0.wp.com\/www.entremundos.org\/revista\/wp-content\/uploads\/2025\/01\/whatsapp-image-2024-10-31-at-3.22.01-pm-scaled.jpeg?resize=1050%2C700&amp;ssl=1 1050w, https:\/\/i0.wp.com\/www.entremundos.org\/revista\/wp-content\/uploads\/2025\/01\/whatsapp-image-2024-10-31-at-3.22.01-pm-scaled.jpeg?w=1280&amp;ssl=1 1280w, https:\/\/i0.wp.com\/www.entremundos.org\/revista\/wp-content\/uploads\/2025\/01\/whatsapp-image-2024-10-31-at-3.22.01-pm-scaled.jpeg?w=1920&amp;ssl=1 1920w\" sizes=\"auto, (max-width: 300px) 100vw, 300px\" \/><\/a><\/p>\n","protected":false},"excerpt":{"rendered":"<p>POR MARK JU\u00c1REZ En Guatemala, la le\u00f1a es la principal fuente de energ\u00eda para la cocci\u00f3n de alimentos, especialmente en \u00e1reas rurales, representando el 57% de la matriz energ\u00e9tica nacional. Muchas familias consideran la comida y su elaboraci\u00f3n como un momento \u00edntimo de compenetraci\u00f3n familiar, reuni\u00e9ndose alrededor de fogones abiertos para organizar el quehacer cotidiano, [&hellip;]<\/p>\n","protected":false},"author":1,"featured_media":12584,"comment_status":"closed","ping_status":"closed","sticky":false,"template":"","format":"standard","meta":{"_exactmetrics_skip_tracking":false,"_exactmetrics_sitenote_active":false,"_exactmetrics_sitenote_note":"","_exactmetrics_sitenote_category":0,"jetpack_post_was_ever_published":false,"_jetpack_newsletter_access":"","_jetpack_dont_email_post_to_subs":false,"_jetpack_newsletter_tier_id":0,"_jetpack_memberships_contains_paywalled_content":false,"_jetpack_memberships_contains_paid_content":false,"footnotes":""},"categories":[380,401,452,386,378,1772],"tags":[4886,4162,4890,731,4883,4888,4884,4885,4889,4887,4231,110],"class_list":["post-12657","post","type-post","status-publish","format-standard","has-post-thumbnail","hentry","category-economia","category-economia-alternativa","category-frontpage","category-mujer","category-politica","category-situacion-social","tag-ahorro-de-lena","tag-comunidades","tag-comunidades-rurales","tag-educacion","tag-estufa-mejorada","tag-estufas-mejoradas","tag-humo","tag-lena","tag-lideresas-comunitarias","tag-recursos-familiares","tag-recursos-naturales","tag-salud"],"jetpack_featured_media_url":"https:\/\/i0.wp.com\/www.entremundos.org\/revista\/wp-content\/uploads\/2025\/01\/credito-andy-molina-2.png?fit=1020%2C680&ssl=1","jetpack_shortlink":"https:\/\/wp.me\/p7ljt7-3i9","jetpack-related-posts":[{"id":13250,"url":"https:\/\/www.entremundos.org\/revista\/politica\/pymes-migracion-y-el-reto-de-la-informalidad-en-guatemala-una-economia-que-resiste-desde-abajo\/","url_meta":{"origin":12657,"position":0},"title":"PYMES, migraci\u00f3n y el reto de la informalidad en Guatemala: Una econom\u00eda que resiste desde abajo","author":"EntreMundos","date":"17 septiembre, 2025","format":false,"excerpt":"Por Alexander Castillo Este art\u00edculo analiza el papel crucial que juegan las Peque\u00f1as y Medianas Empresas (PYMES) y la migraci\u00f3n en la econom\u00eda guatemalteca. Con base en datos actuales, se resalta que m\u00e1s del 90\u202f% de las empresas del pa\u00eds son peque\u00f1as o medianas, y que las remesas representan cerca\u2026","rel":"","context":"En \u00abFrontPage\u00bb","block_context":{"text":"FrontPage","link":"https:\/\/www.entremundos.org\/revista\/category\/frontpage\/"},"img":{"alt_text":"","src":"","width":0,"height":0},"classes":[]},{"id":11500,"url":"https:\/\/www.entremundos.org\/revista\/frontpage\/desarrollo-y-turismo-comunitario\/","url_meta":{"origin":12657,"position":1},"title":"Desarrollo y turismo comunitario","author":"EntreMundos","date":"11 diciembre, 2023","format":false,"excerpt":"POR ADAFIS Y ASODIL\u00a0 En Guatemala se pueden disfrutar de experiencias inolvidables en cada recorrido que se haga en el pa\u00eds; pues \u00e9ste es de los pa\u00edses con mayores atractivos naturales en Centroam\u00e9rica. Como muestra, te presentamos dos proyectos exitosos de turismo comunitario; ADAFIS y ASODIL. Iniciamos el recorrido en\u2026","rel":"","context":"En \u00abFrontPage\u00bb","block_context":{"text":"FrontPage","link":"https:\/\/www.entremundos.org\/revista\/category\/frontpage\/"},"img":{"alt_text":"","src":"https:\/\/i0.wp.com\/www.entremundos.org\/revista\/wp-content\/uploads\/2023\/12\/foto-asodil-.jpg?fit=480%2C360&ssl=1&resize=350%2C200","width":350,"height":200},"classes":[]},{"id":12622,"url":"https:\/\/www.entremundos.org\/revista\/politica\/presupuesto-nacional-procesos-y-elementos-importantes\/","url_meta":{"origin":12657,"position":2},"title":"Presupuesto nacional; Procesos y elementos importantes","author":"EntreMundos","date":"16 enero, 2025","format":false,"excerpt":"POR YESSICA PASTOR El siguiente es un extracto de una de las conversaciones sostenidas dentro de la serie de encuentros virtuales sobre incidencia pol\u00edtica del Directorio Guatemala. A continuaci\u00f3n, la intervenci\u00f3n de Ricardo Barrientos, director ejecutivo del Instituto Centroamericano de Estudios Fiscales (ICEFI). \u00bfQu\u00e9 factores pol\u00edticos considera que influyeron en\u2026","rel":"","context":"En \u00abPol\u00edtica\u00bb","block_context":{"text":"Pol\u00edtica","link":"https:\/\/www.entremundos.org\/revista\/category\/politica\/"},"img":{"alt_text":"","src":"https:\/\/i0.wp.com\/www.entremundos.org\/revista\/wp-content\/uploads\/2025\/01\/minifi.jpg?fit=1200%2C900&ssl=1&resize=350%2C200","width":350,"height":200,"srcset":"https:\/\/i0.wp.com\/www.entremundos.org\/revista\/wp-content\/uploads\/2025\/01\/minifi.jpg?fit=1200%2C900&ssl=1&resize=350%2C200 1x, https:\/\/i0.wp.com\/www.entremundos.org\/revista\/wp-content\/uploads\/2025\/01\/minifi.jpg?fit=1200%2C900&ssl=1&resize=525%2C300 1.5x, https:\/\/i0.wp.com\/www.entremundos.org\/revista\/wp-content\/uploads\/2025\/01\/minifi.jpg?fit=1200%2C900&ssl=1&resize=700%2C400 2x, https:\/\/i0.wp.com\/www.entremundos.org\/revista\/wp-content\/uploads\/2025\/01\/minifi.jpg?fit=1200%2C900&ssl=1&resize=1050%2C600 3x"},"classes":[]},{"id":13644,"url":"https:\/\/www.entremundos.org\/revista\/politica\/fortaleciendo-la-comunidad-desde-dentro-un-nuevo-capitulo-para-caras-alegres\/","url_meta":{"origin":12657,"position":3},"title":"Fortaleciendo la comunidad desde dentro: Un nuevo cap\u00edtulo para Caras Alegres","author":"EntreMundos","date":"4 abril, 2026","format":false,"excerpt":"POR VER\u00d3NICA DI MAGGIO Caras Alegres reabri\u00f3 sus puertas con una renovada claridad y enfoque estrat\u00e9gico. Despu\u00e9s de meses dedicados a la evaluaci\u00f3n y planificaci\u00f3n, este 2026 inicia no simplemente como un nuevo a\u00f1o operativo, sino como una expansi\u00f3n estructurada de nuestro impacto comunitario. El a\u00f1o pasado demostr\u00f3 que el\u2026","rel":"","context":"En \u00abFrontPage\u00bb","block_context":{"text":"FrontPage","link":"https:\/\/www.entremundos.org\/revista\/category\/frontpage\/"},"img":{"alt_text":"","src":"https:\/\/i0.wp.com\/www.entremundos.org\/revista\/wp-content\/uploads\/2026\/03\/633353323_1320877706749036_6826896970194983908_n.jpg?fit=1200%2C963&ssl=1&resize=350%2C200","width":350,"height":200,"srcset":"https:\/\/i0.wp.com\/www.entremundos.org\/revista\/wp-content\/uploads\/2026\/03\/633353323_1320877706749036_6826896970194983908_n.jpg?fit=1200%2C963&ssl=1&resize=350%2C200 1x, https:\/\/i0.wp.com\/www.entremundos.org\/revista\/wp-content\/uploads\/2026\/03\/633353323_1320877706749036_6826896970194983908_n.jpg?fit=1200%2C963&ssl=1&resize=525%2C300 1.5x, https:\/\/i0.wp.com\/www.entremundos.org\/revista\/wp-content\/uploads\/2026\/03\/633353323_1320877706749036_6826896970194983908_n.jpg?fit=1200%2C963&ssl=1&resize=700%2C400 2x, https:\/\/i0.wp.com\/www.entremundos.org\/revista\/wp-content\/uploads\/2026\/03\/633353323_1320877706749036_6826896970194983908_n.jpg?fit=1200%2C963&ssl=1&resize=1050%2C600 3x"},"classes":[]},{"id":12734,"url":"https:\/\/www.entremundos.org\/revista\/politica\/deportacion-desinformacion-y-desafio-el-impacto-global-de-la-agenda-migratoria-de-trump\/","url_meta":{"origin":12657,"position":4},"title":"Deportaci\u00f3n, desinformaci\u00f3n y desaf\u00edo: El impacto global de la agenda migratoria de Trump","author":"EntreMundos","date":"17 marzo, 2025","format":false,"excerpt":"POR PATRICIA SCHWARTZ Unas 60 personas se sientan en un c\u00edrculo de sillas plegables un jueves por la noche en Tucson, Arizona, una ciudad estadounidense a una hora de la frontera con M\u00e9xico. La reuni\u00f3n semanal de la Coalici\u00f3n de Derechos Humanos se lleva a cabo en gran parte, en\u2026","rel":"","context":"En \u00abFrontPage\u00bb","block_context":{"text":"FrontPage","link":"https:\/\/www.entremundos.org\/revista\/category\/frontpage\/"},"img":{"alt_text":"","src":"https:\/\/i0.wp.com\/www.entremundos.org\/revista\/wp-content\/uploads\/2025\/03\/475088469_3067398756762538_3045668992826805668_n.jpg?fit=1100%2C666&ssl=1&resize=350%2C200","width":350,"height":200,"srcset":"https:\/\/i0.wp.com\/www.entremundos.org\/revista\/wp-content\/uploads\/2025\/03\/475088469_3067398756762538_3045668992826805668_n.jpg?fit=1100%2C666&ssl=1&resize=350%2C200 1x, https:\/\/i0.wp.com\/www.entremundos.org\/revista\/wp-content\/uploads\/2025\/03\/475088469_3067398756762538_3045668992826805668_n.jpg?fit=1100%2C666&ssl=1&resize=525%2C300 1.5x, https:\/\/i0.wp.com\/www.entremundos.org\/revista\/wp-content\/uploads\/2025\/03\/475088469_3067398756762538_3045668992826805668_n.jpg?fit=1100%2C666&ssl=1&resize=700%2C400 2x, https:\/\/i0.wp.com\/www.entremundos.org\/revista\/wp-content\/uploads\/2025\/03\/475088469_3067398756762538_3045668992826805668_n.jpg?fit=1100%2C666&ssl=1&resize=1050%2C600 3x"},"classes":[]},{"id":13246,"url":"https:\/\/www.entremundos.org\/revista\/politica\/el-mundo-no-es-como-lo-imaginamos\/","url_meta":{"origin":12657,"position":5},"title":"El mundo no es como lo imaginamos","author":"EntreMundos","date":"17 septiembre, 2025","format":false,"excerpt":"Por Juan Jos\u00e9 Hurtado Paz y Paz \"Ojal\u00e1 viviera en la teor\u00eda, porque en teor\u00eda todo est\u00e1 bien\" \u00a0Cita atribuida a Quino (Joaqu\u00edn Salvador Lavado Tej\u00f3n), en boca de su personaje Mafalda\u00a0 Vivimos en un mundo injusto, desigual, que excluye a las mayor\u00edas de oportunidades y posibilidades, y que niega\u2026","rel":"","context":"En \u00abFrontPage\u00bb","block_context":{"text":"FrontPage","link":"https:\/\/www.entremundos.org\/revista\/category\/frontpage\/"},"img":{"alt_text":"","src":"https:\/\/i0.wp.com\/www.entremundos.org\/revista\/wp-content\/uploads\/2025\/09\/img86.jpg?fit=1200%2C683&ssl=1&resize=350%2C200","width":350,"height":200,"srcset":"https:\/\/i0.wp.com\/www.entremundos.org\/revista\/wp-content\/uploads\/2025\/09\/img86.jpg?fit=1200%2C683&ssl=1&resize=350%2C200 1x, https:\/\/i0.wp.com\/www.entremundos.org\/revista\/wp-content\/uploads\/2025\/09\/img86.jpg?fit=1200%2C683&ssl=1&resize=525%2C300 1.5x, https:\/\/i0.wp.com\/www.entremundos.org\/revista\/wp-content\/uploads\/2025\/09\/img86.jpg?fit=1200%2C683&ssl=1&resize=700%2C400 2x, https:\/\/i0.wp.com\/www.entremundos.org\/revista\/wp-content\/uploads\/2025\/09\/img86.jpg?fit=1200%2C683&ssl=1&resize=1050%2C600 3x"},"classes":[]}],"jetpack_sharing_enabled":true,"_links":{"self":[{"href":"https:\/\/www.entremundos.org\/revista\/wp-json\/wp\/v2\/posts\/12657","targetHints":{"allow":["GET"]}}],"collection":[{"href":"https:\/\/www.entremundos.org\/revista\/wp-json\/wp\/v2\/posts"}],"about":[{"href":"https:\/\/www.entremundos.org\/revista\/wp-json\/wp\/v2\/types\/post"}],"author":[{"embeddable":true,"href":"https:\/\/www.entremundos.org\/revista\/wp-json\/wp\/v2\/users\/1"}],"replies":[{"embeddable":true,"href":"https:\/\/www.entremundos.org\/revista\/wp-json\/wp\/v2\/comments?post=12657"}],"version-history":[{"count":1,"href":"https:\/\/www.entremundos.org\/revista\/wp-json\/wp\/v2\/posts\/12657\/revisions"}],"predecessor-version":[{"id":12658,"href":"https:\/\/www.entremundos.org\/revista\/wp-json\/wp\/v2\/posts\/12657\/revisions\/12658"}],"wp:featuredmedia":[{"embeddable":true,"href":"https:\/\/www.entremundos.org\/revista\/wp-json\/wp\/v2\/media\/12584"}],"wp:attachment":[{"href":"https:\/\/www.entremundos.org\/revista\/wp-json\/wp\/v2\/media?parent=12657"}],"wp:term":[{"taxonomy":"category","embeddable":true,"href":"https:\/\/www.entremundos.org\/revista\/wp-json\/wp\/v2\/categories?post=12657"},{"taxonomy":"post_tag","embeddable":true,"href":"https:\/\/www.entremundos.org\/revista\/wp-json\/wp\/v2\/tags?post=12657"}],"curies":[{"name":"wp","href":"https:\/\/api.w.org\/{rel}","templated":true}]}}