{"id":12673,"date":"2025-01-30T08:53:56","date_gmt":"2025-01-30T16:53:56","guid":{"rendered":"https:\/\/www.entremundos.org\/revista\/?p=12673"},"modified":"2025-01-30T08:53:56","modified_gmt":"2025-01-30T16:53:56","slug":"como-fomentar-colaboracion-genuina-en-un-mundo-competitivo-y-transaccional","status":"publish","type":"post","link":"https:\/\/www.entremundos.org\/revista\/politica\/como-fomentar-colaboracion-genuina-en-un-mundo-competitivo-y-transaccional\/","title":{"rendered":"\u00bfC\u00f3mo fomentar colaboraci\u00f3n genuina en un mundo competitivo y transaccional?"},"content":{"rendered":"<p>POR FLOR GARC\u00cdA MENCOS<\/p>\n<p>El Centro de Liderazgo Restaurativo Circula se inici\u00f3 desde el 2012 como una asociaci\u00f3n para el liderazgo cuyo prop\u00f3sito es capacitar a l\u00edderes de organizaciones sociales. Por m\u00e1s de una d\u00e9cada, en la Comunidad Circula, hemos experimentado colaboraciones que amplifican el impacto del trabajo de personas y organizaciones. En estas l\u00edneas compartimos algunas de esas historias y los aprendizajes que nos dejan.<\/p>\n<p>Veo estas interacciones desde hace 12 a\u00f1os, \u00a1literalmente a diario! y no puedo m\u00e1s que sentirme honrada de presenciar y ser parte de la vida comunitaria de este grupo de l\u00edderes en forma completamente org\u00e1nica, desinteresada y muchas veces vulnerable. Frecuentemente no hay peticiones, solo aprecio, saludos, intercambio de fotos que celebran que dos miembros de la comunidad se encontraron en alg\u00fan taller, en alg\u00fan territorio y lo comparten por el disfrute de saber que son valorados y reconocidos por quienes son, en un espacio solidario y seguro.<\/p>\n<p>\u00bfC\u00f3mo es posible nutrir colaboraci\u00f3n efectiva y sostenible en un mundo competitivo y transaccional?<\/p>\n<p>Prop\u00f3sito com\u00fan claro: ahora que la Comunidad Circula tiene m\u00e1s de 400 personas interactuando, tanto egresados del programa de Liderazgo Organizacional y Comunitario, como del programa de Pr\u00e1cticas y Justicia Restaurativa, es complejo que cada uno se conozca con todos los dem\u00e1s. Sin embargo, todos tienen una certeza: son agentes de cambio y comparten la visi\u00f3n com\u00fan de trabajar desde la dignidad, la colaboraci\u00f3n y la integridad.<\/p>\n<p><a href=\"https:\/\/i0.wp.com\/www.entremundos.org\/revista\/wp-content\/uploads\/2025\/01\/circula-4.jpg?ssl=1\"><img data-recalc-dims=\"1\" loading=\"lazy\" decoding=\"async\" class=\"size-medium wp-image-12596 aligncenter\" src=\"https:\/\/i0.wp.com\/www.entremundos.org\/revista\/wp-content\/uploads\/2025\/01\/circula-4.jpg?resize=300%2C300&#038;ssl=1\" alt=\"\" width=\"300\" height=\"300\" srcset=\"https:\/\/i0.wp.com\/www.entremundos.org\/revista\/wp-content\/uploads\/2025\/01\/circula-4.jpg?resize=300%2C300&amp;ssl=1 300w, https:\/\/i0.wp.com\/www.entremundos.org\/revista\/wp-content\/uploads\/2025\/01\/circula-4.jpg?resize=1024%2C1024&amp;ssl=1 1024w, https:\/\/i0.wp.com\/www.entremundos.org\/revista\/wp-content\/uploads\/2025\/01\/circula-4.jpg?resize=150%2C150&amp;ssl=1 150w, https:\/\/i0.wp.com\/www.entremundos.org\/revista\/wp-content\/uploads\/2025\/01\/circula-4.jpg?resize=768%2C768&amp;ssl=1 768w, https:\/\/i0.wp.com\/www.entremundos.org\/revista\/wp-content\/uploads\/2025\/01\/circula-4.jpg?resize=335%2C335&amp;ssl=1 335w, https:\/\/i0.wp.com\/www.entremundos.org\/revista\/wp-content\/uploads\/2025\/01\/circula-4.jpg?resize=1050%2C1050&amp;ssl=1 1050w, https:\/\/i0.wp.com\/www.entremundos.org\/revista\/wp-content\/uploads\/2025\/01\/circula-4.jpg?w=1080&amp;ssl=1 1080w\" sizes=\"auto, (max-width: 300px) 100vw, 300px\" \/><\/a><\/p>\n<p>Las acciones son org\u00e1nicas y no se impulsan agendas desde un ente directivo, sino que responden a las necesidades e intereses que importan a las personas. Todo lo que hacemos es una invitaci\u00f3n y no una demanda.<\/p>\n<p>La colaboraci\u00f3n requiere respeto y confianza: parte de nuestras pr\u00e1cticas consistentes son el establecimiento de acuerdos, valores colectivos declarados y hablar la verdad con valent\u00eda y respeto. As\u00ed navegamos la diversidad. La confianza que une a este amplio y creciente grupo no pudo haber sido sintetizada en un evento, son comunidades que han compartido experiencias similares en los procesos profundos en que los que han participado.<\/p>\n<p>Sentido de Comunidad: es dif\u00edcil describir lo que se siente cuando experimentamos estar en comunidad, cuando sabes que perteneces. Eso tiene una ra\u00edz \u00edntima de conexi\u00f3n humana que se desarrolla sin prisa.<\/p>\n<p>Hay impl\u00edcito un respeto mutuo derivado del reconocimiento entre pares. La mera noci\u00f3n de comunidad reta modelos en los que la t\u00e9cnica para conectar con otros, el discurso de elevador, la mejor impresi\u00f3n posible, finalmente limita las conexiones genuinas y duraderas.<\/p>\n<p>En comunidad, perteneces simplemente por el valor que tienes, siempre eres bienvenido y eso es una verdad para cada persona en la colectividad en la que han decidido mantenerse por tantos a\u00f1os.<\/p>\n<p>Podemos replicar este sentido en la organizaci\u00f3n, en la escuela, en la familia, en las colectividades sociales y confiar en que sabemos desde la memoria colectiva de nuestra propia cultura, c\u00f3mo caminar juntas y juntos.<\/p>\n<p><a href=\"https:\/\/i0.wp.com\/www.entremundos.org\/revista\/wp-content\/uploads\/2025\/01\/circula-3.jpg?ssl=1\"><img data-recalc-dims=\"1\" loading=\"lazy\" decoding=\"async\" class=\"size-medium wp-image-12598 aligncenter\" src=\"https:\/\/i0.wp.com\/www.entremundos.org\/revista\/wp-content\/uploads\/2025\/01\/circula-3.jpg?resize=300%2C169&#038;ssl=1\" alt=\"\" width=\"300\" height=\"169\" srcset=\"https:\/\/i0.wp.com\/www.entremundos.org\/revista\/wp-content\/uploads\/2025\/01\/circula-3.jpg?resize=300%2C169&amp;ssl=1 300w, https:\/\/i0.wp.com\/www.entremundos.org\/revista\/wp-content\/uploads\/2025\/01\/circula-3.jpg?resize=1024%2C578&amp;ssl=1 1024w, https:\/\/i0.wp.com\/www.entremundos.org\/revista\/wp-content\/uploads\/2025\/01\/circula-3.jpg?resize=768%2C433&amp;ssl=1 768w, https:\/\/i0.wp.com\/www.entremundos.org\/revista\/wp-content\/uploads\/2025\/01\/circula-3.jpg?resize=335%2C189&amp;ssl=1 335w, https:\/\/i0.wp.com\/www.entremundos.org\/revista\/wp-content\/uploads\/2025\/01\/circula-3.jpg?resize=1050%2C592&amp;ssl=1 1050w, https:\/\/i0.wp.com\/www.entremundos.org\/revista\/wp-content\/uploads\/2025\/01\/circula-3.jpg?w=1438&amp;ssl=1 1438w, https:\/\/i0.wp.com\/www.entremundos.org\/revista\/wp-content\/uploads\/2025\/01\/circula-3.jpg?w=1280&amp;ssl=1 1280w\" sizes=\"auto, (max-width: 300px) 100vw, 300px\" \/><\/a><\/p>\n<p>&nbsp;<\/p>\n<p><strong>Historias de \u00e9xito de la comunidad de circula<\/strong><\/p>\n<p>Naty es soci\u00f3loga y lidera una organizaci\u00f3n enfocada en migraci\u00f3n. Para el desarrollo de un proyecto, intentaba establecer conexi\u00f3n directa con municipalidades de tres departamentos de Oriente.La b\u00fasqueda parec\u00eda infructuosa, pero a\u00fan le quedaba un recurso al que sabe que siempre puede recurrir: apoyarse en colegas y amigos con quienes hace parte de una comunidad de liderazgo y colaboraci\u00f3n.<\/p>\n<p>En cuesti\u00f3n de pocas horas, ya ten\u00eda contactos directos y recomendaciones espec\u00edficas para avanzar en su trabajo. De hecho, qued\u00f3 de encontrarse con William, uno de los l\u00edderes que la apoyaron y que estar\u00eda atento para recibirla al llegar a su territorio y poder compartir un poco de tiempo juntos.<\/p>\n<p>El impacto de esta historia va mucho m\u00e1s all\u00e1 de Naty, William y los otros l\u00edderes que la apoyaron, pues la labor de ella impacta a personas migrantes y la incidencia de su trabajo logra que distintas instancias adopten un enfoque de atenci\u00f3n humanitaria.<\/p>\n<p>Un l\u00edder confi\u00f3 a la comunidad de liderazgo y colaboraci\u00f3n que una de sus compa\u00f1eras falleci\u00f3 y la familia necesitaba tr\u00e1mites notariales para los que no ten\u00eda recursos. \u201cQuerida Comunidad, quisiera saber si conocen a un abogado que pueda apoyar\u201d. Recibi\u00f3 esta respuesta: \u201cCon mucho gusto me pongo a tu disposici\u00f3n, este es mi n\u00famero, estoy en Chimaltenango. Diles que se comuniquen conmigo\u201d.<\/p>\n<p>Una practicante restaurativa dice: \u201c\u00a1Hoy busco el apoyo y la mirada del Colectivo!\u201d. Ella estaba dise\u00f1ando un c\u00edrculo de di\u00e1logo para tratar un caso familiar y ped\u00eda que le ayudaran leyendo el guion que desarroll\u00f3 y ofreciendo comentarios o sugerencias.<\/p>\n<p>El apoyo no se hizo esperar, y ella pudo terminar su dise\u00f1o, varios pudieron poner sus habilidades en pr\u00e1ctica y la familia recibi\u00f3 un acompa\u00f1amiento bien reflexionado.<\/p>\n<p>\u00abTodo grupo tiene la suficiente sabidur\u00eda colectiva para resolver sus problemas, siempre y cuando exista un espacio seguro para que todos y cada uno puedan expresar sus m\u00e1s profundas verdades.\u00bb -Kay Pranis.<\/p>\n<p><em>Flor Garc\u00eda Mencos, psic\u00f3loga cl\u00ednica con especialidad en Integraci\u00f3n Neuromotora y Trauma. Es Coach Ejecutiva egresada de INCAE. Es facilitadora de di\u00e1logos desde la Comunicaci\u00f3n no Violenta, por Bay NVC. Flor es una experimentada entrenadora de Pr\u00e1cticas y Justicia Restaurativa.<\/em><\/p>\n<p><a href=\"https:\/\/i0.wp.com\/www.entremundos.org\/revista\/wp-content\/uploads\/2025\/01\/circula-2.jpg?ssl=1\"><img data-recalc-dims=\"1\" loading=\"lazy\" decoding=\"async\" class=\"size-medium wp-image-12600 aligncenter\" src=\"https:\/\/i0.wp.com\/www.entremundos.org\/revista\/wp-content\/uploads\/2025\/01\/circula-2.jpg?resize=300%2C200&#038;ssl=1\" alt=\"\" width=\"300\" height=\"200\" srcset=\"https:\/\/i0.wp.com\/www.entremundos.org\/revista\/wp-content\/uploads\/2025\/01\/circula-2.jpg?resize=300%2C200&amp;ssl=1 300w, https:\/\/i0.wp.com\/www.entremundos.org\/revista\/wp-content\/uploads\/2025\/01\/circula-2.jpg?resize=1024%2C683&amp;ssl=1 1024w, https:\/\/i0.wp.com\/www.entremundos.org\/revista\/wp-content\/uploads\/2025\/01\/circula-2.jpg?resize=768%2C512&amp;ssl=1 768w, https:\/\/i0.wp.com\/www.entremundos.org\/revista\/wp-content\/uploads\/2025\/01\/circula-2.jpg?resize=1536%2C1024&amp;ssl=1 1536w, https:\/\/i0.wp.com\/www.entremundos.org\/revista\/wp-content\/uploads\/2025\/01\/circula-2.jpg?resize=335%2C223&amp;ssl=1 335w, https:\/\/i0.wp.com\/www.entremundos.org\/revista\/wp-content\/uploads\/2025\/01\/circula-2.jpg?resize=1050%2C700&amp;ssl=1 1050w, https:\/\/i0.wp.com\/www.entremundos.org\/revista\/wp-content\/uploads\/2025\/01\/circula-2.jpg?w=2048&amp;ssl=1 2048w, https:\/\/i0.wp.com\/www.entremundos.org\/revista\/wp-content\/uploads\/2025\/01\/circula-2.jpg?w=1280&amp;ssl=1 1280w, https:\/\/i0.wp.com\/www.entremundos.org\/revista\/wp-content\/uploads\/2025\/01\/circula-2.jpg?w=1920&amp;ssl=1 1920w\" sizes=\"auto, (max-width: 300px) 100vw, 300px\" \/><\/a><\/p>\n","protected":false},"excerpt":{"rendered":"<p>POR FLOR GARC\u00cdA MENCOS El Centro de Liderazgo Restaurativo Circula se inici\u00f3 desde el 2012 como una asociaci\u00f3n para el liderazgo cuyo prop\u00f3sito es capacitar a l\u00edderes de organizaciones sociales. Por m\u00e1s de una d\u00e9cada, en la Comunidad Circula, hemos experimentado colaboraciones que amplifican el impacto del trabajo de personas y organizaciones. En estas l\u00edneas [&hellip;]<\/p>\n","protected":false},"author":1,"featured_media":12602,"comment_status":"closed","ping_status":"closed","sticky":false,"template":"","format":"standard","meta":{"_exactmetrics_skip_tracking":false,"_exactmetrics_sitenote_active":false,"_exactmetrics_sitenote_note":"","_exactmetrics_sitenote_category":0,"jetpack_post_was_ever_published":false,"_jetpack_newsletter_access":"","_jetpack_dont_email_post_to_subs":false,"_jetpack_newsletter_tier_id":0,"_jetpack_memberships_contains_paywalled_content":false,"_jetpack_memberships_contains_paid_content":false,"footnotes":""},"categories":[452,386,378],"tags":[4873,4162,4876,4459,4874,71,4877,4687,4926],"class_list":["post-12673","post","type-post","status-publish","format-standard","has-post-thumbnail","hentry","category-frontpage","category-mujer","category-politica","tag-colaboracion","tag-comunidades","tag-confianza","tag-dignidad","tag-integridad","tag-justicia","tag-participacion","tag-procesos","tag-restaurativa"],"jetpack_featured_media_url":"https:\/\/i0.wp.com\/www.entremundos.org\/revista\/wp-content\/uploads\/2025\/01\/cirucla.jpg?fit=2048%2C1365&ssl=1","jetpack_shortlink":"https:\/\/wp.me\/p7ljt7-3ip","jetpack-related-posts":[{"id":13246,"url":"https:\/\/www.entremundos.org\/revista\/politica\/el-mundo-no-es-como-lo-imaginamos\/","url_meta":{"origin":12673,"position":0},"title":"El mundo no es como lo imaginamos","author":"EntreMundos","date":"17 septiembre, 2025","format":false,"excerpt":"Por Juan Jos\u00e9 Hurtado Paz y Paz \"Ojal\u00e1 viviera en la teor\u00eda, porque en teor\u00eda todo est\u00e1 bien\" \u00a0Cita atribuida a Quino (Joaqu\u00edn Salvador Lavado Tej\u00f3n), en boca de su personaje Mafalda\u00a0 Vivimos en un mundo injusto, desigual, que excluye a las mayor\u00edas de oportunidades y posibilidades, y que niega\u2026","rel":"","context":"En \u00abFrontPage\u00bb","block_context":{"text":"FrontPage","link":"https:\/\/www.entremundos.org\/revista\/category\/frontpage\/"},"img":{"alt_text":"","src":"https:\/\/i0.wp.com\/www.entremundos.org\/revista\/wp-content\/uploads\/2025\/09\/img86.jpg?fit=1200%2C683&ssl=1&resize=350%2C200","width":350,"height":200,"srcset":"https:\/\/i0.wp.com\/www.entremundos.org\/revista\/wp-content\/uploads\/2025\/09\/img86.jpg?fit=1200%2C683&ssl=1&resize=350%2C200 1x, https:\/\/i0.wp.com\/www.entremundos.org\/revista\/wp-content\/uploads\/2025\/09\/img86.jpg?fit=1200%2C683&ssl=1&resize=525%2C300 1.5x, https:\/\/i0.wp.com\/www.entremundos.org\/revista\/wp-content\/uploads\/2025\/09\/img86.jpg?fit=1200%2C683&ssl=1&resize=700%2C400 2x, https:\/\/i0.wp.com\/www.entremundos.org\/revista\/wp-content\/uploads\/2025\/09\/img86.jpg?fit=1200%2C683&ssl=1&resize=1050%2C600 3x"},"classes":[]},{"id":12038,"url":"https:\/\/www.entremundos.org\/revista\/politica\/quetzaltenango-500-anos-de-historia-desafios-y-esperanza\/","url_meta":{"origin":12673,"position":1},"title":"Quetzaltenango: 500 a\u00f1os de historia, desaf\u00edos y esperanza","author":"EntreMundos","date":"16 mayo, 2024","format":false,"excerpt":"POR SAMUEL ALVAREZ MORALES La historia de la ciudad se remonta a la \u00e9poca precolombina. Desde entonces, fue un importante centro comercial y cultural para la regi\u00f3n. Sus primeros habitantes fueron los Mam, quienes la llamar\u00edan Kulaja; los Quich\u00e9s la conquistaron y la nombraron Xelajuj No\u2019j. Finalmente, el 15 de\u2026","rel":"","context":"En \u00abFrontPage\u00bb","block_context":{"text":"FrontPage","link":"https:\/\/www.entremundos.org\/revista\/category\/frontpage\/"},"img":{"alt_text":"","src":"https:\/\/i0.wp.com\/www.entremundos.org\/revista\/wp-content\/uploads\/2024\/05\/whatsapp-image-2024-05-03-at-5.26.36-pm-scaled.jpeg?fit=632%2C1200&ssl=1&resize=350%2C200","width":350,"height":200,"srcset":"https:\/\/i0.wp.com\/www.entremundos.org\/revista\/wp-content\/uploads\/2024\/05\/whatsapp-image-2024-05-03-at-5.26.36-pm-scaled.jpeg?fit=632%2C1200&ssl=1&resize=350%2C200 1x, https:\/\/i0.wp.com\/www.entremundos.org\/revista\/wp-content\/uploads\/2024\/05\/whatsapp-image-2024-05-03-at-5.26.36-pm-scaled.jpeg?fit=632%2C1200&ssl=1&resize=525%2C300 1.5x"},"classes":[]},{"id":13644,"url":"https:\/\/www.entremundos.org\/revista\/politica\/fortaleciendo-la-comunidad-desde-dentro-un-nuevo-capitulo-para-caras-alegres\/","url_meta":{"origin":12673,"position":2},"title":"Fortaleciendo la comunidad desde dentro: Un nuevo cap\u00edtulo para Caras Alegres","author":"EntreMundos","date":"4 abril, 2026","format":false,"excerpt":"POR VER\u00d3NICA DI MAGGIO Caras Alegres reabri\u00f3 sus puertas con una renovada claridad y enfoque estrat\u00e9gico. Despu\u00e9s de meses dedicados a la evaluaci\u00f3n y planificaci\u00f3n, este 2026 inicia no simplemente como un nuevo a\u00f1o operativo, sino como una expansi\u00f3n estructurada de nuestro impacto comunitario. El a\u00f1o pasado demostr\u00f3 que el\u2026","rel":"","context":"En \u00abFrontPage\u00bb","block_context":{"text":"FrontPage","link":"https:\/\/www.entremundos.org\/revista\/category\/frontpage\/"},"img":{"alt_text":"","src":"https:\/\/i0.wp.com\/www.entremundos.org\/revista\/wp-content\/uploads\/2026\/03\/633353323_1320877706749036_6826896970194983908_n.jpg?fit=1200%2C963&ssl=1&resize=350%2C200","width":350,"height":200,"srcset":"https:\/\/i0.wp.com\/www.entremundos.org\/revista\/wp-content\/uploads\/2026\/03\/633353323_1320877706749036_6826896970194983908_n.jpg?fit=1200%2C963&ssl=1&resize=350%2C200 1x, https:\/\/i0.wp.com\/www.entremundos.org\/revista\/wp-content\/uploads\/2026\/03\/633353323_1320877706749036_6826896970194983908_n.jpg?fit=1200%2C963&ssl=1&resize=525%2C300 1.5x, https:\/\/i0.wp.com\/www.entremundos.org\/revista\/wp-content\/uploads\/2026\/03\/633353323_1320877706749036_6826896970194983908_n.jpg?fit=1200%2C963&ssl=1&resize=700%2C400 2x, https:\/\/i0.wp.com\/www.entremundos.org\/revista\/wp-content\/uploads\/2026\/03\/633353323_1320877706749036_6826896970194983908_n.jpg?fit=1200%2C963&ssl=1&resize=1050%2C600 3x"},"classes":[]},{"id":12859,"url":"https:\/\/www.entremundos.org\/revista\/politica\/mujeres-indigenas-y-rurales-en-defensa-del-territorio-frente-al-extractivismo-en-guatemala\/","url_meta":{"origin":12673,"position":3},"title":"Mujeres ind\u00edgenas y rurales en defensa del territorio frente al extractivismo en Guatemala","author":"EntreMundos","date":"21 mayo, 2025","format":false,"excerpt":"Por Asociadas Por lo Justo (JASS) Este es un resumen de un mapeo realizado por JASS, para compartir sus an\u00e1lisis, sus luchas y los impactos en sus vidas. El objetivo es contar las luchas por el territorio frente al extractivismo en Guatemala e identificar el papel y el impacto en\u2026","rel":"","context":"En \u00abFrontPage\u00bb","block_context":{"text":"FrontPage","link":"https:\/\/www.entremundos.org\/revista\/category\/frontpage\/"},"img":{"alt_text":"","src":"https:\/\/i0.wp.com\/www.entremundos.org\/revista\/wp-content\/uploads\/2025\/05\/2-scaled.png?fit=1200%2C843&ssl=1&resize=350%2C200","width":350,"height":200,"srcset":"https:\/\/i0.wp.com\/www.entremundos.org\/revista\/wp-content\/uploads\/2025\/05\/2-scaled.png?fit=1200%2C843&ssl=1&resize=350%2C200 1x, https:\/\/i0.wp.com\/www.entremundos.org\/revista\/wp-content\/uploads\/2025\/05\/2-scaled.png?fit=1200%2C843&ssl=1&resize=525%2C300 1.5x, https:\/\/i0.wp.com\/www.entremundos.org\/revista\/wp-content\/uploads\/2025\/05\/2-scaled.png?fit=1200%2C843&ssl=1&resize=700%2C400 2x, https:\/\/i0.wp.com\/www.entremundos.org\/revista\/wp-content\/uploads\/2025\/05\/2-scaled.png?fit=1200%2C843&ssl=1&resize=1050%2C600 3x"},"classes":[]},{"id":12734,"url":"https:\/\/www.entremundos.org\/revista\/politica\/deportacion-desinformacion-y-desafio-el-impacto-global-de-la-agenda-migratoria-de-trump\/","url_meta":{"origin":12673,"position":4},"title":"Deportaci\u00f3n, desinformaci\u00f3n y desaf\u00edo: El impacto global de la agenda migratoria de Trump","author":"EntreMundos","date":"17 marzo, 2025","format":false,"excerpt":"POR PATRICIA SCHWARTZ Unas 60 personas se sientan en un c\u00edrculo de sillas plegables un jueves por la noche en Tucson, Arizona, una ciudad estadounidense a una hora de la frontera con M\u00e9xico. La reuni\u00f3n semanal de la Coalici\u00f3n de Derechos Humanos se lleva a cabo en gran parte, en\u2026","rel":"","context":"En \u00abFrontPage\u00bb","block_context":{"text":"FrontPage","link":"https:\/\/www.entremundos.org\/revista\/category\/frontpage\/"},"img":{"alt_text":"","src":"https:\/\/i0.wp.com\/www.entremundos.org\/revista\/wp-content\/uploads\/2025\/03\/475088469_3067398756762538_3045668992826805668_n.jpg?fit=1100%2C666&ssl=1&resize=350%2C200","width":350,"height":200,"srcset":"https:\/\/i0.wp.com\/www.entremundos.org\/revista\/wp-content\/uploads\/2025\/03\/475088469_3067398756762538_3045668992826805668_n.jpg?fit=1100%2C666&ssl=1&resize=350%2C200 1x, https:\/\/i0.wp.com\/www.entremundos.org\/revista\/wp-content\/uploads\/2025\/03\/475088469_3067398756762538_3045668992826805668_n.jpg?fit=1100%2C666&ssl=1&resize=525%2C300 1.5x, https:\/\/i0.wp.com\/www.entremundos.org\/revista\/wp-content\/uploads\/2025\/03\/475088469_3067398756762538_3045668992826805668_n.jpg?fit=1100%2C666&ssl=1&resize=700%2C400 2x, https:\/\/i0.wp.com\/www.entremundos.org\/revista\/wp-content\/uploads\/2025\/03\/475088469_3067398756762538_3045668992826805668_n.jpg?fit=1100%2C666&ssl=1&resize=1050%2C600 3x"},"classes":[]},{"id":12999,"url":"https:\/\/www.entremundos.org\/revista\/politica\/romper-el-cemento\/","url_meta":{"origin":12673,"position":5},"title":"Romper el cemento","author":"EntreMundos","date":"23 julio, 2025","format":false,"excerpt":"By Valeria Leiva La recuperaci\u00f3n de espacios verdes en la ciudad de Quetzaltenango. La ciudad de Quetzaltenango, como muchos municipios, ha sido v\u00edctima de decisiones pol\u00edticas irresponsables que han afectado el bienestar colectivo. La tala de m\u00e1s de 400 \u00e1rboles sin un plan de transici\u00f3n a largo plazo dej\u00f3 a\u2026","rel":"","context":"En \u00abAccion Comunitaria\u00bb","block_context":{"text":"Accion Comunitaria","link":"https:\/\/www.entremundos.org\/revista\/category\/politica\/accion-comunitaria-3\/"},"img":{"alt_text":"","src":"https:\/\/i0.wp.com\/www.entremundos.org\/revista\/wp-content\/uploads\/2025\/07\/despues2.jpg?fit=1200%2C900&ssl=1&resize=350%2C200","width":350,"height":200,"srcset":"https:\/\/i0.wp.com\/www.entremundos.org\/revista\/wp-content\/uploads\/2025\/07\/despues2.jpg?fit=1200%2C900&ssl=1&resize=350%2C200 1x, https:\/\/i0.wp.com\/www.entremundos.org\/revista\/wp-content\/uploads\/2025\/07\/despues2.jpg?fit=1200%2C900&ssl=1&resize=525%2C300 1.5x, https:\/\/i0.wp.com\/www.entremundos.org\/revista\/wp-content\/uploads\/2025\/07\/despues2.jpg?fit=1200%2C900&ssl=1&resize=700%2C400 2x, https:\/\/i0.wp.com\/www.entremundos.org\/revista\/wp-content\/uploads\/2025\/07\/despues2.jpg?fit=1200%2C900&ssl=1&resize=1050%2C600 3x"},"classes":[]}],"jetpack_sharing_enabled":true,"_links":{"self":[{"href":"https:\/\/www.entremundos.org\/revista\/wp-json\/wp\/v2\/posts\/12673","targetHints":{"allow":["GET"]}}],"collection":[{"href":"https:\/\/www.entremundos.org\/revista\/wp-json\/wp\/v2\/posts"}],"about":[{"href":"https:\/\/www.entremundos.org\/revista\/wp-json\/wp\/v2\/types\/post"}],"author":[{"embeddable":true,"href":"https:\/\/www.entremundos.org\/revista\/wp-json\/wp\/v2\/users\/1"}],"replies":[{"embeddable":true,"href":"https:\/\/www.entremundos.org\/revista\/wp-json\/wp\/v2\/comments?post=12673"}],"version-history":[{"count":1,"href":"https:\/\/www.entremundos.org\/revista\/wp-json\/wp\/v2\/posts\/12673\/revisions"}],"predecessor-version":[{"id":12674,"href":"https:\/\/www.entremundos.org\/revista\/wp-json\/wp\/v2\/posts\/12673\/revisions\/12674"}],"wp:featuredmedia":[{"embeddable":true,"href":"https:\/\/www.entremundos.org\/revista\/wp-json\/wp\/v2\/media\/12602"}],"wp:attachment":[{"href":"https:\/\/www.entremundos.org\/revista\/wp-json\/wp\/v2\/media?parent=12673"}],"wp:term":[{"taxonomy":"category","embeddable":true,"href":"https:\/\/www.entremundos.org\/revista\/wp-json\/wp\/v2\/categories?post=12673"},{"taxonomy":"post_tag","embeddable":true,"href":"https:\/\/www.entremundos.org\/revista\/wp-json\/wp\/v2\/tags?post=12673"}],"curies":[{"name":"wp","href":"https:\/\/api.w.org\/{rel}","templated":true}]}}