{"id":12699,"date":"2025-03-17T10:52:36","date_gmt":"2025-03-17T18:52:36","guid":{"rendered":"https:\/\/www.entremundos.org\/revista\/?p=12699"},"modified":"2025-03-28T14:12:38","modified_gmt":"2025-03-28T22:12:38","slug":"tejiendo-comunidad","status":"publish","type":"post","link":"https:\/\/www.entremundos.org\/revista\/politica\/tejiendo-comunidad\/","title":{"rendered":"Tejiendo comunidad"},"content":{"rendered":"<p>En defensa de los tejidos en Guatemala<\/p>\n<p>POR TERESA GON\u00d3N Y MAR\u00cdA GUARCHAJ<\/p>\n<p>Mar\u00eda Elena Curruchiche est\u00e1 hincada sobre un petate en el patio de su casa en San Juan Comalapa, Guatemala. Tiene un mecapal fruncido a su cintura que cuelga de la urdimbre de la tela amarrada en lo alto de la viga de su casa. Lanza la bobina con hilo corinto de izquierda a derecha. Remata con un golpe ayud\u00e1ndose de una espada de madera para que el hilo cruzado quede apretado dentro de la urdimbre. Curruchiche realiza la misma acci\u00f3n varias veces con rapidez, intercambiando colores hasta que el matiz deseado se complete.<\/p>\n<p>\u201cNuestros tejidos y principalmente los huipiles complementan nuestro ser, las mujeres como mi edad, de 65 a\u00f1os en adelante, solo usamos huipil no usamos blusas, porque no nos sentimos bien\u201d, comparte Curruchiche, tejedora kaqchikel.<\/p>\n<p><strong>Hilando historia<\/strong><\/p>\n<p>Los tejidos en Guatemala son sobre todo un arte que condensa la historia, cultura, econom\u00eda y espiritualidad de los pueblos originarios. Hay 22 comunidades ling\u00fc\u00edsticas que conforman el pa\u00eds, m\u00e1s el xinka, gar\u00edfuna y el mestizo. Cada regi\u00f3n y pueblo tiene su propia forma de elaborar su indumentaria, t\u00e9cnica que los pueblos han realizado por siglos desde la civilizaci\u00f3n maya antigua.<\/p>\n<p>\u201cLos tejidos alrededor del mundo son tecnolog\u00eda primaria, que marca el antes y despu\u00e9s de los pueblos: inventan la urdidora para volver una tela, en la historia, es la acci\u00f3n que indica un proceso civilizatorio y Guatemala no es la excepci\u00f3n\u201d, dice Mar\u00eda Jacinta X\u00f3n, antrop\u00f3loga maya k\u2019iche\u2019, a trav\u00e9s de una videollamada.<\/p>\n<p>\u201cLos tejidos son la forma propia de la humanidad para agenciarse y, a la vez, plasmar su historia\u201d, asegura X\u00f3n. En las comunidades de Guatemala realizan tejidos, entre los que destacan los cortes (parecidos a faldas), los huipiles (que se relaciona con las blusas), los perrajes, las servilletas, las chamarras (ponchos) y una diversidad de telas que luego son transformados. Tambi\u00e9n hay departamentos donde viven personas mestizas que han dejado de utilizar la indumentaria, pero que siguen tejiendo, como en algunas zonas de Quetzaltenango y Escuintla.<\/p>\n<p><a href=\"https:\/\/i0.wp.com\/www.entremundos.org\/revista\/wp-content\/uploads\/2025\/03\/18-21-creditos-teresa-son-.jpeg-3.jpeg?ssl=1\"><img data-recalc-dims=\"1\" loading=\"lazy\" decoding=\"async\" class=\"size-medium wp-image-12714 aligncenter\" src=\"https:\/\/i0.wp.com\/www.entremundos.org\/revista\/wp-content\/uploads\/2025\/03\/18-21-creditos-teresa-son-.jpeg-3.jpeg?resize=300%2C225&#038;ssl=1\" alt=\"\" width=\"300\" height=\"225\" srcset=\"https:\/\/i0.wp.com\/www.entremundos.org\/revista\/wp-content\/uploads\/2025\/03\/18-21-creditos-teresa-son-.jpeg-3.jpeg?resize=300%2C225&amp;ssl=1 300w, https:\/\/i0.wp.com\/www.entremundos.org\/revista\/wp-content\/uploads\/2025\/03\/18-21-creditos-teresa-son-.jpeg-3.jpeg?resize=1024%2C768&amp;ssl=1 1024w, https:\/\/i0.wp.com\/www.entremundos.org\/revista\/wp-content\/uploads\/2025\/03\/18-21-creditos-teresa-son-.jpeg-3.jpeg?resize=768%2C576&amp;ssl=1 768w, https:\/\/i0.wp.com\/www.entremundos.org\/revista\/wp-content\/uploads\/2025\/03\/18-21-creditos-teresa-son-.jpeg-3.jpeg?resize=72%2C54&amp;ssl=1 72w, https:\/\/i0.wp.com\/www.entremundos.org\/revista\/wp-content\/uploads\/2025\/03\/18-21-creditos-teresa-son-.jpeg-3.jpeg?resize=335%2C251&amp;ssl=1 335w, https:\/\/i0.wp.com\/www.entremundos.org\/revista\/wp-content\/uploads\/2025\/03\/18-21-creditos-teresa-son-.jpeg-3.jpeg?resize=1050%2C788&amp;ssl=1 1050w, https:\/\/i0.wp.com\/www.entremundos.org\/revista\/wp-content\/uploads\/2025\/03\/18-21-creditos-teresa-son-.jpeg-3.jpeg?w=1280&amp;ssl=1 1280w\" sizes=\"auto, (max-width: 300px) 100vw, 300px\" \/><\/a><\/p>\n<p><strong>Una iniciativa para proteger a las tejedoras<\/strong><\/p>\n<p>El movimiento de tejedoras en Guatemala est\u00e1 conformado por 25 consejos de tejedoras de 25 distintos municipios entre los que destacan los departamentos de Sacatep\u00e9quez, Chimaltenango, Guatemala, Alta Verapaz, Huehuetenango y Quich\u00e9.<\/p>\n<p>Uno de los municipios con mayor inter\u00e9s y participaci\u00f3n ha sido San Juan Atit\u00e1n, que se ubica a las alturas de la Sierra de los Cuchumatanes, en el departamento fronterizo de Huehuetenango.<\/p>\n<p>Su labor en defensa de los tejidos ancestrales comenz\u00f3 a tomar forma a partir del 2014. Primero les uni\u00f3 la necesidad de acompa\u00f1ar y respaldarse entre tejedoras por las diversas situaciones que padecen, entre ellas la baja paga que reciben. \u201cLa utilidad que los intermediarios hacen de las tejedoras, al vender los tejidos al doble precio que pagan a las tejedoras, es una explotaci\u00f3n moderna\u201d, dice Milvia Aspuac, representante de la Asociaci\u00f3n Femenina para el Desarrollo de Sacatep\u00e9quez (Afedes) que trabaja con el movimiento de tejedoras.<\/p>\n<p>\u201cAl darnos cuenta de la necesidad de llevar al Congreso nuestra petici\u00f3n, nos organizamos, realizamos asambleas de 600 o hasta 1,200 tejedoras\u201d, dijo Aspuac en entrevista con Ojal\u00e1. En 2022, el Movimiento Nacional de Tejedoras Ru chajixik ri qana\u2019ojb\u00e4l, que significa \u201cresguardo de nuestro conocimiento\u201d en idioma kaqchikel, present\u00f3 la Iniciativa de ley 6136. La iniciativa propone la protecci\u00f3n de la propiedad intelectual colectiva sobre los textiles e indumentaria de los pueblos y comunidades ind\u00edgenas de Guatemala.<\/p>\n<p>Fueron varias asambleas a nivel nacional, proceso que llev\u00f3 a mucha reflexi\u00f3n. Surge de la necesidad: son las tejedoras organizadas quienes acuden al movimiento de Tejedoras para que las acompa\u00f1en y les den orientaci\u00f3n porque quieren unirse a la defensa de la propiedad intelectual de los tejidos. La propuesta de impulsar una iniciativa legal surgi\u00f3 del di\u00e1logo entre tejedoras, motivada por la necesidad de proteger y preservar los dise\u00f1os textiles, as\u00ed como de reconocer el conocimiento colectivo que estos representan.<\/p>\n<p>La tejedora Curruchiche, quien es miembro del Movimiento de tejedoras, explica que la importancia de la ley yace en la protecci\u00f3n del oficio y los conocimientos para futuras generaciones. \u201cNos dar\u00eda la oportunidad de frenar la usurpaci\u00f3n de derechos de parte de los dise\u00f1adores y empresarios\u201d, dice.<\/p>\n<p><a href=\"https:\/\/i0.wp.com\/www.entremundos.org\/revista\/wp-content\/uploads\/2025\/03\/18-21-creditos-teresa-son-.jpeg-1.jpeg?ssl=1\"><img data-recalc-dims=\"1\" loading=\"lazy\" decoding=\"async\" class=\"size-medium wp-image-12710 aligncenter\" src=\"https:\/\/i0.wp.com\/www.entremundos.org\/revista\/wp-content\/uploads\/2025\/03\/18-21-creditos-teresa-son-.jpeg-1.jpeg?resize=300%2C225&#038;ssl=1\" alt=\"\" width=\"300\" height=\"225\" srcset=\"https:\/\/i0.wp.com\/www.entremundos.org\/revista\/wp-content\/uploads\/2025\/03\/18-21-creditos-teresa-son-.jpeg-1.jpeg?resize=300%2C225&amp;ssl=1 300w, https:\/\/i0.wp.com\/www.entremundos.org\/revista\/wp-content\/uploads\/2025\/03\/18-21-creditos-teresa-son-.jpeg-1.jpeg?resize=1024%2C768&amp;ssl=1 1024w, https:\/\/i0.wp.com\/www.entremundos.org\/revista\/wp-content\/uploads\/2025\/03\/18-21-creditos-teresa-son-.jpeg-1.jpeg?resize=768%2C576&amp;ssl=1 768w, https:\/\/i0.wp.com\/www.entremundos.org\/revista\/wp-content\/uploads\/2025\/03\/18-21-creditos-teresa-son-.jpeg-1.jpeg?resize=72%2C54&amp;ssl=1 72w, https:\/\/i0.wp.com\/www.entremundos.org\/revista\/wp-content\/uploads\/2025\/03\/18-21-creditos-teresa-son-.jpeg-1.jpeg?resize=335%2C251&amp;ssl=1 335w, https:\/\/i0.wp.com\/www.entremundos.org\/revista\/wp-content\/uploads\/2025\/03\/18-21-creditos-teresa-son-.jpeg-1.jpeg?resize=1050%2C788&amp;ssl=1 1050w, https:\/\/i0.wp.com\/www.entremundos.org\/revista\/wp-content\/uploads\/2025\/03\/18-21-creditos-teresa-son-.jpeg-1.jpeg?w=1280&amp;ssl=1 1280w\" sizes=\"auto, (max-width: 300px) 100vw, 300px\" \/><\/a><\/p>\n<p><strong>Propuesta en pausa<\/strong><\/p>\n<p>La iniciativa de ley fue presentada por diputados miembros de la Comisi\u00f3n de Pueblos Ind\u00edgenas, Afedes y el Movimiento de tejedores Ru chajixik ri qana\u2019ojb\u00e4l en septiembre del 2022, y el 29 de febrero de 2024 fue remitida a la comisi\u00f3n de desarrollo social del Congreso de la Rep\u00fablica. Desde entonces no ha tenido mayor avance.<\/p>\n<p>La iniciativa contempla la creaci\u00f3n del Consejo Nacional de la Propiedad Intelectual sobre textiles e indumentaria, lo que requiere de fondos para su funcionamiento. \u201cBuscamos dialogar con el Ministerio de Finanzas para analizar de d\u00f3nde pueden provenir los fondos\u201d, comenta Aspuac. Confirma que han intentado reunirse con la Comisi\u00f3n de Desarrollo Social pero a la fecha no lo han logrado.<\/p>\n<p>Aspuac asegura que empujar esta propuesta les desaf\u00eda porque \u201csomos mujeres y luego tejedoras\u201d, al referirse a la falta de recursos y tiempo para dar seguimiento a la propuesta. Mientras presiona para que avance la iniciativa de ley, Afedes sigue acompa\u00f1ando los distintos consejos de tejedoras, fortaleciendo su estrategia de incidencia. Desde el punto de vista de X\u00f3n, antes de continuar con el proceso de la iniciativa \u201ces imprescindible seguir evaluando el mecanismo de protecci\u00f3n de los tejidos\u201d.<\/p>\n<p><em>Mar\u00eda Guarchaj Carrillo es maya k\u2019iche\u2019, periodista y comunicadora comunitaria.<\/em><\/p>\n<p><em>Teresa Gon\u00f3n es maya k\u2019iche\u2019 de San Crist\u00f3bal Totonicap\u00e1n, lleva diez a\u00f1os trabajando con mujeres y j\u00f3venes promoviendo los derechos desde la identidad maya.<\/em><\/p>\n<p><a href=\"https:\/\/i0.wp.com\/www.entremundos.org\/revista\/wp-content\/uploads\/2025\/03\/18-21-creditos-teresa-son-.jpeg.jpeg?ssl=1\"><img data-recalc-dims=\"1\" loading=\"lazy\" decoding=\"async\" class=\"size-medium wp-image-12716 aligncenter\" src=\"https:\/\/i0.wp.com\/www.entremundos.org\/revista\/wp-content\/uploads\/2025\/03\/18-21-creditos-teresa-son-.jpeg.jpeg?resize=300%2C225&#038;ssl=1\" alt=\"\" width=\"300\" height=\"225\" srcset=\"https:\/\/i0.wp.com\/www.entremundos.org\/revista\/wp-content\/uploads\/2025\/03\/18-21-creditos-teresa-son-.jpeg.jpeg?resize=300%2C225&amp;ssl=1 300w, https:\/\/i0.wp.com\/www.entremundos.org\/revista\/wp-content\/uploads\/2025\/03\/18-21-creditos-teresa-son-.jpeg.jpeg?resize=1024%2C768&amp;ssl=1 1024w, https:\/\/i0.wp.com\/www.entremundos.org\/revista\/wp-content\/uploads\/2025\/03\/18-21-creditos-teresa-son-.jpeg.jpeg?resize=768%2C576&amp;ssl=1 768w, https:\/\/i0.wp.com\/www.entremundos.org\/revista\/wp-content\/uploads\/2025\/03\/18-21-creditos-teresa-son-.jpeg.jpeg?resize=72%2C54&amp;ssl=1 72w, https:\/\/i0.wp.com\/www.entremundos.org\/revista\/wp-content\/uploads\/2025\/03\/18-21-creditos-teresa-son-.jpeg.jpeg?resize=335%2C251&amp;ssl=1 335w, https:\/\/i0.wp.com\/www.entremundos.org\/revista\/wp-content\/uploads\/2025\/03\/18-21-creditos-teresa-son-.jpeg.jpeg?resize=1050%2C788&amp;ssl=1 1050w, https:\/\/i0.wp.com\/www.entremundos.org\/revista\/wp-content\/uploads\/2025\/03\/18-21-creditos-teresa-son-.jpeg.jpeg?w=1280&amp;ssl=1 1280w\" sizes=\"auto, (max-width: 300px) 100vw, 300px\" \/><\/a><\/p>\n","protected":false},"excerpt":{"rendered":"<p>En defensa de los tejidos en Guatemala POR TERESA GON\u00d3N Y MAR\u00cdA GUARCHAJ Mar\u00eda Elena Curruchiche est\u00e1 hincada sobre un petate en el patio de su casa en San Juan Comalapa, Guatemala. Tiene un mecapal fruncido a su cintura que cuelga de la urdimbre de la tela amarrada en lo alto de la viga de [&hellip;]<\/p>\n","protected":false},"author":1,"featured_media":12712,"comment_status":"closed","ping_status":"closed","sticky":false,"template":"","format":"standard","meta":{"_exactmetrics_skip_tracking":false,"_exactmetrics_sitenote_active":false,"_exactmetrics_sitenote_note":"","_exactmetrics_sitenote_category":0,"jetpack_post_was_ever_published":false,"_jetpack_newsletter_access":"","_jetpack_dont_email_post_to_subs":false,"_jetpack_newsletter_tier_id":0,"_jetpack_memberships_contains_paywalled_content":false,"_jetpack_memberships_contains_paid_content":false,"footnotes":""},"categories":[452,386,378],"tags":[1002,4591,4931,4929,4927,4928,4178,4930,700],"class_list":["post-12699","post","type-post","status-publish","format-standard","has-post-thumbnail","hentry","category-frontpage","category-mujer","category-politica","tag-cultura","tag-defensa","tag-historias","tag-los-perrajes","tag-los-tejidos","tag-mujeres-tejedoras","tag-organizacion-de-mujeres","tag-proteger-a-las-tejedoras","tag-tradicion"],"jetpack_featured_media_url":"https:\/\/i0.wp.com\/www.entremundos.org\/revista\/wp-content\/uploads\/2025\/03\/18-21-creditos-teresa-son-.jpeg-2.jpeg?fit=1280%2C960&ssl=1","jetpack_shortlink":"https:\/\/wp.me\/p7ljt7-3iP","jetpack-related-posts":[{"id":12859,"url":"https:\/\/www.entremundos.org\/revista\/politica\/mujeres-indigenas-y-rurales-en-defensa-del-territorio-frente-al-extractivismo-en-guatemala\/","url_meta":{"origin":12699,"position":0},"title":"Mujeres ind\u00edgenas y rurales en defensa del territorio frente al extractivismo en Guatemala","author":"EntreMundos","date":"21 mayo, 2025","format":false,"excerpt":"Por Asociadas Por lo Justo (JASS) Este es un resumen de un mapeo realizado por JASS, para compartir sus an\u00e1lisis, sus luchas y los impactos en sus vidas. El objetivo es contar las luchas por el territorio frente al extractivismo en Guatemala e identificar el papel y el impacto en\u2026","rel":"","context":"En \u00abFrontPage\u00bb","block_context":{"text":"FrontPage","link":"https:\/\/www.entremundos.org\/revista\/category\/frontpage\/"},"img":{"alt_text":"","src":"https:\/\/i0.wp.com\/www.entremundos.org\/revista\/wp-content\/uploads\/2025\/05\/2-scaled.png?fit=1200%2C843&ssl=1&resize=350%2C200","width":350,"height":200,"srcset":"https:\/\/i0.wp.com\/www.entremundos.org\/revista\/wp-content\/uploads\/2025\/05\/2-scaled.png?fit=1200%2C843&ssl=1&resize=350%2C200 1x, https:\/\/i0.wp.com\/www.entremundos.org\/revista\/wp-content\/uploads\/2025\/05\/2-scaled.png?fit=1200%2C843&ssl=1&resize=525%2C300 1.5x, https:\/\/i0.wp.com\/www.entremundos.org\/revista\/wp-content\/uploads\/2025\/05\/2-scaled.png?fit=1200%2C843&ssl=1&resize=700%2C400 2x, https:\/\/i0.wp.com\/www.entremundos.org\/revista\/wp-content\/uploads\/2025\/05\/2-scaled.png?fit=1200%2C843&ssl=1&resize=1050%2C600 3x"},"classes":[]},{"id":11407,"url":"https:\/\/www.entremundos.org\/revista\/politica\/del-papel-a-la-pantalla\/","url_meta":{"origin":12699,"position":1},"title":"Del papel a la pantalla","author":"EntreMundos","date":"10 noviembre, 2023","format":false,"excerpt":"POR EMMA G\u00d3MEZ Dos pa\u00edses golpeados por la corrupci\u00f3n, violaci\u00f3n de los derechos humanos, injusticias, persecuciones y despojos, por mencionar algunos de los males que tienen en com\u00fan Guatemala y El Salvador. El proyecto, Del Papel a la Pantalla, presenta dos propuestas visuales para reflexionar sobre la educaci\u00f3n sexual y\u2026","rel":"","context":"En \u00abAccion Comunitaria\u00bb","block_context":{"text":"Accion Comunitaria","link":"https:\/\/www.entremundos.org\/revista\/category\/politica\/accion-comunitaria-3\/"},"img":{"alt_text":"","src":"https:\/\/i0.wp.com\/www.entremundos.org\/revista\/wp-content\/uploads\/2023\/11\/whatsapp-image-2023-10-23-at-9.54.45-am-2.jpeg?fit=1200%2C800&ssl=1&resize=350%2C200","width":350,"height":200,"srcset":"https:\/\/i0.wp.com\/www.entremundos.org\/revista\/wp-content\/uploads\/2023\/11\/whatsapp-image-2023-10-23-at-9.54.45-am-2.jpeg?fit=1200%2C800&ssl=1&resize=350%2C200 1x, https:\/\/i0.wp.com\/www.entremundos.org\/revista\/wp-content\/uploads\/2023\/11\/whatsapp-image-2023-10-23-at-9.54.45-am-2.jpeg?fit=1200%2C800&ssl=1&resize=525%2C300 1.5x, https:\/\/i0.wp.com\/www.entremundos.org\/revista\/wp-content\/uploads\/2023\/11\/whatsapp-image-2023-10-23-at-9.54.45-am-2.jpeg?fit=1200%2C800&ssl=1&resize=700%2C400 2x, https:\/\/i0.wp.com\/www.entremundos.org\/revista\/wp-content\/uploads\/2023\/11\/whatsapp-image-2023-10-23-at-9.54.45-am-2.jpeg?fit=1200%2C800&ssl=1&resize=1050%2C600 3x"},"classes":[]},{"id":12224,"url":"https:\/\/www.entremundos.org\/revista\/mujer\/derechos-sexuales-y-reproductivos-tema-pendiente-en-guatemala\/","url_meta":{"origin":12699,"position":2},"title":"Derechos sexuales y reproductivos; tema pendiente en Guatemala","author":"EntreMundos","date":"15 julio, 2024","format":false,"excerpt":"POR EMMA G\u00d3MEZ Seg\u00fan La Organizaci\u00f3n de las Naciones Unidas de los Derechos Humanos, (ONU-DH), los derechos sexuales y reproductivos est\u00e1n relacionados con la libertad de las personas a decidir sobre su sexualidad y el ejercicio libre de la misma. Algunos derechos pueden ser; ejercer la sexualidad de manera independiente\u2026","rel":"","context":"En \u00abFrontPage\u00bb","block_context":{"text":"FrontPage","link":"https:\/\/www.entremundos.org\/revista\/category\/frontpage\/"},"img":{"alt_text":"","src":"https:\/\/i0.wp.com\/www.entremundos.org\/revista\/wp-content\/uploads\/2024\/07\/444487166_750607893953803_8829963883492089519_n.jpg?fit=1200%2C1158&ssl=1&resize=350%2C200","width":350,"height":200,"srcset":"https:\/\/i0.wp.com\/www.entremundos.org\/revista\/wp-content\/uploads\/2024\/07\/444487166_750607893953803_8829963883492089519_n.jpg?fit=1200%2C1158&ssl=1&resize=350%2C200 1x, https:\/\/i0.wp.com\/www.entremundos.org\/revista\/wp-content\/uploads\/2024\/07\/444487166_750607893953803_8829963883492089519_n.jpg?fit=1200%2C1158&ssl=1&resize=525%2C300 1.5x, https:\/\/i0.wp.com\/www.entremundos.org\/revista\/wp-content\/uploads\/2024\/07\/444487166_750607893953803_8829963883492089519_n.jpg?fit=1200%2C1158&ssl=1&resize=700%2C400 2x, https:\/\/i0.wp.com\/www.entremundos.org\/revista\/wp-content\/uploads\/2024\/07\/444487166_750607893953803_8829963883492089519_n.jpg?fit=1200%2C1158&ssl=1&resize=1050%2C600 3x"},"classes":[]},{"id":10588,"url":"https:\/\/www.entremundos.org\/revista\/politica\/ley-de-mujeres-desaparecidas\/","url_meta":{"origin":12699,"position":3},"title":"Ley de mujeres desaparecidas","author":"EntreMundos","date":"9 marzo, 2023","format":false,"excerpt":"Emma G\u00f3mez\u00a0 En Guatemala, cada d\u00eda desaparecen unas 5 mujeres. La desaparici\u00f3n de mujeres est\u00e1 ligada fuertemente con alg\u00fan tipo de violencia de g\u00e9nero.\u00a0 Hace 3 a\u00f1os se implement\u00f3 un mecanismo de b\u00fasqueda inmediata de mujeres desaparecidas, Isabel-Claudina, mecanismo que tiene como base la Ley de Mujeres Desaparecidas que fue\u2026","rel":"","context":"En \u00abFrontPage\u00bb","block_context":{"text":"FrontPage","link":"https:\/\/www.entremundos.org\/revista\/category\/frontpage\/"},"img":{"alt_text":"","src":"https:\/\/i0.wp.com\/www.entremundos.org\/revista\/wp-content\/uploads\/2023\/03\/isable-claudina-justicia.png?fit=1200%2C789&ssl=1&resize=350%2C200","width":350,"height":200,"srcset":"https:\/\/i0.wp.com\/www.entremundos.org\/revista\/wp-content\/uploads\/2023\/03\/isable-claudina-justicia.png?fit=1200%2C789&ssl=1&resize=350%2C200 1x, https:\/\/i0.wp.com\/www.entremundos.org\/revista\/wp-content\/uploads\/2023\/03\/isable-claudina-justicia.png?fit=1200%2C789&ssl=1&resize=525%2C300 1.5x, https:\/\/i0.wp.com\/www.entremundos.org\/revista\/wp-content\/uploads\/2023\/03\/isable-claudina-justicia.png?fit=1200%2C789&ssl=1&resize=700%2C400 2x, https:\/\/i0.wp.com\/www.entremundos.org\/revista\/wp-content\/uploads\/2023\/03\/isable-claudina-justicia.png?fit=1200%2C789&ssl=1&resize=1050%2C600 3x"},"classes":[]},{"id":12980,"url":"https:\/\/www.entremundos.org\/revista\/mujer\/el-otro-lado-del-viaje-sonado-detras-de-un-espacio-internacional\/","url_meta":{"origin":12699,"position":4},"title":"El otro lado del viaje so\u00f1ado; detr\u00e1s de un espacio internacional","author":"EntreMundos","date":"23 julio, 2025","format":false,"excerpt":"Por Adela Tuy Cuando la gente escucha \u2018Conferencias Internacionales\u2019 piensa en edificios lujosos, gente hablando en ingl\u00e9s, muchas fotos formales y muchos discursos bonitos; tambi\u00e9n en lo elegante de participar en una conferencia y ponerlo en tu curr\u00edculum vitae. Sin embargo, nadie les cuenta sobre lo que hay detr\u00e1s de\u2026","rel":"","context":"En \u00abCine\u00bb","block_context":{"text":"Cine","link":"https:\/\/www.entremundos.org\/revista\/category\/cine\/"},"img":{"alt_text":"","src":"https:\/\/i0.wp.com\/www.entremundos.org\/revista\/wp-content\/uploads\/2025\/07\/20241121_092407-143c-1.jpg?fit=1200%2C800&ssl=1&resize=350%2C200","width":350,"height":200,"srcset":"https:\/\/i0.wp.com\/www.entremundos.org\/revista\/wp-content\/uploads\/2025\/07\/20241121_092407-143c-1.jpg?fit=1200%2C800&ssl=1&resize=350%2C200 1x, https:\/\/i0.wp.com\/www.entremundos.org\/revista\/wp-content\/uploads\/2025\/07\/20241121_092407-143c-1.jpg?fit=1200%2C800&ssl=1&resize=525%2C300 1.5x, https:\/\/i0.wp.com\/www.entremundos.org\/revista\/wp-content\/uploads\/2025\/07\/20241121_092407-143c-1.jpg?fit=1200%2C800&ssl=1&resize=700%2C400 2x, https:\/\/i0.wp.com\/www.entremundos.org\/revista\/wp-content\/uploads\/2025\/07\/20241121_092407-143c-1.jpg?fit=1200%2C800&ssl=1&resize=1050%2C600 3x"},"classes":[]},{"id":10833,"url":"https:\/\/www.entremundos.org\/revista\/politica\/violencia-contra-las-mujeres-dominio-masculino-en-la-politica\/","url_meta":{"origin":12699,"position":5},"title":"Violencia contra las mujeres: dominio masculino en la pol\u00edtica","author":"EntreMundos","date":"29 mayo, 2023","format":false,"excerpt":"Silvia Lilian Trujillo La violencia pol\u00edtica es sistem\u00e1tica y permanente, se produce para inhibir, ralentizar o restringir la participaci\u00f3n pol\u00edtica de mujeres, en el marco de un sistema que se resiste a aceptar su igualdad de derechos. Mientras no se trabaje para acabar con esta violencia espec\u00edfica la calidad de\u2026","rel":"","context":"En \u00abFrontPage\u00bb","block_context":{"text":"FrontPage","link":"https:\/\/www.entremundos.org\/revista\/category\/frontpage\/"},"img":{"alt_text":"","src":"https:\/\/i0.wp.com\/www.entremundos.org\/revista\/wp-content\/uploads\/2023\/05\/000_16w772-1.jpg?fit=1200%2C799&ssl=1&resize=350%2C200","width":350,"height":200,"srcset":"https:\/\/i0.wp.com\/www.entremundos.org\/revista\/wp-content\/uploads\/2023\/05\/000_16w772-1.jpg?fit=1200%2C799&ssl=1&resize=350%2C200 1x, https:\/\/i0.wp.com\/www.entremundos.org\/revista\/wp-content\/uploads\/2023\/05\/000_16w772-1.jpg?fit=1200%2C799&ssl=1&resize=525%2C300 1.5x, https:\/\/i0.wp.com\/www.entremundos.org\/revista\/wp-content\/uploads\/2023\/05\/000_16w772-1.jpg?fit=1200%2C799&ssl=1&resize=700%2C400 2x, https:\/\/i0.wp.com\/www.entremundos.org\/revista\/wp-content\/uploads\/2023\/05\/000_16w772-1.jpg?fit=1200%2C799&ssl=1&resize=1050%2C600 3x"},"classes":[]}],"jetpack_sharing_enabled":true,"_links":{"self":[{"href":"https:\/\/www.entremundos.org\/revista\/wp-json\/wp\/v2\/posts\/12699","targetHints":{"allow":["GET"]}}],"collection":[{"href":"https:\/\/www.entremundos.org\/revista\/wp-json\/wp\/v2\/posts"}],"about":[{"href":"https:\/\/www.entremundos.org\/revista\/wp-json\/wp\/v2\/types\/post"}],"author":[{"embeddable":true,"href":"https:\/\/www.entremundos.org\/revista\/wp-json\/wp\/v2\/users\/1"}],"replies":[{"embeddable":true,"href":"https:\/\/www.entremundos.org\/revista\/wp-json\/wp\/v2\/comments?post=12699"}],"version-history":[{"count":2,"href":"https:\/\/www.entremundos.org\/revista\/wp-json\/wp\/v2\/posts\/12699\/revisions"}],"predecessor-version":[{"id":12785,"href":"https:\/\/www.entremundos.org\/revista\/wp-json\/wp\/v2\/posts\/12699\/revisions\/12785"}],"wp:featuredmedia":[{"embeddable":true,"href":"https:\/\/www.entremundos.org\/revista\/wp-json\/wp\/v2\/media\/12712"}],"wp:attachment":[{"href":"https:\/\/www.entremundos.org\/revista\/wp-json\/wp\/v2\/media?parent=12699"}],"wp:term":[{"taxonomy":"category","embeddable":true,"href":"https:\/\/www.entremundos.org\/revista\/wp-json\/wp\/v2\/categories?post=12699"},{"taxonomy":"post_tag","embeddable":true,"href":"https:\/\/www.entremundos.org\/revista\/wp-json\/wp\/v2\/tags?post=12699"}],"curies":[{"name":"wp","href":"https:\/\/api.w.org\/{rel}","templated":true}]}}