{"id":12762,"date":"2025-03-24T11:58:48","date_gmt":"2025-03-24T19:58:48","guid":{"rendered":"https:\/\/www.entremundos.org\/revista\/?p=12762"},"modified":"2025-05-22T14:45:37","modified_gmt":"2025-05-22T22:45:37","slug":"guatemala-entre-la-crisis-institucional-y-los-desafios-economicos","status":"publish","type":"post","link":"https:\/\/www.entremundos.org\/revista\/politica\/guatemala-entre-la-crisis-institucional-y-los-desafios-economicos\/","title":{"rendered":"Guatemala: Entre la crisis institucional y los desaf\u00edos econ\u00f3micos"},"content":{"rendered":"<p>POR SAMUEL \u00c1LVAREZ<\/p>\n<p>En los \u00faltimos a\u00f1os, Guatemala ha atravesado un escenario pol\u00edtico y econ\u00f3mico caracterizado por una serie de desaf\u00edos significativos que han puesto a prueba la estabilidad de sus instituciones y la seguridad de sus ciudadanos. La confrontaci\u00f3n entre el Ejecutivo y otros organismos del Estado, los conflictos en el Tribunal Supremo Electoral (TSE) y el deterioro del Estado de Derecho han generado un clima de incertidumbre y desconfianza en la administraci\u00f3n p\u00fablica.<\/p>\n<p><strong>La tiran\u00eda judicial y la crisis del estado de derecho<\/strong><\/p>\n<p>Uno de los puntos m\u00e1s cr\u00edticos ha sido la injerencia pol\u00edtica en las decisiones judiciales. La controversia en torno al partido Movimiento Semilla, as\u00ed como la persecuci\u00f3n de jueces que han emitido resoluciones contrarias a los intereses de la Fiscal General, evidencian un uso discrecional de la justicia.<\/p>\n<p>A esto se suma la investigaci\u00f3n a candidatos del Colegio de Abogados y Notarios, con el aparente prop\u00f3sito de evitar su participaci\u00f3n en elecciones gremiales claves para la conformaci\u00f3n de las comisiones de postulaci\u00f3n del pr\u00f3ximo Fiscal General del Ministerio P\u00fablico. Mientras tanto, persiste la falta de investigaciones en contra de actores se\u00f1alados por corrupci\u00f3n, lo que profundiza la percepci\u00f3n de una justicia parcializada y selectiva.<\/p>\n<figure id=\"attachment_12765\" aria-describedby=\"caption-attachment-12765\" style=\"width: 300px\" class=\"wp-caption aligncenter\"><a href=\"https:\/\/i0.wp.com\/www.entremundos.org\/revista\/wp-content\/uploads\/2025\/03\/fotos-3.jpg?ssl=1\"><img data-recalc-dims=\"1\" loading=\"lazy\" decoding=\"async\" class=\"wp-image-12765 size-medium\" src=\"https:\/\/i0.wp.com\/www.entremundos.org\/revista\/wp-content\/uploads\/2025\/03\/fotos-3.jpg?resize=300%2C225&#038;ssl=1\" alt=\"\" width=\"300\" height=\"225\" srcset=\"https:\/\/i0.wp.com\/www.entremundos.org\/revista\/wp-content\/uploads\/2025\/03\/fotos-3.jpg?resize=300%2C225&amp;ssl=1 300w, https:\/\/i0.wp.com\/www.entremundos.org\/revista\/wp-content\/uploads\/2025\/03\/fotos-3.jpg?resize=1024%2C768&amp;ssl=1 1024w, https:\/\/i0.wp.com\/www.entremundos.org\/revista\/wp-content\/uploads\/2025\/03\/fotos-3.jpg?resize=768%2C576&amp;ssl=1 768w, https:\/\/i0.wp.com\/www.entremundos.org\/revista\/wp-content\/uploads\/2025\/03\/fotos-3.jpg?resize=1536%2C1152&amp;ssl=1 1536w, https:\/\/i0.wp.com\/www.entremundos.org\/revista\/wp-content\/uploads\/2025\/03\/fotos-3.jpg?resize=72%2C54&amp;ssl=1 72w, https:\/\/i0.wp.com\/www.entremundos.org\/revista\/wp-content\/uploads\/2025\/03\/fotos-3.jpg?resize=335%2C251&amp;ssl=1 335w, https:\/\/i0.wp.com\/www.entremundos.org\/revista\/wp-content\/uploads\/2025\/03\/fotos-3.jpg?resize=1050%2C788&amp;ssl=1 1050w, https:\/\/i0.wp.com\/www.entremundos.org\/revista\/wp-content\/uploads\/2025\/03\/fotos-3.jpg?w=1600&amp;ssl=1 1600w, https:\/\/i0.wp.com\/www.entremundos.org\/revista\/wp-content\/uploads\/2025\/03\/fotos-3.jpg?w=1280&amp;ssl=1 1280w\" sizes=\"auto, (max-width: 300px) 100vw, 300px\" \/><\/a><figcaption id=\"caption-attachment-12765\" class=\"wp-caption-text\">Foto: Redes sociales<\/figcaption><\/figure>\n<p><strong>El Congreso: Entre conflictos internos y la erosi\u00f3n del estado de derecho<\/strong><\/p>\n<p>El Congreso de la Rep\u00fablica de Guatemala no se escapa de esta crisis. Actualmente, enfrenta problemas internos entre bancadas y una junta directiva que ha inobservado resoluciones judiciales, aplicando criterios discrecionales seg\u00fan sus propios intereses. Estas acciones han minado la confianza en la eficacia del Estado de Derecho, pues si los altos funcionarios del pa\u00eds no cumplen las normas vigentes, \u00bfqu\u00e9 se puede esperar para la ciudadan\u00eda en general? Inestabilidad en el Tribunal Supremo Electoral Los conflictos internos dentro del Tribunal Supremo Electoral (TSE) tambi\u00e9n han exacerbado la incertidumbre pol\u00edtica. La falta de consenso entre magistrados titulares y suplentes, junto con los cuestionamientos sobre la legitimidad de la presidencia en funciones, han debilitado la confianza en el sistema electoral. Esto no solo pone en duda la transparencia de futuros procesos electorales, sino que tambi\u00e9n refuerza la desconfianza en la institucionalidad democr\u00e1tica del pa\u00eds.<\/p>\n<p>Guatemala ha enfrentado m\u00faltiples desaf\u00edos en un contexto de incertidumbre global. Aunque la econom\u00eda ha mostrado se\u00f1ales de recuperaci\u00f3n tras los efectos de la pandemia, el crecimiento ha sido moderado. La inestabilidad pol\u00edtica ha generado un ambiente de cautela entre inversionistas nacionales y extranjeros, limitando la atracci\u00f3n de capitales necesarios para un desarrollo m\u00e1s din\u00e1mico.<\/p>\n<p>A pesar de los discursos oficiales que destacan un crecimiento econ\u00f3mico constante, este no se debe a un aumento en la inversi\u00f3n productiva, sino a dos factores clave. Primero, el crecimiento del aparato estatal, que a\u00f1o con a\u00f1o emplea a m\u00e1s personas, y segundo, el incremento de la migraci\u00f3n guatemalteca hacia el extranjero.<\/p>\n<p>Las remesas enviadas por los migrantes han sido un pilar fundamental para sostener la econom\u00eda del pa\u00eds, lo que evidencia su fragilidad estructural. Sin embargo, con las recientes medidas econ\u00f3micas implementadas por el gobierno de los Estados Unidos, la estabilidad financiera de Guatemala y de la regi\u00f3n est\u00e1 en riesgo.<\/p>\n<p><strong>Reformas estructurales para superar estos desaf\u00edos<\/strong><\/p>\n<p>Guatemala necesita fortalecer su institucionalidad, fomentar la transparencia y promover el di\u00e1logo entre los diferentes poderes del Estado. Solo as\u00ed se podr\u00e1 alcanzar una mayor estabilidad pol\u00edtica y un crecimiento econ\u00f3mico inclusivo y sostenible. Es imperativo implementar reformas estructurales que reduzcan las brechas sociales y mejoren la inversi\u00f3n en infraestructura y servicios b\u00e1sicos. Garantizar el Estado de Derecho es fundamental para generar un clima de confianza que atraiga inversiones y fomente la participaci\u00f3n ciudadana en la toma de decisiones.<\/p>\n<p>Sin estos elementos, el pa\u00eds continuar\u00e1 enfrentando los mismos problemas estructurales que han marcado su historia reciente, impidiendo su desarrollo y el bienestar de su poblaci\u00f3n.<\/p>\n<p>Por otra parte, la radicalizaci\u00f3n en Guatemala ha llegado a un punto en el que algunos creen que solo su forma de pensar es v\u00e1lida. Para ellos, discrepar es un pecado, matizar una traici\u00f3n y pensar diferente, un crimen.<br \/>\nLo m\u00e1s ir\u00f3nico es que se llenan la boca hablando de derechos humanos y libertad de expresi\u00f3n, pero en el fondo solo defienden su derecho a imponer sus ideas. Si no piensas como ellos, te quieren callado, censurado y sometido. Si no piensas como ellos eres malo, corrupto, un enemigo.<\/p>\n<p><strong>Contexto local<\/strong><\/p>\n<p>Xela es una anarqu\u00eda en la que cada quien hace lo que quiere. Esos a\u00f1os de \u201cla cuna de la cultura\u201d se quedaron en los libros de historia.<\/p>\n<p>El descontento por el alza de los precios de la energ\u00eda el\u00e9ctrica es leg\u00edtimo, la causa de Sac\u00e1ndole Brillo a Xela, (SBX) es justa\u2026 pero vale la pena preguntar lo siguiente: \u00bfQu\u00e9 mensaje transmite que personas que NO son de Quetzaltenango como Sergio Morataya, en la lucha hoy est\u00e1n al frente, liderando una manifestaci\u00f3n convocada por un comit\u00e9 c\u00edvico quetzalteco que se manifiesta en contra de las arbitrariedades del alcalde y el concejo municipal de Xela? \u00bfpor qu\u00e9 estos personajes de redes sociales aparecen en Xela? \u00bfqui\u00e9n paga sus gastos? o \u00bfvienen por likes? Tambi\u00e9n vale la pena preguntar: \u00bfpor qu\u00e9 el l\u00edder de la oposici\u00f3n, no figura, no aparece? deja que otros sufran el desgaste medi\u00e1tico, f\u00edsico y emocional.<\/p>\n<figure id=\"attachment_12767\" aria-describedby=\"caption-attachment-12767\" style=\"width: 300px\" class=\"wp-caption aligncenter\"><a href=\"https:\/\/i0.wp.com\/www.entremundos.org\/revista\/wp-content\/uploads\/2025\/03\/fotos-2.jpg?ssl=1\"><img data-recalc-dims=\"1\" loading=\"lazy\" decoding=\"async\" class=\"wp-image-12767 size-medium\" src=\"https:\/\/i0.wp.com\/www.entremundos.org\/revista\/wp-content\/uploads\/2025\/03\/fotos-2.jpg?resize=300%2C182&#038;ssl=1\" alt=\"\" width=\"300\" height=\"182\" srcset=\"https:\/\/i0.wp.com\/www.entremundos.org\/revista\/wp-content\/uploads\/2025\/03\/fotos-2.jpg?resize=300%2C182&amp;ssl=1 300w, https:\/\/i0.wp.com\/www.entremundos.org\/revista\/wp-content\/uploads\/2025\/03\/fotos-2.jpg?resize=1024%2C620&amp;ssl=1 1024w, https:\/\/i0.wp.com\/www.entremundos.org\/revista\/wp-content\/uploads\/2025\/03\/fotos-2.jpg?resize=768%2C465&amp;ssl=1 768w, https:\/\/i0.wp.com\/www.entremundos.org\/revista\/wp-content\/uploads\/2025\/03\/fotos-2.jpg?resize=1536%2C930&amp;ssl=1 1536w, https:\/\/i0.wp.com\/www.entremundos.org\/revista\/wp-content\/uploads\/2025\/03\/fotos-2.jpg?resize=335%2C203&amp;ssl=1 335w, https:\/\/i0.wp.com\/www.entremundos.org\/revista\/wp-content\/uploads\/2025\/03\/fotos-2.jpg?resize=1050%2C636&amp;ssl=1 1050w, https:\/\/i0.wp.com\/www.entremundos.org\/revista\/wp-content\/uploads\/2025\/03\/fotos-2.jpg?w=1585&amp;ssl=1 1585w, https:\/\/i0.wp.com\/www.entremundos.org\/revista\/wp-content\/uploads\/2025\/03\/fotos-2.jpg?w=1280&amp;ssl=1 1280w\" sizes=\"auto, (max-width: 300px) 100vw, 300px\" \/><\/a><figcaption id=\"caption-attachment-12767\" class=\"wp-caption-text\">Foto: Redes sociales<\/figcaption><\/figure>\n<p><em>Samuel \u00c1lvarez Morales. Analista pol\u00edtico, integrante de Visi\u00f3n Legislativa y fundador de Voluntarios por Xela.<\/em><\/p>\n","protected":false},"excerpt":{"rendered":"<p>POR SAMUEL \u00c1LVAREZ En los \u00faltimos a\u00f1os, Guatemala ha atravesado un escenario pol\u00edtico y econ\u00f3mico caracterizado por una serie de desaf\u00edos significativos que han puesto a prueba la estabilidad de sus instituciones y la seguridad de sus ciudadanos. La confrontaci\u00f3n entre el Ejecutivo y otros organismos del Estado, los conflictos en el Tribunal Supremo Electoral [&hellip;]<\/p>\n","protected":false},"author":1,"featured_media":12763,"comment_status":"closed","ping_status":"closed","sticky":false,"template":"","format":"standard","meta":{"_exactmetrics_skip_tracking":false,"_exactmetrics_sitenote_active":false,"_exactmetrics_sitenote_note":"","_exactmetrics_sitenote_category":0,"jetpack_post_was_ever_published":false,"_jetpack_newsletter_access":"","_jetpack_dont_email_post_to_subs":false,"_jetpack_newsletter_tier_id":0,"_jetpack_memberships_contains_paywalled_content":false,"_jetpack_memberships_contains_paid_content":false,"footnotes":""},"categories":[452,378],"tags":[4989,813,4990,4987,65,796,4388,4988],"class_list":["post-12762","post","type-post","status-publish","format-standard","has-post-thumbnail","hentry","category-frontpage","category-politica","tag-administracion-publico","tag-corrupcion","tag-crisis-de-estado","tag-estado-de-derecho","tag-guatemala","tag-justicia-social","tag-ministerio-publico","tag-politica-de-estado"],"jetpack_featured_media_url":"https:\/\/i0.wp.com\/www.entremundos.org\/revista\/wp-content\/uploads\/2025\/03\/480974575_1168096355325910_5626432465360531370_n.jpg?fit=2048%2C1536&ssl=1","jetpack_shortlink":"https:\/\/wp.me\/p7ljt7-3jQ","jetpack-related-posts":[{"id":12734,"url":"https:\/\/www.entremundos.org\/revista\/politica\/deportacion-desinformacion-y-desafio-el-impacto-global-de-la-agenda-migratoria-de-trump\/","url_meta":{"origin":12762,"position":0},"title":"Deportaci\u00f3n, desinformaci\u00f3n y desaf\u00edo: El impacto global de la agenda migratoria de Trump","author":"EntreMundos","date":"17 marzo, 2025","format":false,"excerpt":"POR PATRICIA SCHWARTZ Unas 60 personas se sientan en un c\u00edrculo de sillas plegables un jueves por la noche en Tucson, Arizona, una ciudad estadounidense a una hora de la frontera con M\u00e9xico. La reuni\u00f3n semanal de la Coalici\u00f3n de Derechos Humanos se lleva a cabo en gran parte, en\u2026","rel":"","context":"En \u00abFrontPage\u00bb","block_context":{"text":"FrontPage","link":"https:\/\/www.entremundos.org\/revista\/category\/frontpage\/"},"img":{"alt_text":"","src":"https:\/\/i0.wp.com\/www.entremundos.org\/revista\/wp-content\/uploads\/2025\/03\/475088469_3067398756762538_3045668992826805668_n.jpg?fit=1100%2C666&ssl=1&resize=350%2C200","width":350,"height":200,"srcset":"https:\/\/i0.wp.com\/www.entremundos.org\/revista\/wp-content\/uploads\/2025\/03\/475088469_3067398756762538_3045668992826805668_n.jpg?fit=1100%2C666&ssl=1&resize=350%2C200 1x, https:\/\/i0.wp.com\/www.entremundos.org\/revista\/wp-content\/uploads\/2025\/03\/475088469_3067398756762538_3045668992826805668_n.jpg?fit=1100%2C666&ssl=1&resize=525%2C300 1.5x, https:\/\/i0.wp.com\/www.entremundos.org\/revista\/wp-content\/uploads\/2025\/03\/475088469_3067398756762538_3045668992826805668_n.jpg?fit=1100%2C666&ssl=1&resize=700%2C400 2x, https:\/\/i0.wp.com\/www.entremundos.org\/revista\/wp-content\/uploads\/2025\/03\/475088469_3067398756762538_3045668992826805668_n.jpg?fit=1100%2C666&ssl=1&resize=1050%2C600 3x"},"classes":[]},{"id":10580,"url":"https:\/\/www.entremundos.org\/revista\/politica\/desalojos-aumentan-durante-el-gobierno-de-alejandro-giammattei\/","url_meta":{"origin":12762,"position":1},"title":"Desalojos aumentan durante el gobierno de Alejandro Giammattei","author":"EntreMundos","date":"8 marzo, 2023","format":false,"excerpt":"Por Gilberto Escobar\u00a0 En Guatemala, durante los \u00faltimos a\u00f1os, los desalojos han ido en aumento y se han dado en dos modalidades: los desalojos legales que tienen una orden judicial y los extrajudiciales, los que\u00a0 no van acompa\u00f1ados de ninguna orden de un juez y que ocurren\u00a0 en horas de\u2026","rel":"","context":"En \u00abBosques\u00bb","block_context":{"text":"Bosques","link":"https:\/\/www.entremundos.org\/revista\/category\/medio-ambiente\/bosques\/"},"img":{"alt_text":"","src":"https:\/\/i0.wp.com\/www.entremundos.org\/revista\/wp-content\/uploads\/2023\/03\/portada.jpg?fit=1024%2C768&ssl=1&resize=350%2C200","width":350,"height":200,"srcset":"https:\/\/i0.wp.com\/www.entremundos.org\/revista\/wp-content\/uploads\/2023\/03\/portada.jpg?fit=1024%2C768&ssl=1&resize=350%2C200 1x, https:\/\/i0.wp.com\/www.entremundos.org\/revista\/wp-content\/uploads\/2023\/03\/portada.jpg?fit=1024%2C768&ssl=1&resize=525%2C300 1.5x, https:\/\/i0.wp.com\/www.entremundos.org\/revista\/wp-content\/uploads\/2023\/03\/portada.jpg?fit=1024%2C768&ssl=1&resize=700%2C400 2x"},"classes":[]},{"id":12488,"url":"https:\/\/www.entremundos.org\/revista\/politica\/de-la-lucha-a-la-agricultura-en-las-montanas-de-guatemala\/","url_meta":{"origin":12762,"position":2},"title":"De la lucha a la agricultura en las monta\u00f1as de Guatemala","author":"EntreMundos","date":"13 noviembre, 2024","format":false,"excerpt":"POR JONATHAN LOTT A la sombra de las monta\u00f1as selv\u00e1ticas de Guatemala, anta\u00f1o cargadas del espectro del conflicto, el olor del caf\u00e9 flota en el aire. Una generaci\u00f3n despu\u00e9s del hist\u00f3rico acuerdo de paz que puso fin a la guerra civil guatemalteca (1960-1996), decenas de exguerrilleros trabajan ahora la tierra\u2026","rel":"","context":"En \u00abFrontPage\u00bb","block_context":{"text":"FrontPage","link":"https:\/\/www.entremundos.org\/revista\/category\/frontpage\/"},"img":{"alt_text":"","src":"https:\/\/i0.wp.com\/www.entremundos.org\/revista\/wp-content\/uploads\/2024\/11\/anita2-e1731543808410.jpg?fit=910%2C671&ssl=1&resize=350%2C200","width":350,"height":200,"srcset":"https:\/\/i0.wp.com\/www.entremundos.org\/revista\/wp-content\/uploads\/2024\/11\/anita2-e1731543808410.jpg?fit=910%2C671&ssl=1&resize=350%2C200 1x, https:\/\/i0.wp.com\/www.entremundos.org\/revista\/wp-content\/uploads\/2024\/11\/anita2-e1731543808410.jpg?fit=910%2C671&ssl=1&resize=525%2C300 1.5x, https:\/\/i0.wp.com\/www.entremundos.org\/revista\/wp-content\/uploads\/2024\/11\/anita2-e1731543808410.jpg?fit=910%2C671&ssl=1&resize=700%2C400 2x"},"classes":[]},{"id":13649,"url":"https:\/\/www.entremundos.org\/revista\/politica\/la-urgencia-de-comprender-la-historia-y-sus-lecciones\/","url_meta":{"origin":12762,"position":3},"title":"La urgencia de comprender la historia y sus lecciones","author":"EntreMundos","date":"4 abril, 2026","format":false,"excerpt":"POR JUAN JOS\u00c9 HURTADO PAZ En los \u00faltimos meses se escuchan voces que defienden la intervenci\u00f3n imperialista yanqui contra Venezuela con el argumento aparentemente simple y moralizante: hab\u00eda una dictadura y deb\u00eda ser removida. Bajo esta narrativa, la intervenci\u00f3n externa se presenta como una acci\u00f3n necesaria, casi humanitaria, destinada a\u2026","rel":"","context":"En \u00abFrontPage\u00bb","block_context":{"text":"FrontPage","link":"https:\/\/www.entremundos.org\/revista\/category\/frontpage\/"},"img":{"alt_text":"","src":"","width":0,"height":0},"classes":[]},{"id":12038,"url":"https:\/\/www.entremundos.org\/revista\/politica\/quetzaltenango-500-anos-de-historia-desafios-y-esperanza\/","url_meta":{"origin":12762,"position":4},"title":"Quetzaltenango: 500 a\u00f1os de historia, desaf\u00edos y esperanza","author":"EntreMundos","date":"16 mayo, 2024","format":false,"excerpt":"POR SAMUEL ALVAREZ MORALES La historia de la ciudad se remonta a la \u00e9poca precolombina. Desde entonces, fue un importante centro comercial y cultural para la regi\u00f3n. Sus primeros habitantes fueron los Mam, quienes la llamar\u00edan Kulaja; los Quich\u00e9s la conquistaron y la nombraron Xelajuj No\u2019j. Finalmente, el 15 de\u2026","rel":"","context":"En \u00abFrontPage\u00bb","block_context":{"text":"FrontPage","link":"https:\/\/www.entremundos.org\/revista\/category\/frontpage\/"},"img":{"alt_text":"","src":"https:\/\/i0.wp.com\/www.entremundos.org\/revista\/wp-content\/uploads\/2024\/05\/whatsapp-image-2024-05-03-at-5.26.36-pm-scaled.jpeg?fit=632%2C1200&ssl=1&resize=350%2C200","width":350,"height":200,"srcset":"https:\/\/i0.wp.com\/www.entremundos.org\/revista\/wp-content\/uploads\/2024\/05\/whatsapp-image-2024-05-03-at-5.26.36-pm-scaled.jpeg?fit=632%2C1200&ssl=1&resize=350%2C200 1x, https:\/\/i0.wp.com\/www.entremundos.org\/revista\/wp-content\/uploads\/2024\/05\/whatsapp-image-2024-05-03-at-5.26.36-pm-scaled.jpeg?fit=632%2C1200&ssl=1&resize=525%2C300 1.5x"},"classes":[]},{"id":12224,"url":"https:\/\/www.entremundos.org\/revista\/mujer\/derechos-sexuales-y-reproductivos-tema-pendiente-en-guatemala\/","url_meta":{"origin":12762,"position":5},"title":"Derechos sexuales y reproductivos; tema pendiente en Guatemala","author":"EntreMundos","date":"15 julio, 2024","format":false,"excerpt":"POR EMMA G\u00d3MEZ Seg\u00fan La Organizaci\u00f3n de las Naciones Unidas de los Derechos Humanos, (ONU-DH), los derechos sexuales y reproductivos est\u00e1n relacionados con la libertad de las personas a decidir sobre su sexualidad y el ejercicio libre de la misma. Algunos derechos pueden ser; ejercer la sexualidad de manera independiente\u2026","rel":"","context":"En \u00abFrontPage\u00bb","block_context":{"text":"FrontPage","link":"https:\/\/www.entremundos.org\/revista\/category\/frontpage\/"},"img":{"alt_text":"","src":"https:\/\/i0.wp.com\/www.entremundos.org\/revista\/wp-content\/uploads\/2024\/07\/444487166_750607893953803_8829963883492089519_n.jpg?fit=1200%2C1158&ssl=1&resize=350%2C200","width":350,"height":200,"srcset":"https:\/\/i0.wp.com\/www.entremundos.org\/revista\/wp-content\/uploads\/2024\/07\/444487166_750607893953803_8829963883492089519_n.jpg?fit=1200%2C1158&ssl=1&resize=350%2C200 1x, https:\/\/i0.wp.com\/www.entremundos.org\/revista\/wp-content\/uploads\/2024\/07\/444487166_750607893953803_8829963883492089519_n.jpg?fit=1200%2C1158&ssl=1&resize=525%2C300 1.5x, https:\/\/i0.wp.com\/www.entremundos.org\/revista\/wp-content\/uploads\/2024\/07\/444487166_750607893953803_8829963883492089519_n.jpg?fit=1200%2C1158&ssl=1&resize=700%2C400 2x, https:\/\/i0.wp.com\/www.entremundos.org\/revista\/wp-content\/uploads\/2024\/07\/444487166_750607893953803_8829963883492089519_n.jpg?fit=1200%2C1158&ssl=1&resize=1050%2C600 3x"},"classes":[]}],"jetpack_sharing_enabled":true,"_links":{"self":[{"href":"https:\/\/www.entremundos.org\/revista\/wp-json\/wp\/v2\/posts\/12762","targetHints":{"allow":["GET"]}}],"collection":[{"href":"https:\/\/www.entremundos.org\/revista\/wp-json\/wp\/v2\/posts"}],"about":[{"href":"https:\/\/www.entremundos.org\/revista\/wp-json\/wp\/v2\/types\/post"}],"author":[{"embeddable":true,"href":"https:\/\/www.entremundos.org\/revista\/wp-json\/wp\/v2\/users\/1"}],"replies":[{"embeddable":true,"href":"https:\/\/www.entremundos.org\/revista\/wp-json\/wp\/v2\/comments?post=12762"}],"version-history":[{"count":1,"href":"https:\/\/www.entremundos.org\/revista\/wp-json\/wp\/v2\/posts\/12762\/revisions"}],"predecessor-version":[{"id":12771,"href":"https:\/\/www.entremundos.org\/revista\/wp-json\/wp\/v2\/posts\/12762\/revisions\/12771"}],"wp:featuredmedia":[{"embeddable":true,"href":"https:\/\/www.entremundos.org\/revista\/wp-json\/wp\/v2\/media\/12763"}],"wp:attachment":[{"href":"https:\/\/www.entremundos.org\/revista\/wp-json\/wp\/v2\/media?parent=12762"}],"wp:term":[{"taxonomy":"category","embeddable":true,"href":"https:\/\/www.entremundos.org\/revista\/wp-json\/wp\/v2\/categories?post=12762"},{"taxonomy":"post_tag","embeddable":true,"href":"https:\/\/www.entremundos.org\/revista\/wp-json\/wp\/v2\/tags?post=12762"}],"curies":[{"name":"wp","href":"https:\/\/api.w.org\/{rel}","templated":true}]}}