{"id":12910,"date":"2025-07-14T16:51:19","date_gmt":"2025-07-15T00:51:19","guid":{"rendered":"https:\/\/www.entremundos.org\/revista\/?p=12910"},"modified":"2025-07-14T16:51:19","modified_gmt":"2025-07-15T00:51:19","slug":"comunidad-genera-energia-electrica-y-logra-un-laboratorio-de-computacion","status":"publish","type":"post","link":"https:\/\/www.entremundos.org\/revista\/politica\/comunidad-genera-energia-electrica-y-logra-un-laboratorio-de-computacion\/","title":{"rendered":"Comunidad genera energ\u00eda el\u00e9ctrica y logra un laboratorio de computaci\u00f3n"},"content":{"rendered":"<p><span style=\"font-weight: 400;\">Por Everilda P\u00e9rez Tzul<\/span><\/p>\n<p><span style=\"font-weight: 400;\">Lancetillo La Parroquia\u00a0 es una comunidad ubicada en la Zona Reyna del municipio de San Miguel Uspant\u00e1n, en el departamento del Quich\u00e9. Es considerada el coraz\u00f3n de la Zona Reyna, ya que en ella se concentran diversos servicios y tr\u00e1mites accesibles para las dem\u00e1s comunidades de la regi\u00f3n. La comunidad cuenta con una infraestructura relativamente desarrollada en comparaci\u00f3n con otras aldeas cercanas; un banco, una gasolinera, mercado, hotel, comedores, centros educativos de nivel primario, b\u00e1sico y diversificado, as\u00ed como extensiones de la Universidad Panamericana y de la Universidad de San Carlos de Guatemala, que ofrecen la carrera de Licenciatura en ense\u00f1anza med\u00eda.\u00a0<\/span><\/p>\n<p><span style=\"font-weight: 400;\">A pesar de su importancia regional, el acceso a Lancetillo la Parroquia es sumamente dif\u00edcil; \u00fanicamente se puede ingresar en veh\u00edculos de doble tracci\u00f3n (4&#215;4) debido a las condiciones del camino. La principal actividad econ\u00f3mica de la poblaci\u00f3n es la agricultura, especialmente el cultivo de cardamomo. Un dato relevante es que, a pesar de que en la regi\u00f3n se encuentra una de las represas hidroel\u00e9ctricas m\u00e1s grandes de Guatemala, la Zona Reyna no cuenta con acceso al servicio de energ\u00eda el\u00e9ctrica, lo cual refleja una paradoja en cuanto a la distribuci\u00f3n de los recursos energ\u00e9ticos en el pa\u00eds.<\/span><\/p>\n<p><b>Organizaci\u00f3n y gesti\u00f3n<\/b><\/p>\n<p><span style=\"font-weight: 400;\">El sistema de energ\u00eda solar fotovoltaico implementado en el Instituto Nacional de Educaci\u00f3n B\u00e1sica (INEB), de la comunidad de Lancetillo La Parroquia, representa una alternativa sostenible frente a la ausencia del servicio de energ\u00eda el\u00e9ctrica convencional. Este sistema consiste en la instalaci\u00f3n de paneles solares en establecimientos educativos, lo que ha permitido habilitar un laboratorio de computaci\u00f3n en beneficio de la poblaci\u00f3n estudiantil.<\/span><\/p>\n<p><span style=\"font-weight: 400;\">Adem\u00e1s, la comunidad en general se ve favorecida con el acceso a servicios como la carga de tel\u00e9fonos celulares, as\u00ed como impresiones y fotocopias, facilitando m\u00faltiples gestiones cotidianas. El sistema est\u00e1 compuesto por los siguientes elementos: paneles solares, bater\u00edas para el almacenamiento de energ\u00eda, un inversor-cargador y un sistema de distribuci\u00f3n el\u00e9ctrica interna. Estos componentes permiten abastecer las necesidades b\u00e1sicas de iluminaci\u00f3n del establecimiento educativo y la carga de dispositivos electr\u00f3nicos.<\/span><\/p>\n<p><a href=\"https:\/\/i0.wp.com\/www.entremundos.org\/revista\/wp-content\/uploads\/2025\/07\/488482416_1077908074357190_8416603105580260047_n.jpg?ssl=1\"><img data-recalc-dims=\"1\" loading=\"lazy\" decoding=\"async\" class=\"size-medium wp-image-12956 aligncenter\" src=\"https:\/\/i0.wp.com\/www.entremundos.org\/revista\/wp-content\/uploads\/2025\/07\/488482416_1077908074357190_8416603105580260047_n.jpg?resize=300%2C225&#038;ssl=1\" alt=\"\" width=\"300\" height=\"225\" srcset=\"https:\/\/i0.wp.com\/www.entremundos.org\/revista\/wp-content\/uploads\/2025\/07\/488482416_1077908074357190_8416603105580260047_n.jpg?resize=300%2C225&amp;ssl=1 300w, https:\/\/i0.wp.com\/www.entremundos.org\/revista\/wp-content\/uploads\/2025\/07\/488482416_1077908074357190_8416603105580260047_n.jpg?resize=1024%2C768&amp;ssl=1 1024w, https:\/\/i0.wp.com\/www.entremundos.org\/revista\/wp-content\/uploads\/2025\/07\/488482416_1077908074357190_8416603105580260047_n.jpg?resize=768%2C576&amp;ssl=1 768w, https:\/\/i0.wp.com\/www.entremundos.org\/revista\/wp-content\/uploads\/2025\/07\/488482416_1077908074357190_8416603105580260047_n.jpg?resize=1536%2C1152&amp;ssl=1 1536w, https:\/\/i0.wp.com\/www.entremundos.org\/revista\/wp-content\/uploads\/2025\/07\/488482416_1077908074357190_8416603105580260047_n.jpg?resize=72%2C54&amp;ssl=1 72w, https:\/\/i0.wp.com\/www.entremundos.org\/revista\/wp-content\/uploads\/2025\/07\/488482416_1077908074357190_8416603105580260047_n.jpg?resize=335%2C251&amp;ssl=1 335w, https:\/\/i0.wp.com\/www.entremundos.org\/revista\/wp-content\/uploads\/2025\/07\/488482416_1077908074357190_8416603105580260047_n.jpg?resize=1050%2C788&amp;ssl=1 1050w, https:\/\/i0.wp.com\/www.entremundos.org\/revista\/wp-content\/uploads\/2025\/07\/488482416_1077908074357190_8416603105580260047_n.jpg?w=2048&amp;ssl=1 2048w, https:\/\/i0.wp.com\/www.entremundos.org\/revista\/wp-content\/uploads\/2025\/07\/488482416_1077908074357190_8416603105580260047_n.jpg?w=1280&amp;ssl=1 1280w, https:\/\/i0.wp.com\/www.entremundos.org\/revista\/wp-content\/uploads\/2025\/07\/488482416_1077908074357190_8416603105580260047_n.jpg?w=1920&amp;ssl=1 1920w\" sizes=\"auto, (max-width: 300px) 100vw, 300px\" \/><\/a><\/p>\n<p><span style=\"font-weight: 400;\">Este tipo de proyectos ha sido fundamental para mejorar la calidad educativa de ni\u00f1os, adolescentes y j\u00f3venes de la comunidad. Asimismo, destaca por enfoque comunitario, ya que tanto la gesti\u00f3n como la ejecuci\u00f3n del proyecto han contado con la participaci\u00f3n activa de la poblaci\u00f3n local, fortaleciendo as\u00ed el sentido de pertenencia y la sostenibilidad a largo plazo.<\/span><\/p>\n<p><span style=\"font-weight: 400;\">El proyecto de energ\u00eda solar fotovoltaico se est\u00e1 implementando en diferentes comunidades de la zona Reyna de los municipios de Chicam\u00e1n y San Miguel Uspant\u00e1n, Quich\u00e9, as\u00ed como en el departamento de Huehuetenango. Dada su naturaleza,\u00a0 el proyecto apuesta por fortalecer los centros educativos con el objetivo de mejorar la calidad de educaci\u00f3n que reciben los estudiantes mediante la incorporaci\u00f3n de tecnolog\u00edas como computadoras, ca\u00f1oneras, etc.\u00a0<\/span><\/p>\n<p><span style=\"font-weight: 400;\">En la ejecuci\u00f3n del proyecto se ha tenido la participaci\u00f3n activa de los l\u00edderes comunitarios, docentes, padres de familia y estudiantes lo que ha fortalecido el sentido de pertenencia y compromiso hacia el proyecto. <\/span><span style=\"font-weight: 400;\">\u00a0<\/span><\/p>\n<p><b>Beneficios\u00a0<\/b><\/p>\n<p><span style=\"font-weight: 400;\">El objetivo principal del proyecto es reducir la brecha digital que existe en estas comunidades mediante fuentes sostenibles de energ\u00eda solar fotovoltaica. Con ello se busca mejorar las condiciones educativas de los ni\u00f1os, adolescentes y j\u00f3venes, habilitando espacios como laboratorios de computaci\u00f3n y brindando servicios b\u00e1sicos como\u00a0 iluminaci\u00f3n y carga de dispositivos electr\u00f3nicos.\u00a0<\/span><\/p>\n<p><span style=\"font-weight: 400;\">Los beneficiarios directos del proyecto de la comunidad de Lancetillo son los estudiantes del nivel b\u00e1sico y estudiantes de la extensi\u00f3n universitaria de la Universidad de San Carlos de Guatemala, as\u00ed mismo la comunidad en general se beneficia con el acceso a servicios de fotocopias, impresi\u00f3n y carga de celulares.\u00a0\u00a0<\/span><\/p>\n<p><a href=\"https:\/\/i0.wp.com\/www.entremundos.org\/revista\/wp-content\/uploads\/2025\/07\/476834171_1139854587806090_7890414434685920674_n.jpg?ssl=1\"><img data-recalc-dims=\"1\" loading=\"lazy\" decoding=\"async\" class=\"size-medium wp-image-12919 aligncenter\" src=\"https:\/\/i0.wp.com\/www.entremundos.org\/revista\/wp-content\/uploads\/2025\/07\/476834171_1139854587806090_7890414434685920674_n.jpg?resize=300%2C225&#038;ssl=1\" alt=\"\" width=\"300\" height=\"225\" srcset=\"https:\/\/i0.wp.com\/www.entremundos.org\/revista\/wp-content\/uploads\/2025\/07\/476834171_1139854587806090_7890414434685920674_n.jpg?resize=300%2C225&amp;ssl=1 300w, https:\/\/i0.wp.com\/www.entremundos.org\/revista\/wp-content\/uploads\/2025\/07\/476834171_1139854587806090_7890414434685920674_n.jpg?resize=768%2C576&amp;ssl=1 768w, https:\/\/i0.wp.com\/www.entremundos.org\/revista\/wp-content\/uploads\/2025\/07\/476834171_1139854587806090_7890414434685920674_n.jpg?resize=72%2C54&amp;ssl=1 72w, https:\/\/i0.wp.com\/www.entremundos.org\/revista\/wp-content\/uploads\/2025\/07\/476834171_1139854587806090_7890414434685920674_n.jpg?resize=335%2C251&amp;ssl=1 335w, https:\/\/i0.wp.com\/www.entremundos.org\/revista\/wp-content\/uploads\/2025\/07\/476834171_1139854587806090_7890414434685920674_n.jpg?w=960&amp;ssl=1 960w\" sizes=\"auto, (max-width: 300px) 100vw, 300px\" \/><\/a><\/p>\n<p><span style=\"font-weight: 400;\">El sistema de energ\u00eda solar fotovoltaico contribuye de manera significativa al cuidado del medio ambiente, ya que utiliza una fuente de energ\u00eda limpia, renovable y no contaminante: el sol. A diferencia de otras alternativas empleadas por la comunidad que no tiene acceso a la red el\u00e9ctrica, como los generadores de energ\u00eda a base de combustibles f\u00f3siles, la energ\u00eda solar no produce emisiones contaminantes ni genera residuos t\u00f3xicos.<\/span><span style=\"font-weight: 400;\">\u00a0<\/span><\/p>\n<p><span style=\"font-weight: 400;\">El INEB de Lancetillo la Parroquia utilizaba una planta generadora de energ\u00eda para suplir la necesidad energ\u00e9tica, lo cual implica un alto grado de contaminaci\u00f3n ambiental y un gasto econ\u00f3mico considerable, debido al consumo constante de combustible. Frente a este escenario, el uso del sistema de energ\u00eda solar fotovoltaico representa una alternativa viable y sostenible que no solo reduce la huella de carbono, sino que tambi\u00e9n disminuye significativamente los costos operativos para los padres de familia.\u00a0<\/span><\/p>\n<p><span style=\"font-weight: 400;\">La aceptaci\u00f3n del proyecto de energ\u00eda solar fotovoltaica en la comunidad de Lancetillo la Parroquia ha sido positiva y entusiasta. La poblaci\u00f3n reconoce el impacto significativo que ha tenido en la educaci\u00f3n de los estudiantes, especialmente por la posibilidad de contar con iluminaci\u00f3n adecuada y un laboratorio de computaci\u00f3n funcional.<\/span><\/p>\n<p><span style=\"font-weight: 400;\">Adem\u00e1s, el acceso a esta tecnolog\u00eda ha permitido a las madres de familia preparar la refacci\u00f3n escolar con mayor facilidad, utilizando electrodom\u00e9sticos como licuadoras para elaborar los alimentos que se brindan a los adolescentes.<\/span><\/p>\n<p><span style=\"font-weight: 400;\">Desde el inicio, la comunidad ha tenido una participaci\u00f3n activa, comenzando con el diagn\u00f3stico comunitario y continuando durante todo el proceso de ejecuci\u00f3n del proyecto. Un aspecto destacable ha sido el fortalecimiento del rol de las mujeres, quienes tradicionalmente han sido excluidas de temas t\u00e9cnicos como la energ\u00eda, pero que en este caso han asumido un papel protag\u00f3nico. Esta inclusi\u00f3n ha contribuido a garantizar la sostenibilidad del proyecto a largo plazo. El \u00e9xito de esta experiencia ha despertado inter\u00e9s en replicar el proyecto en otras comunidades de la Zona Reyna, consolid\u00e1ndose como un modelo de desarrollo sostenible, comunitario e inclusivo.<\/span><\/p>\n<p>&nbsp;<\/p>\n<p><b>Desaf\u00edos educativos y el impacto del sistema solar fotovoltaico en la Zona Reyna<\/b><\/p>\n<p><span style=\"font-weight: 400;\">Las comunidades de la Zona Reyna, conocidas tambi\u00e9n como comunidades agr\u00edcolas de la \u00faltima milla, enfrentan graves limitaciones en el acceso a servicios b\u00e1sicos, entre ellos agua potable y energ\u00eda el\u00e9ctrica, esta situaci\u00f3n ha afectado directamente al desarrollo educativo de la ni\u00f1ez y juventud. La mayor\u00eda de los ni\u00f1os \u00fanicamente logra cursar el nivel primario, ya que no existen centros educativos que ofrezcan el nivel b\u00e1sico en sus comunidades.<\/span><\/p>\n<p><span style=\"font-weight: 400;\">Los padres de familia han solicitado en m\u00faltiples ocasiones al Ministerio de Educaci\u00f3n (MINEDUC) la habilitaci\u00f3n de centros de nivel b\u00e1sico; sin embargo, uno de los requisitos fundamentales es contar con una infraestructura adecuada, con acceso a servicios de agua y electricidad, al no cumplirse estas condiciones m\u00ednimas, estas gestiones muchas veces quedan en el olvido, y con ello, tambi\u00e9n los sue\u00f1os educativos de los ni\u00f1os y ni\u00f1as.<\/span><\/p>\n<p><span style=\"font-weight: 400;\">Ante la falta de oportunidades, muchos menores optan por trabajar o migrar hacia Estados Unidos en busca de una vida mejor para ellos y sus familias. Adem\u00e1s, la desigualdad de g\u00e9nero sigue siendo notoria, ya que a menudo se prioriza la educaci\u00f3n de los varones, mientras que las ni\u00f1as, si no concluyen la primaria, quedando fuera del sistema educativo.<\/span><\/p>\n<p><a href=\"https:\/\/i0.wp.com\/www.entremundos.org\/revista\/wp-content\/uploads\/2025\/07\/490322906_1084593120355352_472601301882294564_n.jpg?ssl=1\"><img data-recalc-dims=\"1\" loading=\"lazy\" decoding=\"async\" class=\"size-medium wp-image-12958 aligncenter\" src=\"https:\/\/i0.wp.com\/www.entremundos.org\/revista\/wp-content\/uploads\/2025\/07\/490322906_1084593120355352_472601301882294564_n.jpg?resize=300%2C225&#038;ssl=1\" alt=\"\" width=\"300\" height=\"225\" srcset=\"https:\/\/i0.wp.com\/www.entremundos.org\/revista\/wp-content\/uploads\/2025\/07\/490322906_1084593120355352_472601301882294564_n.jpg?resize=300%2C225&amp;ssl=1 300w, https:\/\/i0.wp.com\/www.entremundos.org\/revista\/wp-content\/uploads\/2025\/07\/490322906_1084593120355352_472601301882294564_n.jpg?resize=1024%2C768&amp;ssl=1 1024w, https:\/\/i0.wp.com\/www.entremundos.org\/revista\/wp-content\/uploads\/2025\/07\/490322906_1084593120355352_472601301882294564_n.jpg?resize=768%2C576&amp;ssl=1 768w, https:\/\/i0.wp.com\/www.entremundos.org\/revista\/wp-content\/uploads\/2025\/07\/490322906_1084593120355352_472601301882294564_n.jpg?resize=1536%2C1152&amp;ssl=1 1536w, https:\/\/i0.wp.com\/www.entremundos.org\/revista\/wp-content\/uploads\/2025\/07\/490322906_1084593120355352_472601301882294564_n.jpg?resize=72%2C54&amp;ssl=1 72w, https:\/\/i0.wp.com\/www.entremundos.org\/revista\/wp-content\/uploads\/2025\/07\/490322906_1084593120355352_472601301882294564_n.jpg?resize=335%2C251&amp;ssl=1 335w, https:\/\/i0.wp.com\/www.entremundos.org\/revista\/wp-content\/uploads\/2025\/07\/490322906_1084593120355352_472601301882294564_n.jpg?resize=1050%2C788&amp;ssl=1 1050w, https:\/\/i0.wp.com\/www.entremundos.org\/revista\/wp-content\/uploads\/2025\/07\/490322906_1084593120355352_472601301882294564_n.jpg?w=2048&amp;ssl=1 2048w, https:\/\/i0.wp.com\/www.entremundos.org\/revista\/wp-content\/uploads\/2025\/07\/490322906_1084593120355352_472601301882294564_n.jpg?w=1280&amp;ssl=1 1280w, https:\/\/i0.wp.com\/www.entremundos.org\/revista\/wp-content\/uploads\/2025\/07\/490322906_1084593120355352_472601301882294564_n.jpg?w=1920&amp;ssl=1 1920w\" sizes=\"auto, (max-width: 300px) 100vw, 300px\" \/><\/a><\/p>\n<p><span style=\"font-weight: 400;\">Sin embargo, gracias al proyecto de energ\u00eda solar fotovoltaica, se ha logrado un cambio significativo, varias comunidades ahora cuentan con acceso a educaci\u00f3n de nivel b\u00e1sico e incluso diversificado, lo cual ha ampliado las oportunidades educativas. Este avance ha promovido la inclusi\u00f3n de las mujeres, reduciendo la brecha digital y contribuyendo a disminuir la desigualdad que persiste en estas zonas marginadas.<\/span><\/p>\n<p><i><span style=\"font-weight: 400;\">Everilda P\u00e9rez Tzul, es coordinadora de proyectos en la ONG Poder y Luz Maya, cuyo trabajo se enfoca en el desarrollo integral de las comunidades del altiplano\u00a0 occidental de Guatemala, impulsando iniciativas de energ\u00edas renovables, educaci\u00f3n ambiental y emprendimientos sostenibles.<\/span><\/i><\/p>\n","protected":false},"excerpt":{"rendered":"<p>Por Everilda P\u00e9rez Tzul Lancetillo La Parroquia\u00a0 es una comunidad ubicada en la Zona Reyna del municipio de San Miguel Uspant\u00e1n, en el departamento del Quich\u00e9. Es considerada el coraz\u00f3n de la Zona Reyna, ya que en ella se concentran diversos servicios y tr\u00e1mites accesibles para las dem\u00e1s comunidades de la regi\u00f3n. La comunidad cuenta [&hellip;]<\/p>\n","protected":false},"author":1,"featured_media":12960,"comment_status":"closed","ping_status":"closed","sticky":false,"template":"","format":"standard","meta":{"_exactmetrics_skip_tracking":false,"_exactmetrics_sitenote_active":false,"_exactmetrics_sitenote_note":"","_exactmetrics_sitenote_category":0,"jetpack_post_was_ever_published":false,"_jetpack_newsletter_access":"","_jetpack_dont_email_post_to_subs":false,"_jetpack_newsletter_tier_id":0,"_jetpack_memberships_contains_paywalled_content":false,"_jetpack_memberships_contains_paid_content":false,"footnotes":""},"categories":[442,452,384,378],"tags":[5052,4162,5048,5056,5049,5055,5053,376,5050,5054,5051,4850,5047],"class_list":["post-12910","post","type-post","status-publish","format-standard","has-post-thumbnail","hentry","category-cine","category-frontpage","category-medio-ambiente","category-politica","tag-combustible","tag-comunidades","tag-desarrollo-rural","tag-desarrollo-sostenible","tag-energia-solar","tag-fortalecimiento-del-rol-de-las-mujeres","tag-impacto-ambiental","tag-medio-ambiente","tag-necesidad-energetica","tag-ninez-y-juventud","tag-planta-generadora","tag-poblacion","tag-zona-reina"],"jetpack_featured_media_url":"https:\/\/i0.wp.com\/www.entremundos.org\/revista\/wp-content\/uploads\/2025\/07\/490657032_1084613503686647_2916864476282410510_n-1.jpg?fit=2048%2C1536&ssl=1","jetpack_shortlink":"https:\/\/wp.me\/p7ljt7-3me","jetpack-related-posts":[{"id":11590,"url":"https:\/\/www.entremundos.org\/revista\/medio-ambiente\/el-habitante-arbol\/","url_meta":{"origin":12910,"position":0},"title":"El habitante \u00e1rbol","author":"EntreMundos","date":"19 enero, 2024","format":false,"excerpt":"POR VALERIA LEIVA La administraci\u00f3n municipal de Quetzaltenango orden\u00f3 la tala de \u00e1rboles en el parque de la zona 3 de la ciudad pero vecinos, comerciantes y expertos se manifestaron en contra de esta decisi\u00f3n.\u00a0 Cada ciudad constituye su propio ecosistema urbano y se suele pensar que en el ecosistema\u2026","rel":"","context":"En \u00abBosques\u00bb","block_context":{"text":"Bosques","link":"https:\/\/www.entremundos.org\/revista\/category\/medio-ambiente\/bosques\/"},"img":{"alt_text":"","src":"https:\/\/i0.wp.com\/www.entremundos.org\/revista\/wp-content\/uploads\/2024\/01\/img_1121-1-scaled.jpg?fit=1200%2C900&ssl=1&resize=350%2C200","width":350,"height":200,"srcset":"https:\/\/i0.wp.com\/www.entremundos.org\/revista\/wp-content\/uploads\/2024\/01\/img_1121-1-scaled.jpg?fit=1200%2C900&ssl=1&resize=350%2C200 1x, https:\/\/i0.wp.com\/www.entremundos.org\/revista\/wp-content\/uploads\/2024\/01\/img_1121-1-scaled.jpg?fit=1200%2C900&ssl=1&resize=525%2C300 1.5x, https:\/\/i0.wp.com\/www.entremundos.org\/revista\/wp-content\/uploads\/2024\/01\/img_1121-1-scaled.jpg?fit=1200%2C900&ssl=1&resize=700%2C400 2x, https:\/\/i0.wp.com\/www.entremundos.org\/revista\/wp-content\/uploads\/2024\/01\/img_1121-1-scaled.jpg?fit=1200%2C900&ssl=1&resize=1050%2C600 3x"},"classes":[]},{"id":11500,"url":"https:\/\/www.entremundos.org\/revista\/frontpage\/desarrollo-y-turismo-comunitario\/","url_meta":{"origin":12910,"position":1},"title":"Desarrollo y turismo comunitario","author":"EntreMundos","date":"11 diciembre, 2023","format":false,"excerpt":"POR ADAFIS Y ASODIL\u00a0 En Guatemala se pueden disfrutar de experiencias inolvidables en cada recorrido que se haga en el pa\u00eds; pues \u00e9ste es de los pa\u00edses con mayores atractivos naturales en Centroam\u00e9rica. Como muestra, te presentamos dos proyectos exitosos de turismo comunitario; ADAFIS y ASODIL. Iniciamos el recorrido en\u2026","rel":"","context":"En \u00abFrontPage\u00bb","block_context":{"text":"FrontPage","link":"https:\/\/www.entremundos.org\/revista\/category\/frontpage\/"},"img":{"alt_text":"","src":"https:\/\/i0.wp.com\/www.entremundos.org\/revista\/wp-content\/uploads\/2023\/12\/foto-asodil-.jpg?fit=480%2C360&ssl=1&resize=350%2C200","width":350,"height":200},"classes":[]},{"id":12859,"url":"https:\/\/www.entremundos.org\/revista\/politica\/mujeres-indigenas-y-rurales-en-defensa-del-territorio-frente-al-extractivismo-en-guatemala\/","url_meta":{"origin":12910,"position":2},"title":"Mujeres ind\u00edgenas y rurales en defensa del territorio frente al extractivismo en Guatemala","author":"EntreMundos","date":"21 mayo, 2025","format":false,"excerpt":"Por Asociadas Por lo Justo (JASS) Este es un resumen de un mapeo realizado por JASS, para compartir sus an\u00e1lisis, sus luchas y los impactos en sus vidas. El objetivo es contar las luchas por el territorio frente al extractivismo en Guatemala e identificar el papel y el impacto en\u2026","rel":"","context":"En \u00abFrontPage\u00bb","block_context":{"text":"FrontPage","link":"https:\/\/www.entremundos.org\/revista\/category\/frontpage\/"},"img":{"alt_text":"","src":"https:\/\/i0.wp.com\/www.entremundos.org\/revista\/wp-content\/uploads\/2025\/05\/2-scaled.png?fit=1200%2C843&ssl=1&resize=350%2C200","width":350,"height":200,"srcset":"https:\/\/i0.wp.com\/www.entremundos.org\/revista\/wp-content\/uploads\/2025\/05\/2-scaled.png?fit=1200%2C843&ssl=1&resize=350%2C200 1x, https:\/\/i0.wp.com\/www.entremundos.org\/revista\/wp-content\/uploads\/2025\/05\/2-scaled.png?fit=1200%2C843&ssl=1&resize=525%2C300 1.5x, https:\/\/i0.wp.com\/www.entremundos.org\/revista\/wp-content\/uploads\/2025\/05\/2-scaled.png?fit=1200%2C843&ssl=1&resize=700%2C400 2x, https:\/\/i0.wp.com\/www.entremundos.org\/revista\/wp-content\/uploads\/2025\/05\/2-scaled.png?fit=1200%2C843&ssl=1&resize=1050%2C600 3x"},"classes":[]},{"id":10580,"url":"https:\/\/www.entremundos.org\/revista\/politica\/desalojos-aumentan-durante-el-gobierno-de-alejandro-giammattei\/","url_meta":{"origin":12910,"position":3},"title":"Desalojos aumentan durante el gobierno de Alejandro Giammattei","author":"EntreMundos","date":"8 marzo, 2023","format":false,"excerpt":"Por Gilberto Escobar\u00a0 En Guatemala, durante los \u00faltimos a\u00f1os, los desalojos han ido en aumento y se han dado en dos modalidades: los desalojos legales que tienen una orden judicial y los extrajudiciales, los que\u00a0 no van acompa\u00f1ados de ninguna orden de un juez y que ocurren\u00a0 en horas de\u2026","rel":"","context":"En \u00abBosques\u00bb","block_context":{"text":"Bosques","link":"https:\/\/www.entremundos.org\/revista\/category\/medio-ambiente\/bosques\/"},"img":{"alt_text":"","src":"https:\/\/i0.wp.com\/www.entremundos.org\/revista\/wp-content\/uploads\/2023\/03\/portada.jpg?fit=1024%2C768&ssl=1&resize=350%2C200","width":350,"height":200,"srcset":"https:\/\/i0.wp.com\/www.entremundos.org\/revista\/wp-content\/uploads\/2023\/03\/portada.jpg?fit=1024%2C768&ssl=1&resize=350%2C200 1x, https:\/\/i0.wp.com\/www.entremundos.org\/revista\/wp-content\/uploads\/2023\/03\/portada.jpg?fit=1024%2C768&ssl=1&resize=525%2C300 1.5x, https:\/\/i0.wp.com\/www.entremundos.org\/revista\/wp-content\/uploads\/2023\/03\/portada.jpg?fit=1024%2C768&ssl=1&resize=700%2C400 2x"},"classes":[]},{"id":11407,"url":"https:\/\/www.entremundos.org\/revista\/politica\/del-papel-a-la-pantalla\/","url_meta":{"origin":12910,"position":4},"title":"Del papel a la pantalla","author":"EntreMundos","date":"10 noviembre, 2023","format":false,"excerpt":"POR EMMA G\u00d3MEZ Dos pa\u00edses golpeados por la corrupci\u00f3n, violaci\u00f3n de los derechos humanos, injusticias, persecuciones y despojos, por mencionar algunos de los males que tienen en com\u00fan Guatemala y El Salvador. El proyecto, Del Papel a la Pantalla, presenta dos propuestas visuales para reflexionar sobre la educaci\u00f3n sexual y\u2026","rel":"","context":"En \u00abAccion Comunitaria\u00bb","block_context":{"text":"Accion Comunitaria","link":"https:\/\/www.entremundos.org\/revista\/category\/politica\/accion-comunitaria-3\/"},"img":{"alt_text":"","src":"https:\/\/i0.wp.com\/www.entremundos.org\/revista\/wp-content\/uploads\/2023\/11\/whatsapp-image-2023-10-23-at-9.54.45-am-2.jpeg?fit=1200%2C800&ssl=1&resize=350%2C200","width":350,"height":200,"srcset":"https:\/\/i0.wp.com\/www.entremundos.org\/revista\/wp-content\/uploads\/2023\/11\/whatsapp-image-2023-10-23-at-9.54.45-am-2.jpeg?fit=1200%2C800&ssl=1&resize=350%2C200 1x, https:\/\/i0.wp.com\/www.entremundos.org\/revista\/wp-content\/uploads\/2023\/11\/whatsapp-image-2023-10-23-at-9.54.45-am-2.jpeg?fit=1200%2C800&ssl=1&resize=525%2C300 1.5x, https:\/\/i0.wp.com\/www.entremundos.org\/revista\/wp-content\/uploads\/2023\/11\/whatsapp-image-2023-10-23-at-9.54.45-am-2.jpeg?fit=1200%2C800&ssl=1&resize=700%2C400 2x, https:\/\/i0.wp.com\/www.entremundos.org\/revista\/wp-content\/uploads\/2023\/11\/whatsapp-image-2023-10-23-at-9.54.45-am-2.jpeg?fit=1200%2C800&ssl=1&resize=1050%2C600 3x"},"classes":[]},{"id":704,"url":"https:\/\/www.entremundos.org\/revista\/uncategorized-es\/resumen-de-la-edicion-cambio-climatico\/","url_meta":{"origin":12910,"position":5},"title":"Cambio Clim\u00e1tico &#8211; Resumen de la Edici\u00f3n","author":"EntreMundos","date":"8 mayo, 2015","format":false,"excerpt":"En estas p\u00e1ginas, varios expertos explican como el cambio clim\u00e1tico est\u00e1 afectando a Guatemala y que es lo que el futuro depara. El a\u00f1o pasado durante la temporada de lluvia hubo 45 d\u00edas de sequ\u00eda, lo que caus\u00f3 una crisis humanitaria.\u00a0 Como siempre los m\u00e1s afectados por el desastre medioambiental\u2026","rel":"","context":"En \u00abUncategorized\u00bb","block_context":{"text":"Uncategorized","link":"https:\/\/www.entremundos.org\/revista\/category\/uncategorized-es\/"},"img":{"alt_text":"","src":"https:\/\/i0.wp.com\/www.entremundos.org\/revista\/wp-content\/uploads\/2015\/05\/nota-editor-the-behive-collective-poster-500-years.jpg?fit=600%2C398&ssl=1&resize=350%2C200","width":350,"height":200,"srcset":"https:\/\/i0.wp.com\/www.entremundos.org\/revista\/wp-content\/uploads\/2015\/05\/nota-editor-the-behive-collective-poster-500-years.jpg?fit=600%2C398&ssl=1&resize=350%2C200 1x, https:\/\/i0.wp.com\/www.entremundos.org\/revista\/wp-content\/uploads\/2015\/05\/nota-editor-the-behive-collective-poster-500-years.jpg?fit=600%2C398&ssl=1&resize=525%2C300 1.5x"},"classes":[]}],"jetpack_sharing_enabled":true,"_links":{"self":[{"href":"https:\/\/www.entremundos.org\/revista\/wp-json\/wp\/v2\/posts\/12910","targetHints":{"allow":["GET"]}}],"collection":[{"href":"https:\/\/www.entremundos.org\/revista\/wp-json\/wp\/v2\/posts"}],"about":[{"href":"https:\/\/www.entremundos.org\/revista\/wp-json\/wp\/v2\/types\/post"}],"author":[{"embeddable":true,"href":"https:\/\/www.entremundos.org\/revista\/wp-json\/wp\/v2\/users\/1"}],"replies":[{"embeddable":true,"href":"https:\/\/www.entremundos.org\/revista\/wp-json\/wp\/v2\/comments?post=12910"}],"version-history":[{"count":1,"href":"https:\/\/www.entremundos.org\/revista\/wp-json\/wp\/v2\/posts\/12910\/revisions"}],"predecessor-version":[{"id":12962,"href":"https:\/\/www.entremundos.org\/revista\/wp-json\/wp\/v2\/posts\/12910\/revisions\/12962"}],"wp:featuredmedia":[{"embeddable":true,"href":"https:\/\/www.entremundos.org\/revista\/wp-json\/wp\/v2\/media\/12960"}],"wp:attachment":[{"href":"https:\/\/www.entremundos.org\/revista\/wp-json\/wp\/v2\/media?parent=12910"}],"wp:term":[{"taxonomy":"category","embeddable":true,"href":"https:\/\/www.entremundos.org\/revista\/wp-json\/wp\/v2\/categories?post=12910"},{"taxonomy":"post_tag","embeddable":true,"href":"https:\/\/www.entremundos.org\/revista\/wp-json\/wp\/v2\/tags?post=12910"}],"curies":[{"name":"wp","href":"https:\/\/api.w.org\/{rel}","templated":true}]}}