{"id":12980,"date":"2025-07-23T07:59:41","date_gmt":"2025-07-23T15:59:41","guid":{"rendered":"https:\/\/www.entremundos.org\/revista\/?p=12980"},"modified":"2025-07-23T07:59:41","modified_gmt":"2025-07-23T15:59:41","slug":"el-otro-lado-del-viaje-sonado-detras-de-un-espacio-internacional","status":"publish","type":"post","link":"https:\/\/www.entremundos.org\/revista\/mujer\/el-otro-lado-del-viaje-sonado-detras-de-un-espacio-internacional\/","title":{"rendered":"El otro lado del viaje so\u00f1ado; detr\u00e1s de un espacio internacional"},"content":{"rendered":"<p><b>Por Adela Tuy<\/b><\/p>\n<p><span style=\"font-weight: 400;\">Cuando la gente escucha \u2018Conferencias Internacionales\u2019 piensa en edificios lujosos, gente hablando en ingl\u00e9s, muchas fotos formales y muchos discursos bonitos; tambi\u00e9n en lo elegante de participar en una conferencia y ponerlo en tu curr\u00edculum vitae.<\/span><\/p>\n<p><span style=\"font-weight: 400;\">Sin embargo, nadie les cuenta sobre lo que hay detr\u00e1s de una conferencia internacional, todas las barreras que parecen invisibles al ojo p\u00fablico como la exclusi\u00f3n sutil, la barrera del idioma y las luchas personales. Sobre todo lo que enfrenta la poblaci\u00f3n ind\u00edgena en estos espacios, especialmente mujeres ind\u00edgenas.<\/span><\/p>\n<p><span style=\"font-weight: 400;\">19 a\u00f1os, con un equipaje en mano, muchas emociones; alegr\u00eda, nostalgia y miedo, sin tener idea c\u00f3mo funcionaban los aeropuertos, los vuelos y los aviones, ah\u00ed estaba yo, lista para viajar y participar en una conferencia internacional por primera vez en mi vida. Fue un sue\u00f1o hecho realidad.<\/span><\/p>\n<p><a href=\"https:\/\/i0.wp.com\/www.entremundos.org\/revista\/wp-content\/uploads\/2025\/07\/img-20241120-wa0206-scaled.jpg?ssl=1\"><img data-recalc-dims=\"1\" loading=\"lazy\" decoding=\"async\" class=\"size-medium wp-image-12989 aligncenter\" src=\"https:\/\/i0.wp.com\/www.entremundos.org\/revista\/wp-content\/uploads\/2025\/07\/img-20241120-wa0206.jpg?resize=225%2C300&#038;ssl=1\" alt=\"\" width=\"225\" height=\"300\" srcset=\"https:\/\/i0.wp.com\/www.entremundos.org\/revista\/wp-content\/uploads\/2025\/07\/img-20241120-wa0206-scaled.jpg?resize=225%2C300&amp;ssl=1 225w, https:\/\/i0.wp.com\/www.entremundos.org\/revista\/wp-content\/uploads\/2025\/07\/img-20241120-wa0206-scaled.jpg?resize=768%2C1024&amp;ssl=1 768w, https:\/\/i0.wp.com\/www.entremundos.org\/revista\/wp-content\/uploads\/2025\/07\/img-20241120-wa0206-scaled.jpg?resize=1152%2C1536&amp;ssl=1 1152w, https:\/\/i0.wp.com\/www.entremundos.org\/revista\/wp-content\/uploads\/2025\/07\/img-20241120-wa0206-scaled.jpg?resize=1536%2C2048&amp;ssl=1 1536w, https:\/\/i0.wp.com\/www.entremundos.org\/revista\/wp-content\/uploads\/2025\/07\/img-20241120-wa0206-scaled.jpg?resize=335%2C447&amp;ssl=1 335w, https:\/\/i0.wp.com\/www.entremundos.org\/revista\/wp-content\/uploads\/2025\/07\/img-20241120-wa0206-scaled.jpg?resize=1050%2C1400&amp;ssl=1 1050w, https:\/\/i0.wp.com\/www.entremundos.org\/revista\/wp-content\/uploads\/2025\/07\/img-20241120-wa0206-scaled.jpg?w=1920&amp;ssl=1 1920w, https:\/\/i0.wp.com\/www.entremundos.org\/revista\/wp-content\/uploads\/2025\/07\/img-20241120-wa0206-scaled.jpg?w=1280&amp;ssl=1 1280w\" sizes=\"auto, (max-width: 225px) 100vw, 225px\" \/><\/a><\/p>\n<p><span style=\"font-weight: 400;\">Soy una mujer ind\u00edgena maya kaqchikel, comprometida con la educaci\u00f3n, sostenibilidad, los derechos de las mujeres y la inclusi\u00f3n social. Crec\u00ed en un lugar peque\u00f1o, lejos de la ciudad, entre \u00e1rboles, monta\u00f1as y en una casa donde los rayos del sol te despiertan antes que los gallos por la ma\u00f1ana: Solol\u00e1. En una comunidad donde el machismo ha predominado desde hace a\u00f1os, la educaci\u00f3n sigue siendo un privilegio lejos de ser un derecho, y la participaci\u00f3n de las mujeres en tomas de decisi\u00f3n sigue siendo baja.<\/span><\/p>\n<p><span style=\"font-weight: 400;\">En 2024 fui afortunada de ser parte de La Beca Clim\u00e1tica para J\u00f3venes Latinoamericanos (LAYCS) un proyecto exclusivo creado para j\u00f3venes latinoamericanos de comunidades negras, ind\u00edgenas y\/o personas de color (BIPoC). Tuve la oportunidad de participar en la sesi\u00f3n n\u00famero 61 de los \u00f3rganos subsidiarios (SB61) en Bonn, Alemania y en la 29\u00b0 Conferencia de las Partes (COP 29) en Bak\u00fa, Azerbaiy\u00e1n.<\/span><\/p>\n<p><span style=\"font-weight: 400;\">Junto a un grupo de j\u00f3venes salimos de nuestros pa\u00edses a participar y aprender en estos espacios. Durante estos viajes, me perd\u00ed varias veces entre los aeropuertos, las voces anunciando los pr\u00f3ximos vuelos y la gente corriendo con maletas. \u00bfD\u00f3nde hay que ir? \u00bfQu\u00e9 hay que decir?<\/span><\/p>\n<p><span style=\"font-weight: 400;\">Viajar sola signific\u00f3 un hito importante para m\u00ed porque ah\u00ed empezaron mis ganas de moverme, conocer nuevas cosas y buscar oportunidades.<\/span><\/p>\n<p><span style=\"font-weight: 400;\">Fui parte de la sociedad civil en las dos conferencias, la SB61 y la COP 29. Segu\u00ed temas en Adaptaci\u00f3n Clim\u00e1tica, uno de los temas m\u00e1s relevantes de un pa\u00eds como Guatemala. Yo no hablaba muy bien ingl\u00e9s y la primera impresi\u00f3n que tuve fue que no era un espacio para m\u00ed.<\/span><\/p>\n<p><span style=\"font-weight: 400;\">Hab\u00eda personas j\u00f3venes que dec\u00edan representar a los j\u00f3venes de todo el mundo, pero no sent\u00eda que me representaban a m\u00ed, ni a mis compa\u00f1eros y nuestras voces. Solo hablaban desde sus privilegios.<\/span><\/p>\n<p><span style=\"font-weight: 400;\">Tampoco se hablaba de c\u00f3mo los pa\u00edses desarrollados explotan los recursos de los pa\u00edses vulnerables del sur global, los efectos y las consecuencias que est\u00e1n sufriendo con sus acciones.<\/span><\/p>\n<p><a href=\"https:\/\/i0.wp.com\/www.entremundos.org\/revista\/wp-content\/uploads\/2025\/07\/img-20240610-wa0059-1.jpg?ssl=1\"><img data-recalc-dims=\"1\" loading=\"lazy\" decoding=\"async\" class=\"size-medium wp-image-12987 aligncenter\" src=\"https:\/\/i0.wp.com\/www.entremundos.org\/revista\/wp-content\/uploads\/2025\/07\/img-20240610-wa0059-1.jpg?resize=300%2C225&#038;ssl=1\" alt=\"\" width=\"300\" height=\"225\" srcset=\"https:\/\/i0.wp.com\/www.entremundos.org\/revista\/wp-content\/uploads\/2025\/07\/img-20240610-wa0059-1.jpg?resize=300%2C225&amp;ssl=1 300w, https:\/\/i0.wp.com\/www.entremundos.org\/revista\/wp-content\/uploads\/2025\/07\/img-20240610-wa0059-1.jpg?resize=1024%2C768&amp;ssl=1 1024w, https:\/\/i0.wp.com\/www.entremundos.org\/revista\/wp-content\/uploads\/2025\/07\/img-20240610-wa0059-1.jpg?resize=768%2C576&amp;ssl=1 768w, https:\/\/i0.wp.com\/www.entremundos.org\/revista\/wp-content\/uploads\/2025\/07\/img-20240610-wa0059-1.jpg?resize=1536%2C1152&amp;ssl=1 1536w, https:\/\/i0.wp.com\/www.entremundos.org\/revista\/wp-content\/uploads\/2025\/07\/img-20240610-wa0059-1.jpg?resize=72%2C54&amp;ssl=1 72w, https:\/\/i0.wp.com\/www.entremundos.org\/revista\/wp-content\/uploads\/2025\/07\/img-20240610-wa0059-1.jpg?resize=335%2C251&amp;ssl=1 335w, https:\/\/i0.wp.com\/www.entremundos.org\/revista\/wp-content\/uploads\/2025\/07\/img-20240610-wa0059-1.jpg?resize=1050%2C788&amp;ssl=1 1050w, https:\/\/i0.wp.com\/www.entremundos.org\/revista\/wp-content\/uploads\/2025\/07\/img-20240610-wa0059-1.jpg?w=1600&amp;ssl=1 1600w, https:\/\/i0.wp.com\/www.entremundos.org\/revista\/wp-content\/uploads\/2025\/07\/img-20240610-wa0059-1.jpg?w=1280&amp;ssl=1 1280w\" sizes=\"auto, (max-width: 300px) 100vw, 300px\" \/><\/a><\/p>\n<p><b>Desaf\u00edos\u00a0<\/b><\/p>\n<p><span style=\"font-weight: 400;\">Muchos hablaban de inclusi\u00f3n de una forma interesante, pero las preguntas no tardaron en rondar en mi cabeza \u00bfC\u00f3mo podemos hablar de inclusi\u00f3n si los espacios se sienten incompletos? No hab\u00eda interpretaci\u00f3n en las sesiones, las negociaciones y conferencias, porque todo se desarrollaban en ingl\u00e9s y aunque nosotros ten\u00edamos la fortuna de tener interpretaci\u00f3n, hab\u00eda personas que no.<\/span><\/p>\n<p><span style=\"font-weight: 400;\">La barrera del idioma era evidente y esto se volv\u00eda una limitaci\u00f3n grande para quienes intentan acceder a estos espacios y ser parte de las decisiones. Escuchar tantos t\u00e9rminos, el tecnicismo y no entenderlos, leer documentos, la mayor\u00eda son traducci\u00f3n para saber de qu\u00e9 est\u00e1n hablando, fue retador.<\/span><\/p>\n<p><span style=\"font-weight: 400;\">No fue f\u00e1cil la adaptaci\u00f3n en estos espacios para m\u00ed, pero mis amigos me ayudaron mucho en este camino. Pude hacer una peque\u00f1a intervenci\u00f3n en una conferencia, me ret\u00e9 a hablar en ingl\u00e9s por primera vez en p\u00fablico y con mi traje de Solol\u00e1. Junto a mis compa\u00f1eros manifestamos por qu\u00e9 nuestra voz importa en las decisiones y si est\u00e1bamos ah\u00ed, era porque queremos que estos espacios sean m\u00e1s inclusivos.<\/span><\/p>\n<p><span style=\"font-weight: 400;\">Pasaban tantas cosas en mi cabeza, las personas que conoc\u00ed me hicieron ver que aunque ven\u00edamos de diferentes pa\u00edses y culturas, hablamos un mismo idioma; el de la resistencia. Ver los trajes de otros, escucharlos hablar sus idiomas, fue incre\u00edble. Me sent\u00ed fuerte y me hizo ver que aunque fuimos colonizados hace muchos a\u00f1os, nunca fueron capaces de quitarnos nuestros idiomas, nuestras creencias y nuestra identidad.\u00a0<\/span><\/p>\n<p><span style=\"font-weight: 400;\">Me sent\u00ed peque\u00f1a en el espacio grande. Hubo un momento en donde algunas\u00a0 personas quer\u00edan tomarse fotos conmigo solo porque ten\u00eda mi traje de Solol\u00e1, no lo ped\u00edan, solo se acercaban y se paraban contigo para tomarse una foto. No eran amables, y se sinti\u00f3 inc\u00f3modo como si yo fuera algo ex\u00f3tico en ese lugar, pero yo era una persona. No solo lo viv\u00ed yo, varios de mis compa\u00f1eros tambi\u00e9n lo vivieron.<\/span><\/p>\n<p><a href=\"https:\/\/i0.wp.com\/www.entremundos.org\/revista\/wp-content\/uploads\/2025\/07\/img-20240610-wa0101.jpg?ssl=1\"><img data-recalc-dims=\"1\" loading=\"lazy\" decoding=\"async\" class=\"size-medium wp-image-12993 aligncenter\" src=\"https:\/\/i0.wp.com\/www.entremundos.org\/revista\/wp-content\/uploads\/2025\/07\/img-20240610-wa0101.jpg?resize=300%2C225&#038;ssl=1\" alt=\"\" width=\"300\" height=\"225\" srcset=\"https:\/\/i0.wp.com\/www.entremundos.org\/revista\/wp-content\/uploads\/2025\/07\/img-20240610-wa0101.jpg?resize=300%2C225&amp;ssl=1 300w, https:\/\/i0.wp.com\/www.entremundos.org\/revista\/wp-content\/uploads\/2025\/07\/img-20240610-wa0101.jpg?resize=1024%2C768&amp;ssl=1 1024w, https:\/\/i0.wp.com\/www.entremundos.org\/revista\/wp-content\/uploads\/2025\/07\/img-20240610-wa0101.jpg?resize=768%2C576&amp;ssl=1 768w, https:\/\/i0.wp.com\/www.entremundos.org\/revista\/wp-content\/uploads\/2025\/07\/img-20240610-wa0101.jpg?resize=1536%2C1152&amp;ssl=1 1536w, https:\/\/i0.wp.com\/www.entremundos.org\/revista\/wp-content\/uploads\/2025\/07\/img-20240610-wa0101.jpg?resize=72%2C54&amp;ssl=1 72w, https:\/\/i0.wp.com\/www.entremundos.org\/revista\/wp-content\/uploads\/2025\/07\/img-20240610-wa0101.jpg?resize=335%2C251&amp;ssl=1 335w, https:\/\/i0.wp.com\/www.entremundos.org\/revista\/wp-content\/uploads\/2025\/07\/img-20240610-wa0101.jpg?resize=1050%2C788&amp;ssl=1 1050w, https:\/\/i0.wp.com\/www.entremundos.org\/revista\/wp-content\/uploads\/2025\/07\/img-20240610-wa0101.jpg?w=1600&amp;ssl=1 1600w, https:\/\/i0.wp.com\/www.entremundos.org\/revista\/wp-content\/uploads\/2025\/07\/img-20240610-wa0101.jpg?w=1280&amp;ssl=1 1280w\" sizes=\"auto, (max-width: 300px) 100vw, 300px\" \/><\/a><\/p>\n<p><span style=\"font-weight: 400;\">Hab\u00eda mucha burocracia, algo que muchas veces no se ve desde afuera en los espacios internacionales. Sent\u00eda que hab\u00edan personas de poder, con el simple hecho de hablar ingl\u00e9s, predominaban en los espacios, en las negociaciones.<\/span><\/p>\n<p><span style=\"font-weight: 400;\">El hecho de haber viajado por primera vez fuera del pa\u00eds en una conferencia internacional ha sido un privilegio total. Aprend\u00ed bastante sobre varios temas, a crear confianza en m\u00ed misma y ser resiliente en todos los procesos. Soy introvertida, pero la gente que conoc\u00ed me hizo ver el poder de la red de apoyo. Creo firmemente que las cosas que se trabajan colectivamente llegan m\u00e1s lejos.<\/span><\/p>\n<p><span style=\"font-weight: 400;\">Despu\u00e9s de vivir esta experiencia no regres\u00e9 siendo la misma, cambi\u00f3 mi forma de ver la vida y lo que sucede a mi alrededor, en Guatemala y el mundo. Hoy m\u00e1s que nunca creo que el verdadero cambio inicia dentro de nosotros y que caminar de la mano de otros nos ayudan a visibilizar lo que est\u00e1 faltando en nuestros territorios.<\/span><\/p>\n<p><span style=\"font-weight: 400;\">Mucha gente dice que el haber participado en una conferencia internacional te da un \u201cstatus\u201d m\u00e1s alto o te convierte en una persona superior a los dem\u00e1s. Pero, yo sigo siendo la misma chica que vive en las monta\u00f1as y va a la universidad. Alguien que a\u00fan sigue aprendiendo sobre el mundo y sus misterios, sobre comunicaci\u00f3n y arte, sobre escritura y fotograf\u00eda, cambio clim\u00e1tico y la vida misma.<\/span><\/p>\n<p><span style=\"font-weight: 400;\">Yo no soy la primera mujer asistiendo en estos espacios, existieron varias antes de m\u00ed y precisamente por todas ellas es que yo pude ir. Nuestros ancestros nos llevan de la mano para que nosotras podamos abrir caminos para otras mujeres.<\/span><\/p>\n<p><span style=\"font-weight: 400;\">Espero que en un futuro, m\u00e1s j\u00f3venes ind\u00edgenas ocupen estos lugares, que no tengan miedo al hablar y decir lo que est\u00e1 sucediendo en sus territorios.<\/span><\/p>\n<p><a href=\"https:\/\/i0.wp.com\/www.entremundos.org\/revista\/wp-content\/uploads\/2025\/07\/img-20241115-wa0161.jpg?ssl=1\"><img data-recalc-dims=\"1\" loading=\"lazy\" decoding=\"async\" class=\"size-medium wp-image-12991 aligncenter\" src=\"https:\/\/i0.wp.com\/www.entremundos.org\/revista\/wp-content\/uploads\/2025\/07\/img-20241115-wa0161.jpg?resize=225%2C300&#038;ssl=1\" alt=\"\" width=\"225\" height=\"300\" srcset=\"https:\/\/i0.wp.com\/www.entremundos.org\/revista\/wp-content\/uploads\/2025\/07\/img-20241115-wa0161.jpg?resize=225%2C300&amp;ssl=1 225w, https:\/\/i0.wp.com\/www.entremundos.org\/revista\/wp-content\/uploads\/2025\/07\/img-20241115-wa0161.jpg?resize=768%2C1024&amp;ssl=1 768w, https:\/\/i0.wp.com\/www.entremundos.org\/revista\/wp-content\/uploads\/2025\/07\/img-20241115-wa0161.jpg?resize=1152%2C1536&amp;ssl=1 1152w, https:\/\/i0.wp.com\/www.entremundos.org\/revista\/wp-content\/uploads\/2025\/07\/img-20241115-wa0161.jpg?resize=335%2C447&amp;ssl=1 335w, https:\/\/i0.wp.com\/www.entremundos.org\/revista\/wp-content\/uploads\/2025\/07\/img-20241115-wa0161.jpg?resize=1050%2C1400&amp;ssl=1 1050w, https:\/\/i0.wp.com\/www.entremundos.org\/revista\/wp-content\/uploads\/2025\/07\/img-20241115-wa0161.jpg?w=1200&amp;ssl=1 1200w\" sizes=\"auto, (max-width: 225px) 100vw, 225px\" \/><\/a><\/p>\n<p><i><span style=\"font-weight: 400;\">Adela Tuy es una mujer ind\u00edgena Maya Kaqchikel, originaria de una comunidad en Solol\u00e1, Guatemala. Desde los 13 a\u00f1os, ha usado la escritura y el dibujo como herramientas de expresi\u00f3n y resistencia. Es autora del libro de poes\u00eda Keme. Actualmente estudia Ciencias de la Comunicaci\u00f3n Social y busca continuar participando en espacios de liderazgo para amplificar las voces de las juventudes ind\u00edgenas<\/span><\/i><span style=\"font-weight: 400;\">.<\/span><\/p>\n","protected":false},"excerpt":{"rendered":"<p>Por Adela Tuy Cuando la gente escucha \u2018Conferencias Internacionales\u2019 piensa en edificios lujosos, gente hablando en ingl\u00e9s, muchas fotos formales y muchos discursos bonitos; tambi\u00e9n en lo elegante de participar en una conferencia y ponerlo en tu curr\u00edculum vitae. Sin embargo, nadie les cuenta sobre lo que hay detr\u00e1s de una conferencia internacional, todas las [&hellip;]<\/p>\n","protected":false},"author":1,"featured_media":12983,"comment_status":"closed","ping_status":"closed","sticky":false,"template":"","format":"standard","meta":{"_exactmetrics_skip_tracking":false,"_exactmetrics_sitenote_active":false,"_exactmetrics_sitenote_note":"","_exactmetrics_sitenote_category":0,"jetpack_post_was_ever_published":false,"_jetpack_newsletter_access":"","_jetpack_dont_email_post_to_subs":false,"_jetpack_newsletter_tier_id":0,"_jetpack_memberships_contains_paywalled_content":false,"_jetpack_memberships_contains_paid_content":false,"footnotes":""},"categories":[442,452,456,386],"tags":[5074,5071,1387,5073,98,1292,4393,3450,5072],"class_list":["post-12980","post","type-post","status-publish","format-standard","has-post-thumbnail","hentry","category-cine","category-frontpage","category-migration","category-mujer","tag-climatica","tag-gobernanza","tag-inclusion","tag-jovenes-indigenas","tag-mujeres","tag-mujeres-indigenas","tag-mujeres-rurales","tag-racismo-en-guatemala","tag-vulnerables"],"jetpack_featured_media_url":"https:\/\/i0.wp.com\/www.entremundos.org\/revista\/wp-content\/uploads\/2025\/07\/20241121_092407-143c-1.jpg?fit=2048%2C1365&ssl=1","jetpack_shortlink":"https:\/\/wp.me\/p7ljt7-3nm","jetpack-related-posts":[{"id":13642,"url":"https:\/\/www.entremundos.org\/revista\/politica\/las-mujeres-inspiran-es-hora-de-acabar-con-las-brechas-de-desigualdad\/","url_meta":{"origin":12980,"position":0},"title":"Las mujeres inspiran: Es hora de acabar con las brechas de desigualdad","author":"EntreMundos","date":"4 abril, 2026","format":false,"excerpt":"POR MARIANA L\u00d3PEZ La discriminaci\u00f3n y racismo son temas que se han abordado e incluso se ha dicho que ya se han superado estando lejos de ser parte de nuestra realidad, sin embargo, basta con observar para comprender que una cosa es el discurso y otra la pr\u00e1ctica. En la\u2026","rel":"","context":"En \u00abFrontPage\u00bb","block_context":{"text":"FrontPage","link":"https:\/\/www.entremundos.org\/revista\/category\/frontpage\/"},"img":{"alt_text":"","src":"https:\/\/i0.wp.com\/www.entremundos.org\/revista\/wp-content\/uploads\/2026\/03\/649499575_1230883245899060_5224768132019882352_n.jpg?fit=1200%2C800&ssl=1&resize=350%2C200","width":350,"height":200,"srcset":"https:\/\/i0.wp.com\/www.entremundos.org\/revista\/wp-content\/uploads\/2026\/03\/649499575_1230883245899060_5224768132019882352_n.jpg?fit=1200%2C800&ssl=1&resize=350%2C200 1x, https:\/\/i0.wp.com\/www.entremundos.org\/revista\/wp-content\/uploads\/2026\/03\/649499575_1230883245899060_5224768132019882352_n.jpg?fit=1200%2C800&ssl=1&resize=525%2C300 1.5x, https:\/\/i0.wp.com\/www.entremundos.org\/revista\/wp-content\/uploads\/2026\/03\/649499575_1230883245899060_5224768132019882352_n.jpg?fit=1200%2C800&ssl=1&resize=700%2C400 2x, https:\/\/i0.wp.com\/www.entremundos.org\/revista\/wp-content\/uploads\/2026\/03\/649499575_1230883245899060_5224768132019882352_n.jpg?fit=1200%2C800&ssl=1&resize=1050%2C600 3x"},"classes":[]},{"id":12224,"url":"https:\/\/www.entremundos.org\/revista\/mujer\/derechos-sexuales-y-reproductivos-tema-pendiente-en-guatemala\/","url_meta":{"origin":12980,"position":1},"title":"Derechos sexuales y reproductivos; tema pendiente en Guatemala","author":"EntreMundos","date":"15 julio, 2024","format":false,"excerpt":"POR EMMA G\u00d3MEZ Seg\u00fan La Organizaci\u00f3n de las Naciones Unidas de los Derechos Humanos, (ONU-DH), los derechos sexuales y reproductivos est\u00e1n relacionados con la libertad de las personas a decidir sobre su sexualidad y el ejercicio libre de la misma. Algunos derechos pueden ser; ejercer la sexualidad de manera independiente\u2026","rel":"","context":"En \u00abFrontPage\u00bb","block_context":{"text":"FrontPage","link":"https:\/\/www.entremundos.org\/revista\/category\/frontpage\/"},"img":{"alt_text":"","src":"https:\/\/i0.wp.com\/www.entremundos.org\/revista\/wp-content\/uploads\/2024\/07\/444487166_750607893953803_8829963883492089519_n.jpg?fit=1200%2C1158&ssl=1&resize=350%2C200","width":350,"height":200,"srcset":"https:\/\/i0.wp.com\/www.entremundos.org\/revista\/wp-content\/uploads\/2024\/07\/444487166_750607893953803_8829963883492089519_n.jpg?fit=1200%2C1158&ssl=1&resize=350%2C200 1x, https:\/\/i0.wp.com\/www.entremundos.org\/revista\/wp-content\/uploads\/2024\/07\/444487166_750607893953803_8829963883492089519_n.jpg?fit=1200%2C1158&ssl=1&resize=525%2C300 1.5x, https:\/\/i0.wp.com\/www.entremundos.org\/revista\/wp-content\/uploads\/2024\/07\/444487166_750607893953803_8829963883492089519_n.jpg?fit=1200%2C1158&ssl=1&resize=700%2C400 2x, https:\/\/i0.wp.com\/www.entremundos.org\/revista\/wp-content\/uploads\/2024\/07\/444487166_750607893953803_8829963883492089519_n.jpg?fit=1200%2C1158&ssl=1&resize=1050%2C600 3x"},"classes":[]},{"id":10833,"url":"https:\/\/www.entremundos.org\/revista\/politica\/violencia-contra-las-mujeres-dominio-masculino-en-la-politica\/","url_meta":{"origin":12980,"position":2},"title":"Violencia contra las mujeres: dominio masculino en la pol\u00edtica","author":"EntreMundos","date":"29 mayo, 2023","format":false,"excerpt":"Silvia Lilian Trujillo La violencia pol\u00edtica es sistem\u00e1tica y permanente, se produce para inhibir, ralentizar o restringir la participaci\u00f3n pol\u00edtica de mujeres, en el marco de un sistema que se resiste a aceptar su igualdad de derechos. Mientras no se trabaje para acabar con esta violencia espec\u00edfica la calidad de\u2026","rel":"","context":"En \u00abFrontPage\u00bb","block_context":{"text":"FrontPage","link":"https:\/\/www.entremundos.org\/revista\/category\/frontpage\/"},"img":{"alt_text":"","src":"https:\/\/i0.wp.com\/www.entremundos.org\/revista\/wp-content\/uploads\/2023\/05\/000_16w772-1.jpg?fit=1200%2C799&ssl=1&resize=350%2C200","width":350,"height":200,"srcset":"https:\/\/i0.wp.com\/www.entremundos.org\/revista\/wp-content\/uploads\/2023\/05\/000_16w772-1.jpg?fit=1200%2C799&ssl=1&resize=350%2C200 1x, https:\/\/i0.wp.com\/www.entremundos.org\/revista\/wp-content\/uploads\/2023\/05\/000_16w772-1.jpg?fit=1200%2C799&ssl=1&resize=525%2C300 1.5x, https:\/\/i0.wp.com\/www.entremundos.org\/revista\/wp-content\/uploads\/2023\/05\/000_16w772-1.jpg?fit=1200%2C799&ssl=1&resize=700%2C400 2x, https:\/\/i0.wp.com\/www.entremundos.org\/revista\/wp-content\/uploads\/2023\/05\/000_16w772-1.jpg?fit=1200%2C799&ssl=1&resize=1050%2C600 3x"},"classes":[]},{"id":10580,"url":"https:\/\/www.entremundos.org\/revista\/politica\/desalojos-aumentan-durante-el-gobierno-de-alejandro-giammattei\/","url_meta":{"origin":12980,"position":3},"title":"Desalojos aumentan durante el gobierno de Alejandro Giammattei","author":"EntreMundos","date":"8 marzo, 2023","format":false,"excerpt":"Por Gilberto Escobar\u00a0 En Guatemala, durante los \u00faltimos a\u00f1os, los desalojos han ido en aumento y se han dado en dos modalidades: los desalojos legales que tienen una orden judicial y los extrajudiciales, los que\u00a0 no van acompa\u00f1ados de ninguna orden de un juez y que ocurren\u00a0 en horas de\u2026","rel":"","context":"En \u00abBosques\u00bb","block_context":{"text":"Bosques","link":"https:\/\/www.entremundos.org\/revista\/category\/medio-ambiente\/bosques\/"},"img":{"alt_text":"","src":"https:\/\/i0.wp.com\/www.entremundos.org\/revista\/wp-content\/uploads\/2023\/03\/portada.jpg?fit=1024%2C768&ssl=1&resize=350%2C200","width":350,"height":200,"srcset":"https:\/\/i0.wp.com\/www.entremundos.org\/revista\/wp-content\/uploads\/2023\/03\/portada.jpg?fit=1024%2C768&ssl=1&resize=350%2C200 1x, https:\/\/i0.wp.com\/www.entremundos.org\/revista\/wp-content\/uploads\/2023\/03\/portada.jpg?fit=1024%2C768&ssl=1&resize=525%2C300 1.5x, https:\/\/i0.wp.com\/www.entremundos.org\/revista\/wp-content\/uploads\/2023\/03\/portada.jpg?fit=1024%2C768&ssl=1&resize=700%2C400 2x"},"classes":[]},{"id":12859,"url":"https:\/\/www.entremundos.org\/revista\/politica\/mujeres-indigenas-y-rurales-en-defensa-del-territorio-frente-al-extractivismo-en-guatemala\/","url_meta":{"origin":12980,"position":4},"title":"Mujeres ind\u00edgenas y rurales en defensa del territorio frente al extractivismo en Guatemala","author":"EntreMundos","date":"21 mayo, 2025","format":false,"excerpt":"Por Asociadas Por lo Justo (JASS) Este es un resumen de un mapeo realizado por JASS, para compartir sus an\u00e1lisis, sus luchas y los impactos en sus vidas. El objetivo es contar las luchas por el territorio frente al extractivismo en Guatemala e identificar el papel y el impacto en\u2026","rel":"","context":"En \u00abFrontPage\u00bb","block_context":{"text":"FrontPage","link":"https:\/\/www.entremundos.org\/revista\/category\/frontpage\/"},"img":{"alt_text":"","src":"https:\/\/i0.wp.com\/www.entremundos.org\/revista\/wp-content\/uploads\/2025\/05\/2-scaled.png?fit=1200%2C843&ssl=1&resize=350%2C200","width":350,"height":200,"srcset":"https:\/\/i0.wp.com\/www.entremundos.org\/revista\/wp-content\/uploads\/2025\/05\/2-scaled.png?fit=1200%2C843&ssl=1&resize=350%2C200 1x, https:\/\/i0.wp.com\/www.entremundos.org\/revista\/wp-content\/uploads\/2025\/05\/2-scaled.png?fit=1200%2C843&ssl=1&resize=525%2C300 1.5x, https:\/\/i0.wp.com\/www.entremundos.org\/revista\/wp-content\/uploads\/2025\/05\/2-scaled.png?fit=1200%2C843&ssl=1&resize=700%2C400 2x, https:\/\/i0.wp.com\/www.entremundos.org\/revista\/wp-content\/uploads\/2025\/05\/2-scaled.png?fit=1200%2C843&ssl=1&resize=1050%2C600 3x"},"classes":[]},{"id":13644,"url":"https:\/\/www.entremundos.org\/revista\/politica\/fortaleciendo-la-comunidad-desde-dentro-un-nuevo-capitulo-para-caras-alegres\/","url_meta":{"origin":12980,"position":5},"title":"Fortaleciendo la comunidad desde dentro: Un nuevo cap\u00edtulo para Caras Alegres","author":"EntreMundos","date":"4 abril, 2026","format":false,"excerpt":"POR VER\u00d3NICA DI MAGGIO Caras Alegres reabri\u00f3 sus puertas con una renovada claridad y enfoque estrat\u00e9gico. Despu\u00e9s de meses dedicados a la evaluaci\u00f3n y planificaci\u00f3n, este 2026 inicia no simplemente como un nuevo a\u00f1o operativo, sino como una expansi\u00f3n estructurada de nuestro impacto comunitario. El a\u00f1o pasado demostr\u00f3 que el\u2026","rel":"","context":"En \u00abFrontPage\u00bb","block_context":{"text":"FrontPage","link":"https:\/\/www.entremundos.org\/revista\/category\/frontpage\/"},"img":{"alt_text":"","src":"https:\/\/i0.wp.com\/www.entremundos.org\/revista\/wp-content\/uploads\/2026\/03\/633353323_1320877706749036_6826896970194983908_n.jpg?fit=1200%2C963&ssl=1&resize=350%2C200","width":350,"height":200,"srcset":"https:\/\/i0.wp.com\/www.entremundos.org\/revista\/wp-content\/uploads\/2026\/03\/633353323_1320877706749036_6826896970194983908_n.jpg?fit=1200%2C963&ssl=1&resize=350%2C200 1x, https:\/\/i0.wp.com\/www.entremundos.org\/revista\/wp-content\/uploads\/2026\/03\/633353323_1320877706749036_6826896970194983908_n.jpg?fit=1200%2C963&ssl=1&resize=525%2C300 1.5x, https:\/\/i0.wp.com\/www.entremundos.org\/revista\/wp-content\/uploads\/2026\/03\/633353323_1320877706749036_6826896970194983908_n.jpg?fit=1200%2C963&ssl=1&resize=700%2C400 2x, https:\/\/i0.wp.com\/www.entremundos.org\/revista\/wp-content\/uploads\/2026\/03\/633353323_1320877706749036_6826896970194983908_n.jpg?fit=1200%2C963&ssl=1&resize=1050%2C600 3x"},"classes":[]}],"jetpack_sharing_enabled":true,"_links":{"self":[{"href":"https:\/\/www.entremundos.org\/revista\/wp-json\/wp\/v2\/posts\/12980","targetHints":{"allow":["GET"]}}],"collection":[{"href":"https:\/\/www.entremundos.org\/revista\/wp-json\/wp\/v2\/posts"}],"about":[{"href":"https:\/\/www.entremundos.org\/revista\/wp-json\/wp\/v2\/types\/post"}],"author":[{"embeddable":true,"href":"https:\/\/www.entremundos.org\/revista\/wp-json\/wp\/v2\/users\/1"}],"replies":[{"embeddable":true,"href":"https:\/\/www.entremundos.org\/revista\/wp-json\/wp\/v2\/comments?post=12980"}],"version-history":[{"count":1,"href":"https:\/\/www.entremundos.org\/revista\/wp-json\/wp\/v2\/posts\/12980\/revisions"}],"predecessor-version":[{"id":12995,"href":"https:\/\/www.entremundos.org\/revista\/wp-json\/wp\/v2\/posts\/12980\/revisions\/12995"}],"wp:featuredmedia":[{"embeddable":true,"href":"https:\/\/www.entremundos.org\/revista\/wp-json\/wp\/v2\/media\/12983"}],"wp:attachment":[{"href":"https:\/\/www.entremundos.org\/revista\/wp-json\/wp\/v2\/media?parent=12980"}],"wp:term":[{"taxonomy":"category","embeddable":true,"href":"https:\/\/www.entremundos.org\/revista\/wp-json\/wp\/v2\/categories?post=12980"},{"taxonomy":"post_tag","embeddable":true,"href":"https:\/\/www.entremundos.org\/revista\/wp-json\/wp\/v2\/tags?post=12980"}],"curies":[{"name":"wp","href":"https:\/\/api.w.org\/{rel}","templated":true}]}}