{"id":13250,"date":"2025-09-17T11:36:05","date_gmt":"2025-09-17T19:36:05","guid":{"rendered":"https:\/\/www.entremundos.org\/revista\/?p=13250"},"modified":"2025-09-17T11:36:05","modified_gmt":"2025-09-17T19:36:05","slug":"pymes-migracion-y-el-reto-de-la-informalidad-en-guatemala-una-economia-que-resiste-desde-abajo","status":"publish","type":"post","link":"https:\/\/www.entremundos.org\/revista\/politica\/pymes-migracion-y-el-reto-de-la-informalidad-en-guatemala-una-economia-que-resiste-desde-abajo\/","title":{"rendered":"PYMES, migraci\u00f3n y el reto de la informalidad en Guatemala: Una econom\u00eda que resiste desde abajo"},"content":{"rendered":"<p><span style=\"font-weight: 400;\">Por Alexander Castillo<\/span><\/p>\n<p><span style=\"font-weight: 400;\">Este art\u00edculo analiza el papel crucial que juegan las Peque\u00f1as y Medianas Empresas (PYMES) y la migraci\u00f3n en la econom\u00eda guatemalteca. Con base en datos actuales, se resalta que m\u00e1s del 90\u202f% de las empresas del pa\u00eds son peque\u00f1as o medianas, y que las remesas representan cerca del 20\u202f% del Producto Interno Bruto (PIB). No obstante, el 70\u202f% de estas PYMES opera en la informalidad, lo que limita su crecimiento y sostenibilidad.<\/span><\/p>\n<p><span style=\"font-weight: 400;\">Tambi\u00e9n se explora la relaci\u00f3n entre remesas y emprendimiento, y se propone una estrategia integral que incluya reformas para facilitar la formalizaci\u00f3n, mejorar el acceso a financiamiento y aprovechar el potencial de los migrantes como inversionistas. Fortalecer estos sectores no es una opci\u00f3n, sino una necesidad para un desarrollo m\u00e1s equitativo y sostenible en Guatemala.<\/span><\/p>\n<p><span style=\"font-weight: 400;\">La econom\u00eda guatemalteca camina sobre tres pilares invisibles: las remesas que env\u00edan millones de migrantes, el dinamismo de las micro, peque\u00f1as y medianas empresas, y la lucha constante del sector informal por subsistir sin apoyo ni regulaci\u00f3n. Aunque estos actores suelen estar ausentes en los discursos oficiales, son ellos quienes sostienen el sistema econ\u00f3mico nacional.<\/span><\/p>\n<p><span style=\"font-weight: 400;\">Las cifras hablan por s\u00ed solas. Seg\u00fan datos del Banco de Guatemala, en 2023 las remesas familiares alcanzaron m\u00e1s de 19 mil millones de d\u00f3lares, lo que represent\u00f3 aproximadamente el 19.5\u202f% del Producto Interno Bruto (PIB). Esta cifra no solo refleja la magnitud y la importancia del fen\u00f3meno migratorio, sino tambi\u00e9n la dependencia estructural que el pa\u00eds tiene de quienes respecto a quienes han tenido que emigrar. Lejos de ser un problema, la migraci\u00f3n ha sido una respuesta individual y colectiva ante la falta de oportunidades en el pa\u00eds.\u00a0<\/span><\/p>\n<p><span style=\"font-weight: 400;\">Seg\u00fan datos publicados por el Ministerio de Econom\u00eda (MINECO) en 2022, las PYMES se perfilan como la columna vertebral de la econom\u00eda interna: m\u00e1s del 90 % de las empresas en Guatemala son micro, peque\u00f1as o medianas, y generan alrededor del 80 % del empleo nacional. Sin embargo, de acuerdo con el estudio <\/span><i><span style=\"font-weight: 400;\">La informalidad laboral en Guatemala: causas, efectos y propuestas<\/span><\/i><span style=\"font-weight: 400;\">, publicado por la Asociaci\u00f3n de Investigaci\u00f3n y Estudios Sociales (ASIES) en 2021, el problema no radica es su n\u00famero, sino en su fragilidad: se estima que un 70 % de estas unidades productivas opera en la informalidad; es decir, sin registro tributario, sin acceso a cr\u00e9dito, sin seguridad social para sus empleados y fuera del alcance de cualquier pol\u00edtica p\u00fablica.<\/span><\/p>\n<p><span style=\"font-weight: 400;\">La informalidad no es un capricho; es una estrategia de supervivencia. Para muchos emprendedores, formalizar su negocio implica enfrentar una burocracia costosa y lenta, cargas fiscales desproporcionadas y un sistema en el que no conf\u00edan porque no ofrece garant\u00edas reales. Sin embargo, esta realidad limita el crecimiento de miles de negocios, impide su tecnificaci\u00f3n y cierra las puertas a la exportaci\u00f3n. En lugar de impulsar el desarrollo, el sistema los condena en un ciclo permanente de subsistencia.<\/span><\/p>\n<p><span style=\"font-weight: 400;\">La relaci\u00f3n entre migraci\u00f3n y emprendimiento tambi\u00e9n es profunda. Muchos peque\u00f1os negocios, tanto en zonas rurales o en \u00e1reas urbanas marginales, se sostienen gracias al dinero que env\u00edan familiares desde Estados Unidos. Esa conexi\u00f3n entre remesas y microempresas ha sido poco estudiada, pese a su relevancia. Lo preocupante es que, sin estructuras formales, estos recursos suelen destinarse al consumo inmediato, en lugar de transformarse en inversi\u00f3n productiva a largo plazo.<\/span><\/p>\n<p><b><i>\u00bfQu\u00e9 hacer entonces?<\/i><\/b><\/p>\n<p><span style=\"font-weight: 400;\">Lo primero es entender que fortalecer las PYMES no es un acto de caridad, sino una estrategia nacional de desarrollo. Se requiere una reforma administrativa que simplifique el proceso de formalizaci\u00f3n, acompa\u00f1e a los emprendedores, reduzca los costos de ingreso al sistema legal y ofrezca incentivos fiscales diferenciados a los peque\u00f1os negocios. Adem\u00e1s, es urgente contar con una banca m\u00e1s flexible, programas de capacitaci\u00f3n accesibles y una cultura que valore y respete el emprendimiento local.<\/span><\/p>\n<p><span style=\"font-weight: 400;\">Tambi\u00e9n se debe reconocer a los migrantes como agentes de desarrollo. Muchos tienen la capacidad y el deseo de invertir en sus comunidades de origen, pero no encuentran las condiciones adecuadas para hacerlo. Facilitar mecanismos que canalicen las remesas hacia fondos productivos, cooperativas u otras iniciativas econ\u00f3micas podr\u00eda ser un punto de partida.<\/span><\/p>\n<p><span style=\"font-weight: 400;\">En conclusi\u00f3n, el desarrollo de Guatemala no depender\u00e1 \u00fanicamente de megaproyectos ni de grandes inversiones extranjeras. Vendr\u00e1 del reconocimiento y apoyo a esos millones de guatemaltecos dentro y fuera del pa\u00eds, que d\u00eda a d\u00eda, construyen su futuro con esfuerzo propio. Apoyar a las PYMES, dignificar el trabajo informal y articular el potencial migrante son tareas pendientes. Y no son tareas peque\u00f1as.<\/span><\/p>\n<p><i><span style=\"font-weight: 400;\">Alexander Castillo. Mag\u00edster en Operaciones. Cofundador de Neta Inform\u00e1tica. Cuenta con 20 a\u00f1os de experiencia en gesti\u00f3n empresarial, soporte t\u00e9cnico, docencia universitaria y ha sido pionero en la aplicaci\u00f3n de inteligencia artificial para el diagn\u00f3stico de equipos inform\u00e1ticos. Colegiado 36524.<\/span><\/i><\/p>\n","protected":false},"excerpt":{"rendered":"<p>Por Alexander Castillo Este art\u00edculo analiza el papel crucial que juegan las Peque\u00f1as y Medianas Empresas (PYMES) y la migraci\u00f3n en la econom\u00eda guatemalteca. Con base en datos actuales, se resalta que m\u00e1s del 90\u202f% de las empresas del pa\u00eds son peque\u00f1as o medianas, y que las remesas representan cerca del 20\u202f% del Producto Interno [&hellip;]<\/p>\n","protected":false},"author":1,"featured_media":13251,"comment_status":"closed","ping_status":"closed","sticky":false,"template":"","format":"standard","meta":{"_exactmetrics_skip_tracking":false,"_exactmetrics_sitenote_active":false,"_exactmetrics_sitenote_note":"","_exactmetrics_sitenote_category":0,"jetpack_post_was_ever_published":false,"_jetpack_newsletter_access":"","_jetpack_dont_email_post_to_subs":false,"_jetpack_newsletter_tier_id":0,"_jetpack_memberships_contains_paywalled_content":false,"_jetpack_memberships_contains_paid_content":false,"footnotes":""},"categories":[452,439,378],"tags":[5179,5182,4122,5184,49,5186,5180,5183,624,623,486,5181,5185,4370,1250,5178],"class_list":["post-13250","post","type-post","status-publish","format-standard","has-post-thumbnail","hentry","category-frontpage","category-juventud","category-politica","tag-burocracia","tag-credito","tag-desarrollo-2","tag-desempleos","tag-economia","tag-exportacion","tag-informalidad","tag-inseguridad-social","tag-jovenes","tag-migracion","tag-pobreza","tag-politica-publica","tag-problema-estructural","tag-subsistencia","tag-trabajo","tag-trabajo-informal"],"jetpack_featured_media_url":"https:\/\/i0.wp.com\/www.entremundos.org\/revista\/wp-content\/uploads\/2025\/09\/descarga.jpg?fit=275%2C183&ssl=1","jetpack_shortlink":"https:\/\/wp.me\/p7ljt7-3rI","jetpack-related-posts":[{"id":12734,"url":"https:\/\/www.entremundos.org\/revista\/politica\/deportacion-desinformacion-y-desafio-el-impacto-global-de-la-agenda-migratoria-de-trump\/","url_meta":{"origin":13250,"position":0},"title":"Deportaci\u00f3n, desinformaci\u00f3n y desaf\u00edo: El impacto global de la agenda migratoria de Trump","author":"EntreMundos","date":"17 marzo, 2025","format":false,"excerpt":"POR PATRICIA SCHWARTZ Unas 60 personas se sientan en un c\u00edrculo de sillas plegables un jueves por la noche en Tucson, Arizona, una ciudad estadounidense a una hora de la frontera con M\u00e9xico. La reuni\u00f3n semanal de la Coalici\u00f3n de Derechos Humanos se lleva a cabo en gran parte, en\u2026","rel":"","context":"En \u00abFrontPage\u00bb","block_context":{"text":"FrontPage","link":"https:\/\/www.entremundos.org\/revista\/category\/frontpage\/"},"img":{"alt_text":"","src":"https:\/\/i0.wp.com\/www.entremundos.org\/revista\/wp-content\/uploads\/2025\/03\/475088469_3067398756762538_3045668992826805668_n.jpg?fit=1100%2C666&ssl=1&resize=350%2C200","width":350,"height":200,"srcset":"https:\/\/i0.wp.com\/www.entremundos.org\/revista\/wp-content\/uploads\/2025\/03\/475088469_3067398756762538_3045668992826805668_n.jpg?fit=1100%2C666&ssl=1&resize=350%2C200 1x, https:\/\/i0.wp.com\/www.entremundos.org\/revista\/wp-content\/uploads\/2025\/03\/475088469_3067398756762538_3045668992826805668_n.jpg?fit=1100%2C666&ssl=1&resize=525%2C300 1.5x, https:\/\/i0.wp.com\/www.entremundos.org\/revista\/wp-content\/uploads\/2025\/03\/475088469_3067398756762538_3045668992826805668_n.jpg?fit=1100%2C666&ssl=1&resize=700%2C400 2x, https:\/\/i0.wp.com\/www.entremundos.org\/revista\/wp-content\/uploads\/2025\/03\/475088469_3067398756762538_3045668992826805668_n.jpg?fit=1100%2C666&ssl=1&resize=1050%2C600 3x"},"classes":[]},{"id":13246,"url":"https:\/\/www.entremundos.org\/revista\/politica\/el-mundo-no-es-como-lo-imaginamos\/","url_meta":{"origin":13250,"position":1},"title":"El mundo no es como lo imaginamos","author":"EntreMundos","date":"17 septiembre, 2025","format":false,"excerpt":"Por Juan Jos\u00e9 Hurtado Paz y Paz \"Ojal\u00e1 viviera en la teor\u00eda, porque en teor\u00eda todo est\u00e1 bien\" \u00a0Cita atribuida a Quino (Joaqu\u00edn Salvador Lavado Tej\u00f3n), en boca de su personaje Mafalda\u00a0 Vivimos en un mundo injusto, desigual, que excluye a las mayor\u00edas de oportunidades y posibilidades, y que niega\u2026","rel":"","context":"En \u00abFrontPage\u00bb","block_context":{"text":"FrontPage","link":"https:\/\/www.entremundos.org\/revista\/category\/frontpage\/"},"img":{"alt_text":"","src":"https:\/\/i0.wp.com\/www.entremundos.org\/revista\/wp-content\/uploads\/2025\/09\/img86.jpg?fit=1200%2C683&ssl=1&resize=350%2C200","width":350,"height":200,"srcset":"https:\/\/i0.wp.com\/www.entremundos.org\/revista\/wp-content\/uploads\/2025\/09\/img86.jpg?fit=1200%2C683&ssl=1&resize=350%2C200 1x, https:\/\/i0.wp.com\/www.entremundos.org\/revista\/wp-content\/uploads\/2025\/09\/img86.jpg?fit=1200%2C683&ssl=1&resize=525%2C300 1.5x, https:\/\/i0.wp.com\/www.entremundos.org\/revista\/wp-content\/uploads\/2025\/09\/img86.jpg?fit=1200%2C683&ssl=1&resize=700%2C400 2x, https:\/\/i0.wp.com\/www.entremundos.org\/revista\/wp-content\/uploads\/2025\/09\/img86.jpg?fit=1200%2C683&ssl=1&resize=1050%2C600 3x"},"classes":[]},{"id":13649,"url":"https:\/\/www.entremundos.org\/revista\/politica\/la-urgencia-de-comprender-la-historia-y-sus-lecciones\/","url_meta":{"origin":13250,"position":2},"title":"La urgencia de comprender la historia y sus lecciones","author":"EntreMundos","date":"4 abril, 2026","format":false,"excerpt":"POR JUAN JOS\u00c9 HURTADO PAZ En los \u00faltimos meses se escuchan voces que defienden la intervenci\u00f3n imperialista yanqui contra Venezuela con el argumento aparentemente simple y moralizante: hab\u00eda una dictadura y deb\u00eda ser removida. Bajo esta narrativa, la intervenci\u00f3n externa se presenta como una acci\u00f3n necesaria, casi humanitaria, destinada a\u2026","rel":"","context":"En \u00abFrontPage\u00bb","block_context":{"text":"FrontPage","link":"https:\/\/www.entremundos.org\/revista\/category\/frontpage\/"},"img":{"alt_text":"","src":"","width":0,"height":0},"classes":[]},{"id":13004,"url":"https:\/\/www.entremundos.org\/revista\/politica\/la-valentia-de-elegir-nuestros-suenos\/","url_meta":{"origin":13250,"position":3},"title":"La valent\u00eda de elegir nuestros sue\u00f1os","author":"EntreMundos","date":"23 julio, 2025","format":false,"excerpt":"Por Teresa Lucas Hay t\u00e9rminos en econom\u00eda y finanzas que, aunque t\u00e9cnicos, encierran verdades profundamente humanas. Uno de ellos es el costo de oportunidad. Este concepto se refiere a todo aquello que dejamos de hacer, recibir o disfrutar cuando tomamos una decisi\u00f3n determinada. En otras palabras, cada vez que elegimos\u2026","rel":"","context":"En \u00abFrontPage\u00bb","block_context":{"text":"FrontPage","link":"https:\/\/www.entremundos.org\/revista\/category\/frontpage\/"},"img":{"alt_text":"","src":"https:\/\/i0.wp.com\/www.entremundos.org\/revista\/wp-content\/uploads\/2025\/07\/whatsapp-image-2025-06-11-at-10.12.40-pm-scaled.png?fit=675%2C1200&ssl=1&resize=350%2C200","width":350,"height":200,"srcset":"https:\/\/i0.wp.com\/www.entremundos.org\/revista\/wp-content\/uploads\/2025\/07\/whatsapp-image-2025-06-11-at-10.12.40-pm-scaled.png?fit=675%2C1200&ssl=1&resize=350%2C200 1x, https:\/\/i0.wp.com\/www.entremundos.org\/revista\/wp-content\/uploads\/2025\/07\/whatsapp-image-2025-06-11-at-10.12.40-pm-scaled.png?fit=675%2C1200&ssl=1&resize=525%2C300 1.5x"},"classes":[]},{"id":11407,"url":"https:\/\/www.entremundos.org\/revista\/politica\/del-papel-a-la-pantalla\/","url_meta":{"origin":13250,"position":4},"title":"Del papel a la pantalla","author":"EntreMundos","date":"10 noviembre, 2023","format":false,"excerpt":"POR EMMA G\u00d3MEZ Dos pa\u00edses golpeados por la corrupci\u00f3n, violaci\u00f3n de los derechos humanos, injusticias, persecuciones y despojos, por mencionar algunos de los males que tienen en com\u00fan Guatemala y El Salvador. El proyecto, Del Papel a la Pantalla, presenta dos propuestas visuales para reflexionar sobre la educaci\u00f3n sexual y\u2026","rel":"","context":"En \u00abAccion Comunitaria\u00bb","block_context":{"text":"Accion Comunitaria","link":"https:\/\/www.entremundos.org\/revista\/category\/politica\/accion-comunitaria-3\/"},"img":{"alt_text":"","src":"https:\/\/i0.wp.com\/www.entremundos.org\/revista\/wp-content\/uploads\/2023\/11\/whatsapp-image-2023-10-23-at-9.54.45-am-2.jpeg?fit=1200%2C800&ssl=1&resize=350%2C200","width":350,"height":200,"srcset":"https:\/\/i0.wp.com\/www.entremundos.org\/revista\/wp-content\/uploads\/2023\/11\/whatsapp-image-2023-10-23-at-9.54.45-am-2.jpeg?fit=1200%2C800&ssl=1&resize=350%2C200 1x, https:\/\/i0.wp.com\/www.entremundos.org\/revista\/wp-content\/uploads\/2023\/11\/whatsapp-image-2023-10-23-at-9.54.45-am-2.jpeg?fit=1200%2C800&ssl=1&resize=525%2C300 1.5x, https:\/\/i0.wp.com\/www.entremundos.org\/revista\/wp-content\/uploads\/2023\/11\/whatsapp-image-2023-10-23-at-9.54.45-am-2.jpeg?fit=1200%2C800&ssl=1&resize=700%2C400 2x, https:\/\/i0.wp.com\/www.entremundos.org\/revista\/wp-content\/uploads\/2023\/11\/whatsapp-image-2023-10-23-at-9.54.45-am-2.jpeg?fit=1200%2C800&ssl=1&resize=1050%2C600 3x"},"classes":[]},{"id":10588,"url":"https:\/\/www.entremundos.org\/revista\/politica\/ley-de-mujeres-desaparecidas\/","url_meta":{"origin":13250,"position":5},"title":"Ley de mujeres desaparecidas","author":"EntreMundos","date":"9 marzo, 2023","format":false,"excerpt":"Emma G\u00f3mez\u00a0 En Guatemala, cada d\u00eda desaparecen unas 5 mujeres. La desaparici\u00f3n de mujeres est\u00e1 ligada fuertemente con alg\u00fan tipo de violencia de g\u00e9nero.\u00a0 Hace 3 a\u00f1os se implement\u00f3 un mecanismo de b\u00fasqueda inmediata de mujeres desaparecidas, Isabel-Claudina, mecanismo que tiene como base la Ley de Mujeres Desaparecidas que fue\u2026","rel":"","context":"En \u00abFrontPage\u00bb","block_context":{"text":"FrontPage","link":"https:\/\/www.entremundos.org\/revista\/category\/frontpage\/"},"img":{"alt_text":"","src":"https:\/\/i0.wp.com\/www.entremundos.org\/revista\/wp-content\/uploads\/2023\/03\/isable-claudina-justicia.png?fit=1200%2C789&ssl=1&resize=350%2C200","width":350,"height":200,"srcset":"https:\/\/i0.wp.com\/www.entremundos.org\/revista\/wp-content\/uploads\/2023\/03\/isable-claudina-justicia.png?fit=1200%2C789&ssl=1&resize=350%2C200 1x, https:\/\/i0.wp.com\/www.entremundos.org\/revista\/wp-content\/uploads\/2023\/03\/isable-claudina-justicia.png?fit=1200%2C789&ssl=1&resize=525%2C300 1.5x, https:\/\/i0.wp.com\/www.entremundos.org\/revista\/wp-content\/uploads\/2023\/03\/isable-claudina-justicia.png?fit=1200%2C789&ssl=1&resize=700%2C400 2x, https:\/\/i0.wp.com\/www.entremundos.org\/revista\/wp-content\/uploads\/2023\/03\/isable-claudina-justicia.png?fit=1200%2C789&ssl=1&resize=1050%2C600 3x"},"classes":[]}],"jetpack_sharing_enabled":true,"_links":{"self":[{"href":"https:\/\/www.entremundos.org\/revista\/wp-json\/wp\/v2\/posts\/13250","targetHints":{"allow":["GET"]}}],"collection":[{"href":"https:\/\/www.entremundos.org\/revista\/wp-json\/wp\/v2\/posts"}],"about":[{"href":"https:\/\/www.entremundos.org\/revista\/wp-json\/wp\/v2\/types\/post"}],"author":[{"embeddable":true,"href":"https:\/\/www.entremundos.org\/revista\/wp-json\/wp\/v2\/users\/1"}],"replies":[{"embeddable":true,"href":"https:\/\/www.entremundos.org\/revista\/wp-json\/wp\/v2\/comments?post=13250"}],"version-history":[{"count":1,"href":"https:\/\/www.entremundos.org\/revista\/wp-json\/wp\/v2\/posts\/13250\/revisions"}],"predecessor-version":[{"id":13253,"href":"https:\/\/www.entremundos.org\/revista\/wp-json\/wp\/v2\/posts\/13250\/revisions\/13253"}],"wp:featuredmedia":[{"embeddable":true,"href":"https:\/\/www.entremundos.org\/revista\/wp-json\/wp\/v2\/media\/13251"}],"wp:attachment":[{"href":"https:\/\/www.entremundos.org\/revista\/wp-json\/wp\/v2\/media?parent=13250"}],"wp:term":[{"taxonomy":"category","embeddable":true,"href":"https:\/\/www.entremundos.org\/revista\/wp-json\/wp\/v2\/categories?post=13250"},{"taxonomy":"post_tag","embeddable":true,"href":"https:\/\/www.entremundos.org\/revista\/wp-json\/wp\/v2\/tags?post=13250"}],"curies":[{"name":"wp","href":"https:\/\/api.w.org\/{rel}","templated":true}]}}