{"id":13403,"date":"2025-11-11T10:00:06","date_gmt":"2025-11-11T18:00:06","guid":{"rendered":"https:\/\/www.entremundos.org\/revista\/?p=13403"},"modified":"2025-11-11T10:00:06","modified_gmt":"2025-11-11T18:00:06","slug":"que-preocupa-a-las-juventudes","status":"publish","type":"post","link":"https:\/\/www.entremundos.org\/revista\/politica\/que-preocupa-a-las-juventudes\/","title":{"rendered":"Qu\u00e9 preocupa a las juventudes"},"content":{"rendered":"<p>POR JUAN JOS\u00c9 HURTADO PAZ Y PAZ<\/p>\n<p>En actividades que hemos tenido con j\u00f3venes organizados de distintos departamentos del pa\u00eds y especialmente con j\u00f3venes ind\u00edgenas de Huehuetenango, hemos tratado de identificar cu\u00e1les son los principales problemas que les afectan y sus prioridades. Al hacerlo, las y los j\u00f3venes han dicho que el principal es la salud mental.<\/p>\n<p>Esto nos llam\u00f3 sobremanera la atenci\u00f3n. Desde nuestra perspectiva adulta, habr\u00edamos se\u00f1alado otros problemas. Entonces, \u00bfa qu\u00e9 se debe esa priorizaci\u00f3n? \u00bfQu\u00e9 preocupa a las y los j\u00f3venes? \u00bfCu\u00e1les son las causas?<\/p>\n<p>Lo primero que debemos aceptar es que, si ellos lo identifican as\u00ed, es porque es un problema real. Tiene manifestaciones concretas como frustraci\u00f3n, ansiedad, depresiones, adicciones y dependencias, e incluso suicidios. Vemos con preocupaci\u00f3n el incremento de adicciones al alcohol, otras drogas y a la tecnolog\u00eda (juegos, redes sociales, etc.) que permiten evadir el mundo real.<\/p>\n<p>En cuanto a los suicidios, seg\u00fan datos del Instituto Nacional de Ciencias Forenses (INACIF) de enero a septiembre de 2021 se reportaron 388 posibles suicidios en el pa\u00eds, de los cuales el 20% correspondi\u00f3 a ni\u00f1os y adolescentes entre 10 y 17 a\u00f1os. El suicidio con frecuencia puede explicarse por rompimiento de relaciones afectivas, no aceptaci\u00f3n de situaciones que viven, en el caso de mujeres adolescentes, debido a violaciones y embarazos no deseados, frustraciones de otro tipo, que les lleva a la desesperaci\u00f3n.<\/p>\n<p>Hay otros problemas vinculados a los problemas emocionales y psicol\u00f3gicos de las y los j\u00f3venes, como baja autoestima, identidad d\u00e9bil, dificultad de relacionarse con pares.<\/p>\n<p>La falta de salud mental tambi\u00e9n se expresa en agresividad y violencia. Es un hecho que la mayor\u00eda de v\u00edctimas de hechos violentos son j\u00f3venes, pero tambi\u00e9n que las y los j\u00f3venes son los principales protagonistas de hechos violentos.<\/p>\n<figure id=\"attachment_13366\" aria-describedby=\"caption-attachment-13366\" style=\"width: 640px\" class=\"wp-caption aligncenter\"><a href=\"https:\/\/i0.wp.com\/www.entremundos.org\/revista\/wp-content\/uploads\/2025\/11\/1.png?ssl=1\"><img data-recalc-dims=\"1\" loading=\"lazy\" decoding=\"async\" class=\"wp-image-13366 size-large\" src=\"https:\/\/i0.wp.com\/www.entremundos.org\/revista\/wp-content\/uploads\/2025\/11\/1.png?resize=640%2C626&#038;ssl=1\" alt=\"\" width=\"640\" height=\"626\" srcset=\"https:\/\/i0.wp.com\/www.entremundos.org\/revista\/wp-content\/uploads\/2025\/11\/1.png?resize=1024%2C1001&amp;ssl=1 1024w, https:\/\/i0.wp.com\/www.entremundos.org\/revista\/wp-content\/uploads\/2025\/11\/1.png?resize=300%2C293&amp;ssl=1 300w, https:\/\/i0.wp.com\/www.entremundos.org\/revista\/wp-content\/uploads\/2025\/11\/1.png?resize=768%2C751&amp;ssl=1 768w, https:\/\/i0.wp.com\/www.entremundos.org\/revista\/wp-content\/uploads\/2025\/11\/1.png?resize=1536%2C1502&amp;ssl=1 1536w, https:\/\/i0.wp.com\/www.entremundos.org\/revista\/wp-content\/uploads\/2025\/11\/1.png?resize=2048%2C2002&amp;ssl=1 2048w, https:\/\/i0.wp.com\/www.entremundos.org\/revista\/wp-content\/uploads\/2025\/11\/1.png?w=1280&amp;ssl=1 1280w, https:\/\/i0.wp.com\/www.entremundos.org\/revista\/wp-content\/uploads\/2025\/11\/1.png?w=1920&amp;ssl=1 1920w\" sizes=\"auto, (max-width: 640px) 100vw, 640px\" \/><\/a><figcaption id=\"caption-attachment-13366\" class=\"wp-caption-text\">Ilustraci\u00f3n; Anllely R\u00edos<\/figcaption><\/figure>\n<p>Vale decir, adem\u00e1s, que las y los j\u00f3venes tienen actualmente m\u00e1s acceso a informaci\u00f3n y desde muchas instituciones, principalmente desde organizaciones no gubernamentales, se les habla de la necesidad de cuidar la salud mental al igual que se debe cuidar la salud f\u00edsica. En el ambiente de j\u00f3venes organizados se escuchan t\u00e9rminos como autocuidado y se promueven pr\u00e1cticas de sanaci\u00f3n, necesarias y \u00fatiles. En consecuencia, existe mayor consciencia sobre la importancia de la salud mental y los cuidados que se deben tener. Las y los j\u00f3venes est\u00e1n m\u00e1s proclives a identificar afectaciones a esta salud.<\/p>\n<p>Aunque causas y consecuencias se interrelacionan y lo que es consecuencia tambi\u00e9n es causa, desde nuestra perspectiva, las afectaciones a la salud mental son m\u00e1s consecuencia de otros problemas estructurales y que no se reducen a lo individual, aunque se manifiestan en las y los individuos.<\/p>\n<p><strong>Conocer la historia<\/strong><\/p>\n<p>Para comenzar, debemos ver la historia de despojo, violencias y dominaci\u00f3n que parte desde la invasi\u00f3n en 1524 (para Guatemala) a la fecha, que llev\u00f3 a estructurar una sociedad racista, clasista, machista y desigual. En consecuencia, vivimos en un pa\u00eds donde la juventud est\u00e1 atravesada en su mayor\u00eda por la pobreza, la discriminaci\u00f3n y la falta de oportunidades. Por ejemplo, muchas y muchos j\u00f3venes desisten de estudiar debido a que dicen que es p\u00e9rdida de tiempo pues, aunque se grad\u00faen de una carrera, eso no les asegura empleo.<\/p>\n<p>Adem\u00e1s, vivimos en una sociedad adultocentrista en la que las y los j\u00f3venes son calificados de inmaduros, inexpertos e incluso irresponsables. No se promueve su participaci\u00f3n, se menosprecian sus criterios y opiniones, y no se hace efectiva su capacidad de decisi\u00f3n.<\/p>\n<p>Otros problemas que afectan son la desintegraci\u00f3n familiar. Una de sus causas es la migraci\u00f3n: los padres y, con frecuencia, tambi\u00e9n las madres, migran para proveer a sus hijos e hijas de aquello que necesitan. Las y los j\u00f3venes y la ni\u00f1ez quedan a cargo de abuelos u otros parientes, quienes no les brindan igual atenci\u00f3n. Asimismo, en medios urbanos con frecuencia el exceso de trabajo hace que las personas adultas dediquen poco tiempo a la atenci\u00f3n de sus hijos.<\/p>\n<p>&nbsp;<\/p>\n<p>Debemos de asumir cada quien la responsabilidad que nos corresponde. Con frecuencia los adultos decimos: \u201ces que los j\u00f3venes son ap\u00e1ticos, no se interesan, no participan\u201d, sin asumir que las y los j\u00f3venes actuales son producto de la sociedad que las generaciones anteriores hemos creado y les estamos heredando. Es decir, no es una responsabilidad exclusiva de las y los j\u00f3venes, menos a\u00fan de manera individual, sino que es el resultado de la historia y el contexto que les ha tocado vivir.<\/p>\n<p>Tanto j\u00f3venes como adultos debemos prestar debida atenci\u00f3n a esta situaci\u00f3n. No puede verse como cosas aisladas, sino de una manera hol\u00edstica, que es la forma de entender de los pueblos originarios. Es decir, no se trata de abordar la salud mental como algo aislado, sino en ese contexto de falta de oportunidades y exclusiones. No hay que verlo solo como un problema de salud emocional, sino que es indispensable abordar causas econ\u00f3micas, sociales, pol\u00edticas, culturales, ambientales, tecnol\u00f3gicas y crear condiciones para una vida plena para las y los j\u00f3venes. Es crucial un abordaje con pertinencia cultural, de g\u00e9nero, respetuosa de las diferentes condiciones, para promover un Buen Vivir.<\/p>\n<p>Para ello, necesitamos abrir m\u00e1s espacios de participaci\u00f3n real para las y los j\u00f3venes, tanto en la familia, como en la escuela, la comunidad, las organizaciones y en las pol\u00edticas p\u00fablicas. La escucha activa, el reconocimiento de su palabra y la confianza en sus capacidades son pasos indispensables para que se sientan parte de los procesos sociales y puedan construir alternativas. No basta con hablar de salud mental, hay que generar entornos seguros, inclusivos y libres de discriminaci\u00f3n, donde las y los j\u00f3venes puedan expresar sus emociones, sus ideas y sus propuestas.<\/p>\n<figure id=\"attachment_13372\" aria-describedby=\"caption-attachment-13372\" style=\"width: 640px\" class=\"wp-caption aligncenter\"><a href=\"https:\/\/i0.wp.com\/www.entremundos.org\/revista\/wp-content\/uploads\/2025\/11\/6.png?ssl=1\"><img data-recalc-dims=\"1\" loading=\"lazy\" decoding=\"async\" class=\"wp-image-13372 size-large\" src=\"https:\/\/i0.wp.com\/www.entremundos.org\/revista\/wp-content\/uploads\/2025\/11\/6.png?resize=640%2C626&#038;ssl=1\" alt=\"\" width=\"640\" height=\"626\" srcset=\"https:\/\/i0.wp.com\/www.entremundos.org\/revista\/wp-content\/uploads\/2025\/11\/6.png?resize=1024%2C1001&amp;ssl=1 1024w, https:\/\/i0.wp.com\/www.entremundos.org\/revista\/wp-content\/uploads\/2025\/11\/6.png?resize=300%2C293&amp;ssl=1 300w, https:\/\/i0.wp.com\/www.entremundos.org\/revista\/wp-content\/uploads\/2025\/11\/6.png?resize=768%2C751&amp;ssl=1 768w, https:\/\/i0.wp.com\/www.entremundos.org\/revista\/wp-content\/uploads\/2025\/11\/6.png?resize=1536%2C1502&amp;ssl=1 1536w, https:\/\/i0.wp.com\/www.entremundos.org\/revista\/wp-content\/uploads\/2025\/11\/6.png?resize=2048%2C2002&amp;ssl=1 2048w, https:\/\/i0.wp.com\/www.entremundos.org\/revista\/wp-content\/uploads\/2025\/11\/6.png?w=1280&amp;ssl=1 1280w, https:\/\/i0.wp.com\/www.entremundos.org\/revista\/wp-content\/uploads\/2025\/11\/6.png?w=1920&amp;ssl=1 1920w\" sizes=\"auto, (max-width: 640px) 100vw, 640px\" \/><\/a><figcaption id=\"caption-attachment-13372\" class=\"wp-caption-text\">Ilustraci\u00f3n; Anllely R\u00edos<\/figcaption><\/figure>\n<p><strong>Atenci\u00f3n y prevenci\u00f3n<\/strong><\/p>\n<p>Asimismo, se requieren pol\u00edticas y programas integrales que atiendan tanto la dimensi\u00f3n personal como las causas estructurales del problema. Eso implica garantizar acceso a educaci\u00f3n de calidad con pertinencia cultural, oportunidades de empleo digno, actividades culturales y deportivas, y al mismo tiempo, fortalecer servicios de apoyo psicosocial y de salud mental desde un enfoque comunitario y pertinencia cultural.<br \/>\nLos pueblos originarios han mostrado que la sanaci\u00f3n y el cuidado de la vida no se reducen al individuo, sino que se construyen colectivamente, en equilibrio y armon\u00eda con la comunidad, la naturaleza y las energ\u00edas del Universo.<\/p>\n<p>El llamado es a que como sociedad asumamos nuestra corresponsabilidad. No podemos seguir se\u00f1alando a las y los j\u00f3venes como fr\u00e1giles o ap\u00e1ticos, cuando lo que necesitan es acompa\u00f1amiento, confianza y condiciones justas para florecer.<\/p>\n<p>Atender la salud mental juvenil es una apuesta por el presente y el futuro: implica reconocer que cada joven tiene derecho a vivir con dignidad, alegr\u00eda y esperanza. Si como pa\u00eds colocamos en el centro de las prioridades la vida plena de nuestras juventudes, estaremos tambi\u00e9n sembrando las bases de una sociedad m\u00e1s justa, humana y armoniosa.<\/p>\n<p><em>Juan Jos\u00e9 Hurtado es Director de la Asociaci\u00f3n Pop No\u2019j (www.asociacionpopnoj.org) que trabaja con un enfoque de Pueblos Ind\u00edgenas. Cuenta con una larga experiencia de ONGs de Desarrollo nacionales e internacionales. Tiene estudios en comunicaci\u00f3n social y educaci\u00f3n.<\/em><\/p>\n","protected":false},"excerpt":{"rendered":"<p>POR JUAN JOS\u00c9 HURTADO PAZ Y PAZ En actividades que hemos tenido con j\u00f3venes organizados de distintos departamentos del pa\u00eds y especialmente con j\u00f3venes ind\u00edgenas de Huehuetenango, hemos tratado de identificar cu\u00e1les son los principales problemas que les afectan y sus prioridades. Al hacerlo, las y los j\u00f3venes han dicho que el principal es la [&hellip;]<\/p>\n","protected":false},"author":1,"featured_media":13370,"comment_status":"closed","ping_status":"closed","sticky":false,"template":"","format":"standard","meta":{"_exactmetrics_skip_tracking":false,"_exactmetrics_sitenote_active":false,"_exactmetrics_sitenote_note":"","_exactmetrics_sitenote_category":0,"jetpack_post_was_ever_published":false,"_jetpack_newsletter_access":"","_jetpack_dont_email_post_to_subs":false,"_jetpack_newsletter_tier_id":0,"_jetpack_memberships_contains_paywalled_content":false,"_jetpack_memberships_contains_paid_content":false,"footnotes":""},"categories":[452,439,378,1772],"tags":[],"class_list":["post-13403","post","type-post","status-publish","format-standard","has-post-thumbnail","hentry","category-frontpage","category-juventud","category-politica","category-situacion-social"],"jetpack_featured_media_url":"https:\/\/i0.wp.com\/www.entremundos.org\/revista\/wp-content\/uploads\/2025\/11\/5.png?fit=2249%2C2199&ssl=1","jetpack_shortlink":"https:\/\/wp.me\/p7ljt7-3ub","jetpack-related-posts":[{"id":13250,"url":"https:\/\/www.entremundos.org\/revista\/politica\/pymes-migracion-y-el-reto-de-la-informalidad-en-guatemala-una-economia-que-resiste-desde-abajo\/","url_meta":{"origin":13403,"position":0},"title":"PYMES, migraci\u00f3n y el reto de la informalidad en Guatemala: Una econom\u00eda que resiste desde abajo","author":"EntreMundos","date":"17 septiembre, 2025","format":false,"excerpt":"Por Alexander Castillo Este art\u00edculo analiza el papel crucial que juegan las Peque\u00f1as y Medianas Empresas (PYMES) y la migraci\u00f3n en la econom\u00eda guatemalteca. Con base en datos actuales, se resalta que m\u00e1s del 90\u202f% de las empresas del pa\u00eds son peque\u00f1as o medianas, y que las remesas representan cerca\u2026","rel":"","context":"En \u00abFrontPage\u00bb","block_context":{"text":"FrontPage","link":"https:\/\/www.entremundos.org\/revista\/category\/frontpage\/"},"img":{"alt_text":"","src":"","width":0,"height":0},"classes":[]},{"id":12622,"url":"https:\/\/www.entremundos.org\/revista\/politica\/presupuesto-nacional-procesos-y-elementos-importantes\/","url_meta":{"origin":13403,"position":1},"title":"Presupuesto nacional; Procesos y elementos importantes","author":"EntreMundos","date":"16 enero, 2025","format":false,"excerpt":"POR YESSICA PASTOR El siguiente es un extracto de una de las conversaciones sostenidas dentro de la serie de encuentros virtuales sobre incidencia pol\u00edtica del Directorio Guatemala. A continuaci\u00f3n, la intervenci\u00f3n de Ricardo Barrientos, director ejecutivo del Instituto Centroamericano de Estudios Fiscales (ICEFI). \u00bfQu\u00e9 factores pol\u00edticos considera que influyeron en\u2026","rel":"","context":"En \u00abPol\u00edtica\u00bb","block_context":{"text":"Pol\u00edtica","link":"https:\/\/www.entremundos.org\/revista\/category\/politica\/"},"img":{"alt_text":"","src":"https:\/\/i0.wp.com\/www.entremundos.org\/revista\/wp-content\/uploads\/2025\/01\/minifi.jpg?fit=1200%2C900&ssl=1&resize=350%2C200","width":350,"height":200,"srcset":"https:\/\/i0.wp.com\/www.entremundos.org\/revista\/wp-content\/uploads\/2025\/01\/minifi.jpg?fit=1200%2C900&ssl=1&resize=350%2C200 1x, https:\/\/i0.wp.com\/www.entremundos.org\/revista\/wp-content\/uploads\/2025\/01\/minifi.jpg?fit=1200%2C900&ssl=1&resize=525%2C300 1.5x, https:\/\/i0.wp.com\/www.entremundos.org\/revista\/wp-content\/uploads\/2025\/01\/minifi.jpg?fit=1200%2C900&ssl=1&resize=700%2C400 2x, https:\/\/i0.wp.com\/www.entremundos.org\/revista\/wp-content\/uploads\/2025\/01\/minifi.jpg?fit=1200%2C900&ssl=1&resize=1050%2C600 3x"},"classes":[]},{"id":12980,"url":"https:\/\/www.entremundos.org\/revista\/mujer\/el-otro-lado-del-viaje-sonado-detras-de-un-espacio-internacional\/","url_meta":{"origin":13403,"position":2},"title":"El otro lado del viaje so\u00f1ado; detr\u00e1s de un espacio internacional","author":"EntreMundos","date":"23 julio, 2025","format":false,"excerpt":"Por Adela Tuy Cuando la gente escucha \u2018Conferencias Internacionales\u2019 piensa en edificios lujosos, gente hablando en ingl\u00e9s, muchas fotos formales y muchos discursos bonitos; tambi\u00e9n en lo elegante de participar en una conferencia y ponerlo en tu curr\u00edculum vitae. Sin embargo, nadie les cuenta sobre lo que hay detr\u00e1s de\u2026","rel":"","context":"En \u00abCine\u00bb","block_context":{"text":"Cine","link":"https:\/\/www.entremundos.org\/revista\/category\/cine\/"},"img":{"alt_text":"","src":"https:\/\/i0.wp.com\/www.entremundos.org\/revista\/wp-content\/uploads\/2025\/07\/20241121_092407-143c-1.jpg?fit=1200%2C800&ssl=1&resize=350%2C200","width":350,"height":200,"srcset":"https:\/\/i0.wp.com\/www.entremundos.org\/revista\/wp-content\/uploads\/2025\/07\/20241121_092407-143c-1.jpg?fit=1200%2C800&ssl=1&resize=350%2C200 1x, https:\/\/i0.wp.com\/www.entremundos.org\/revista\/wp-content\/uploads\/2025\/07\/20241121_092407-143c-1.jpg?fit=1200%2C800&ssl=1&resize=525%2C300 1.5x, https:\/\/i0.wp.com\/www.entremundos.org\/revista\/wp-content\/uploads\/2025\/07\/20241121_092407-143c-1.jpg?fit=1200%2C800&ssl=1&resize=700%2C400 2x, https:\/\/i0.wp.com\/www.entremundos.org\/revista\/wp-content\/uploads\/2025\/07\/20241121_092407-143c-1.jpg?fit=1200%2C800&ssl=1&resize=1050%2C600 3x"},"classes":[]},{"id":13644,"url":"https:\/\/www.entremundos.org\/revista\/politica\/fortaleciendo-la-comunidad-desde-dentro-un-nuevo-capitulo-para-caras-alegres\/","url_meta":{"origin":13403,"position":3},"title":"Fortaleciendo la comunidad desde dentro: Un nuevo cap\u00edtulo para Caras Alegres","author":"EntreMundos","date":"4 abril, 2026","format":false,"excerpt":"POR VER\u00d3NICA DI MAGGIO Caras Alegres reabri\u00f3 sus puertas con una renovada claridad y enfoque estrat\u00e9gico. Despu\u00e9s de meses dedicados a la evaluaci\u00f3n y planificaci\u00f3n, este 2026 inicia no simplemente como un nuevo a\u00f1o operativo, sino como una expansi\u00f3n estructurada de nuestro impacto comunitario. El a\u00f1o pasado demostr\u00f3 que el\u2026","rel":"","context":"En \u00abFrontPage\u00bb","block_context":{"text":"FrontPage","link":"https:\/\/www.entremundos.org\/revista\/category\/frontpage\/"},"img":{"alt_text":"","src":"https:\/\/i0.wp.com\/www.entremundos.org\/revista\/wp-content\/uploads\/2026\/03\/633353323_1320877706749036_6826896970194983908_n.jpg?fit=1200%2C963&ssl=1&resize=350%2C200","width":350,"height":200,"srcset":"https:\/\/i0.wp.com\/www.entremundos.org\/revista\/wp-content\/uploads\/2026\/03\/633353323_1320877706749036_6826896970194983908_n.jpg?fit=1200%2C963&ssl=1&resize=350%2C200 1x, https:\/\/i0.wp.com\/www.entremundos.org\/revista\/wp-content\/uploads\/2026\/03\/633353323_1320877706749036_6826896970194983908_n.jpg?fit=1200%2C963&ssl=1&resize=525%2C300 1.5x, https:\/\/i0.wp.com\/www.entremundos.org\/revista\/wp-content\/uploads\/2026\/03\/633353323_1320877706749036_6826896970194983908_n.jpg?fit=1200%2C963&ssl=1&resize=700%2C400 2x, https:\/\/i0.wp.com\/www.entremundos.org\/revista\/wp-content\/uploads\/2026\/03\/633353323_1320877706749036_6826896970194983908_n.jpg?fit=1200%2C963&ssl=1&resize=1050%2C600 3x"},"classes":[]},{"id":13649,"url":"https:\/\/www.entremundos.org\/revista\/politica\/la-urgencia-de-comprender-la-historia-y-sus-lecciones\/","url_meta":{"origin":13403,"position":4},"title":"La urgencia de comprender la historia y sus lecciones","author":"EntreMundos","date":"4 abril, 2026","format":false,"excerpt":"POR JUAN JOS\u00c9 HURTADO PAZ En los \u00faltimos meses se escuchan voces que defienden la intervenci\u00f3n imperialista yanqui contra Venezuela con el argumento aparentemente simple y moralizante: hab\u00eda una dictadura y deb\u00eda ser removida. Bajo esta narrativa, la intervenci\u00f3n externa se presenta como una acci\u00f3n necesaria, casi humanitaria, destinada a\u2026","rel":"","context":"En \u00abFrontPage\u00bb","block_context":{"text":"FrontPage","link":"https:\/\/www.entremundos.org\/revista\/category\/frontpage\/"},"img":{"alt_text":"","src":"","width":0,"height":0},"classes":[]},{"id":11407,"url":"https:\/\/www.entremundos.org\/revista\/politica\/del-papel-a-la-pantalla\/","url_meta":{"origin":13403,"position":5},"title":"Del papel a la pantalla","author":"EntreMundos","date":"10 noviembre, 2023","format":false,"excerpt":"POR EMMA G\u00d3MEZ Dos pa\u00edses golpeados por la corrupci\u00f3n, violaci\u00f3n de los derechos humanos, injusticias, persecuciones y despojos, por mencionar algunos de los males que tienen en com\u00fan Guatemala y El Salvador. El proyecto, Del Papel a la Pantalla, presenta dos propuestas visuales para reflexionar sobre la educaci\u00f3n sexual y\u2026","rel":"","context":"En \u00abAccion Comunitaria\u00bb","block_context":{"text":"Accion Comunitaria","link":"https:\/\/www.entremundos.org\/revista\/category\/politica\/accion-comunitaria-3\/"},"img":{"alt_text":"","src":"https:\/\/i0.wp.com\/www.entremundos.org\/revista\/wp-content\/uploads\/2023\/11\/whatsapp-image-2023-10-23-at-9.54.45-am-2.jpeg?fit=1200%2C800&ssl=1&resize=350%2C200","width":350,"height":200,"srcset":"https:\/\/i0.wp.com\/www.entremundos.org\/revista\/wp-content\/uploads\/2023\/11\/whatsapp-image-2023-10-23-at-9.54.45-am-2.jpeg?fit=1200%2C800&ssl=1&resize=350%2C200 1x, https:\/\/i0.wp.com\/www.entremundos.org\/revista\/wp-content\/uploads\/2023\/11\/whatsapp-image-2023-10-23-at-9.54.45-am-2.jpeg?fit=1200%2C800&ssl=1&resize=525%2C300 1.5x, https:\/\/i0.wp.com\/www.entremundos.org\/revista\/wp-content\/uploads\/2023\/11\/whatsapp-image-2023-10-23-at-9.54.45-am-2.jpeg?fit=1200%2C800&ssl=1&resize=700%2C400 2x, https:\/\/i0.wp.com\/www.entremundos.org\/revista\/wp-content\/uploads\/2023\/11\/whatsapp-image-2023-10-23-at-9.54.45-am-2.jpeg?fit=1200%2C800&ssl=1&resize=1050%2C600 3x"},"classes":[]}],"jetpack_sharing_enabled":true,"_links":{"self":[{"href":"https:\/\/www.entremundos.org\/revista\/wp-json\/wp\/v2\/posts\/13403","targetHints":{"allow":["GET"]}}],"collection":[{"href":"https:\/\/www.entremundos.org\/revista\/wp-json\/wp\/v2\/posts"}],"about":[{"href":"https:\/\/www.entremundos.org\/revista\/wp-json\/wp\/v2\/types\/post"}],"author":[{"embeddable":true,"href":"https:\/\/www.entremundos.org\/revista\/wp-json\/wp\/v2\/users\/1"}],"replies":[{"embeddable":true,"href":"https:\/\/www.entremundos.org\/revista\/wp-json\/wp\/v2\/comments?post=13403"}],"version-history":[{"count":1,"href":"https:\/\/www.entremundos.org\/revista\/wp-json\/wp\/v2\/posts\/13403\/revisions"}],"predecessor-version":[{"id":13404,"href":"https:\/\/www.entremundos.org\/revista\/wp-json\/wp\/v2\/posts\/13403\/revisions\/13404"}],"wp:featuredmedia":[{"embeddable":true,"href":"https:\/\/www.entremundos.org\/revista\/wp-json\/wp\/v2\/media\/13370"}],"wp:attachment":[{"href":"https:\/\/www.entremundos.org\/revista\/wp-json\/wp\/v2\/media?parent=13403"}],"wp:term":[{"taxonomy":"category","embeddable":true,"href":"https:\/\/www.entremundos.org\/revista\/wp-json\/wp\/v2\/categories?post=13403"},{"taxonomy":"post_tag","embeddable":true,"href":"https:\/\/www.entremundos.org\/revista\/wp-json\/wp\/v2\/tags?post=13403"}],"curies":[{"name":"wp","href":"https:\/\/api.w.org\/{rel}","templated":true}]}}