{"id":13425,"date":"2025-11-12T09:54:50","date_gmt":"2025-11-12T17:54:50","guid":{"rendered":"https:\/\/www.entremundos.org\/revista\/?p=13425"},"modified":"2026-01-20T06:27:27","modified_gmt":"2026-01-20T14:27:27","slug":"13425","status":"publish","type":"post","link":"https:\/\/www.entremundos.org\/revista\/frontpage\/13425\/","title":{"rendered":"Plan de negocios: una ruta para el \u00e9xito en de turismo comunitario en el Altiplano Occidental de Guatemala"},"content":{"rendered":"<p>POR MAR\u00cdA RECINOS<\/p>\n<p>Un plan de negocios es fundamental para cualquier emprendimiento tur\u00edstico, ya que proporciona una ruta clara hacia el \u00e9xito a largo plazo. No se trata \u00fanicamente de un documento, sino de una herramienta estrat\u00e9gica que detalla los objetivos del proyecto, las estrategias para alcanzarlos y los recursos necesarios para su implementaci\u00f3n.<\/p>\n<p>El plan de negocios cumple un doble prop\u00f3sito: orienta la gesti\u00f3n interna del emprendimiento y facilita la atracci\u00f3n de inversionistas, al mismo tiempo que permite evaluar la viabilidad del proyecto.<\/p>\n<p>Adem\u00e1s, el plan de negocios es clave para definir la actividad de las organizaciones empresa, el producto o servicio ofrecido y el mercado al que se dirige. Tambi\u00e9n ayuda a establecer metas financieras y operativas, orienta la toma de decisiones y funciona como una herramienta de evaluaci\u00f3n constante, asegurando que el emprendimiento se mantenga en el camino hacia el \u00e9xito.<\/p>\n<p>Contar con un plan de negocios es fundamental para orientar el desarrollo estrat\u00e9gico y sostenible de los emprendimientos tur\u00edsticos.<br \/>\nEste permite definir metas claras, establecer los productos o servicios, dise\u00f1ar estrategias de marketing, proyectar tiempos de ejecuci\u00f3n, estimar ingresos futuros y planificar la financiaci\u00f3n necesaria.<\/p>\n<p>Por ello, desde 2022, EntreMundos ha acompa\u00f1ado estrat\u00e9gicamente a seis comunidades del Altiplano Occidental, apoyando con la formulaci\u00f3n de planes de negocio personalizados para cada emprendimiento, con el objetivo de fortalecer su sostenibilidad y consolidar oportunidades econ\u00f3micas locales.<\/p>\n<p><strong>Proyectos fortalecidos con planes de negocio<\/strong><\/p>\n<p>El Instituto Mesoamericano de Permacultura (IMAP), la Asociaci\u00f3n de Desarrollo Agroforestal Integral Sostenible en Sibinal (ADAFIS), la Asociaci\u00f3n de Campesinos Forestales (ADECAF), la Cooperativa Integral Agr\u00edcola Atitl\u00e1n El Para\u00edso Tz\u2019utujil, R.L. (COATITLAN), la Asociaci\u00f3n Sostenible para el Desarrollo Integral y Tur\u00edstico de Loma Linda (ASODILL) y la Federaci\u00f3n Comercializadora de Caf\u00e9 Especial de Guatemala (FECCEG) ya cuentan con esta herramienta estrat\u00e9gica que les brinda la oportunidad de planificar sus proyectos tur\u00edsticos, establecer metas iniciales y organizar sus acciones.<\/p>\n<p>Si bien el \u00e9xito de un emprendimiento requiere de muchos otros factores, disponer de un plan de negocios es un paso fundamental para iniciar un rumbo claro y construir las bases de un desarrollo comunitario sostenible.<\/p>\n<p>Como continuaci\u00f3n del trabajo que EntreMundos ha venido realizando, este 2025 se sumaron tres nuevos emprendimientos que fueron acompa\u00f1ados en la creaci\u00f3n de su plan de negocios, siendo \u00e9stos: Parque Ecol\u00f3gico Caballo Blanco, liderado por la Parcialidad Caxaj; la Asociaci\u00f3n de Peque\u00f1os Agricultores Mayas con la Finca Santa Anita; y la Asociaci\u00f3n de Agricultores y Ecoturismo para el Desarrollo Integral Chicu\u00e1 (ASAEDICH).<\/p>\n<figure id=\"attachment_13426\" aria-describedby=\"caption-attachment-13426\" style=\"width: 640px\" class=\"wp-caption aligncenter\"><a href=\"https:\/\/i0.wp.com\/www.entremundos.org\/revista\/wp-content\/uploads\/2025\/11\/DSC01493-scaled.jpg?ssl=1\"><img data-recalc-dims=\"1\" loading=\"lazy\" decoding=\"async\" class=\"wp-image-13426 size-large\" src=\"https:\/\/i0.wp.com\/www.entremundos.org\/revista\/wp-content\/uploads\/2025\/11\/DSC01493.jpg?resize=640%2C360&#038;ssl=1\" alt=\"\" width=\"640\" height=\"360\" srcset=\"https:\/\/i0.wp.com\/www.entremundos.org\/revista\/wp-content\/uploads\/2025\/11\/DSC01493-scaled.jpg?resize=1024%2C576&amp;ssl=1 1024w, https:\/\/i0.wp.com\/www.entremundos.org\/revista\/wp-content\/uploads\/2025\/11\/DSC01493-scaled.jpg?resize=300%2C169&amp;ssl=1 300w, https:\/\/i0.wp.com\/www.entremundos.org\/revista\/wp-content\/uploads\/2025\/11\/DSC01493-scaled.jpg?resize=768%2C432&amp;ssl=1 768w, https:\/\/i0.wp.com\/www.entremundos.org\/revista\/wp-content\/uploads\/2025\/11\/DSC01493-scaled.jpg?resize=1536%2C864&amp;ssl=1 1536w, https:\/\/i0.wp.com\/www.entremundos.org\/revista\/wp-content\/uploads\/2025\/11\/DSC01493-scaled.jpg?resize=2048%2C1152&amp;ssl=1 2048w, https:\/\/i0.wp.com\/www.entremundos.org\/revista\/wp-content\/uploads\/2025\/11\/DSC01493-scaled.jpg?w=1280&amp;ssl=1 1280w, https:\/\/i0.wp.com\/www.entremundos.org\/revista\/wp-content\/uploads\/2025\/11\/DSC01493-scaled.jpg?w=1920&amp;ssl=1 1920w\" sizes=\"auto, (max-width: 640px) 100vw, 640px\" \/><\/a><figcaption id=\"caption-attachment-13426\" class=\"wp-caption-text\">Foto: Emma G\u00f3mez<\/figcaption><\/figure>\n<p>Gracias a esta gu\u00eda, estas tres comunidades pueden planificar los pr\u00f3ximos pasos de sus emprendimientos a corto, mediano y largo plazo, y avanzar en la consolidaci\u00f3n de sus proyectos dentro de un modelo de turismo comunitario sostenible.<\/p>\n<p>Este proceso estrat\u00e9gico tiene como prop\u00f3sito brindar a las comunidades un instrumento de planificaci\u00f3n tur\u00edstica \u00fatil y pr\u00e1ctico, que facilite la toma de decisiones orientadas al crecimiento de sus emprendimientos.<\/p>\n<p>Adem\u00e1s, la elaboraci\u00f3n del plan busc\u00f3 definir, de manera participativa, estrategias de acci\u00f3n leg\u00edtimas, log\u00edsticas y funcionales, que puedan ser implementadas por las comunidades para fortalecer y consolidar sus iniciativas de turismo comunitario.<\/p>\n<p>Para el desarrollo de este proceso se organizaron tres momentos clave:<\/p>\n<p>Durante el desarrollo de este plan, se cont\u00f3 con la participaci\u00f3n activa de los miembros de la comunidad, lo que permiti\u00f3 recopilar informaci\u00f3n clave sobre cada emprendimiento.<\/p>\n<p>Se espera que esta intervenci\u00f3n contribuya a una mayor apropiaci\u00f3n de las estrategias planteadas, facilitando su implementaci\u00f3n efectiva en la pr\u00e1ctica<\/p>\n<p>Para que este instrumento sea efectivo, es indispensable que quienes llevan la administraci\u00f3n: como junta directivas, personal administrativo y operativo, y comit\u00e9s de turismo trabajen en coordinaci\u00f3n.<\/p>\n","protected":false},"excerpt":{"rendered":"<p>POR MAR\u00cdA RECINOS Un plan de negocios es fundamental para cualquier emprendimiento tur\u00edstico, ya que proporciona una ruta clara hacia el \u00e9xito a largo plazo. No se trata \u00fanicamente de un documento, sino de una herramienta estrat\u00e9gica que detalla los objetivos del proyecto, las estrategias para alcanzarlos y los recursos necesarios para su implementaci\u00f3n. El [&hellip;]<\/p>\n","protected":false},"author":1,"featured_media":13428,"comment_status":"closed","ping_status":"closed","sticky":false,"template":"","format":"standard","meta":{"_exactmetrics_skip_tracking":false,"_exactmetrics_sitenote_active":false,"_exactmetrics_sitenote_note":"","_exactmetrics_sitenote_category":0,"jetpack_post_was_ever_published":false,"_jetpack_newsletter_access":"","_jetpack_dont_email_post_to_subs":false,"_jetpack_newsletter_tier_id":0,"_jetpack_memberships_contains_paywalled_content":false,"_jetpack_memberships_contains_paid_content":false,"footnotes":""},"categories":[452,3974],"tags":[],"class_list":["post-13425","post","type-post","status-publish","format-standard","has-post-thumbnail","hentry","category-frontpage","category-turismo-comunitario"],"jetpack_featured_media_url":"https:\/\/i0.wp.com\/www.entremundos.org\/revista\/wp-content\/uploads\/2025\/11\/DSC01420-scaled.jpg?fit=2560%2C1440&ssl=1","jetpack_shortlink":"https:\/\/wp.me\/s7ljt7-13425","jetpack-related-posts":[{"id":11500,"url":"https:\/\/www.entremundos.org\/revista\/frontpage\/desarrollo-y-turismo-comunitario\/","url_meta":{"origin":13425,"position":0},"title":"Desarrollo y turismo comunitario","author":"EntreMundos","date":"11 diciembre, 2023","format":false,"excerpt":"POR ADAFIS Y ASODIL\u00a0 En Guatemala se pueden disfrutar de experiencias inolvidables en cada recorrido que se haga en el pa\u00eds; pues \u00e9ste es de los pa\u00edses con mayores atractivos naturales en Centroam\u00e9rica. Como muestra, te presentamos dos proyectos exitosos de turismo comunitario; ADAFIS y ASODIL. Iniciamos el recorrido en\u2026","rel":"","context":"En \u00abFrontPage\u00bb","block_context":{"text":"FrontPage","link":"https:\/\/www.entremundos.org\/revista\/category\/frontpage\/"},"img":{"alt_text":"","src":"https:\/\/i0.wp.com\/www.entremundos.org\/revista\/wp-content\/uploads\/2023\/12\/foto-asodil-.jpg?fit=480%2C360&ssl=1&resize=350%2C200","width":350,"height":200},"classes":[]},{"id":13250,"url":"https:\/\/www.entremundos.org\/revista\/politica\/pymes-migracion-y-el-reto-de-la-informalidad-en-guatemala-una-economia-que-resiste-desde-abajo\/","url_meta":{"origin":13425,"position":1},"title":"PYMES, migraci\u00f3n y el reto de la informalidad en Guatemala: Una econom\u00eda que resiste desde abajo","author":"EntreMundos","date":"17 septiembre, 2025","format":false,"excerpt":"Por Alexander Castillo Este art\u00edculo analiza el papel crucial que juegan las Peque\u00f1as y Medianas Empresas (PYMES) y la migraci\u00f3n en la econom\u00eda guatemalteca. Con base en datos actuales, se resalta que m\u00e1s del 90\u202f% de las empresas del pa\u00eds son peque\u00f1as o medianas, y que las remesas representan cerca\u2026","rel":"","context":"En \u00abFrontPage\u00bb","block_context":{"text":"FrontPage","link":"https:\/\/www.entremundos.org\/revista\/category\/frontpage\/"},"img":{"alt_text":"","src":"","width":0,"height":0},"classes":[]},{"id":13246,"url":"https:\/\/www.entremundos.org\/revista\/politica\/el-mundo-no-es-como-lo-imaginamos\/","url_meta":{"origin":13425,"position":2},"title":"El mundo no es como lo imaginamos","author":"EntreMundos","date":"17 septiembre, 2025","format":false,"excerpt":"Por Juan Jos\u00e9 Hurtado Paz y Paz \"Ojal\u00e1 viviera en la teor\u00eda, porque en teor\u00eda todo est\u00e1 bien\" \u00a0Cita atribuida a Quino (Joaqu\u00edn Salvador Lavado Tej\u00f3n), en boca de su personaje Mafalda\u00a0 Vivimos en un mundo injusto, desigual, que excluye a las mayor\u00edas de oportunidades y posibilidades, y que niega\u2026","rel":"","context":"En \u00abFrontPage\u00bb","block_context":{"text":"FrontPage","link":"https:\/\/www.entremundos.org\/revista\/category\/frontpage\/"},"img":{"alt_text":"","src":"https:\/\/i0.wp.com\/www.entremundos.org\/revista\/wp-content\/uploads\/2025\/09\/img86.jpg?fit=1200%2C683&ssl=1&resize=350%2C200","width":350,"height":200,"srcset":"https:\/\/i0.wp.com\/www.entremundos.org\/revista\/wp-content\/uploads\/2025\/09\/img86.jpg?fit=1200%2C683&ssl=1&resize=350%2C200 1x, https:\/\/i0.wp.com\/www.entremundos.org\/revista\/wp-content\/uploads\/2025\/09\/img86.jpg?fit=1200%2C683&ssl=1&resize=525%2C300 1.5x, https:\/\/i0.wp.com\/www.entremundos.org\/revista\/wp-content\/uploads\/2025\/09\/img86.jpg?fit=1200%2C683&ssl=1&resize=700%2C400 2x, https:\/\/i0.wp.com\/www.entremundos.org\/revista\/wp-content\/uploads\/2025\/09\/img86.jpg?fit=1200%2C683&ssl=1&resize=1050%2C600 3x"},"classes":[]},{"id":13014,"url":"https:\/\/www.entremundos.org\/revista\/politica\/donar-no-es-negociar\/","url_meta":{"origin":13425,"position":3},"title":"Donar no es negociar","author":"EntreMundos","date":"30 julio, 2025","format":false,"excerpt":"Donar no es negociar Por Lisseth Santos De acuerdo a lo que se conoce respecto a la donaci\u00f3n, esta se refiere a una forma voluntaria de dar sin recibir nada a cambio. Sin embargo, el modelo\u00a0 econ\u00f3mico capitalista, en su fase neoliberal, ha convertido a la salud en un negocio\u2026","rel":"","context":"En \u00abFrontPage\u00bb","block_context":{"text":"FrontPage","link":"https:\/\/www.entremundos.org\/revista\/category\/frontpage\/"},"img":{"alt_text":"","src":"https:\/\/i0.wp.com\/www.entremundos.org\/revista\/wp-content\/uploads\/2025\/07\/20250702_150242-scaled.jpg?fit=1200%2C900&ssl=1&resize=350%2C200","width":350,"height":200,"srcset":"https:\/\/i0.wp.com\/www.entremundos.org\/revista\/wp-content\/uploads\/2025\/07\/20250702_150242-scaled.jpg?fit=1200%2C900&ssl=1&resize=350%2C200 1x, https:\/\/i0.wp.com\/www.entremundos.org\/revista\/wp-content\/uploads\/2025\/07\/20250702_150242-scaled.jpg?fit=1200%2C900&ssl=1&resize=525%2C300 1.5x, https:\/\/i0.wp.com\/www.entremundos.org\/revista\/wp-content\/uploads\/2025\/07\/20250702_150242-scaled.jpg?fit=1200%2C900&ssl=1&resize=700%2C400 2x, https:\/\/i0.wp.com\/www.entremundos.org\/revista\/wp-content\/uploads\/2025\/07\/20250702_150242-scaled.jpg?fit=1200%2C900&ssl=1&resize=1050%2C600 3x"},"classes":[]},{"id":13644,"url":"https:\/\/www.entremundos.org\/revista\/politica\/fortaleciendo-la-comunidad-desde-dentro-un-nuevo-capitulo-para-caras-alegres\/","url_meta":{"origin":13425,"position":4},"title":"Fortaleciendo la comunidad desde dentro: Un nuevo cap\u00edtulo para Caras Alegres","author":"EntreMundos","date":"4 abril, 2026","format":false,"excerpt":"POR VER\u00d3NICA DI MAGGIO Caras Alegres reabri\u00f3 sus puertas con una renovada claridad y enfoque estrat\u00e9gico. Despu\u00e9s de meses dedicados a la evaluaci\u00f3n y planificaci\u00f3n, este 2026 inicia no simplemente como un nuevo a\u00f1o operativo, sino como una expansi\u00f3n estructurada de nuestro impacto comunitario. El a\u00f1o pasado demostr\u00f3 que el\u2026","rel":"","context":"En \u00abFrontPage\u00bb","block_context":{"text":"FrontPage","link":"https:\/\/www.entremundos.org\/revista\/category\/frontpage\/"},"img":{"alt_text":"","src":"https:\/\/i0.wp.com\/www.entremundos.org\/revista\/wp-content\/uploads\/2026\/03\/633353323_1320877706749036_6826896970194983908_n.jpg?fit=1200%2C963&ssl=1&resize=350%2C200","width":350,"height":200,"srcset":"https:\/\/i0.wp.com\/www.entremundos.org\/revista\/wp-content\/uploads\/2026\/03\/633353323_1320877706749036_6826896970194983908_n.jpg?fit=1200%2C963&ssl=1&resize=350%2C200 1x, https:\/\/i0.wp.com\/www.entremundos.org\/revista\/wp-content\/uploads\/2026\/03\/633353323_1320877706749036_6826896970194983908_n.jpg?fit=1200%2C963&ssl=1&resize=525%2C300 1.5x, https:\/\/i0.wp.com\/www.entremundos.org\/revista\/wp-content\/uploads\/2026\/03\/633353323_1320877706749036_6826896970194983908_n.jpg?fit=1200%2C963&ssl=1&resize=700%2C400 2x, https:\/\/i0.wp.com\/www.entremundos.org\/revista\/wp-content\/uploads\/2026\/03\/633353323_1320877706749036_6826896970194983908_n.jpg?fit=1200%2C963&ssl=1&resize=1050%2C600 3x"},"classes":[]},{"id":11617,"url":"https:\/\/www.entremundos.org\/revista\/mujer\/la-cultura-es-lo-que-en-la-muerte-continua-siendo-la-vida\/","url_meta":{"origin":13425,"position":5},"title":"\u201cLa Cultura es lo que, en la muerte, contin\u00faa siendo la vida\u201d","author":"EntreMundos","date":"19 enero, 2024","format":false,"excerpt":"POR PATRICIA MIRALB\u00c9S \u00bfTe has preguntado alguna vez por qu\u00e9 un grupo social se comporta de cierta manera? \u00bfDe d\u00f3nde vienen las creencias que te inculcan desde peque\u00f1o? Todo esto tiene que ver con la cultura del lugar en donde vivimos. La cultura es la base de la construcci\u00f3n de\u2026","rel":"","context":"En \u00abCultura\u00bb","block_context":{"text":"Cultura","link":"https:\/\/www.entremundos.org\/revista\/category\/cultura\/"},"img":{"alt_text":"","src":"https:\/\/i0.wp.com\/www.entremundos.org\/revista\/wp-content\/uploads\/2024\/01\/whatsapp-image-2023-12-13-at-6.59.10-pm-1.jpeg?fit=1200%2C800&ssl=1&resize=350%2C200","width":350,"height":200,"srcset":"https:\/\/i0.wp.com\/www.entremundos.org\/revista\/wp-content\/uploads\/2024\/01\/whatsapp-image-2023-12-13-at-6.59.10-pm-1.jpeg?fit=1200%2C800&ssl=1&resize=350%2C200 1x, https:\/\/i0.wp.com\/www.entremundos.org\/revista\/wp-content\/uploads\/2024\/01\/whatsapp-image-2023-12-13-at-6.59.10-pm-1.jpeg?fit=1200%2C800&ssl=1&resize=525%2C300 1.5x, https:\/\/i0.wp.com\/www.entremundos.org\/revista\/wp-content\/uploads\/2024\/01\/whatsapp-image-2023-12-13-at-6.59.10-pm-1.jpeg?fit=1200%2C800&ssl=1&resize=700%2C400 2x, https:\/\/i0.wp.com\/www.entremundos.org\/revista\/wp-content\/uploads\/2024\/01\/whatsapp-image-2023-12-13-at-6.59.10-pm-1.jpeg?fit=1200%2C800&ssl=1&resize=1050%2C600 3x"},"classes":[]}],"jetpack_sharing_enabled":true,"_links":{"self":[{"href":"https:\/\/www.entremundos.org\/revista\/wp-json\/wp\/v2\/posts\/13425","targetHints":{"allow":["GET"]}}],"collection":[{"href":"https:\/\/www.entremundos.org\/revista\/wp-json\/wp\/v2\/posts"}],"about":[{"href":"https:\/\/www.entremundos.org\/revista\/wp-json\/wp\/v2\/types\/post"}],"author":[{"embeddable":true,"href":"https:\/\/www.entremundos.org\/revista\/wp-json\/wp\/v2\/users\/1"}],"replies":[{"embeddable":true,"href":"https:\/\/www.entremundos.org\/revista\/wp-json\/wp\/v2\/comments?post=13425"}],"version-history":[{"count":3,"href":"https:\/\/www.entremundos.org\/revista\/wp-json\/wp\/v2\/posts\/13425\/revisions"}],"predecessor-version":[{"id":13471,"href":"https:\/\/www.entremundos.org\/revista\/wp-json\/wp\/v2\/posts\/13425\/revisions\/13471"}],"wp:featuredmedia":[{"embeddable":true,"href":"https:\/\/www.entremundos.org\/revista\/wp-json\/wp\/v2\/media\/13428"}],"wp:attachment":[{"href":"https:\/\/www.entremundos.org\/revista\/wp-json\/wp\/v2\/media?parent=13425"}],"wp:term":[{"taxonomy":"category","embeddable":true,"href":"https:\/\/www.entremundos.org\/revista\/wp-json\/wp\/v2\/categories?post=13425"},{"taxonomy":"post_tag","embeddable":true,"href":"https:\/\/www.entremundos.org\/revista\/wp-json\/wp\/v2\/tags?post=13425"}],"curies":[{"name":"wp","href":"https:\/\/api.w.org\/{rel}","templated":true}]}}