{"id":13628,"date":"2026-04-04T13:26:52","date_gmt":"2026-04-04T21:26:52","guid":{"rendered":"https:\/\/www.entremundos.org\/revista\/?p=13628"},"modified":"2026-04-04T13:26:52","modified_gmt":"2026-04-04T21:26:52","slug":"participacion-incluyente","status":"publish","type":"post","link":"https:\/\/www.entremundos.org\/revista\/politica\/participacion-incluyente\/","title":{"rendered":"Participaci\u00f3n incluyente"},"content":{"rendered":"<p>Mujeres,\u00a0 democracia y poder<br \/>\nPOR EMMA G\u00d3MEZ<\/p>\n<p>En Guatemala, hablar de democracia implica necesariamente hablar de resistencia. Para las mujeres y en particular para las mujeres ind\u00edgenas, la democracia no ha sido un regalo del Estado ni el resultado autom\u00e1tico de elecciones peri\u00f3dicas, sino una conquista hist\u00f3rica forjada en la organizaci\u00f3n comunitaria, la defensa del territorio, la memoria colectiva y la lucha constante contra el racismo, el patriarcado y la exclusi\u00f3n estructural.<\/p>\n<p>El an\u00e1lisis desarrollado por Just Associates (JASS) Asociadas por lo Justo, por sus siglas en ingl\u00e9s, en \u201cHaciendo que el cambio sea una realidad\u201d, ofrece claves fundamentales para comprender la compleja relaci\u00f3n entre los movimientos feministas, los procesos electorales y el poder pol\u00edtico. Desde una mirada feminista y situada, el documento explica la idea de que las elecciones, por s\u00ed solas, garantizan democracia o justicia social.<br \/>\nEn contextos como el guatemalteco, donde el sistema pol\u00edtico ha sido capturado hist\u00f3ricamente por \u00e9lites econ\u00f3micas y redes de corrupci\u00f3n, las elecciones representan apenas un momento limitado y disputado dentro de una lucha mucho m\u00e1s amplia.<\/p>\n<p><a href=\"https:\/\/i0.wp.com\/www.entremundos.org\/revista\/wp-content\/uploads\/2026\/03\/WhatsApp-Image-2026-03-17-at-8.17.21-AM.jpeg?ssl=1\"><img data-recalc-dims=\"1\" loading=\"lazy\" decoding=\"async\" class=\"size-large wp-image-13622 aligncenter\" src=\"https:\/\/i0.wp.com\/www.entremundos.org\/revista\/wp-content\/uploads\/2026\/03\/WhatsApp-Image-2026-03-17-at-8.17.21-AM.jpeg?resize=640%2C960&#038;ssl=1\" alt=\"\" width=\"640\" height=\"960\" srcset=\"https:\/\/i0.wp.com\/www.entremundos.org\/revista\/wp-content\/uploads\/2026\/03\/WhatsApp-Image-2026-03-17-at-8.17.21-AM.jpeg?resize=683%2C1024&amp;ssl=1 683w, https:\/\/i0.wp.com\/www.entremundos.org\/revista\/wp-content\/uploads\/2026\/03\/WhatsApp-Image-2026-03-17-at-8.17.21-AM.jpeg?resize=200%2C300&amp;ssl=1 200w, https:\/\/i0.wp.com\/www.entremundos.org\/revista\/wp-content\/uploads\/2026\/03\/WhatsApp-Image-2026-03-17-at-8.17.21-AM.jpeg?resize=768%2C1152&amp;ssl=1 768w, https:\/\/i0.wp.com\/www.entremundos.org\/revista\/wp-content\/uploads\/2026\/03\/WhatsApp-Image-2026-03-17-at-8.17.21-AM.jpeg?resize=1024%2C1536&amp;ssl=1 1024w, https:\/\/i0.wp.com\/www.entremundos.org\/revista\/wp-content\/uploads\/2026\/03\/WhatsApp-Image-2026-03-17-at-8.17.21-AM.jpeg?w=1067&amp;ssl=1 1067w\" sizes=\"auto, (max-width: 640px) 100vw, 640px\" \/><\/a><\/p>\n<p>El documento, \u201cHaciendo que el Cambio sea una realidad\u201d, es una serie de publicaciones sobre ideas y estrategias que conforman la justicia social y el trabajo por los derechos de las mujeres de JASS en colaboraci\u00f3n con varias organizaciones y personas aliadas, adem\u00e1s, recopila y analiza la experiencia en torno a los procesos electorales. En conjunto con sus aliadas analizan cuestiones clave como, por qu\u00e9 participar en los ciclos electorales, las diferentes formas en que las organizaciones feministas y de mujeres se relacionan con las elecciones, as\u00ed como los obst\u00e1culos y posibilidades para avanzar. Este n\u00famero se centra en las experiencias de JASS en sus tres regiones Sureste de Asia, Mesoam\u00e9rica (M\u00e9xico, Guatemala y Honduras) y Sur de \u00c1frica, y abarca experiencias, actividades y reflexiones concentradas en el per\u00edodo 2020-2025.<\/p>\n<p>Combina a\u00f1os de experiencia, investigaci\u00f3n y organizaci\u00f3n en torno a cuestiones centrales como el poder, la defensa de los derechos, las narrativas, la educaci\u00f3n popular feminista y el desarrollo de capacidades, todo ello desde el marco de la construcci\u00f3n y el fortalecimiento de movimientos con perspectiva feminista.<\/p>\n<p>En un momento en que la democracia se enfrenta a amenazas globales como el auge del autoritarismo y la erosi\u00f3n de la confianza p\u00fablica, esperamos que esta publicaci\u00f3n alimente reflexiones y debates m\u00e1s profundos, contribuya a avanzar hacia pr\u00e1cticas que defiendan la democracia real y las libertades para las mujeres y para la defensa de la vida.<\/p>\n<p>Mientras la administraci\u00f3n agita al p\u00fablico con provocaciones raciales y divisiones pol\u00edticas, el sector de las prisiones privadas y de la vigilancia est\u00e1 comprando acceso pol\u00edtico y ganando miles de millones de d\u00f3lares en contratos gubernamentales.<\/p>\n<p>Estos puntos sirvieron de base para la estructura y el an\u00e1lisis de esta publicaci\u00f3n. En primer lugar, para la mayor\u00eda de las organizaciones, participar en las elecciones no es una cuesti\u00f3n de s\u00ed o no, basada en una postura ideol\u00f3gica, sino m\u00e1s bien una decisi\u00f3n que surge de un an\u00e1lisis cuidadoso del momento, el contexto pol\u00edtico, las relaciones de poder y los objetivos a largo plazo de la organizaci\u00f3n o movimiento.<br \/>\nEn segundo lugar, existe un amplio consenso en que la participaci\u00f3n en las elecciones, sea cual sea la forma, debe ser siempre parte de una estrategia m\u00e1s amplia de construcci\u00f3n de movimientos.<\/p>\n<p>&nbsp;<\/p>\n<p>En tercer lugar, las elecciones tienen un alcance limitado en lo que pueden ofrecer en t\u00e9rminos de construcci\u00f3n de una democracia real, al igual que el poder del Estado para lograr un cambio transformativo. Partimos del reconocimiento de que el sistema est\u00e1 ama\u00f1ado y que los gobiernos sirven en gran medida a los intereses capitalistas y patriarcales.<\/p>\n<p>Citan a la ex diputada del Congreso de Guatemala Sandra Moran: \u201cComo movimientos, tenemos que ser capaces de disputar el poder en todos los \u00e1mbitos, y tenemos que ser capaces de hacerlo de diferentes maneras, en distintos contextos y con diferentes acciones&#8230; Si las elecciones forman parte de una estrategia m\u00e1s amplia, entonces podemos construir el poder popular, podemos poner nuestros temas sobre la mesa, plantear nuestras demandas y presentar nuestras propuestas, y estamos construyendo movimientos con candidatos que pueden ayudarnos a construir ese poder. Si no forman parte de una estrategia m\u00e1s amplia, es probable que nos debiliten\u201d<\/p>\n<p><strong>Elecciones en un sistema desigual<\/strong><\/p>\n<p>Guatemala es un ejemplo claro de c\u00f3mo los procesos electorales pueden ser utilizados para legitimar estructuras profundamente antidemocr\u00e1ticas. La exclusi\u00f3n sistem\u00e1tica de pueblos ind\u00edgenas, mujeres, juventudes y comunidades rurales ha sido una constante, incluso bajo gobiernos formalmente electos. En este contexto, las mujeres organizadas no se aproximan a las elecciones desde la ingenuidad, sino desde un an\u00e1lisis cr\u00edtico del poder.<\/p>\n<p>Tal como plantea JASS, los movimientos de mujeres no se preguntan simplemente si deben o no participar en elecciones, sino c\u00f3mo hacerlo sin perder autonom\u00eda, sin fragmentarse y sin legitimar un sistema que hist\u00f3ricamente las ha marginado. La participaci\u00f3n electoral, cuando existe, se inserta en estrategias m\u00e1s amplias de fortalecimiento organizativo, educaci\u00f3n pol\u00edtica y construcci\u00f3n de poder desde abajo.<\/p>\n<p>Las movilizaciones de 2023 en Guatemala marcaron un punto de inflexi\u00f3n. Frente al intento del llamado Pacto de los Corruptos de desconocer los resultados electorales y perpetuarse en el poder, los pueblos ind\u00edgenas con un liderazgo femenino visible y decisivo encabezaron una movilizaci\u00f3n nacional sin precedentes. Durante m\u00e1s de cien d\u00edas, comunidades enteras sostuvieron la defensa del voto popular no porque confiaran ciegamente en un nuevo gobierno, sino porque sab\u00edan que el robo electoral consolidar\u00eda un r\u00e9gimen a\u00fan m\u00e1s autoritario y violento.<\/p>\n<p>Las mujeres ind\u00edgenas desempe\u00f1aron un papel central: organizaron turnos, sostuvieron la log\u00edstica comunitaria, articularon discursos pol\u00edticos y colocaron en el debate p\u00fablico una pregunta profunda y necesaria: \u00bfqu\u00e9 tipo de democracia queremos construir? Para muchas lideresas, la democracia liberal heredada del colonialismo no responde a sus realidades ni garantiza la vida digna de sus pueblos. Su lucha, como ellas mismas expresan, no comenz\u00f3 en 2023 ni termin\u00f3 con la toma de posesi\u00f3n de un nuevo presidente; es parte de m\u00e1s de 500 a\u00f1os de resistencia.<br \/>\nDurante los procesos electorales, la educaci\u00f3n popular feminista ha permitido transformar las elecciones en espacios de aprendizaje pol\u00edtico, no de adoctrinamiento partidario. Mujeres que hist\u00f3ricamente fueron excluidas del debate p\u00fablico han encontrado espacios para analizar propuestas, cuestionar narrativas dominantes y articular demandas propias, desde la defensa del territorio y los derechos colectivos hasta la autonom\u00eda corporal y la justicia econ\u00f3mica.<\/p>\n<p>&nbsp;<\/p>\n<p><strong>Riesgos, violencia y cuidado colectivo<\/strong><\/p>\n<p>Participar o incluso existir en contextos electorales implica riesgos reales para las mujeres defensoras de derechos humanos. La criminalizaci\u00f3n, la violencia pol\u00edtica de g\u00e9nero y el racismo institucional se intensifican en estos per\u00edodos. Por ello, JASS subraya la importancia de la protecci\u00f3n colectiva y el cuidado como estrategias pol\u00edticas, no como acciones secundarias.<\/p>\n<p>En Guatemala, las redes comunitarias, la solidaridad interorganizacional y la memoria ancestral han sido claves para sostener la participaci\u00f3n de las mujeres en contextos de alta conflictividad. Cuidarse entre s\u00ed, proteger a las lideresas y actuar colectivamente ha permitido resistir la violencia y mantener abierto el espacio c\u00edvico.<\/p>\n<p>En el contexto de los \u00faltimos a\u00f1os, se han producido cambios importantes que han llevado a las organizaciones y a los movimientos a replantearse la relaci\u00f3n entre las elecciones y las estrategias de construcci\u00f3n de movimientos, cita el documento.<\/p>\n<p><em>Si desean seguir leyendo m\u00e1s sobre este tema, el documento esta disponible en el siguiente enlace https:\/\/justassociates.org\/es\/resource_cat\/haciendo-que-cambio-sea-una-realidad\/<\/em><\/p>\n","protected":false},"excerpt":{"rendered":"<p>Mujeres,\u00a0 democracia y poder POR EMMA G\u00d3MEZ En Guatemala, hablar de democracia implica necesariamente hablar de resistencia. Para las mujeres y en particular para las mujeres ind\u00edgenas, la democracia no ha sido un regalo del Estado ni el resultado autom\u00e1tico de elecciones peri\u00f3dicas, sino una conquista hist\u00f3rica forjada en la organizaci\u00f3n comunitaria, la defensa del [&hellip;]<\/p>\n","protected":false},"author":1,"featured_media":13620,"comment_status":"closed","ping_status":"closed","sticky":false,"template":"","format":"standard","meta":{"_exactmetrics_skip_tracking":false,"_exactmetrics_sitenote_active":false,"_exactmetrics_sitenote_note":"","_exactmetrics_sitenote_category":0,"jetpack_post_was_ever_published":false,"_jetpack_newsletter_access":"","_jetpack_dont_email_post_to_subs":false,"_jetpack_newsletter_tier_id":0,"_jetpack_memberships_contains_paywalled_content":false,"_jetpack_memberships_contains_paid_content":false,"footnotes":""},"categories":[452,386,378,1772],"tags":[802,731,1089,796,5235,98,1292,5201,1024,103,5234],"class_list":["post-13628","post","type-post","status-publish","format-standard","has-post-thumbnail","hentry","category-frontpage","category-mujer","category-politica","category-situacion-social","tag-democracia","tag-educacion","tag-gobierno","tag-justicia-social","tag-libertades","tag-mujeres","tag-mujeres-indigenas","tag-organizacion","tag-poder","tag-politica","tag-sistema"],"jetpack_featured_media_url":"https:\/\/i0.wp.com\/www.entremundos.org\/revista\/wp-content\/uploads\/2026\/03\/WhatsApp-Image-2026-03-17-at-8.14.30-AM.jpeg?fit=1600%2C1067&ssl=1","jetpack_shortlink":"https:\/\/wp.me\/p7ljt7-3xO","jetpack-related-posts":[{"id":12224,"url":"https:\/\/www.entremundos.org\/revista\/mujer\/derechos-sexuales-y-reproductivos-tema-pendiente-en-guatemala\/","url_meta":{"origin":13628,"position":0},"title":"Derechos sexuales y reproductivos; tema pendiente en Guatemala","author":"EntreMundos","date":"15 julio, 2024","format":false,"excerpt":"POR EMMA G\u00d3MEZ Seg\u00fan La Organizaci\u00f3n de las Naciones Unidas de los Derechos Humanos, (ONU-DH), los derechos sexuales y reproductivos est\u00e1n relacionados con la libertad de las personas a decidir sobre su sexualidad y el ejercicio libre de la misma. Algunos derechos pueden ser; ejercer la sexualidad de manera independiente\u2026","rel":"","context":"En \u00abFrontPage\u00bb","block_context":{"text":"FrontPage","link":"https:\/\/www.entremundos.org\/revista\/category\/frontpage\/"},"img":{"alt_text":"","src":"https:\/\/i0.wp.com\/www.entremundos.org\/revista\/wp-content\/uploads\/2024\/07\/444487166_750607893953803_8829963883492089519_n.jpg?fit=1200%2C1158&ssl=1&resize=350%2C200","width":350,"height":200,"srcset":"https:\/\/i0.wp.com\/www.entremundos.org\/revista\/wp-content\/uploads\/2024\/07\/444487166_750607893953803_8829963883492089519_n.jpg?fit=1200%2C1158&ssl=1&resize=350%2C200 1x, https:\/\/i0.wp.com\/www.entremundos.org\/revista\/wp-content\/uploads\/2024\/07\/444487166_750607893953803_8829963883492089519_n.jpg?fit=1200%2C1158&ssl=1&resize=525%2C300 1.5x, https:\/\/i0.wp.com\/www.entremundos.org\/revista\/wp-content\/uploads\/2024\/07\/444487166_750607893953803_8829963883492089519_n.jpg?fit=1200%2C1158&ssl=1&resize=700%2C400 2x, https:\/\/i0.wp.com\/www.entremundos.org\/revista\/wp-content\/uploads\/2024\/07\/444487166_750607893953803_8829963883492089519_n.jpg?fit=1200%2C1158&ssl=1&resize=1050%2C600 3x"},"classes":[]},{"id":12980,"url":"https:\/\/www.entremundos.org\/revista\/mujer\/el-otro-lado-del-viaje-sonado-detras-de-un-espacio-internacional\/","url_meta":{"origin":13628,"position":1},"title":"El otro lado del viaje so\u00f1ado; detr\u00e1s de un espacio internacional","author":"EntreMundos","date":"23 julio, 2025","format":false,"excerpt":"Por Adela Tuy Cuando la gente escucha \u2018Conferencias Internacionales\u2019 piensa en edificios lujosos, gente hablando en ingl\u00e9s, muchas fotos formales y muchos discursos bonitos; tambi\u00e9n en lo elegante de participar en una conferencia y ponerlo en tu curr\u00edculum vitae. Sin embargo, nadie les cuenta sobre lo que hay detr\u00e1s de\u2026","rel":"","context":"En \u00abCine\u00bb","block_context":{"text":"Cine","link":"https:\/\/www.entremundos.org\/revista\/category\/cine\/"},"img":{"alt_text":"","src":"https:\/\/i0.wp.com\/www.entremundos.org\/revista\/wp-content\/uploads\/2025\/07\/20241121_092407-143c-1.jpg?fit=1200%2C800&ssl=1&resize=350%2C200","width":350,"height":200,"srcset":"https:\/\/i0.wp.com\/www.entremundos.org\/revista\/wp-content\/uploads\/2025\/07\/20241121_092407-143c-1.jpg?fit=1200%2C800&ssl=1&resize=350%2C200 1x, https:\/\/i0.wp.com\/www.entremundos.org\/revista\/wp-content\/uploads\/2025\/07\/20241121_092407-143c-1.jpg?fit=1200%2C800&ssl=1&resize=525%2C300 1.5x, https:\/\/i0.wp.com\/www.entremundos.org\/revista\/wp-content\/uploads\/2025\/07\/20241121_092407-143c-1.jpg?fit=1200%2C800&ssl=1&resize=700%2C400 2x, https:\/\/i0.wp.com\/www.entremundos.org\/revista\/wp-content\/uploads\/2025\/07\/20241121_092407-143c-1.jpg?fit=1200%2C800&ssl=1&resize=1050%2C600 3x"},"classes":[]},{"id":12859,"url":"https:\/\/www.entremundos.org\/revista\/politica\/mujeres-indigenas-y-rurales-en-defensa-del-territorio-frente-al-extractivismo-en-guatemala\/","url_meta":{"origin":13628,"position":2},"title":"Mujeres ind\u00edgenas y rurales en defensa del territorio frente al extractivismo en Guatemala","author":"EntreMundos","date":"21 mayo, 2025","format":false,"excerpt":"Por Asociadas Por lo Justo (JASS) Este es un resumen de un mapeo realizado por JASS, para compartir sus an\u00e1lisis, sus luchas y los impactos en sus vidas. El objetivo es contar las luchas por el territorio frente al extractivismo en Guatemala e identificar el papel y el impacto en\u2026","rel":"","context":"En \u00abFrontPage\u00bb","block_context":{"text":"FrontPage","link":"https:\/\/www.entremundos.org\/revista\/category\/frontpage\/"},"img":{"alt_text":"","src":"https:\/\/i0.wp.com\/www.entremundos.org\/revista\/wp-content\/uploads\/2025\/05\/2-scaled.png?fit=1200%2C843&ssl=1&resize=350%2C200","width":350,"height":200,"srcset":"https:\/\/i0.wp.com\/www.entremundos.org\/revista\/wp-content\/uploads\/2025\/05\/2-scaled.png?fit=1200%2C843&ssl=1&resize=350%2C200 1x, https:\/\/i0.wp.com\/www.entremundos.org\/revista\/wp-content\/uploads\/2025\/05\/2-scaled.png?fit=1200%2C843&ssl=1&resize=525%2C300 1.5x, https:\/\/i0.wp.com\/www.entremundos.org\/revista\/wp-content\/uploads\/2025\/05\/2-scaled.png?fit=1200%2C843&ssl=1&resize=700%2C400 2x, https:\/\/i0.wp.com\/www.entremundos.org\/revista\/wp-content\/uploads\/2025\/05\/2-scaled.png?fit=1200%2C843&ssl=1&resize=1050%2C600 3x"},"classes":[]},{"id":10833,"url":"https:\/\/www.entremundos.org\/revista\/politica\/violencia-contra-las-mujeres-dominio-masculino-en-la-politica\/","url_meta":{"origin":13628,"position":3},"title":"Violencia contra las mujeres: dominio masculino en la pol\u00edtica","author":"EntreMundos","date":"29 mayo, 2023","format":false,"excerpt":"Silvia Lilian Trujillo La violencia pol\u00edtica es sistem\u00e1tica y permanente, se produce para inhibir, ralentizar o restringir la participaci\u00f3n pol\u00edtica de mujeres, en el marco de un sistema que se resiste a aceptar su igualdad de derechos. Mientras no se trabaje para acabar con esta violencia espec\u00edfica la calidad de\u2026","rel":"","context":"En \u00abFrontPage\u00bb","block_context":{"text":"FrontPage","link":"https:\/\/www.entremundos.org\/revista\/category\/frontpage\/"},"img":{"alt_text":"","src":"https:\/\/i0.wp.com\/www.entremundos.org\/revista\/wp-content\/uploads\/2023\/05\/000_16w772-1.jpg?fit=1200%2C799&ssl=1&resize=350%2C200","width":350,"height":200,"srcset":"https:\/\/i0.wp.com\/www.entremundos.org\/revista\/wp-content\/uploads\/2023\/05\/000_16w772-1.jpg?fit=1200%2C799&ssl=1&resize=350%2C200 1x, https:\/\/i0.wp.com\/www.entremundos.org\/revista\/wp-content\/uploads\/2023\/05\/000_16w772-1.jpg?fit=1200%2C799&ssl=1&resize=525%2C300 1.5x, https:\/\/i0.wp.com\/www.entremundos.org\/revista\/wp-content\/uploads\/2023\/05\/000_16w772-1.jpg?fit=1200%2C799&ssl=1&resize=700%2C400 2x, https:\/\/i0.wp.com\/www.entremundos.org\/revista\/wp-content\/uploads\/2023\/05\/000_16w772-1.jpg?fit=1200%2C799&ssl=1&resize=1050%2C600 3x"},"classes":[]},{"id":13642,"url":"https:\/\/www.entremundos.org\/revista\/politica\/las-mujeres-inspiran-es-hora-de-acabar-con-las-brechas-de-desigualdad\/","url_meta":{"origin":13628,"position":4},"title":"Las mujeres inspiran: Es hora de acabar con las brechas de desigualdad","author":"EntreMundos","date":"4 abril, 2026","format":false,"excerpt":"POR MARIANA L\u00d3PEZ La discriminaci\u00f3n y racismo son temas que se han abordado e incluso se ha dicho que ya se han superado estando lejos de ser parte de nuestra realidad, sin embargo, basta con observar para comprender que una cosa es el discurso y otra la pr\u00e1ctica. En la\u2026","rel":"","context":"En \u00abFrontPage\u00bb","block_context":{"text":"FrontPage","link":"https:\/\/www.entremundos.org\/revista\/category\/frontpage\/"},"img":{"alt_text":"","src":"https:\/\/i0.wp.com\/www.entremundos.org\/revista\/wp-content\/uploads\/2026\/03\/649499575_1230883245899060_5224768132019882352_n.jpg?fit=1200%2C800&ssl=1&resize=350%2C200","width":350,"height":200,"srcset":"https:\/\/i0.wp.com\/www.entremundos.org\/revista\/wp-content\/uploads\/2026\/03\/649499575_1230883245899060_5224768132019882352_n.jpg?fit=1200%2C800&ssl=1&resize=350%2C200 1x, https:\/\/i0.wp.com\/www.entremundos.org\/revista\/wp-content\/uploads\/2026\/03\/649499575_1230883245899060_5224768132019882352_n.jpg?fit=1200%2C800&ssl=1&resize=525%2C300 1.5x, https:\/\/i0.wp.com\/www.entremundos.org\/revista\/wp-content\/uploads\/2026\/03\/649499575_1230883245899060_5224768132019882352_n.jpg?fit=1200%2C800&ssl=1&resize=700%2C400 2x, https:\/\/i0.wp.com\/www.entremundos.org\/revista\/wp-content\/uploads\/2026\/03\/649499575_1230883245899060_5224768132019882352_n.jpg?fit=1200%2C800&ssl=1&resize=1050%2C600 3x"},"classes":[]},{"id":11407,"url":"https:\/\/www.entremundos.org\/revista\/politica\/del-papel-a-la-pantalla\/","url_meta":{"origin":13628,"position":5},"title":"Del papel a la pantalla","author":"EntreMundos","date":"10 noviembre, 2023","format":false,"excerpt":"POR EMMA G\u00d3MEZ Dos pa\u00edses golpeados por la corrupci\u00f3n, violaci\u00f3n de los derechos humanos, injusticias, persecuciones y despojos, por mencionar algunos de los males que tienen en com\u00fan Guatemala y El Salvador. El proyecto, Del Papel a la Pantalla, presenta dos propuestas visuales para reflexionar sobre la educaci\u00f3n sexual y\u2026","rel":"","context":"En \u00abAccion Comunitaria\u00bb","block_context":{"text":"Accion Comunitaria","link":"https:\/\/www.entremundos.org\/revista\/category\/politica\/accion-comunitaria-3\/"},"img":{"alt_text":"","src":"https:\/\/i0.wp.com\/www.entremundos.org\/revista\/wp-content\/uploads\/2023\/11\/whatsapp-image-2023-10-23-at-9.54.45-am-2.jpeg?fit=1200%2C800&ssl=1&resize=350%2C200","width":350,"height":200,"srcset":"https:\/\/i0.wp.com\/www.entremundos.org\/revista\/wp-content\/uploads\/2023\/11\/whatsapp-image-2023-10-23-at-9.54.45-am-2.jpeg?fit=1200%2C800&ssl=1&resize=350%2C200 1x, https:\/\/i0.wp.com\/www.entremundos.org\/revista\/wp-content\/uploads\/2023\/11\/whatsapp-image-2023-10-23-at-9.54.45-am-2.jpeg?fit=1200%2C800&ssl=1&resize=525%2C300 1.5x, https:\/\/i0.wp.com\/www.entremundos.org\/revista\/wp-content\/uploads\/2023\/11\/whatsapp-image-2023-10-23-at-9.54.45-am-2.jpeg?fit=1200%2C800&ssl=1&resize=700%2C400 2x, https:\/\/i0.wp.com\/www.entremundos.org\/revista\/wp-content\/uploads\/2023\/11\/whatsapp-image-2023-10-23-at-9.54.45-am-2.jpeg?fit=1200%2C800&ssl=1&resize=1050%2C600 3x"},"classes":[]}],"jetpack_sharing_enabled":true,"_links":{"self":[{"href":"https:\/\/www.entremundos.org\/revista\/wp-json\/wp\/v2\/posts\/13628","targetHints":{"allow":["GET"]}}],"collection":[{"href":"https:\/\/www.entremundos.org\/revista\/wp-json\/wp\/v2\/posts"}],"about":[{"href":"https:\/\/www.entremundos.org\/revista\/wp-json\/wp\/v2\/types\/post"}],"author":[{"embeddable":true,"href":"https:\/\/www.entremundos.org\/revista\/wp-json\/wp\/v2\/users\/1"}],"replies":[{"embeddable":true,"href":"https:\/\/www.entremundos.org\/revista\/wp-json\/wp\/v2\/comments?post=13628"}],"version-history":[{"count":2,"href":"https:\/\/www.entremundos.org\/revista\/wp-json\/wp\/v2\/posts\/13628\/revisions"}],"predecessor-version":[{"id":13630,"href":"https:\/\/www.entremundos.org\/revista\/wp-json\/wp\/v2\/posts\/13628\/revisions\/13630"}],"wp:featuredmedia":[{"embeddable":true,"href":"https:\/\/www.entremundos.org\/revista\/wp-json\/wp\/v2\/media\/13620"}],"wp:attachment":[{"href":"https:\/\/www.entremundos.org\/revista\/wp-json\/wp\/v2\/media?parent=13628"}],"wp:term":[{"taxonomy":"category","embeddable":true,"href":"https:\/\/www.entremundos.org\/revista\/wp-json\/wp\/v2\/categories?post=13628"},{"taxonomy":"post_tag","embeddable":true,"href":"https:\/\/www.entremundos.org\/revista\/wp-json\/wp\/v2\/tags?post=13628"}],"curies":[{"name":"wp","href":"https:\/\/api.w.org\/{rel}","templated":true}]}}