{"id":13635,"date":"2026-04-04T13:54:26","date_gmt":"2026-04-04T21:54:26","guid":{"rendered":"https:\/\/www.entremundos.org\/revista\/?p=13635"},"modified":"2026-04-04T13:56:07","modified_gmt":"2026-04-04T21:56:07","slug":"el-amanecer-de-los-pueblos-democracia-territorio-y-juventud-en-guatemala","status":"publish","type":"post","link":"https:\/\/www.entremundos.org\/revista\/politica\/el-amanecer-de-los-pueblos-democracia-territorio-y-juventud-en-guatemala\/","title":{"rendered":"El amanecer de los pueblos: democracia, territorio y juventud en Guatemala"},"content":{"rendered":"<p>POR OXFAM<\/p>\n<p>En 2023, Guatemala vivi\u00f3 un momento que muchos llamaron hist\u00f3rico. Autoridades ind\u00edgenas y comunidades enteras se movilizaron para defender los resultados electorales y exigir respeto al orden constitucional. No fue solo una protesta: fue una lecci\u00f3n de democracia, como plantea Romeo Tiu L\u00f3pez en El amanecer de los pueblos, un documento elaborado con el apoyo del Rockefeller Brothers Fund, Oxfam en Guatemala.<\/p>\n<p>En este documento se aborda c\u00f3mo este levantamiento evidenci\u00f3 que los pueblos ind\u00edgenas no son actores marginales, sino protagonistas en la defensa de los derechos humanos y la vida democr\u00e1tica del pa\u00eds.<\/p>\n<p>Pero \u00bfqu\u00e9 significa democracia para los pueblos ind\u00edgenas? No se trata \u00fanicamente de votar cada cuatro a\u00f1os. En muchas comunidades, la democracia se vive todos los d\u00edas a trav\u00e9s de asambleas, consultas comunitarias y sistemas de cargos que funcionan como un servicio al bien com\u00fan.<\/p>\n<p>Las autoridades electas en las comunidades no gobiernan para enriquecerse, sino para servir. En lugares como Totonicap\u00e1n y Solol\u00e1, las decisiones importantes se toman colectivamente y las autoridades responden ante su comunidad, no ante intereses partidarios.<\/p>\n<p>&nbsp;<\/p>\n<figure id=\"attachment_13578\" aria-describedby=\"caption-attachment-13578\" style=\"width: 640px\" class=\"wp-caption aligncenter\"><a href=\"https:\/\/i0.wp.com\/www.entremundos.org\/revista\/wp-content\/uploads\/2026\/03\/48-Cantones-de-Totonicapan-4.jpeg?ssl=1\"><img data-recalc-dims=\"1\" loading=\"lazy\" decoding=\"async\" class=\"wp-image-13578 size-large\" src=\"https:\/\/i0.wp.com\/www.entremundos.org\/revista\/wp-content\/uploads\/2026\/03\/48-Cantones-de-Totonicapan-4.jpeg?resize=640%2C427&#038;ssl=1\" alt=\"\" width=\"640\" height=\"427\" srcset=\"https:\/\/i0.wp.com\/www.entremundos.org\/revista\/wp-content\/uploads\/2026\/03\/48-Cantones-de-Totonicapan-4.jpeg?resize=1024%2C683&amp;ssl=1 1024w, https:\/\/i0.wp.com\/www.entremundos.org\/revista\/wp-content\/uploads\/2026\/03\/48-Cantones-de-Totonicapan-4.jpeg?resize=300%2C200&amp;ssl=1 300w, https:\/\/i0.wp.com\/www.entremundos.org\/revista\/wp-content\/uploads\/2026\/03\/48-Cantones-de-Totonicapan-4.jpeg?resize=768%2C512&amp;ssl=1 768w, https:\/\/i0.wp.com\/www.entremundos.org\/revista\/wp-content\/uploads\/2026\/03\/48-Cantones-de-Totonicapan-4.jpeg?resize=1536%2C1024&amp;ssl=1 1536w, https:\/\/i0.wp.com\/www.entremundos.org\/revista\/wp-content\/uploads\/2026\/03\/48-Cantones-de-Totonicapan-4.jpeg?w=1600&amp;ssl=1 1600w, https:\/\/i0.wp.com\/www.entremundos.org\/revista\/wp-content\/uploads\/2026\/03\/48-Cantones-de-Totonicapan-4.jpeg?w=1280&amp;ssl=1 1280w\" sizes=\"auto, (max-width: 640px) 100vw, 640px\" \/><\/a><figcaption id=\"caption-attachment-13578\" class=\"wp-caption-text\">Cr\u00e9ditos: Agencia Ocote. Manifestaci\u00f3n pueblos ind\u00edgenas, Guatemala.<\/figcaption><\/figure>\n<p>Esta forma de organizaci\u00f3n tiene ra\u00edces profundas. Antes de la invasi\u00f3n europea, los pueblos originarios ya contaban con sistemas propios de gobierno basados en el parentesco, la experiencia de los mayores y el equilibrio con el territorio. Sin embargo, la historia oficial invisibiliza estos sistemas y los reduce a simples \u201ccostumbres\u201d. La imposici\u00f3n del modelo de Estado-naci\u00f3n dej\u00f3 a los pueblos ind\u00edgenas fuera de la construcci\u00f3n de la democracia moderna, limitando su participaci\u00f3n al voto, muchas veces sin representaci\u00f3n real.<\/p>\n<p>Uno de los derechos m\u00e1s importantes en esta lucha es el derecho al territorio. No se trata solo de tierra como propiedad, sino como espacio de vida, cultura, idioma, espiritualidad y organizaci\u00f3n social. Las tierras comunales, son el coraz\u00f3n de la vida colectiva. Sin embargo, han sido hist\u00f3ricamente despojadas o codiciadas por intereses econ\u00f3micos vinculados a proyectos extractivos, hidroel\u00e9ctricos o monocultivos.<\/p>\n<p>Frente a estas amenazas, las consultas comunitarias se han convertido en un mecanismo clave. Basadas en el Convenio 169 de la Organizaci\u00f3n Internacional del Trabajo (OIT), estas consultas expresan el derecho de los pueblos a decidir sobre proyectos que afectan su territorio. Aunque el Estado muchas veces ha ignorado estos procesos, las comunidades los han sostenido como una pr\u00e1ctica leg\u00edtima de participaci\u00f3n y autodeterminaci\u00f3n.<\/p>\n<p>Este momento hist\u00f3rico plantea preguntas urgentes: \u00bfqu\u00e9 tipo de democracia queremos? \u00bfUna que funcione s\u00f3lo en el papel, o una que garantice vida digna, igualdad y participaci\u00f3n real? La experiencia de los pueblos ind\u00edgenas demuestra que es posible construir formas de gobierno m\u00e1s horizontales, con alternancia, rendici\u00f3n de cuentas y compromiso \u00e9tico.<\/p>\n<p>El \u201camanecer\u201d del que habla el autor no es un eslogan rom\u00e1ntico. Es la posibilidad concreta de repensar Guatemala desde la inclusi\u00f3n y el respeto a la diversidad cultural. Es necesario reconocer que la democracia no puede sostenerse sin los pueblos que hist\u00f3ricamente han sido excluidos.<\/p>\n<p>Implica tambi\u00e9n que las juventudes asuman un papel activo: informarse, participar, cuestionar y construir. Defender los derechos humanos hoy, no es s\u00f3lo exigir justicia frente a abusos; es tambi\u00e9n valorar y fortalecer las pr\u00e1cticas comunitarias que ya existen. Si la soberan\u00eda reside en el pueblo, como dice la Constituci\u00f3n, entonces la democracia debe nacer desde abajo, desde las comunidades, desde la colectividad.<\/p>\n","protected":false},"excerpt":{"rendered":"<p>POR OXFAM En 2023, Guatemala vivi\u00f3 un momento que muchos llamaron hist\u00f3rico. Autoridades ind\u00edgenas y comunidades enteras se movilizaron para defender los resultados electorales y exigir respeto al orden constitucional. No fue solo una protesta: fue una lecci\u00f3n de democracia, como plantea Romeo Tiu L\u00f3pez en El amanecer de los pueblos, un documento elaborado con [&hellip;]<\/p>\n","protected":false},"author":1,"featured_media":13580,"comment_status":"closed","ping_status":"closed","sticky":false,"template":"","format":"standard","meta":{"_exactmetrics_skip_tracking":false,"_exactmetrics_sitenote_active":false,"_exactmetrics_sitenote_note":"","_exactmetrics_sitenote_category":0,"jetpack_post_was_ever_published":false,"_jetpack_newsletter_access":"","_jetpack_dont_email_post_to_subs":false,"_jetpack_newsletter_tier_id":0,"_jetpack_memberships_contains_paywalled_content":false,"_jetpack_memberships_contains_paid_content":false,"footnotes":""},"categories":[402,452,378],"tags":[5248,4162,485,802,65,1102,98,5247,1252,4525,109],"class_list":["post-13635","post","type-post","status-publish","format-standard","has-post-thumbnail","hentry","category-accion-comunitaria-3","category-frontpage","category-politica","tag-colectivo","tag-comunidades","tag-convenio-169","tag-democracia","tag-guatemala","tag-historia","tag-mujeres","tag-organizacion-social","tag-proyectos","tag-pueblos-originarios","tag-resistencia"],"jetpack_featured_media_url":"https:\/\/i0.wp.com\/www.entremundos.org\/revista\/wp-content\/uploads\/2026\/03\/48-Cantones-de-Totonicapan-980x650-1.jpeg?fit=980%2C650&ssl=1","jetpack_shortlink":"https:\/\/wp.me\/p7ljt7-3xV","jetpack-related-posts":[{"id":12859,"url":"https:\/\/www.entremundos.org\/revista\/politica\/mujeres-indigenas-y-rurales-en-defensa-del-territorio-frente-al-extractivismo-en-guatemala\/","url_meta":{"origin":13635,"position":0},"title":"Mujeres ind\u00edgenas y rurales en defensa del territorio frente al extractivismo en Guatemala","author":"EntreMundos","date":"21 mayo, 2025","format":false,"excerpt":"Por Asociadas Por lo Justo (JASS) Este es un resumen de un mapeo realizado por JASS, para compartir sus an\u00e1lisis, sus luchas y los impactos en sus vidas. El objetivo es contar las luchas por el territorio frente al extractivismo en Guatemala e identificar el papel y el impacto en\u2026","rel":"","context":"En \u00abFrontPage\u00bb","block_context":{"text":"FrontPage","link":"https:\/\/www.entremundos.org\/revista\/category\/frontpage\/"},"img":{"alt_text":"","src":"https:\/\/i0.wp.com\/www.entremundos.org\/revista\/wp-content\/uploads\/2025\/05\/2-scaled.png?fit=1200%2C843&ssl=1&resize=350%2C200","width":350,"height":200,"srcset":"https:\/\/i0.wp.com\/www.entremundos.org\/revista\/wp-content\/uploads\/2025\/05\/2-scaled.png?fit=1200%2C843&ssl=1&resize=350%2C200 1x, https:\/\/i0.wp.com\/www.entremundos.org\/revista\/wp-content\/uploads\/2025\/05\/2-scaled.png?fit=1200%2C843&ssl=1&resize=525%2C300 1.5x, https:\/\/i0.wp.com\/www.entremundos.org\/revista\/wp-content\/uploads\/2025\/05\/2-scaled.png?fit=1200%2C843&ssl=1&resize=700%2C400 2x, https:\/\/i0.wp.com\/www.entremundos.org\/revista\/wp-content\/uploads\/2025\/05\/2-scaled.png?fit=1200%2C843&ssl=1&resize=1050%2C600 3x"},"classes":[]},{"id":13649,"url":"https:\/\/www.entremundos.org\/revista\/politica\/la-urgencia-de-comprender-la-historia-y-sus-lecciones\/","url_meta":{"origin":13635,"position":1},"title":"La urgencia de comprender la historia y sus lecciones","author":"EntreMundos","date":"4 abril, 2026","format":false,"excerpt":"POR JUAN JOS\u00c9 HURTADO PAZ En los \u00faltimos meses se escuchan voces que defienden la intervenci\u00f3n imperialista yanqui contra Venezuela con el argumento aparentemente simple y moralizante: hab\u00eda una dictadura y deb\u00eda ser removida. Bajo esta narrativa, la intervenci\u00f3n externa se presenta como una acci\u00f3n necesaria, casi humanitaria, destinada a\u2026","rel":"","context":"En \u00abFrontPage\u00bb","block_context":{"text":"FrontPage","link":"https:\/\/www.entremundos.org\/revista\/category\/frontpage\/"},"img":{"alt_text":"","src":"","width":0,"height":0},"classes":[]},{"id":12488,"url":"https:\/\/www.entremundos.org\/revista\/politica\/de-la-lucha-a-la-agricultura-en-las-montanas-de-guatemala\/","url_meta":{"origin":13635,"position":2},"title":"De la lucha a la agricultura en las monta\u00f1as de Guatemala","author":"EntreMundos","date":"13 noviembre, 2024","format":false,"excerpt":"POR JONATHAN LOTT A la sombra de las monta\u00f1as selv\u00e1ticas de Guatemala, anta\u00f1o cargadas del espectro del conflicto, el olor del caf\u00e9 flota en el aire. Una generaci\u00f3n despu\u00e9s del hist\u00f3rico acuerdo de paz que puso fin a la guerra civil guatemalteca (1960-1996), decenas de exguerrilleros trabajan ahora la tierra\u2026","rel":"","context":"En \u00abFrontPage\u00bb","block_context":{"text":"FrontPage","link":"https:\/\/www.entremundos.org\/revista\/category\/frontpage\/"},"img":{"alt_text":"","src":"https:\/\/i0.wp.com\/www.entremundos.org\/revista\/wp-content\/uploads\/2024\/11\/anita2-e1731543808410.jpg?fit=910%2C671&ssl=1&resize=350%2C200","width":350,"height":200,"srcset":"https:\/\/i0.wp.com\/www.entremundos.org\/revista\/wp-content\/uploads\/2024\/11\/anita2-e1731543808410.jpg?fit=910%2C671&ssl=1&resize=350%2C200 1x, https:\/\/i0.wp.com\/www.entremundos.org\/revista\/wp-content\/uploads\/2024\/11\/anita2-e1731543808410.jpg?fit=910%2C671&ssl=1&resize=525%2C300 1.5x, https:\/\/i0.wp.com\/www.entremundos.org\/revista\/wp-content\/uploads\/2024\/11\/anita2-e1731543808410.jpg?fit=910%2C671&ssl=1&resize=700%2C400 2x"},"classes":[]},{"id":12980,"url":"https:\/\/www.entremundos.org\/revista\/mujer\/el-otro-lado-del-viaje-sonado-detras-de-un-espacio-internacional\/","url_meta":{"origin":13635,"position":3},"title":"El otro lado del viaje so\u00f1ado; detr\u00e1s de un espacio internacional","author":"EntreMundos","date":"23 julio, 2025","format":false,"excerpt":"Por Adela Tuy Cuando la gente escucha \u2018Conferencias Internacionales\u2019 piensa en edificios lujosos, gente hablando en ingl\u00e9s, muchas fotos formales y muchos discursos bonitos; tambi\u00e9n en lo elegante de participar en una conferencia y ponerlo en tu curr\u00edculum vitae. Sin embargo, nadie les cuenta sobre lo que hay detr\u00e1s de\u2026","rel":"","context":"En \u00abCine\u00bb","block_context":{"text":"Cine","link":"https:\/\/www.entremundos.org\/revista\/category\/cine\/"},"img":{"alt_text":"","src":"https:\/\/i0.wp.com\/www.entremundos.org\/revista\/wp-content\/uploads\/2025\/07\/20241121_092407-143c-1.jpg?fit=1200%2C800&ssl=1&resize=350%2C200","width":350,"height":200,"srcset":"https:\/\/i0.wp.com\/www.entremundos.org\/revista\/wp-content\/uploads\/2025\/07\/20241121_092407-143c-1.jpg?fit=1200%2C800&ssl=1&resize=350%2C200 1x, https:\/\/i0.wp.com\/www.entremundos.org\/revista\/wp-content\/uploads\/2025\/07\/20241121_092407-143c-1.jpg?fit=1200%2C800&ssl=1&resize=525%2C300 1.5x, https:\/\/i0.wp.com\/www.entremundos.org\/revista\/wp-content\/uploads\/2025\/07\/20241121_092407-143c-1.jpg?fit=1200%2C800&ssl=1&resize=700%2C400 2x, https:\/\/i0.wp.com\/www.entremundos.org\/revista\/wp-content\/uploads\/2025\/07\/20241121_092407-143c-1.jpg?fit=1200%2C800&ssl=1&resize=1050%2C600 3x"},"classes":[]},{"id":10580,"url":"https:\/\/www.entremundos.org\/revista\/politica\/desalojos-aumentan-durante-el-gobierno-de-alejandro-giammattei\/","url_meta":{"origin":13635,"position":4},"title":"Desalojos aumentan durante el gobierno de Alejandro Giammattei","author":"EntreMundos","date":"8 marzo, 2023","format":false,"excerpt":"Por Gilberto Escobar\u00a0 En Guatemala, durante los \u00faltimos a\u00f1os, los desalojos han ido en aumento y se han dado en dos modalidades: los desalojos legales que tienen una orden judicial y los extrajudiciales, los que\u00a0 no van acompa\u00f1ados de ninguna orden de un juez y que ocurren\u00a0 en horas de\u2026","rel":"","context":"En \u00abBosques\u00bb","block_context":{"text":"Bosques","link":"https:\/\/www.entremundos.org\/revista\/category\/medio-ambiente\/bosques\/"},"img":{"alt_text":"","src":"https:\/\/i0.wp.com\/www.entremundos.org\/revista\/wp-content\/uploads\/2023\/03\/portada.jpg?fit=1024%2C768&ssl=1&resize=350%2C200","width":350,"height":200,"srcset":"https:\/\/i0.wp.com\/www.entremundos.org\/revista\/wp-content\/uploads\/2023\/03\/portada.jpg?fit=1024%2C768&ssl=1&resize=350%2C200 1x, https:\/\/i0.wp.com\/www.entremundos.org\/revista\/wp-content\/uploads\/2023\/03\/portada.jpg?fit=1024%2C768&ssl=1&resize=525%2C300 1.5x, https:\/\/i0.wp.com\/www.entremundos.org\/revista\/wp-content\/uploads\/2023\/03\/portada.jpg?fit=1024%2C768&ssl=1&resize=700%2C400 2x"},"classes":[]},{"id":11407,"url":"https:\/\/www.entremundos.org\/revista\/politica\/del-papel-a-la-pantalla\/","url_meta":{"origin":13635,"position":5},"title":"Del papel a la pantalla","author":"EntreMundos","date":"10 noviembre, 2023","format":false,"excerpt":"POR EMMA G\u00d3MEZ Dos pa\u00edses golpeados por la corrupci\u00f3n, violaci\u00f3n de los derechos humanos, injusticias, persecuciones y despojos, por mencionar algunos de los males que tienen en com\u00fan Guatemala y El Salvador. El proyecto, Del Papel a la Pantalla, presenta dos propuestas visuales para reflexionar sobre la educaci\u00f3n sexual y\u2026","rel":"","context":"En \u00abAccion Comunitaria\u00bb","block_context":{"text":"Accion Comunitaria","link":"https:\/\/www.entremundos.org\/revista\/category\/politica\/accion-comunitaria-3\/"},"img":{"alt_text":"","src":"https:\/\/i0.wp.com\/www.entremundos.org\/revista\/wp-content\/uploads\/2023\/11\/whatsapp-image-2023-10-23-at-9.54.45-am-2.jpeg?fit=1200%2C800&ssl=1&resize=350%2C200","width":350,"height":200,"srcset":"https:\/\/i0.wp.com\/www.entremundos.org\/revista\/wp-content\/uploads\/2023\/11\/whatsapp-image-2023-10-23-at-9.54.45-am-2.jpeg?fit=1200%2C800&ssl=1&resize=350%2C200 1x, https:\/\/i0.wp.com\/www.entremundos.org\/revista\/wp-content\/uploads\/2023\/11\/whatsapp-image-2023-10-23-at-9.54.45-am-2.jpeg?fit=1200%2C800&ssl=1&resize=525%2C300 1.5x, https:\/\/i0.wp.com\/www.entremundos.org\/revista\/wp-content\/uploads\/2023\/11\/whatsapp-image-2023-10-23-at-9.54.45-am-2.jpeg?fit=1200%2C800&ssl=1&resize=700%2C400 2x, https:\/\/i0.wp.com\/www.entremundos.org\/revista\/wp-content\/uploads\/2023\/11\/whatsapp-image-2023-10-23-at-9.54.45-am-2.jpeg?fit=1200%2C800&ssl=1&resize=1050%2C600 3x"},"classes":[]}],"jetpack_sharing_enabled":true,"_links":{"self":[{"href":"https:\/\/www.entremundos.org\/revista\/wp-json\/wp\/v2\/posts\/13635","targetHints":{"allow":["GET"]}}],"collection":[{"href":"https:\/\/www.entremundos.org\/revista\/wp-json\/wp\/v2\/posts"}],"about":[{"href":"https:\/\/www.entremundos.org\/revista\/wp-json\/wp\/v2\/types\/post"}],"author":[{"embeddable":true,"href":"https:\/\/www.entremundos.org\/revista\/wp-json\/wp\/v2\/users\/1"}],"replies":[{"embeddable":true,"href":"https:\/\/www.entremundos.org\/revista\/wp-json\/wp\/v2\/comments?post=13635"}],"version-history":[{"count":3,"href":"https:\/\/www.entremundos.org\/revista\/wp-json\/wp\/v2\/posts\/13635\/revisions"}],"predecessor-version":[{"id":13638,"href":"https:\/\/www.entremundos.org\/revista\/wp-json\/wp\/v2\/posts\/13635\/revisions\/13638"}],"wp:featuredmedia":[{"embeddable":true,"href":"https:\/\/www.entremundos.org\/revista\/wp-json\/wp\/v2\/media\/13580"}],"wp:attachment":[{"href":"https:\/\/www.entremundos.org\/revista\/wp-json\/wp\/v2\/media?parent=13635"}],"wp:term":[{"taxonomy":"category","embeddable":true,"href":"https:\/\/www.entremundos.org\/revista\/wp-json\/wp\/v2\/categories?post=13635"},{"taxonomy":"post_tag","embeddable":true,"href":"https:\/\/www.entremundos.org\/revista\/wp-json\/wp\/v2\/tags?post=13635"}],"curies":[{"name":"wp","href":"https:\/\/api.w.org\/{rel}","templated":true}]}}