{"id":13646,"date":"2026-04-04T14:22:26","date_gmt":"2026-04-04T22:22:26","guid":{"rendered":"https:\/\/www.entremundos.org\/revista\/?p=13646"},"modified":"2026-04-04T14:22:26","modified_gmt":"2026-04-04T22:22:26","slug":"14-horas-en-la-emergencia-del-san-juan","status":"publish","type":"post","link":"https:\/\/www.entremundos.org\/revista\/politica\/14-horas-en-la-emergencia-del-san-juan\/","title":{"rendered":"14 Horas en la emergencia del San Juan"},"content":{"rendered":"<p>POR JOS\u00c9 RUB\u00c9N ZAMORA<\/p>\n<p>A continuaci\u00f3n, un relato vivido el lunes 30 de diciembre de 2025, el experimentado y eficaz m\u00e9dico de Mariscal Zavala y Matamoros tuvo la deferencia de pasar a visitarme y preguntar por mi salud.<\/p>\n<p>A grandes rasgos le describ\u00ed la evoluci\u00f3n de mis achaques y c\u00f3mo he aprendido a coexistir con ellos en una especie de \u201cnueva normalidad\u201d, pues considero que son condiciones inherentes al resto de mi vida y no queda m\u00e1s que aceptarnos mutuamente. Sin embargo, le dije que reci\u00e9n me hab\u00eda aparecido un bulto creciente que podr\u00eda ser l\u00edquido o masa, que por cierto no causaba dolor.<\/p>\n<p>Me dijo que podr\u00eda ser benigno, pero que no se pod\u00eda descartar su malignidad. Que en sus manos estaba, sin pasar por jueces, enviarme de urgencia a la emergencia del San Juan de Dios y con un simple ultrasonido salir de dudas.<\/p>\n<p>Veinte minutos despu\u00e9s iba esposado, con un malet\u00edn, rumbo al San Juan de Dios en un pick-up destartalado, a alta velocidad, acompa\u00f1ado de cuatro guardias que eran mis responsables.<\/p>\n<p>Ninguno hab\u00eda desayunado ni almorzado, y nuestra cena estaba en la cola de un venado. Todos \u00edbamos con incertidumbre.<\/p>\n<p>}Nos dejaron y se fueron volados. Entramos a la emergencia del San Juan y, luego de una peque\u00f1a cola, me registr\u00e9 por primera vez. Fui enviado unos 30 metros m\u00e1s adentro, a una cl\u00ednica donde una doctora muy gentil y \u00e1gil, luego de muy pocas preguntas, con buen criterio decid\u00eda a qu\u00e9 especialidad m\u00e9dica enviar a cada paciente.<\/p>\n<p>A unos dos escasos metros de la cl\u00ednica de la doctora que dirig\u00eda el tr\u00e1fico, al dar la vuelta, se entraba a un pasillo de unos cinco metros de ancho, unos 350 de largo y unos cuatro de alto. Representaba la primera tortuosa estaci\u00f3n de espera y atenci\u00f3n para los pacientes con emergencias. La demanda y la presi\u00f3n de atenci\u00f3n eran exponenciales y la oferta m\u00e9dica muy limitada.<\/p>\n<p>Sin embargo, los j\u00f3venes m\u00e9dicos e internistas, con serenidad y aplomo, con paciencia pero con autoridad respetuosa, lentamente, pero con criterio, iban conduciendo a los pacientes con emergencias.<\/p>\n<p>Contra una de las paredes del pasillo quiz\u00e1 hab\u00eda unos 60 enfermos renales recibiendo tratamiento.<\/p>\n<p>En medio del pasillo se encontraban, en camas con llantas, recibiendo suero, analg\u00e9sicos y antibi\u00f3ticos, alrededor de 40 pacientes con gravedades de todo tipo, algunas en extremo complejas y complicadas.<\/p>\n<p>En la otra pared, parados y sentados, est\u00e1bamos unos 300 pacientes con emergencias que a\u00fan pod\u00edamos caminar por nuestros propios medios. Sin embargo, prevalec\u00eda un clima de angustia, ansiedad y desesperaci\u00f3n extrema. S\u00f3lo la serenidad y la sensaci\u00f3n de control y seriedad de los m\u00e9dicos manten\u00edan en relativa calma a los pacientes y a sus familiares.<\/p>\n<p>En este pasillo fui abordado por personas amables, sensibles y generosas que acompa\u00f1aban a sus parientes graves. Todas me dieron muestras de apoyo, solidaridad y cari\u00f1o. Ninguna me dijo su nombre.<\/p>\n<p>Un caso que recuerdo conmovido, es el de una persona que acompa\u00f1aba a su mam\u00e1 desde la ma\u00f1ana, quien hab\u00eda sufrido un ataque card\u00edaco, pero hab\u00eda salido adelante. Regres\u00e9 a Mariscal Zavala conmovido y fortalecido por todas esas muestras de apoyo.<\/p>\n<p>A medida que algunos pacientes, gracias a la atenci\u00f3n de los m\u00e9dicos, sal\u00edan del enorme pabell\u00f3n, hacia las 4:30 p.m. me sent\u00ed abrumado, impotente y conmovido. No lo s\u00e9 con exactitud, pero estimo que en el pabell\u00f3n hab\u00eda 400 o 500 pacientes con emergencias muy graves, mientras llegaban m\u00e1s al corredor.<\/p>\n<p>Quiz\u00e1 hab\u00eda otros pacientes con emergencias graves esperando turno para entrar al pabell\u00f3n.<\/p>\n<p>Muchos agonizaban, algunos morir\u00edan, mientras otros sal\u00edan a recuperaci\u00f3n. Por momentos parec\u00eda un infierno observar y escuchar tanto dolor. La afluencia incesante de pacientes con emergencias era un poderoso tsunami, una avalancha inconcebible que, sin embargo, era contenida por valientes m\u00e9dicos e internistas, con el conocimiento, el car\u00e1cter, la disciplina y el indispensable apoyo de enfermeras y enfermeros muy experimentados y capaces, en un contexto de precariedad, personal insuficiente, penurias y extrema escasez.<\/p>\n<p>Para m\u00ed, fue evidente que la salud jam\u00e1s ha sido una prioridad del Estado. Tambi\u00e9n conclu\u00ed que nadie deber\u00eda ser presidente, vicepresidente, ministro o alto funcionario, si no ha pasado por una emergencia como la del San Juan, y eso que existen peores.<\/p>\n<p>En alg\u00fan momento, la avalancha incontenible de pacientes y los pocos m\u00e9dicos y enfermeras, serenos y en guardia, me hicieron recordar a Le\u00f3nidas y sus trescientos espartanos en las Term\u00f3pilas, con el coraje, el car\u00e1cter y las convicciones para detener a Jerjes y sus millones de persas.<\/p>\n<p>&nbsp;<\/p>\n<p>En una pared del ancho del pabell\u00f3n, quienes pod\u00edamos caminar o ir en silla de ruedas hac\u00edamos cola, mientras a todos \u2014 unos 80 \u2014 nos canalizaban para, a trav\u00e9s de suero, introducirnos antibi\u00f3ticos y analg\u00e9sicos. Al terminar este proceso nos dejaban canalizados entre cuatro y seis horas, por si eventualmente hab\u00eda que medicarnos algo extra. No dejaba de dar \u201c\u00f1\u00e1\u00f1ara\u201d pasar con la aguja al aire mientras pasaban personas y, m\u00e1s de alguna, mov\u00eda o empujaba la aguja que descansaba introducida en el antebrazo.<\/p>\n<p>Finalmente, quiz\u00e1 diez horas despu\u00e9s de que arrib\u00e9 a la emergencia del San Juan, lleg\u00f3 mi turno para el ultrasonido.<\/p>\n<p>Un joven internista que estuvo pendiente de m\u00ed desde que llegu\u00e9 al pabell\u00f3n me condujo, junto a mis guardias de \u00e9lite y al guardia del sistema penitenciario.<\/p>\n<p>Mientras me introdujo al cuarto del ultrasonido, sent\u00f3 a los guardias afuera en una banca y cerr\u00f3 la puerta. Una internista dedicada al ultrasonido inici\u00f3 el esc\u00e1ner con gran rigor. Tuvo alguna inquietud y llam\u00f3 a un compa\u00f1ero para escuchar su punto de vista. Insatisfechos, llamaron a otro m\u00e9dico y estuvieron los tres discutiendo. De pronto entr\u00f3 el m\u00e9dico especialista y aprovech\u00f3 para darnos una clase magistral. A esas alturas hab\u00eda transcurrido una hora y media m\u00e1s.<\/p>\n<p>Los guardias sentados afuera se paniquiaron y se plantaron dos hip\u00f3tesis: que me hab\u00eda muerto o que hab\u00eda huido. Entonces, sin que se percataran los m\u00e9dicos imbuidos en su discusi\u00f3n, los guardias forzaron la puerta y tambi\u00e9n acompa\u00f1aron mi examen.<\/p>\n<p>Luego, me regresaron al gran pabell\u00f3n, donde el doctor Jorge L. Enrique \u00c1lvarez me explic\u00f3 que recibir\u00eda los informes de los ex\u00e1menes de sangre, orina y del mentado ultrasonido. Pude observar c\u00f3mo el doctor \u00c1lvarez, en medio de m\u00faltiples presiones y exigencias, con afecto, sensibilidad y comprensi\u00f3n, explic\u00f3 a cuatro pacientes sus diagn\u00f3sticos y el camino que deb\u00edan seguir: hospitalizaci\u00f3n, transformarse en pacientes ambulatorios o ir a casa con un eficaz tratamiento.<\/p>\n<p>me llam\u00f3, me invit\u00f3 a sentarme, me explic\u00f3 el origen de lo que me suced\u00eda, insisti\u00f3 en que era benigno y me dio un tratamiento. Fresco como una lechuga, a pesar de su turno de m\u00e1s de doce horas y de que seguir\u00eda en la madrugada, se despidi\u00f3 sonriente y me dese\u00f3 un feliz a\u00f1o.<\/p>\n<p>Mientras sal\u00edamos al lobby de la entrada de la emergencia, no pod\u00eda dejar de pensar c\u00f3mo es posible que la salud de los guatemaltecos no sea una prioridad del Estado.<\/p>\n<p>La salud de los guatemaltecos no ha sido prioridad en las \u00faltimas dos d\u00e9cadas del pa\u00eds. La corrupci\u00f3n rapaz de Portillo y su banda, del gobierno de Colom y \u201cla tar\u00e1ntula\u201d, de la administraci\u00f3n P\u00e9rez y Baldetti, la de Jimmy, el hombre en la luna \u2014 que s\u00ed ten\u00eda los pies bien puestos en la tierra para robar \u2014 y la de Giammattei, signific\u00f3 que miles de millones de fondos p\u00fablicos fueran saqueados. Si todo ese dinero se hubiera destinado a la salud p\u00fablica, hoy se podr\u00edan haber construido diez hospitales como el San Juan de Dios para atender dignamente a los guatemaltecos.<\/p>\n<p>Y hasta hoy en d\u00eda tenemos el ejemplo de diputados que reciben salarios de primer mundo y seguros de salud para ser atendidos en los mejores hospitales del mundo, a costa de los chapines.<\/p>\n<p>Los guardias avisaron que est\u00e1bamos listos en la puerta de la emergencia para que llegaran por nosotros. Nos explicaron que estaban en una requisa en el Federico Mora y que tardar\u00edan.<\/p>\n<p>Sorprendentemente, cuarenta minutos m\u00e1s tarde llegaron por nosotros y nos subimos euf\u00f3ricos, luego de catorce horas, al doble cabina para regresar a Mariscal.<\/p>\n<p>En la 1\u00aa avenida y 9\u00aa calle A bajamos a la 2\u00aa avenida y, pocas cuadras despu\u00e9s, muy cerca del Paraninfo, el \u201cshock\u201d de la llanta trasera derecha tron\u00f3 a sapo, colaps\u00f3 y la palangana se peg\u00f3 a la llanta. Media hora despu\u00e9s, en un peque\u00f1o carro japon\u00e9s para cuatro personas, nos introdujimos siete personas felices, luego de tanto traj\u00edn. Sus cuatro \u201cshocks\u201d estaban en condiciones semejantes a las del \u201cshock\u201d que dejamos en espera de gr\u00faa en la 2\u00aa avenida y 11 calle de la zona 1.<\/p>\n<p>Camino a nuestro destino final en Mariscal, les dije a los muchachos que los hospitales son centros m\u00e9dicos para recuperar la salud, pero tambi\u00e9n lugares llenos de peligrosas enfermedades, virus y bacterias oportunistas, y que si en unos quince d\u00edas no enferm\u00e1bamos de nada, nuestra inmunidad ser\u00eda envidiable.<\/p>\n<p>Alrededor de las 3 a.m. del d\u00eda siguiente entr\u00e9 feliz a mi bartolina y ca\u00ed redondo despu\u00e9s de quince horas de delirio.<\/p>\n<p><em>Jos\u00e9 Rub\u00e9n Zamora fundador de elPeri\u00f3dico de Guatemala. Preso pol\u00edtico del Estado de Guatemala, por 1 mil 300 d\u00edas en la c\u00e1rcel. Considerado entre los 60 h\u00e9roes del mundo de la libertad de prensa.<\/em><\/p>\n","protected":false},"excerpt":{"rendered":"<p>POR JOS\u00c9 RUB\u00c9N ZAMORA A continuaci\u00f3n, un relato vivido el lunes 30 de diciembre de 2025, el experimentado y eficaz m\u00e9dico de Mariscal Zavala y Matamoros tuvo la deferencia de pasar a visitarme y preguntar por mi salud. A grandes rasgos le describ\u00ed la evoluci\u00f3n de mis achaques y c\u00f3mo he aprendido a coexistir con [&hellip;]<\/p>\n","protected":false},"author":1,"featured_media":13586,"comment_status":"closed","ping_status":"closed","sticky":false,"template":"","format":"standard","meta":{"_exactmetrics_skip_tracking":false,"_exactmetrics_sitenote_active":false,"_exactmetrics_sitenote_note":"","_exactmetrics_sitenote_category":0,"jetpack_post_was_ever_published":false,"_jetpack_newsletter_access":"","_jetpack_dont_email_post_to_subs":false,"_jetpack_newsletter_tier_id":0,"_jetpack_memberships_contains_paywalled_content":false,"_jetpack_memberships_contains_paid_content":false,"footnotes":""},"categories":[452,378,1772],"tags":[5136,489,47,4110,5255,4290,103,4473],"class_list":["post-13646","post","type-post","status-publish","format-standard","has-post-thumbnail","hentry","category-frontpage","category-politica","category-situacion-social","tag-atencion-medica","tag-criminalizacion","tag-derechos-humanos","tag-libertad-de-expresion","tag-periodista","tag-persecucion","tag-politica","tag-represion"],"jetpack_featured_media_url":"https:\/\/i0.wp.com\/www.entremundos.org\/revista\/wp-content\/uploads\/2026\/03\/634915345_122122712199038307_404958608411572897_n.jpg?fit=1437%2C960&ssl=1","jetpack_shortlink":"https:\/\/wp.me\/p7ljt7-3y6","jetpack-related-posts":[{"id":11847,"url":"https:\/\/www.entremundos.org\/revista\/politica\/cuando-la-tierra-se-movio\/","url_meta":{"origin":13646,"position":0},"title":"Cuando la tierra se movi\u00f3","author":"EntreMundos","date":"26 marzo, 2024","format":false,"excerpt":"POR CECILIA REED Estaba profundamente dormida, unos minutos despu\u00e9s de la medianoche; cuando de repente, \u00a1mi cuerpo entr\u00f3 en modo de p\u00e1nico y me despert\u00e9! Mi cama se balanceaba vigorosamente de izquierda a derecha, y las paredes a mi alrededor se balanceaban en direcci\u00f3n opuesta a un ritmo similar. Nunca\u2026","rel":"","context":"En \u00abAccion Comunitaria\u00bb","block_context":{"text":"Accion Comunitaria","link":"https:\/\/www.entremundos.org\/revista\/category\/politica\/accion-comunitaria-3\/"},"img":{"alt_text":"","src":"https:\/\/i0.wp.com\/www.entremundos.org\/revista\/wp-content\/uploads\/2024\/03\/20240124_080747-scaled.jpg?fit=1200%2C900&ssl=1&resize=350%2C200","width":350,"height":200,"srcset":"https:\/\/i0.wp.com\/www.entremundos.org\/revista\/wp-content\/uploads\/2024\/03\/20240124_080747-scaled.jpg?fit=1200%2C900&ssl=1&resize=350%2C200 1x, https:\/\/i0.wp.com\/www.entremundos.org\/revista\/wp-content\/uploads\/2024\/03\/20240124_080747-scaled.jpg?fit=1200%2C900&ssl=1&resize=525%2C300 1.5x, https:\/\/i0.wp.com\/www.entremundos.org\/revista\/wp-content\/uploads\/2024\/03\/20240124_080747-scaled.jpg?fit=1200%2C900&ssl=1&resize=700%2C400 2x, https:\/\/i0.wp.com\/www.entremundos.org\/revista\/wp-content\/uploads\/2024\/03\/20240124_080747-scaled.jpg?fit=1200%2C900&ssl=1&resize=1050%2C600 3x"},"classes":[]},{"id":11617,"url":"https:\/\/www.entremundos.org\/revista\/mujer\/la-cultura-es-lo-que-en-la-muerte-continua-siendo-la-vida\/","url_meta":{"origin":13646,"position":1},"title":"\u201cLa Cultura es lo que, en la muerte, contin\u00faa siendo la vida\u201d","author":"EntreMundos","date":"19 enero, 2024","format":false,"excerpt":"POR PATRICIA MIRALB\u00c9S \u00bfTe has preguntado alguna vez por qu\u00e9 un grupo social se comporta de cierta manera? \u00bfDe d\u00f3nde vienen las creencias que te inculcan desde peque\u00f1o? Todo esto tiene que ver con la cultura del lugar en donde vivimos. La cultura es la base de la construcci\u00f3n de\u2026","rel":"","context":"En \u00abCultura\u00bb","block_context":{"text":"Cultura","link":"https:\/\/www.entremundos.org\/revista\/category\/cultura\/"},"img":{"alt_text":"","src":"https:\/\/i0.wp.com\/www.entremundos.org\/revista\/wp-content\/uploads\/2024\/01\/whatsapp-image-2023-12-13-at-6.59.10-pm-1.jpeg?fit=1200%2C800&ssl=1&resize=350%2C200","width":350,"height":200,"srcset":"https:\/\/i0.wp.com\/www.entremundos.org\/revista\/wp-content\/uploads\/2024\/01\/whatsapp-image-2023-12-13-at-6.59.10-pm-1.jpeg?fit=1200%2C800&ssl=1&resize=350%2C200 1x, https:\/\/i0.wp.com\/www.entremundos.org\/revista\/wp-content\/uploads\/2024\/01\/whatsapp-image-2023-12-13-at-6.59.10-pm-1.jpeg?fit=1200%2C800&ssl=1&resize=525%2C300 1.5x, https:\/\/i0.wp.com\/www.entremundos.org\/revista\/wp-content\/uploads\/2024\/01\/whatsapp-image-2023-12-13-at-6.59.10-pm-1.jpeg?fit=1200%2C800&ssl=1&resize=700%2C400 2x, https:\/\/i0.wp.com\/www.entremundos.org\/revista\/wp-content\/uploads\/2024\/01\/whatsapp-image-2023-12-13-at-6.59.10-pm-1.jpeg?fit=1200%2C800&ssl=1&resize=1050%2C600 3x"},"classes":[]},{"id":12999,"url":"https:\/\/www.entremundos.org\/revista\/politica\/romper-el-cemento\/","url_meta":{"origin":13646,"position":2},"title":"Romper el cemento","author":"EntreMundos","date":"23 julio, 2025","format":false,"excerpt":"By Valeria Leiva La recuperaci\u00f3n de espacios verdes en la ciudad de Quetzaltenango. La ciudad de Quetzaltenango, como muchos municipios, ha sido v\u00edctima de decisiones pol\u00edticas irresponsables que han afectado el bienestar colectivo. La tala de m\u00e1s de 400 \u00e1rboles sin un plan de transici\u00f3n a largo plazo dej\u00f3 a\u2026","rel":"","context":"En \u00abAccion Comunitaria\u00bb","block_context":{"text":"Accion Comunitaria","link":"https:\/\/www.entremundos.org\/revista\/category\/politica\/accion-comunitaria-3\/"},"img":{"alt_text":"","src":"https:\/\/i0.wp.com\/www.entremundos.org\/revista\/wp-content\/uploads\/2025\/07\/despues2.jpg?fit=1200%2C900&ssl=1&resize=350%2C200","width":350,"height":200,"srcset":"https:\/\/i0.wp.com\/www.entremundos.org\/revista\/wp-content\/uploads\/2025\/07\/despues2.jpg?fit=1200%2C900&ssl=1&resize=350%2C200 1x, https:\/\/i0.wp.com\/www.entremundos.org\/revista\/wp-content\/uploads\/2025\/07\/despues2.jpg?fit=1200%2C900&ssl=1&resize=525%2C300 1.5x, https:\/\/i0.wp.com\/www.entremundos.org\/revista\/wp-content\/uploads\/2025\/07\/despues2.jpg?fit=1200%2C900&ssl=1&resize=700%2C400 2x, https:\/\/i0.wp.com\/www.entremundos.org\/revista\/wp-content\/uploads\/2025\/07\/despues2.jpg?fit=1200%2C900&ssl=1&resize=1050%2C600 3x"},"classes":[]},{"id":13004,"url":"https:\/\/www.entremundos.org\/revista\/politica\/la-valentia-de-elegir-nuestros-suenos\/","url_meta":{"origin":13646,"position":3},"title":"La valent\u00eda de elegir nuestros sue\u00f1os","author":"EntreMundos","date":"23 julio, 2025","format":false,"excerpt":"Por Teresa Lucas Hay t\u00e9rminos en econom\u00eda y finanzas que, aunque t\u00e9cnicos, encierran verdades profundamente humanas. Uno de ellos es el costo de oportunidad. Este concepto se refiere a todo aquello que dejamos de hacer, recibir o disfrutar cuando tomamos una decisi\u00f3n determinada. En otras palabras, cada vez que elegimos\u2026","rel":"","context":"En \u00abFrontPage\u00bb","block_context":{"text":"FrontPage","link":"https:\/\/www.entremundos.org\/revista\/category\/frontpage\/"},"img":{"alt_text":"","src":"https:\/\/i0.wp.com\/www.entremundos.org\/revista\/wp-content\/uploads\/2025\/07\/whatsapp-image-2025-06-11-at-10.12.40-pm-scaled.png?fit=675%2C1200&ssl=1&resize=350%2C200","width":350,"height":200,"srcset":"https:\/\/i0.wp.com\/www.entremundos.org\/revista\/wp-content\/uploads\/2025\/07\/whatsapp-image-2025-06-11-at-10.12.40-pm-scaled.png?fit=675%2C1200&ssl=1&resize=350%2C200 1x, https:\/\/i0.wp.com\/www.entremundos.org\/revista\/wp-content\/uploads\/2025\/07\/whatsapp-image-2025-06-11-at-10.12.40-pm-scaled.png?fit=675%2C1200&ssl=1&resize=525%2C300 1.5x"},"classes":[]},{"id":13250,"url":"https:\/\/www.entremundos.org\/revista\/politica\/pymes-migracion-y-el-reto-de-la-informalidad-en-guatemala-una-economia-que-resiste-desde-abajo\/","url_meta":{"origin":13646,"position":4},"title":"PYMES, migraci\u00f3n y el reto de la informalidad en Guatemala: Una econom\u00eda que resiste desde abajo","author":"EntreMundos","date":"17 septiembre, 2025","format":false,"excerpt":"Por Alexander Castillo Este art\u00edculo analiza el papel crucial que juegan las Peque\u00f1as y Medianas Empresas (PYMES) y la migraci\u00f3n en la econom\u00eda guatemalteca. Con base en datos actuales, se resalta que m\u00e1s del 90\u202f% de las empresas del pa\u00eds son peque\u00f1as o medianas, y que las remesas representan cerca\u2026","rel":"","context":"En \u00abFrontPage\u00bb","block_context":{"text":"FrontPage","link":"https:\/\/www.entremundos.org\/revista\/category\/frontpage\/"},"img":{"alt_text":"","src":"","width":0,"height":0},"classes":[]},{"id":13241,"url":"https:\/\/www.entremundos.org\/revista\/politica\/crimen-de-estado-primera-sentencia\/","url_meta":{"origin":13646,"position":5},"title":"Crimen De Estado: Primera Sentencia\u00a0","author":"EntreMundos","date":"17 septiembre, 2025","format":false,"excerpt":"Por Carolina Escobar Sarti Durante el gobierno de Jimmy Morales se cometi\u00f3 un crimen de Estado. Fue el 8 de marzo de 2017, cuando 56 ni\u00f1as y adolescentes fueron colocadas, por horas, en un aula de 7 x 6.8 metros donde no hab\u00eda ni siquiera un ba\u00f1o. Despu\u00e9s del desayuno\u2026","rel":"","context":"En \u00abFrontPage\u00bb","block_context":{"text":"FrontPage","link":"https:\/\/www.entremundos.org\/revista\/category\/frontpage\/"},"img":{"alt_text":"","src":"https:\/\/i0.wp.com\/www.entremundos.org\/revista\/wp-content\/uploads\/2025\/09\/img66.jpg?fit=960%2C1200&ssl=1&resize=350%2C200","width":350,"height":200,"srcset":"https:\/\/i0.wp.com\/www.entremundos.org\/revista\/wp-content\/uploads\/2025\/09\/img66.jpg?fit=960%2C1200&ssl=1&resize=350%2C200 1x, https:\/\/i0.wp.com\/www.entremundos.org\/revista\/wp-content\/uploads\/2025\/09\/img66.jpg?fit=960%2C1200&ssl=1&resize=525%2C300 1.5x, https:\/\/i0.wp.com\/www.entremundos.org\/revista\/wp-content\/uploads\/2025\/09\/img66.jpg?fit=960%2C1200&ssl=1&resize=700%2C400 2x"},"classes":[]}],"jetpack_sharing_enabled":true,"_links":{"self":[{"href":"https:\/\/www.entremundos.org\/revista\/wp-json\/wp\/v2\/posts\/13646","targetHints":{"allow":["GET"]}}],"collection":[{"href":"https:\/\/www.entremundos.org\/revista\/wp-json\/wp\/v2\/posts"}],"about":[{"href":"https:\/\/www.entremundos.org\/revista\/wp-json\/wp\/v2\/types\/post"}],"author":[{"embeddable":true,"href":"https:\/\/www.entremundos.org\/revista\/wp-json\/wp\/v2\/users\/1"}],"replies":[{"embeddable":true,"href":"https:\/\/www.entremundos.org\/revista\/wp-json\/wp\/v2\/comments?post=13646"}],"version-history":[{"count":2,"href":"https:\/\/www.entremundos.org\/revista\/wp-json\/wp\/v2\/posts\/13646\/revisions"}],"predecessor-version":[{"id":13648,"href":"https:\/\/www.entremundos.org\/revista\/wp-json\/wp\/v2\/posts\/13646\/revisions\/13648"}],"wp:featuredmedia":[{"embeddable":true,"href":"https:\/\/www.entremundos.org\/revista\/wp-json\/wp\/v2\/media\/13586"}],"wp:attachment":[{"href":"https:\/\/www.entremundos.org\/revista\/wp-json\/wp\/v2\/media?parent=13646"}],"wp:term":[{"taxonomy":"category","embeddable":true,"href":"https:\/\/www.entremundos.org\/revista\/wp-json\/wp\/v2\/categories?post=13646"},{"taxonomy":"post_tag","embeddable":true,"href":"https:\/\/www.entremundos.org\/revista\/wp-json\/wp\/v2\/tags?post=13646"}],"curies":[{"name":"wp","href":"https:\/\/api.w.org\/{rel}","templated":true}]}}