{"id":13649,"date":"2026-04-04T14:28:51","date_gmt":"2026-04-04T22:28:51","guid":{"rendered":"https:\/\/www.entremundos.org\/revista\/?p=13649"},"modified":"2026-04-04T21:21:45","modified_gmt":"2026-04-05T05:21:45","slug":"la-urgencia-de-comprender-la-historia-y-sus-lecciones","status":"publish","type":"post","link":"https:\/\/www.entremundos.org\/revista\/politica\/la-urgencia-de-comprender-la-historia-y-sus-lecciones\/","title":{"rendered":"La urgencia de comprender la historia y sus lecciones"},"content":{"rendered":"<p>POR JUAN JOS\u00c9 HURTADO PAZ<\/p>\n<p>En los \u00faltimos meses se escuchan voces que defienden la intervenci\u00f3n imperialista yanqui contra Venezuela con el argumento aparentemente simple y moralizante: hab\u00eda una dictadura y deb\u00eda ser removida. Bajo esta narrativa, la intervenci\u00f3n externa se presenta como una acci\u00f3n necesaria, casi humanitaria, destinada a restaurar la democracia y el orden.<\/p>\n<p>La historia nos demuestra que es todo lo contrario. Los pueblos que han padecido el colonialismo y el imperialismo han sufrido consecuencias devastadoras de largo plazo en todos los campos.<\/p>\n<p>Adem\u00e1s, no se reconoce debidamente lo riesgoso que resulta, pues se sienta un precedente sumamente grave: que las potencias imperiales pueden hacer uso de la fuerza cuando as\u00ed lo dispongan, pasando por encima del Derecho Internacional e incluso de sus propias legislaciones, como ha hecho el actual presidente de los Estados Unidos. Esta manera de proceder abre la posibilidad de que la agresi\u00f3n externa se repita pr\u00e1cticamente contra cualquier pa\u00eds que se salga de los lineamientos definidos por el imperio.<\/p>\n<p>Justificaciones como la se\u00f1alada arriba no solo banalizan la violencia estructural que acompa\u00f1a a los proyectos imperialistas, sino que reflejan un profundo desconocimiento hist\u00f3rico. M\u00e1s grave a\u00fan, desplazan la responsabilidad de procesos largos de despojo, dependencia y desigualdad, culpando exclusivamente a actores pol\u00edticos actuales y borrando las herencias coloniales y el imperialismo actual que condicionan las realidades presentes.<\/p>\n<p>El colonialismo, en sus diversas formas, no es algo solo del pasado sino una estructura persistente de dominaci\u00f3n. Desde la invasi\u00f3n europea de Am\u00e9rica hasta las formas contempor\u00e1neas de intervenci\u00f3n pol\u00edtica, econ\u00f3mica, cultural, religiosa y militar, el rasgo com\u00fan ha sido la subordinaci\u00f3n de los pueblos a intereses externos. Lejos de promover la paz, la democracia o el desarrollo, los proyectos coloniales e imperialistas han buscado sistem\u00e1ticamente la extracci\u00f3n de recursos, el control geopol\u00edtico y la imposici\u00f3n de modelos econ\u00f3micos y pol\u00edticos funcionales a las metr\u00f3polis.<\/p>\n<p><strong>Lecciones<\/strong><\/p>\n<p>El discurso civilizatorio \u2014ayer en nombre de la fe y el progreso, hoy en nombre de la democracia y los derechos humanos\u2014 ha servido como coartada para justificar invasiones, golpes de Estado, bloqueos econ\u00f3micos y guerras. La historia demuestra que estos procesos no generan sociedades m\u00e1s libres ni m\u00e1s justas, sino Estados fr\u00e1giles, econom\u00edas dependientes y sociedades profundamente fracturadas.<\/p>\n<p>Por ejemplo, si quisi\u00e9ramos explicarnos por qu\u00e9 Guatemala est\u00e1 como est\u00e1, es indispensable remontarnos a la invasi\u00f3n espa\u00f1ola de 1524. Ello implic\u00f3 el despojo sistem\u00e1tico de los pueblos originarios de sus territorios, su sometimiento pol\u00edtico, econ\u00f3mico y cultural, y la imposici\u00f3n de un orden social profundamente jer\u00e1rquico, racista y clasista. De ese proceso surgi\u00f3 un racismo estructural que dividi\u00f3 a la sociedad entre ind\u00edgenas y ladinos, negando humanidad, derechos y ciudadan\u00eda plena a la mayor\u00eda de la poblaci\u00f3n.<\/p>\n<p>Asimismo, se configur\u00f3 un modelo econ\u00f3mico extractivo que convirti\u00f3 al pa\u00eds en productor de materias primas para beneficio externo, sentando las bases de una dependencia econ\u00f3mica que, con distintas formas y actores, se ha reproducido hasta nuestros d\u00edas.<\/p>\n<p>Esta experiencia no es exclusiva de Guatemala. Es una historia compartida por los pueblos de Am\u00e9rica Latina, as\u00ed como por amplias regiones de \u00c1frica y Asia, sometidas durante siglos a proyectos coloniales e imperialistas.<\/p>\n<p>En todos los casos, el patr\u00f3n se repite: invasi\u00f3n, despojo, imposici\u00f3n de \u00e9lites locales subordinadas y econom\u00edas orientadas al saqueo de recursos en beneficio de la metr\u00f3poli. El imperialismo, independientemente del discurso que lo acompa\u00f1e, no ha significado desarrollo aut\u00f3nomo ni bienestar para los pueblos sometidos, sino explotaci\u00f3n, dependencia y profundas desigualdades estructurales que persisten hasta el presente.<\/p>\n<p>M\u00e1s recientemente, Guatemala ofrece un ejemplo paradigm\u00e1tico de c\u00f3mo la intervenci\u00f3n imperialista trunc\u00f3 un proceso democr\u00e1tico y abri\u00f3 el camino a d\u00e9cadas de violencia y sufrimiento. Tras la Revoluci\u00f3n de Octubre de 1944, el pa\u00eds inici\u00f3 un ciclo de reformas profundas orientadas a la democratizaci\u00f3n del Estado, la ampliaci\u00f3n de derechos y la superaci\u00f3n de las estructuras que s\u00f3lo favorec\u00edan a la oligarqu\u00eda terrateniente y a grandes empresas norteamericanas. Los gobiernos de Juan Jos\u00e9 Ar\u00e9valo y Jacobo \u00c1rbenz representaron un intento leg\u00edtimo y soberano de construir un modelo de desarrollo propio, con justicia social y autonom\u00eda.<\/p>\n<p><em>Juan Hurtado, persona comprometida con los esfuerzos por una vida digna para todas y todos, como individuos y como pueblos<\/em><\/p>\n","protected":false},"excerpt":{"rendered":"<p>POR JUAN JOS\u00c9 HURTADO PAZ En los \u00faltimos meses se escuchan voces que defienden la intervenci\u00f3n imperialista yanqui contra Venezuela con el argumento aparentemente simple y moralizante: hab\u00eda una dictadura y deb\u00eda ser removida. Bajo esta narrativa, la intervenci\u00f3n externa se presenta como una acci\u00f3n necesaria, casi humanitaria, destinada a restaurar la democracia y el [&hellip;]<\/p>\n","protected":false},"author":1,"featured_media":13653,"comment_status":"closed","ping_status":"closed","sticky":false,"template":"","format":"standard","meta":{"_exactmetrics_skip_tracking":false,"_exactmetrics_sitenote_active":false,"_exactmetrics_sitenote_note":"","_exactmetrics_sitenote_category":0,"jetpack_post_was_ever_published":false,"_jetpack_newsletter_access":"","_jetpack_dont_email_post_to_subs":false,"_jetpack_newsletter_tier_id":0,"_jetpack_memberships_contains_paywalled_content":false,"_jetpack_memberships_contains_paid_content":false,"footnotes":""},"categories":[452,439,378],"tags":[5258,4868,1108,796,729,5256,5257],"class_list":["post-13649","post","type-post","status-publish","format-standard","has-post-thumbnail","hentry","category-frontpage","category-juventud","category-politica","tag-construccion-colectiva","tag-desarrollo-social","tag-imperialismo","tag-justicia-social","tag-juventud","tag-sin-explocacion","tag-soberania"],"jetpack_featured_media_url":"https:\/\/i0.wp.com\/www.entremundos.org\/revista\/wp-content\/uploads\/2026\/04\/descarga-2.jpg?fit=272%2C185&ssl=1","jetpack_shortlink":"https:\/\/wp.me\/p7ljt7-3y9","jetpack-related-posts":[{"id":11407,"url":"https:\/\/www.entremundos.org\/revista\/politica\/del-papel-a-la-pantalla\/","url_meta":{"origin":13649,"position":0},"title":"Del papel a la pantalla","author":"EntreMundos","date":"10 noviembre, 2023","format":false,"excerpt":"POR EMMA G\u00d3MEZ Dos pa\u00edses golpeados por la corrupci\u00f3n, violaci\u00f3n de los derechos humanos, injusticias, persecuciones y despojos, por mencionar algunos de los males que tienen en com\u00fan Guatemala y El Salvador. El proyecto, Del Papel a la Pantalla, presenta dos propuestas visuales para reflexionar sobre la educaci\u00f3n sexual y\u2026","rel":"","context":"En \u00abAccion Comunitaria\u00bb","block_context":{"text":"Accion Comunitaria","link":"https:\/\/www.entremundos.org\/revista\/category\/politica\/accion-comunitaria-3\/"},"img":{"alt_text":"","src":"https:\/\/i0.wp.com\/www.entremundos.org\/revista\/wp-content\/uploads\/2023\/11\/whatsapp-image-2023-10-23-at-9.54.45-am-2.jpeg?fit=1200%2C800&ssl=1&resize=350%2C200","width":350,"height":200,"srcset":"https:\/\/i0.wp.com\/www.entremundos.org\/revista\/wp-content\/uploads\/2023\/11\/whatsapp-image-2023-10-23-at-9.54.45-am-2.jpeg?fit=1200%2C800&ssl=1&resize=350%2C200 1x, https:\/\/i0.wp.com\/www.entremundos.org\/revista\/wp-content\/uploads\/2023\/11\/whatsapp-image-2023-10-23-at-9.54.45-am-2.jpeg?fit=1200%2C800&ssl=1&resize=525%2C300 1.5x, https:\/\/i0.wp.com\/www.entremundos.org\/revista\/wp-content\/uploads\/2023\/11\/whatsapp-image-2023-10-23-at-9.54.45-am-2.jpeg?fit=1200%2C800&ssl=1&resize=700%2C400 2x, https:\/\/i0.wp.com\/www.entremundos.org\/revista\/wp-content\/uploads\/2023\/11\/whatsapp-image-2023-10-23-at-9.54.45-am-2.jpeg?fit=1200%2C800&ssl=1&resize=1050%2C600 3x"},"classes":[]},{"id":12488,"url":"https:\/\/www.entremundos.org\/revista\/politica\/de-la-lucha-a-la-agricultura-en-las-montanas-de-guatemala\/","url_meta":{"origin":13649,"position":1},"title":"De la lucha a la agricultura en las monta\u00f1as de Guatemala","author":"EntreMundos","date":"13 noviembre, 2024","format":false,"excerpt":"POR JONATHAN LOTT A la sombra de las monta\u00f1as selv\u00e1ticas de Guatemala, anta\u00f1o cargadas del espectro del conflicto, el olor del caf\u00e9 flota en el aire. Una generaci\u00f3n despu\u00e9s del hist\u00f3rico acuerdo de paz que puso fin a la guerra civil guatemalteca (1960-1996), decenas de exguerrilleros trabajan ahora la tierra\u2026","rel":"","context":"En \u00abFrontPage\u00bb","block_context":{"text":"FrontPage","link":"https:\/\/www.entremundos.org\/revista\/category\/frontpage\/"},"img":{"alt_text":"","src":"https:\/\/i0.wp.com\/www.entremundos.org\/revista\/wp-content\/uploads\/2024\/11\/anita2-e1731543808410.jpg?fit=910%2C671&ssl=1&resize=350%2C200","width":350,"height":200,"srcset":"https:\/\/i0.wp.com\/www.entremundos.org\/revista\/wp-content\/uploads\/2024\/11\/anita2-e1731543808410.jpg?fit=910%2C671&ssl=1&resize=350%2C200 1x, https:\/\/i0.wp.com\/www.entremundos.org\/revista\/wp-content\/uploads\/2024\/11\/anita2-e1731543808410.jpg?fit=910%2C671&ssl=1&resize=525%2C300 1.5x, https:\/\/i0.wp.com\/www.entremundos.org\/revista\/wp-content\/uploads\/2024\/11\/anita2-e1731543808410.jpg?fit=910%2C671&ssl=1&resize=700%2C400 2x"},"classes":[]},{"id":13642,"url":"https:\/\/www.entremundos.org\/revista\/politica\/las-mujeres-inspiran-es-hora-de-acabar-con-las-brechas-de-desigualdad\/","url_meta":{"origin":13649,"position":2},"title":"Las mujeres inspiran: Es hora de acabar con las brechas de desigualdad","author":"EntreMundos","date":"4 abril, 2026","format":false,"excerpt":"POR MARIANA L\u00d3PEZ La discriminaci\u00f3n y racismo son temas que se han abordado e incluso se ha dicho que ya se han superado estando lejos de ser parte de nuestra realidad, sin embargo, basta con observar para comprender que una cosa es el discurso y otra la pr\u00e1ctica. En la\u2026","rel":"","context":"En \u00abFrontPage\u00bb","block_context":{"text":"FrontPage","link":"https:\/\/www.entremundos.org\/revista\/category\/frontpage\/"},"img":{"alt_text":"","src":"https:\/\/i0.wp.com\/www.entremundos.org\/revista\/wp-content\/uploads\/2026\/03\/649499575_1230883245899060_5224768132019882352_n.jpg?fit=1200%2C800&ssl=1&resize=350%2C200","width":350,"height":200,"srcset":"https:\/\/i0.wp.com\/www.entremundos.org\/revista\/wp-content\/uploads\/2026\/03\/649499575_1230883245899060_5224768132019882352_n.jpg?fit=1200%2C800&ssl=1&resize=350%2C200 1x, https:\/\/i0.wp.com\/www.entremundos.org\/revista\/wp-content\/uploads\/2026\/03\/649499575_1230883245899060_5224768132019882352_n.jpg?fit=1200%2C800&ssl=1&resize=525%2C300 1.5x, https:\/\/i0.wp.com\/www.entremundos.org\/revista\/wp-content\/uploads\/2026\/03\/649499575_1230883245899060_5224768132019882352_n.jpg?fit=1200%2C800&ssl=1&resize=700%2C400 2x, https:\/\/i0.wp.com\/www.entremundos.org\/revista\/wp-content\/uploads\/2026\/03\/649499575_1230883245899060_5224768132019882352_n.jpg?fit=1200%2C800&ssl=1&resize=1050%2C600 3x"},"classes":[]},{"id":12038,"url":"https:\/\/www.entremundos.org\/revista\/politica\/quetzaltenango-500-anos-de-historia-desafios-y-esperanza\/","url_meta":{"origin":13649,"position":3},"title":"Quetzaltenango: 500 a\u00f1os de historia, desaf\u00edos y esperanza","author":"EntreMundos","date":"16 mayo, 2024","format":false,"excerpt":"POR SAMUEL ALVAREZ MORALES La historia de la ciudad se remonta a la \u00e9poca precolombina. Desde entonces, fue un importante centro comercial y cultural para la regi\u00f3n. Sus primeros habitantes fueron los Mam, quienes la llamar\u00edan Kulaja; los Quich\u00e9s la conquistaron y la nombraron Xelajuj No\u2019j. Finalmente, el 15 de\u2026","rel":"","context":"En \u00abFrontPage\u00bb","block_context":{"text":"FrontPage","link":"https:\/\/www.entremundos.org\/revista\/category\/frontpage\/"},"img":{"alt_text":"","src":"https:\/\/i0.wp.com\/www.entremundos.org\/revista\/wp-content\/uploads\/2024\/05\/whatsapp-image-2024-05-03-at-5.26.36-pm-scaled.jpeg?fit=632%2C1200&ssl=1&resize=350%2C200","width":350,"height":200,"srcset":"https:\/\/i0.wp.com\/www.entremundos.org\/revista\/wp-content\/uploads\/2024\/05\/whatsapp-image-2024-05-03-at-5.26.36-pm-scaled.jpeg?fit=632%2C1200&ssl=1&resize=350%2C200 1x, https:\/\/i0.wp.com\/www.entremundos.org\/revista\/wp-content\/uploads\/2024\/05\/whatsapp-image-2024-05-03-at-5.26.36-pm-scaled.jpeg?fit=632%2C1200&ssl=1&resize=525%2C300 1.5x"},"classes":[]},{"id":11847,"url":"https:\/\/www.entremundos.org\/revista\/politica\/cuando-la-tierra-se-movio\/","url_meta":{"origin":13649,"position":4},"title":"Cuando la tierra se movi\u00f3","author":"EntreMundos","date":"26 marzo, 2024","format":false,"excerpt":"POR CECILIA REED Estaba profundamente dormida, unos minutos despu\u00e9s de la medianoche; cuando de repente, \u00a1mi cuerpo entr\u00f3 en modo de p\u00e1nico y me despert\u00e9! Mi cama se balanceaba vigorosamente de izquierda a derecha, y las paredes a mi alrededor se balanceaban en direcci\u00f3n opuesta a un ritmo similar. Nunca\u2026","rel":"","context":"En \u00abAccion Comunitaria\u00bb","block_context":{"text":"Accion Comunitaria","link":"https:\/\/www.entremundos.org\/revista\/category\/politica\/accion-comunitaria-3\/"},"img":{"alt_text":"","src":"https:\/\/i0.wp.com\/www.entremundos.org\/revista\/wp-content\/uploads\/2024\/03\/20240124_080747-scaled.jpg?fit=1200%2C900&ssl=1&resize=350%2C200","width":350,"height":200,"srcset":"https:\/\/i0.wp.com\/www.entremundos.org\/revista\/wp-content\/uploads\/2024\/03\/20240124_080747-scaled.jpg?fit=1200%2C900&ssl=1&resize=350%2C200 1x, https:\/\/i0.wp.com\/www.entremundos.org\/revista\/wp-content\/uploads\/2024\/03\/20240124_080747-scaled.jpg?fit=1200%2C900&ssl=1&resize=525%2C300 1.5x, https:\/\/i0.wp.com\/www.entremundos.org\/revista\/wp-content\/uploads\/2024\/03\/20240124_080747-scaled.jpg?fit=1200%2C900&ssl=1&resize=700%2C400 2x, https:\/\/i0.wp.com\/www.entremundos.org\/revista\/wp-content\/uploads\/2024\/03\/20240124_080747-scaled.jpg?fit=1200%2C900&ssl=1&resize=1050%2C600 3x"},"classes":[]},{"id":13004,"url":"https:\/\/www.entremundos.org\/revista\/politica\/la-valentia-de-elegir-nuestros-suenos\/","url_meta":{"origin":13649,"position":5},"title":"La valent\u00eda de elegir nuestros sue\u00f1os","author":"EntreMundos","date":"23 julio, 2025","format":false,"excerpt":"Por Teresa Lucas Hay t\u00e9rminos en econom\u00eda y finanzas que, aunque t\u00e9cnicos, encierran verdades profundamente humanas. Uno de ellos es el costo de oportunidad. Este concepto se refiere a todo aquello que dejamos de hacer, recibir o disfrutar cuando tomamos una decisi\u00f3n determinada. En otras palabras, cada vez que elegimos\u2026","rel":"","context":"En \u00abFrontPage\u00bb","block_context":{"text":"FrontPage","link":"https:\/\/www.entremundos.org\/revista\/category\/frontpage\/"},"img":{"alt_text":"","src":"https:\/\/i0.wp.com\/www.entremundos.org\/revista\/wp-content\/uploads\/2025\/07\/whatsapp-image-2025-06-11-at-10.12.40-pm-scaled.png?fit=675%2C1200&ssl=1&resize=350%2C200","width":350,"height":200,"srcset":"https:\/\/i0.wp.com\/www.entremundos.org\/revista\/wp-content\/uploads\/2025\/07\/whatsapp-image-2025-06-11-at-10.12.40-pm-scaled.png?fit=675%2C1200&ssl=1&resize=350%2C200 1x, https:\/\/i0.wp.com\/www.entremundos.org\/revista\/wp-content\/uploads\/2025\/07\/whatsapp-image-2025-06-11-at-10.12.40-pm-scaled.png?fit=675%2C1200&ssl=1&resize=525%2C300 1.5x"},"classes":[]}],"jetpack_sharing_enabled":true,"_links":{"self":[{"href":"https:\/\/www.entremundos.org\/revista\/wp-json\/wp\/v2\/posts\/13649","targetHints":{"allow":["GET"]}}],"collection":[{"href":"https:\/\/www.entremundos.org\/revista\/wp-json\/wp\/v2\/posts"}],"about":[{"href":"https:\/\/www.entremundos.org\/revista\/wp-json\/wp\/v2\/types\/post"}],"author":[{"embeddable":true,"href":"https:\/\/www.entremundos.org\/revista\/wp-json\/wp\/v2\/users\/1"}],"replies":[{"embeddable":true,"href":"https:\/\/www.entremundos.org\/revista\/wp-json\/wp\/v2\/comments?post=13649"}],"version-history":[{"count":1,"href":"https:\/\/www.entremundos.org\/revista\/wp-json\/wp\/v2\/posts\/13649\/revisions"}],"predecessor-version":[{"id":13652,"href":"https:\/\/www.entremundos.org\/revista\/wp-json\/wp\/v2\/posts\/13649\/revisions\/13652"}],"wp:featuredmedia":[{"embeddable":true,"href":"https:\/\/www.entremundos.org\/revista\/wp-json\/wp\/v2\/media\/13653"}],"wp:attachment":[{"href":"https:\/\/www.entremundos.org\/revista\/wp-json\/wp\/v2\/media?parent=13649"}],"wp:term":[{"taxonomy":"category","embeddable":true,"href":"https:\/\/www.entremundos.org\/revista\/wp-json\/wp\/v2\/categories?post=13649"},{"taxonomy":"post_tag","embeddable":true,"href":"https:\/\/www.entremundos.org\/revista\/wp-json\/wp\/v2\/tags?post=13649"}],"curies":[{"name":"wp","href":"https:\/\/api.w.org\/{rel}","templated":true}]}}