{"id":1820,"date":"2015-11-10T16:24:11","date_gmt":"2015-11-10T16:24:11","guid":{"rendered":"http:\/\/www.entremundos.org\/revista\/?p=1820&#038;lang=en"},"modified":"2015-11-10T16:25:45","modified_gmt":"2015-11-10T16:25:45","slug":"new-student-organizing","status":"publish","type":"post","link":"https:\/\/www.entremundos.org\/revista\/politics\/new-student-organizing\/?lang=en","title":{"rendered":"New Student Organizing"},"content":{"rendered":"<p>&nbsp;<\/p>\n<p><em>By Gustavo Ochoa Lau &#8211; Part\u00a0of the student movement<\/em><\/p>\n<p>\u201cThey\u2019ve ruled us more by ignorance than by force.\u201d \u2013 Simon Bolivar<\/p>\n<p>This year has seen a significant increase in civic participation among both students and the population in general. Guatemala\u2019s constitution gives every citizen the right to protest individually or collectively, and some students have decided to organize themselves with concrete goals to change the country. This is the case with the Guatemala University Student Coordinating Committee (CEUG) and the Interuniversity Coordinating Committee of the West (CIO), groups that have led some of the recent popular protests that have proposed changes to Guatemala\u2019s legislative system.<\/p>\n<figure id=\"attachment_1816\" aria-describedby=\"caption-attachment-1816\" style=\"width: 310px\" class=\"wp-caption alignnone\"><a href=\"https:\/\/i0.wp.com\/www.entremundos.org\/revista\/wp-content\/uploads\/2015\/11\/cio.jpg\"><img data-recalc-dims=\"1\" loading=\"lazy\" decoding=\"async\" class=\" wp-image-1816\" src=\"https:\/\/i0.wp.com\/www.entremundos.org\/revista\/wp-content\/uploads\/2015\/11\/cio.jpg?resize=310%2C415\" alt=\"A protester in Xela's Central Park is disguised as the monster of corruption.\" width=\"310\" height=\"415\" \/><\/a><figcaption id=\"caption-attachment-1816\" class=\"wp-caption-text\">A protester in Xela&#8217;s Central Park is disguised as the monster of corruption. Photo courtesy of Gustavo Ochoa.<\/figcaption><\/figure>\n<p>Regardless of the field of study or the university that students identify with, they must act to better the country. They\u2019re holders of knowledge and they\u2019re aware of social realities, and so they have a responsibility to act. They\u2019ll enter all sectors of society, and their potential has no limit.<\/p>\n<p>There have always been marked differences in Guatemalan society, including among students. Class differences are a major reason for this, but we can overcome our differences through the struggle against corruption. We can break the paradigms of division that have survived in the university system so that we can work for the common good.<\/p>\n<p>The new student organizations don\u2019t just seek to demand justice and punishment for those involved in corruption. They also seek to propose changes to the nation\u2019s laws that prevent illegal, disloyal, and degrading government. Among these proposals are reforms to the Law of Elections and Political Parties (LEPP), with which we seek to prevent people with bad intentions from gaining or keeping power. These reform proposals are the fruit of several informational and consciousness-building workshops that included public participation and permitted the CIO to get closer to the public.<\/p>\n<p>\u201cAfter the protest comes the proposal.\u201d \u2013 CIO<\/p>\n<p>The CIO, whose members represent the various universities of Quetzaltenango, organized its first such activity on June 13<sup>th<\/sup>. It was a dialogue attended by community leaders from Xela, who shared their perceptions of local and national problems. The attendees created proposals focused on improving how Congress operates.<\/p>\n<p>The first general assembly occurred on July 4<sup>th<\/sup>, attended by members of various collectives and movements from Quetzaltenango, Guatemala City, and other parts of the country. Local and national media also arrived. Later, the assembly\u2019s conclusions were shared with collectives from other regions for the purpose of comparing proposals and subsequently sharing with the public, through social media, a common proposal.<\/p>\n<figure id=\"attachment_1818\" aria-describedby=\"caption-attachment-1818\" style=\"width: 422px\" class=\"wp-caption alignnone\"><a href=\"https:\/\/i0.wp.com\/www.entremundos.org\/revista\/wp-content\/uploads\/2015\/11\/cio1.jpg\"><img data-recalc-dims=\"1\" loading=\"lazy\" decoding=\"async\" class=\" wp-image-1818\" src=\"https:\/\/i0.wp.com\/www.entremundos.org\/revista\/wp-content\/uploads\/2015\/11\/cio1.jpg?resize=422%2C315\" alt=\"Protest in Xela's Central Park. Photo courtesy of Gustavo Ochoa.\" width=\"422\" height=\"315\" srcset=\"https:\/\/i0.wp.com\/www.entremundos.org\/revista\/wp-content\/uploads\/2015\/11\/cio1.jpg?w=285&amp;ssl=1 285w, https:\/\/i0.wp.com\/www.entremundos.org\/revista\/wp-content\/uploads\/2015\/11\/cio1.jpg?resize=72%2C54&amp;ssl=1 72w\" sizes=\"auto, (max-width: 422px) 100vw, 422px\" \/><\/a><figcaption id=\"caption-attachment-1818\" class=\"wp-caption-text\">Protest in Xela&#8217;s Central Park. Photo courtesy of Gustavo Ochoa.<\/figcaption><\/figure>\n<p>The CIO will continue to inform and listen to the public through forums, assemblies, dialogues, etc., and create proposals that generate change for everyone. Further, the CIO seeks to be a watchdog, analyzing political movements and their potential consequences, with the goal of communicating information about them with the public so the public can voice its opinions and the CIO can act accordingly.<\/p>\n<p>\u201cUniversities are the people.\u201d \u2013 CIO<\/p>\n<p>Read our proposals and get involved through Facebook. Participate. We all share the responsibility to demand that the law be respected, and that it be formulated for the common good.<\/p>\n<p>\u201cThey never dodge the hard fight while they\u2019re defending their land and their home.\u201d &#8211; Guatemalan National Anthem<\/p>\n","protected":false},"excerpt":{"rendered":"<p>&nbsp; By Gustavo Ochoa Lau &#8211; Part\u00a0of the student movement \u201cThey\u2019ve ruled us more by ignorance than by force.\u201d \u2013 Simon Bolivar This year has seen a significant increase in civic participation among both students and the population in general. Guatemala\u2019s constitution gives every citizen the right to protest individually or collectively, and some students [&hellip;]<\/p>\n","protected":false},"author":1,"featured_media":1818,"comment_status":"closed","ping_status":"closed","sticky":false,"template":"","format":"standard","meta":{"_exactmetrics_skip_tracking":false,"_exactmetrics_sitenote_active":false,"_exactmetrics_sitenote_note":"","_exactmetrics_sitenote_category":0,"jetpack_post_was_ever_published":false,"_jetpack_newsletter_access":"","_jetpack_dont_email_post_to_subs":false,"_jetpack_newsletter_tier_id":0,"_jetpack_memberships_contains_paywalled_content":false,"_jetpack_memberships_contains_paid_content":false,"footnotes":""},"categories":[425,426,424,435],"tags":[],"class_list":["post-1820","post","type-post","status-publish","format-standard","has-post-thumbnail","hentry","category-community-action-en-2","category-corruption","category-politics","category-xela-en"],"jetpack_featured_media_url":"https:\/\/i0.wp.com\/www.entremundos.org\/revista\/wp-content\/uploads\/2015\/11\/cio1.jpg?fit=285%2C213&ssl=1","jetpack_shortlink":"https:\/\/wp.me\/p7ljt7-tm","jetpack-related-posts":[{"id":9372,"url":"https:\/\/www.entremundos.org\/revista\/politics\/a-transformational-project-the-challenge-to-get-people-to-focus-their-strength-on-one-common-goal\/?lang=en","url_meta":{"origin":1820,"position":0},"title":"A Transformational Project: The challenge to get people to focus their strength on one common goal","author":"EntreMundos","date":"25 noviembre, 2021","format":false,"excerpt":"An interview with the Mayan activist Mash Mash about current protests and the fight for a Plurinational State. Written in collaboration with Anika Pinz and Martin Sch\u00e4fer from Latein Amerika Nachrichten \u00a0 Anika & Martin: This summer, after various corruption scandals, were large protests in Guatemala. What can you say\u2026","rel":"","context":"En \u00abCommunity Action\u00bb","block_context":{"text":"Community Action","link":"https:\/\/www.entremundos.org\/revista\/category\/politics\/community-action-en-2\/?lang=en"},"img":{"alt_text":"","src":"https:\/\/i0.wp.com\/www.entremundos.org\/revista\/wp-content\/uploads\/2021\/12\/11.jpg?fit=1200%2C1200&ssl=1&resize=350%2C200","width":350,"height":200,"srcset":"https:\/\/i0.wp.com\/www.entremundos.org\/revista\/wp-content\/uploads\/2021\/12\/11.jpg?fit=1200%2C1200&ssl=1&resize=350%2C200 1x, https:\/\/i0.wp.com\/www.entremundos.org\/revista\/wp-content\/uploads\/2021\/12\/11.jpg?fit=1200%2C1200&ssl=1&resize=525%2C300 1.5x, https:\/\/i0.wp.com\/www.entremundos.org\/revista\/wp-content\/uploads\/2021\/12\/11.jpg?fit=1200%2C1200&ssl=1&resize=700%2C400 2x, https:\/\/i0.wp.com\/www.entremundos.org\/revista\/wp-content\/uploads\/2021\/12\/11.jpg?fit=1200%2C1200&ssl=1&resize=1050%2C600 3x"},"classes":[]},{"id":4074,"url":"https:\/\/www.entremundos.org\/revista\/politics\/another-activist-is-murdered-in-guatemala-luis-marroquin-codeca-regional-coordinator\/?lang=en","url_meta":{"origin":1820,"position":1},"title":"Another activist is murdered in Guatemala: Luis Marroqu\u00edn &#8211; Codeca regional coordinator","author":"EntreMundos","date":"10 mayo, 2018","format":false,"excerpt":"Luis Marroqu\u00edn was murdered on May 9 in San Luis Jilotepeque, Jalapa, Guatemala. He was the regional coordinator for Guatemala's eastern region of the Committee for Campesino Development (Codeca), a national grassroots organization. The image above reads: \"Luis Arturo Marroqu\u00edn, a Codeca human rights defender, was murdered. Onward to victory\u2026","rel":"","context":"En \u00abFrontPage\u00bb","block_context":{"text":"FrontPage","link":"https:\/\/www.entremundos.org\/revista\/category\/frontpage-en\/?lang=en"},"img":{"alt_text":"","src":"https:\/\/i0.wp.com\/www.entremundos.org\/revista\/wp-content\/uploads\/2018\/05\/img-20180509-wa0000.jpg?fit=1144%2C1144&ssl=1&resize=350%2C200","width":350,"height":200,"srcset":"https:\/\/i0.wp.com\/www.entremundos.org\/revista\/wp-content\/uploads\/2018\/05\/img-20180509-wa0000.jpg?fit=1144%2C1144&ssl=1&resize=350%2C200 1x, https:\/\/i0.wp.com\/www.entremundos.org\/revista\/wp-content\/uploads\/2018\/05\/img-20180509-wa0000.jpg?fit=1144%2C1144&ssl=1&resize=525%2C300 1.5x, https:\/\/i0.wp.com\/www.entremundos.org\/revista\/wp-content\/uploads\/2018\/05\/img-20180509-wa0000.jpg?fit=1144%2C1144&ssl=1&resize=700%2C400 2x, https:\/\/i0.wp.com\/www.entremundos.org\/revista\/wp-content\/uploads\/2018\/05\/img-20180509-wa0000.jpg?fit=1144%2C1144&ssl=1&resize=1050%2C600 3x"},"classes":[]},{"id":2690,"url":"https:\/\/www.entremundos.org\/revista\/politics\/community-action-en-2\/racism-responds-when-guatemalas-downtrodden-block-roads\/?lang=en","url_meta":{"origin":1820,"position":2},"title":"Racism responds when Guatemala&#8217;s downtrodden block roads","author":"EntreMundos","date":"19 mayo, 2016","format":false,"excerpt":"Blockade in Nahual\u00e1, Solol\u00e1, Guatemala. May 11, 2016. Photo by Ollantay Itzamn\u00e1. Commentary by Ollantay Itzamn\u00e1 Nearly 20 blockades on Guatemala\u2019s principal highways were in place by dawn this past Wednesday, May 11th. They were occupied by the \u201cregrettable\u201d presence of 15,000 indigenous Maya and rural workers of the National\u2026","rel":"","context":"En \u00abCommunity Action\u00bb","block_context":{"text":"Community Action","link":"https:\/\/www.entremundos.org\/revista\/category\/politics\/community-action-en-2\/?lang=en"},"img":{"alt_text":"","src":"https:\/\/i0.wp.com\/www.entremundos.org\/revista\/wp-content\/uploads\/2016\/05\/emcodecamayoii.jpg?fit=1200%2C675&ssl=1&resize=350%2C200","width":350,"height":200,"srcset":"https:\/\/i0.wp.com\/www.entremundos.org\/revista\/wp-content\/uploads\/2016\/05\/emcodecamayoii.jpg?fit=1200%2C675&ssl=1&resize=350%2C200 1x, https:\/\/i0.wp.com\/www.entremundos.org\/revista\/wp-content\/uploads\/2016\/05\/emcodecamayoii.jpg?fit=1200%2C675&ssl=1&resize=525%2C300 1.5x, https:\/\/i0.wp.com\/www.entremundos.org\/revista\/wp-content\/uploads\/2016\/05\/emcodecamayoii.jpg?fit=1200%2C675&ssl=1&resize=700%2C400 2x, https:\/\/i0.wp.com\/www.entremundos.org\/revista\/wp-content\/uploads\/2016\/05\/emcodecamayoii.jpg?fit=1200%2C675&ssl=1&resize=1050%2C600 3x"},"classes":[]},{"id":6909,"url":"https:\/\/www.entremundos.org\/revista\/youth\/with-or-without-covid-19-child-labor-persists-in-guatemala\/?lang=en","url_meta":{"origin":1820,"position":3},"title":"With or Without COVID-19, Child Labor Persists in Guatemala","author":"EntreMundos","date":"12 junio, 2020","format":false,"excerpt":"Fredy Pastor \u201cClever kid! Not even the rain could stop him. Here he is, seen in Zona 1 of Coatepeque. On his bicycle it says, \u2018Express Delivery Service.\u2019 If you see him, help him out\u2026\u201d Thus was reported by one of Quetzaltenango\u2019s main media sources on June 10, 2020 the\u2026","rel":"","context":"En \u00abFrontPage\u00bb","block_context":{"text":"FrontPage","link":"https:\/\/www.entremundos.org\/revista\/category\/frontpage-en\/?lang=en"},"img":{"alt_text":"","src":"https:\/\/i0.wp.com\/www.entremundos.org\/revista\/wp-content\/uploads\/2020\/06\/48082757_1733304126774111_8015067182369079296_o.jpg?fit=1200%2C674&ssl=1&resize=350%2C200","width":350,"height":200,"srcset":"https:\/\/i0.wp.com\/www.entremundos.org\/revista\/wp-content\/uploads\/2020\/06\/48082757_1733304126774111_8015067182369079296_o.jpg?fit=1200%2C674&ssl=1&resize=350%2C200 1x, https:\/\/i0.wp.com\/www.entremundos.org\/revista\/wp-content\/uploads\/2020\/06\/48082757_1733304126774111_8015067182369079296_o.jpg?fit=1200%2C674&ssl=1&resize=525%2C300 1.5x, https:\/\/i0.wp.com\/www.entremundos.org\/revista\/wp-content\/uploads\/2020\/06\/48082757_1733304126774111_8015067182369079296_o.jpg?fit=1200%2C674&ssl=1&resize=700%2C400 2x, https:\/\/i0.wp.com\/www.entremundos.org\/revista\/wp-content\/uploads\/2020\/06\/48082757_1733304126774111_8015067182369079296_o.jpg?fit=1200%2C674&ssl=1&resize=1050%2C600 3x"},"classes":[]},{"id":4151,"url":"https:\/\/www.entremundos.org\/revista\/politics\/community-action-en-2\/the-work-of-assassinated-codeca-leader-luis-marroquin\/?lang=en","url_meta":{"origin":1820,"position":4},"title":"The work of assassinated CODECA leader Luis Marroqu\u00edn","author":"EntreMundos","date":"16 junio, 2018","format":"video","excerpt":"Learn about the work of Luis Marroqu\u00edn, a Xinca organizer from Jalapa, Guatemala, who was the Jalapa regional coordinator of the Committee for Campesino Development (CODECA). He was killed on May 9, 2018, one of seven indigenous human rights activists murdered in 30 days in Guatemala. CODECA is best known\u2026","rel":"","context":"En \u00abCommunity Action\u00bb","block_context":{"text":"Community Action","link":"https:\/\/www.entremundos.org\/revista\/category\/politics\/community-action-en-2\/?lang=en"},"img":{"alt_text":"","src":"https:\/\/i0.wp.com\/www.entremundos.org\/revista\/wp-content\/uploads\/2018\/05\/sam_1092.jpg?fit=1200%2C900&ssl=1&resize=350%2C200","width":350,"height":200,"srcset":"https:\/\/i0.wp.com\/www.entremundos.org\/revista\/wp-content\/uploads\/2018\/05\/sam_1092.jpg?fit=1200%2C900&ssl=1&resize=350%2C200 1x, https:\/\/i0.wp.com\/www.entremundos.org\/revista\/wp-content\/uploads\/2018\/05\/sam_1092.jpg?fit=1200%2C900&ssl=1&resize=525%2C300 1.5x, https:\/\/i0.wp.com\/www.entremundos.org\/revista\/wp-content\/uploads\/2018\/05\/sam_1092.jpg?fit=1200%2C900&ssl=1&resize=700%2C400 2x, https:\/\/i0.wp.com\/www.entremundos.org\/revista\/wp-content\/uploads\/2018\/05\/sam_1092.jpg?fit=1200%2C900&ssl=1&resize=1050%2C600 3x"},"classes":[]},{"id":4418,"url":"https:\/\/www.entremundos.org\/revista\/uncategorized\/the-art-of-protest-mario-valdez\/?lang=en","url_meta":{"origin":1820,"position":5},"title":"The Art of Protest: Mario Valdez","author":"EntreMundos","date":"4 septiembre, 2018","format":false,"excerpt":"The day after Guatemalan President Jimmy Morales ordered armored vehicles donated by the US to surround the offices of the International Commission Against Impunity in Guatemala (CICIG), Mario Valdez got to work in Guatemala City\u2019s Constitution Square. By Richard Brown - Editor \/ EntreMundos Valdez went to the square because,\u2026","rel":"","context":"En \u00abCulture\u00bb","block_context":{"text":"Culture","link":"https:\/\/www.entremundos.org\/revista\/category\/culture\/?lang=en"},"img":{"alt_text":"","src":"https:\/\/i0.wp.com\/www.entremundos.org\/revista\/wp-content\/uploads\/2018\/09\/mariovaldezarte.jpg?fit=1200%2C800&ssl=1&resize=350%2C200","width":350,"height":200,"srcset":"https:\/\/i0.wp.com\/www.entremundos.org\/revista\/wp-content\/uploads\/2018\/09\/mariovaldezarte.jpg?fit=1200%2C800&ssl=1&resize=350%2C200 1x, https:\/\/i0.wp.com\/www.entremundos.org\/revista\/wp-content\/uploads\/2018\/09\/mariovaldezarte.jpg?fit=1200%2C800&ssl=1&resize=525%2C300 1.5x, https:\/\/i0.wp.com\/www.entremundos.org\/revista\/wp-content\/uploads\/2018\/09\/mariovaldezarte.jpg?fit=1200%2C800&ssl=1&resize=700%2C400 2x, https:\/\/i0.wp.com\/www.entremundos.org\/revista\/wp-content\/uploads\/2018\/09\/mariovaldezarte.jpg?fit=1200%2C800&ssl=1&resize=1050%2C600 3x"},"classes":[]}],"jetpack_sharing_enabled":true,"_links":{"self":[{"href":"https:\/\/www.entremundos.org\/revista\/wp-json\/wp\/v2\/posts\/1820","targetHints":{"allow":["GET"]}}],"collection":[{"href":"https:\/\/www.entremundos.org\/revista\/wp-json\/wp\/v2\/posts"}],"about":[{"href":"https:\/\/www.entremundos.org\/revista\/wp-json\/wp\/v2\/types\/post"}],"author":[{"embeddable":true,"href":"https:\/\/www.entremundos.org\/revista\/wp-json\/wp\/v2\/users\/1"}],"replies":[{"embeddable":true,"href":"https:\/\/www.entremundos.org\/revista\/wp-json\/wp\/v2\/comments?post=1820"}],"version-history":[{"count":1,"href":"https:\/\/www.entremundos.org\/revista\/wp-json\/wp\/v2\/posts\/1820\/revisions"}],"predecessor-version":[{"id":1821,"href":"https:\/\/www.entremundos.org\/revista\/wp-json\/wp\/v2\/posts\/1820\/revisions\/1821"}],"wp:featuredmedia":[{"embeddable":true,"href":"https:\/\/www.entremundos.org\/revista\/wp-json\/wp\/v2\/media\/1818"}],"wp:attachment":[{"href":"https:\/\/www.entremundos.org\/revista\/wp-json\/wp\/v2\/media?parent=1820"}],"wp:term":[{"taxonomy":"category","embeddable":true,"href":"https:\/\/www.entremundos.org\/revista\/wp-json\/wp\/v2\/categories?post=1820"},{"taxonomy":"post_tag","embeddable":true,"href":"https:\/\/www.entremundos.org\/revista\/wp-json\/wp\/v2\/tags?post=1820"}],"curies":[{"name":"wp","href":"https:\/\/api.w.org\/{rel}","templated":true}]}}