{"id":1830,"date":"2015-11-10T16:58:18","date_gmt":"2015-11-10T16:58:18","guid":{"rendered":"http:\/\/www.entremundos.org\/revista\/?p=1830"},"modified":"2015-11-12T01:41:19","modified_gmt":"2015-11-12T01:41:19","slug":"guatemala-te-habla-a-vos","status":"publish","type":"post","link":"https:\/\/www.entremundos.org\/revista\/politica\/guatemala-te-habla-a-vos\/","title":{"rendered":"Guatemala te habla a VOS \/ Un movimiento nacido en Xela"},"content":{"rendered":"<p><em>Por Patricia Mac\u00edas &#8211; Corresponsal de EntreMundos<\/em><\/p>\n<p>La indignaci\u00f3n y las protestas de los guatemaltecos no son exclusivas de la capital. En Xela los quetzaltecos se manifiestan en el parque central con el mismo \u00edmpetu que los capitalinos. Estas demostraciones que comenzaron el pasado mes de abril unen a estudiantes, familias, l\u00edderes ind\u00edgenas, comerciantes y artistas de toda \u00edndole y origen social exigiendo justicia y el fin de la corrupci\u00f3n e impunidad.<\/p>\n<figure id=\"attachment_1831\" aria-describedby=\"caption-attachment-1831\" style=\"width: 344px\" class=\"wp-caption aligncenter\"><a href=\"http:\/\/www.entremundos.org\/revista\/wp-content\/uploads\/2015\/11\/arbenzvos.jpeg\"><img loading=\"lazy\" decoding=\"async\" class=\" wp-image-1831\" src=\"http:\/\/www.entremundos.org\/revista\/wp-content\/uploads\/2015\/11\/arbenzvos.jpeg\" alt=\"Afiche del Colectivo VOS.\" width=\"344\" height=\"533\" \/><\/a><figcaption id=\"caption-attachment-1831\" class=\"wp-caption-text\">Arbenz te llama\u00a0desde el\u00a0afiche del Colectivo VOS.<\/figcaption><\/figure>\n<p>Fue en estas marchas donde naci\u00f3 el actual colectivo VOS. Ya participaron en las primeras salidas, la del 25 de abril de 2015 y en la siguiente del 16 de mayo \u2013 con 5,000 personas manifest\u00e1ndose &#8211; pero no fue hasta despu\u00e9s de la protesta del 30 de mayo \u2013 en la que participaron 12,000 personas \u2013 cuando crearon su p\u00e1gina de Facebook y saltaron a la vida p\u00fablica como VOS. Crearon eventos de Facebook para estas primeras marchas \u2013 antes de ser VOS &#8211; y acabaron sorprendidos por el gran poder de convocatoria que lograron.<\/p>\n<p>VOS le habla de tu a tu a sus compatriotas, su objetivo principal es implicar a los ciudadanos, a ese sector de poblaci\u00f3n normalmente ajeno a la pol\u00edtica, para que participe y conozca que es lo que pasa con su dinero p\u00fablico y el trabajo de sus gobernantes.<\/p>\n<p>Antes de de la creaci\u00f3n de VOS cuando a\u00fan estaban adscritos al movimiento #RenunciaYa, el negocio de uno de los l\u00edderes del colectivo fue incendiado de manera intencionada, en la madrugada del 31 de mayo, menos de 48 horas despu\u00e9s de la marcha del 30 de mayo en el parque central de Xela. La tienda de accesorios para dama \u2018Mandala\u2019 y la vivienda adyacente sufrieron grandes da\u00f1os, con p\u00e9rdidas que ascendieron a Q12.000. Tras el suceso el hecho fue denunciado en el Ministerio P\u00fablico y la Comisi\u00f3n contra la Impunidad. Este ataque represivo no dejo indiferente a nadie y Tony \u2013 due\u00f1o de Mandala y l\u00edder de VOS \u2013 recibi\u00f3 el cari\u00f1o y la solidaridad de guatemaltecos por todo el pa\u00eds que donaron desde Q5\u00a0en Pet\u00e9n a Q3,000 en Quetzaltenango para ayudar con los gastos de reconstrucci\u00f3n. Si los atacantes pretend\u00edan intimidar a los activistas, no lograron su objetivo ya que acciones as\u00ed no van a impedir que j\u00f3venes entusiastas como Tony y sus compa\u00f1eros sigan exigiendo una Guatemala mejor para todos, incluidos los mismos atacantes.<\/p>\n<p>Tras el suceso las actividades promovidas por VOS han continuado con normalidad. Adem\u00e1s de las manifestaciones, est\u00e1n trabajando en un plan de incidencia pol\u00edtica y contin\u00faan las conversaciones grupos implicados de alguna manera en el panorama social, pol\u00edtico y econ\u00f3mico del pa\u00eds. Una de las actividades m\u00e1s destacadas fue la celebraci\u00f3n de un debate electoral entre los candidatos a la alcald\u00eda de Xela. El debate tuvo lugar el pasado 15 de agosto en el templo Minerva y fue todo un \u00e9xito. Los quetzaltecos tuvieron la oportunidad de preguntar y escuchar a los candidatos en un espacio p\u00fablico abierto a todos sin restricci\u00f3n. Asistieron mas de 500 personas y casi todos los grupos pol\u00edticos estuvieron presentes.<\/p>\n<figure id=\"attachment_1833\" aria-describedby=\"caption-attachment-1833\" style=\"width: 900px\" class=\"wp-caption aligncenter\"><a href=\"http:\/\/www.entremundos.org\/revista\/wp-content\/uploads\/2015\/11\/vos.jpg\"><img loading=\"lazy\" decoding=\"async\" class=\"wp-image-1833 size-full\" src=\"http:\/\/www.entremundos.org\/revista\/wp-content\/uploads\/2015\/11\/vos.jpg\" alt=\"VOS\" width=\"900\" height=\"598\" srcset=\"https:\/\/www.entremundos.org\/revista\/wp-content\/uploads\/2015\/11\/vos.jpg 900w, https:\/\/www.entremundos.org\/revista\/wp-content\/uploads\/2015\/11\/vos-300x199.jpg 300w, https:\/\/www.entremundos.org\/revista\/wp-content\/uploads\/2015\/11\/vos-335x223.jpg 335w\" sizes=\"auto, (max-width: 900px) 100vw, 900px\" \/><\/a><figcaption id=\"caption-attachment-1833\" class=\"wp-caption-text\">Integrantes del Colectivo Vos se manifiestan en Xela. Foto cortes\u00eda de VOS.<\/figcaption><\/figure>\n<p>Sus acciones a corto plazo al momento de cerrar esta edici\u00f3n de la Revista EntreMundos, son conseguir el aplazamiento de las elecciones del 6 de septiembre y la movilizaci\u00f3n en las marchas que tendr\u00e1n lugar a final de agosto incluyendo el paro nacional del d\u00eda 27 seguido de una manifestaci\u00f3n masiva el 29 de agosto.<\/p>\n<p>El \u00edcono que identifica a VOS es ese cartel con la figura de \u00c1rbenz se\u00f1alando con su dedo \u00edndice como diciendo: es vuestro turno de dar un paso adelante y demostrar que es el pueblo el que tiene el control del gobierno y no al rev\u00e9s.<\/p>\n<p>La trayectoria de colectivos como VOS no ha hecho m\u00e1s que comenzar, la indignaci\u00f3n de los guatemaltecos y guatemaltecas no es pasajera, esta generaci\u00f3n y las pr\u00f3ximas agradecer\u00e1n todo su esfuerzo.<\/p>\n","protected":false},"excerpt":{"rendered":"<p>Por Patricia Mac\u00edas &#8211; Corresponsal de EntreMundos La indignaci\u00f3n y las protestas de los guatemaltecos no son exclusivas de la capital. En Xela los quetzaltecos se manifiestan en el parque central con el mismo \u00edmpetu que los capitalinos. Estas demostraciones que comenzaron el pasado mes de abril unen a estudiantes, familias, l\u00edderes ind\u00edgenas, comerciantes y [&hellip;]<\/p>\n","protected":false},"author":1,"featured_media":1833,"comment_status":"closed","ping_status":"closed","sticky":false,"template":"","format":"standard","meta":{"footnotes":""},"categories":[402,407,380,401,439,378,434],"tags":[],"class_list":["post-1830","post","type-post","status-publish","format-standard","has-post-thumbnail","hentry","category-accion-comunitaria-3","category-corrupcion","category-economia","category-economia-alternativa","category-juventud","category-politica","category-xela"],"_links":{"self":[{"href":"https:\/\/www.entremundos.org\/revista\/wp-json\/wp\/v2\/posts\/1830","targetHints":{"allow":["GET"]}}],"collection":[{"href":"https:\/\/www.entremundos.org\/revista\/wp-json\/wp\/v2\/posts"}],"about":[{"href":"https:\/\/www.entremundos.org\/revista\/wp-json\/wp\/v2\/types\/post"}],"author":[{"embeddable":true,"href":"https:\/\/www.entremundos.org\/revista\/wp-json\/wp\/v2\/users\/1"}],"replies":[{"embeddable":true,"href":"https:\/\/www.entremundos.org\/revista\/wp-json\/wp\/v2\/comments?post=1830"}],"version-history":[{"count":5,"href":"https:\/\/www.entremundos.org\/revista\/wp-json\/wp\/v2\/posts\/1830\/revisions"}],"predecessor-version":[{"id":2006,"href":"https:\/\/www.entremundos.org\/revista\/wp-json\/wp\/v2\/posts\/1830\/revisions\/2006"}],"wp:featuredmedia":[{"embeddable":true,"href":"https:\/\/www.entremundos.org\/revista\/wp-json\/wp\/v2\/media\/1833"}],"wp:attachment":[{"href":"https:\/\/www.entremundos.org\/revista\/wp-json\/wp\/v2\/media?parent=1830"}],"wp:term":[{"taxonomy":"category","embeddable":true,"href":"https:\/\/www.entremundos.org\/revista\/wp-json\/wp\/v2\/categories?post=1830"},{"taxonomy":"post_tag","embeddable":true,"href":"https:\/\/www.entremundos.org\/revista\/wp-json\/wp\/v2\/tags?post=1830"}],"curies":[{"name":"wp","href":"https:\/\/api.w.org\/{rel}","templated":true}]}}