{"id":1838,"date":"2015-11-10T17:08:47","date_gmt":"2015-11-10T17:08:47","guid":{"rendered":"http:\/\/www.entremundos.org\/revista\/?p=1838&#038;lang=en"},"modified":"2015-11-10T17:09:42","modified_gmt":"2015-11-10T17:09:42","slug":"guatemala-is-speaking-to-you","status":"publish","type":"post","link":"https:\/\/www.entremundos.org\/revista\/economy\/guatemala-is-speaking-to-you\/?lang=en","title":{"rendered":"Guatemala is speaking to YOU"},"content":{"rendered":"<p><em>By Patricia Mac\u00edas &#8211;\u00a0EntreMundos Correspondent<\/em><\/p>\n<p>Guatemala\u2019s indignation and protests are not limited to the capital. In Xela, people are protesting with the same vigor. The demonstrations that began this past April have united students, families, indigenous leaders, businessmen and women, artists; people of all stripes and social stations are demanding justice and an end to corruption and impunity.<\/p>\n<p>&nbsp;<\/p>\n<p>It was during these times that the collective <em>Vos<\/em> was formed. Its founders participated in the first demonstrations in Xela, on April 25<sup>th<\/sup> and May 16<sup>th<\/sup>, that brought around 5,000 to the streets. But it wasn\u2019t until after the 12,000-person protest on May 30<sup>th<\/sup> that they created their Facebook page and jumped into public view as <em>Vos <\/em>(\u201cYou\u201d)<em>.<\/em><\/p>\n<p>&nbsp;<\/p>\n<p><em>Vos<\/em> speaks directly to its fellow citizens. Its principal objective is to convince the sector of society that usually steers clear of politics to participate and to investigate what is really happening with public funds and their representatives.<\/p>\n<figure id=\"attachment_1832\" aria-describedby=\"caption-attachment-1832\" style=\"width: 334px\" class=\"wp-caption aligncenter\"><a href=\"https:\/\/i0.wp.com\/www.entremundos.org\/revista\/wp-content\/uploads\/2015\/11\/arbenzvos.jpeg\"><img data-recalc-dims=\"1\" loading=\"lazy\" decoding=\"async\" class=\" wp-image-1832\" src=\"https:\/\/i0.wp.com\/www.entremundos.org\/revista\/wp-content\/uploads\/2015\/11\/arbenzvos.jpeg?resize=334%2C518\" alt=\"&quot;Guatemala needs YOU.&quot; Progressive President Jacobo Arbenz was Guatemala's second elected leader during its 10-year &quot;democratic spring,&quot; which came to an end when a US-led coup returned the country to right-wing dictatorship in 1954.\" width=\"334\" height=\"518\" \/><\/a><figcaption id=\"caption-attachment-1832\" class=\"wp-caption-text\">\u00abGuatemala needs YOU.\u00bb Progressive President Jacobo Arbenz was Guatemala&#8217;s second elected leader during its 10-year \u00abdemocratic spring,\u00bb which came to an end when a US-led coup returned the country to right-wing dictatorship in 1954.<\/figcaption><\/figure>\n<p>Before the creation of <em>Vos<\/em>, while its founders were part of #RenunciaYa, the business of one of the founders was intentionally set on fire on May 31<sup>st<\/sup>, less than 48 hours after the major May 30<sup>th<\/sup> demonstration in Xela\u2019s central park. The jewelry and women\u2019s fashion store Mandala, as well as the adjacent residence, suffered huge damages totaling Q12,000 (over $1,500). The act was reported to the police and to the International Commission Against Impunity in Guatemala (CICIG). The attack left no one indifferent, and Tony, Mandala\u2019s owner and founder of <em>Vos<\/em>, received warmth and solidarity from Guatemalans across the country, along with donations that ranged from Q5 (about 75 cents) from someone in Peten to Q3,000 (about $390) from someone in Xela to help with reconstruction. If the arsonists intended to intimidate young activists, they failed. Tony and his allies continue to demand a Guatemala that is better for everyone, including their attackers.<\/p>\n<p>&nbsp;<\/p>\n<p>Since the arson, the activities created or promoted by <em>Vos<\/em> have continued normally. In addition to demonstrations, they are working on a political empowerment plan and are communicating with all kinds of social, political, and economic groups across the country. The debate between candidates for mayor that took place at the Minerva Temple next to the Market La Terminal was a major recent success. Quetzaltecos had the change to ask questions of the candidates and hear their responses in a public space open to all. More than 500 people and almost all local political parties were present.<\/p>\n<p>&nbsp;<\/p>\n<p>Their current short-term plans, as of publication, are to work to postpone the elections planned for September 6<sup>th<\/sup> until reforms are passed and to mobilize participants for the massive nation-wide strikes of August 27<sup>th<\/sup> and 29<sup>th<\/sup>.<\/p>\n<p>&nbsp;<\/p>\n<p>The identifying icon of <em>Vos<\/em> is the poster with an image of Arbenz pointing his pointer finger at the viewer, mimicking Uncle Sam. He says, It\u2019s your turn to take a step forward, and to show that the people control the government and not the other way around.<\/p>\n<figure id=\"attachment_1834\" aria-describedby=\"caption-attachment-1834\" style=\"width: 900px\" class=\"wp-caption aligncenter\"><a href=\"https:\/\/i0.wp.com\/www.entremundos.org\/revista\/wp-content\/uploads\/2015\/11\/vos.jpg\"><img data-recalc-dims=\"1\" loading=\"lazy\" decoding=\"async\" class=\"size-full wp-image-1834\" src=\"https:\/\/i0.wp.com\/www.entremundos.org\/revista\/wp-content\/uploads\/2015\/11\/vos.jpg?resize=640%2C425\" alt=\"Members of the Vos Collective demonstrate in Xela. Photo courtesy of Vos.\" width=\"640\" height=\"425\" srcset=\"https:\/\/i0.wp.com\/www.entremundos.org\/revista\/wp-content\/uploads\/2015\/11\/vos.jpg?w=900&amp;ssl=1 900w, https:\/\/i0.wp.com\/www.entremundos.org\/revista\/wp-content\/uploads\/2015\/11\/vos.jpg?resize=300%2C199&amp;ssl=1 300w, https:\/\/i0.wp.com\/www.entremundos.org\/revista\/wp-content\/uploads\/2015\/11\/vos.jpg?resize=335%2C223&amp;ssl=1 335w\" sizes=\"auto, (max-width: 640px) 100vw, 640px\" \/><\/a><figcaption id=\"caption-attachment-1834\" class=\"wp-caption-text\">Members of the Vos Collective demonstrate in Xela. Photo courtesy of Vos.<\/figcaption><\/figure>\n<p>The trajectory of collectives like <em>Vos<\/em> has just begun. The indignation in Guatemala is not fleeting, and this and future generations will thank them for their service.<\/p>\n<p>&nbsp;<\/p>\n<p>En la portada esta el dios Chaac, que en la tradici\u00f3n maya ense\u00f1\u00f3 al hombre a cultivar. El representa la conexiones que exploramos en este n\u00famero: entre uso de agua y tierra, los seres humanos, los precios de la comida y la pobreza. Representa lo que unos saben y los que otros no: que lo que haces con el agua, se lo haces a la tierra, y que lo que le haces a la tierra, se lo haces al pueblo.<\/p>\n","protected":false},"excerpt":{"rendered":"<p>By Patricia Mac\u00edas &#8211;\u00a0EntreMundos Correspondent Guatemala\u2019s indignation and protests are not limited to the capital. In Xela, people are protesting with the same vigor. The demonstrations that began this past April have united students, families, indigenous leaders, businessmen and women, artists; people of all stripes and social stations are demanding justice and an end to [&hellip;]<\/p>\n","protected":false},"author":1,"featured_media":1834,"comment_status":"closed","ping_status":"closed","sticky":false,"template":"","format":"standard","meta":{"_exactmetrics_skip_tracking":false,"_exactmetrics_sitenote_active":false,"_exactmetrics_sitenote_note":"","_exactmetrics_sitenote_category":0,"jetpack_post_was_ever_published":false,"_jetpack_newsletter_access":"","_jetpack_dont_email_post_to_subs":false,"_jetpack_newsletter_tier_id":0,"_jetpack_memberships_contains_paywalled_content":false,"_jetpack_memberships_contains_paid_content":false,"footnotes":""},"categories":[411,425,426,410,424,435,438],"tags":[],"class_list":["post-1838","post","type-post","status-publish","format-standard","has-post-thumbnail","hentry","category-alternative-economy","category-community-action-en-2","category-corruption","category-economy","category-politics","category-xela-en","category-youth"],"jetpack_featured_media_url":"https:\/\/i0.wp.com\/www.entremundos.org\/revista\/wp-content\/uploads\/2015\/11\/vos.jpg?fit=900%2C598&ssl=1","jetpack_shortlink":"https:\/\/wp.me\/p7ljt7-tE","jetpack-related-posts":[{"id":1820,"url":"https:\/\/www.entremundos.org\/revista\/politics\/new-student-organizing\/?lang=en","url_meta":{"origin":1838,"position":0},"title":"New Student Organizing","author":"EntreMundos","date":"10 noviembre, 2015","format":false,"excerpt":"\u00a0 By Gustavo Ochoa Lau - Part\u00a0of the student movement \u201cThey\u2019ve ruled us more by ignorance than by force.\u201d \u2013 Simon Bolivar This year has seen a significant increase in civic participation among both students and the population in general. Guatemala\u2019s constitution gives every citizen the right to protest individually\u2026","rel":"","context":"En \u00abCommunity Action\u00bb","block_context":{"text":"Community Action","link":"https:\/\/www.entremundos.org\/revista\/category\/politics\/community-action-en-2\/?lang=en"},"img":{"alt_text":"A protester in Xela's Central Park is disguised as the monster of corruption.","src":"https:\/\/i0.wp.com\/www.entremundos.org\/revista\/wp-content\/uploads\/2015\/11\/cio.jpg?resize=350%2C200","width":350,"height":200},"classes":[]},{"id":1986,"url":"https:\/\/www.entremundos.org\/revista\/uncategorized\/interview-with-mayor-elect-luis-grijalva\/?lang=en","url_meta":{"origin":1838,"position":1},"title":"Interview with mayor-elect Luis Grijalva","author":"EntreMundos","date":"11 noviembre, 2015","format":false,"excerpt":"By Richard Brown and Patricia Mac\u00edas - November 2015 Luis Grijalva, the unexpected victor by a wide margin of the 2015 race for mayor of Xela, met with EntreMundos in a restaurant in Zone 7 in October. He arrived without bodyguards, and answered our questions openly, except, for strategic reasons,\u2026","rel":"","context":"En \u00abPolitics\u00bb","block_context":{"text":"Politics","link":"https:\/\/www.entremundos.org\/revista\/category\/politics\/?lang=en"},"img":{"alt_text":"","src":"https:\/\/i0.wp.com\/www.entremundos.org\/revista\/wp-content\/uploads\/2015\/11\/gri.jpg?fit=1200%2C1077&ssl=1&resize=350%2C200","width":350,"height":200,"srcset":"https:\/\/i0.wp.com\/www.entremundos.org\/revista\/wp-content\/uploads\/2015\/11\/gri.jpg?fit=1200%2C1077&ssl=1&resize=350%2C200 1x, https:\/\/i0.wp.com\/www.entremundos.org\/revista\/wp-content\/uploads\/2015\/11\/gri.jpg?fit=1200%2C1077&ssl=1&resize=525%2C300 1.5x, https:\/\/i0.wp.com\/www.entremundos.org\/revista\/wp-content\/uploads\/2015\/11\/gri.jpg?fit=1200%2C1077&ssl=1&resize=700%2C400 2x, https:\/\/i0.wp.com\/www.entremundos.org\/revista\/wp-content\/uploads\/2015\/11\/gri.jpg?fit=1200%2C1077&ssl=1&resize=1050%2C600 3x"},"classes":[]},{"id":1940,"url":"https:\/\/www.entremundos.org\/revista\/politics\/this-is-just-the-beginning\/?lang=en","url_meta":{"origin":1838,"position":2},"title":"A new alliance called \u00abThis is just the beginning!\u00bb","author":"EntreMundos","date":"10 noviembre, 2015","format":false,"excerpt":"This year\u2019s massive social mobilizations in Guatemala won\u2019t just become history; they have a future, as the October 15th event \u201cThis is Just the Beginning\u201d showed in Guatemala City. The event was a gathering of young people from rural communities who have been monitoring the elections as part of the\u2026","rel":"","context":"En \u00abCommunity Action\u00bb","block_context":{"text":"Community Action","link":"https:\/\/www.entremundos.org\/revista\/category\/politics\/community-action-en-2\/?lang=en"},"img":{"alt_text":"","src":"https:\/\/i0.wp.com\/www.entremundos.org\/revista\/wp-content\/uploads\/2015\/11\/img_3540-1.jpg?fit=1200%2C848&ssl=1&resize=350%2C200","width":350,"height":200,"srcset":"https:\/\/i0.wp.com\/www.entremundos.org\/revista\/wp-content\/uploads\/2015\/11\/img_3540-1.jpg?fit=1200%2C848&ssl=1&resize=350%2C200 1x, https:\/\/i0.wp.com\/www.entremundos.org\/revista\/wp-content\/uploads\/2015\/11\/img_3540-1.jpg?fit=1200%2C848&ssl=1&resize=525%2C300 1.5x, https:\/\/i0.wp.com\/www.entremundos.org\/revista\/wp-content\/uploads\/2015\/11\/img_3540-1.jpg?fit=1200%2C848&ssl=1&resize=700%2C400 2x, https:\/\/i0.wp.com\/www.entremundos.org\/revista\/wp-content\/uploads\/2015\/11\/img_3540-1.jpg?fit=1200%2C848&ssl=1&resize=1050%2C600 3x"},"classes":[]},{"id":1389,"url":"https:\/\/www.entremundos.org\/revista\/uncategorized\/luis-grijalva-wins-race-for-mayor-of-xela\/?lang=en","url_meta":{"origin":1838,"position":3},"title":"Luis Grijalva wins race for mayor of Xela","author":"EntreMundos","date":"10 noviembre, 2015","format":false,"excerpt":"Quetzaltenango - 7 September 2015 By Richard Brown Xela\u2019s mayor-elect, Luis Grijalva, appeared in the Central Park this afternoon to thank supporters. Grijalva won a decisive victory, receiving twice the votes of his closest rival. With his party, Encuentro por Guatemala, Grijalva ran a small-budget campaign that, he says, spent\u2026","rel":"","context":"En \u00abPolitics\u00bb","block_context":{"text":"Politics","link":"https:\/\/www.entremundos.org\/revista\/category\/politics\/?lang=en"},"img":{"alt_text":"","src":"https:\/\/i0.wp.com\/www.entremundos.org\/revista\/wp-content\/uploads\/2015\/09\/img_21001.jpg?fit=839%2C1200&ssl=1&resize=350%2C200","width":350,"height":200,"srcset":"https:\/\/i0.wp.com\/www.entremundos.org\/revista\/wp-content\/uploads\/2015\/09\/img_21001.jpg?fit=839%2C1200&ssl=1&resize=350%2C200 1x, https:\/\/i0.wp.com\/www.entremundos.org\/revista\/wp-content\/uploads\/2015\/09\/img_21001.jpg?fit=839%2C1200&ssl=1&resize=525%2C300 1.5x, https:\/\/i0.wp.com\/www.entremundos.org\/revista\/wp-content\/uploads\/2015\/09\/img_21001.jpg?fit=839%2C1200&ssl=1&resize=700%2C400 2x"},"classes":[]},{"id":5118,"url":"https:\/\/www.entremundos.org\/revista\/xela-guide\/transportandtravel\/airport-transport-travelling-to-and-from-guatemala-city-private-bus\/?lang=en","url_meta":{"origin":1838,"position":4},"title":"Airport transport &#8211; Travelling to and from Guatemala City (Private bus)","author":"EntreMundos","date":"12 diciembre, 2018","format":false,"excerpt":"One of the only times where you\u2019ll find Chicken Buses at similar prices to private buses. Shuttles to and from Guatemala normally offer more comfort, generally get you there faster as they are direct and tend to drive in a slightly less dangerous fashion! If you are catching a flight\u2026","rel":"","context":"En \u00abTransport and travel\u00bb","block_context":{"text":"Transport and travel","link":"https:\/\/www.entremundos.org\/revista\/category\/xela-guide\/transportandtravel\/?lang=en"},"img":{"alt_text":"","src":"https:\/\/i0.wp.com\/www.entremundos.org\/revista\/wp-content\/uploads\/2018\/12\/una-via.jpg?fit=570%2C457&ssl=1&resize=350%2C200","width":350,"height":200,"srcset":"https:\/\/i0.wp.com\/www.entremundos.org\/revista\/wp-content\/uploads\/2018\/12\/una-via.jpg?fit=570%2C457&ssl=1&resize=350%2C200 1x, https:\/\/i0.wp.com\/www.entremundos.org\/revista\/wp-content\/uploads\/2018\/12\/una-via.jpg?fit=570%2C457&ssl=1&resize=525%2C300 1.5x"},"classes":[]},{"id":5219,"url":"https:\/\/www.entremundos.org\/revista\/uncategorized\/travelling-long-distance-around-guatemala\/?lang=en","url_meta":{"origin":1838,"position":5},"title":"Travelling Long Distance around Guatemala","author":"EntreMundos","date":"18 diciembre, 2018","format":false,"excerpt":"THERE ARE TWO MAIN WAYS TO GET YOURSELF AROUND IN GUATEMALA: CHICKEN BUS (PUBLIC TRANSPORT) PRIVATE SHUTTLE (THROUGH TRAVEL COMPANIES) This guide will detail all the places you can visit around Guatemala from Xela, detailing both transport options and what you will find there. This is meant as an overview\u2026","rel":"","context":"En \u00abTransport and travel\u00bb","block_context":{"text":"Transport and travel","link":"https:\/\/www.entremundos.org\/revista\/category\/xela-guide\/transportandtravel\/?lang=en"},"img":{"alt_text":"","src":"https:\/\/i0.wp.com\/www.entremundos.org\/revista\/wp-content\/uploads\/2018\/12\/chicken-bus-1.jpg?fit=949%2C480&ssl=1&resize=350%2C200","width":350,"height":200,"srcset":"https:\/\/i0.wp.com\/www.entremundos.org\/revista\/wp-content\/uploads\/2018\/12\/chicken-bus-1.jpg?fit=949%2C480&ssl=1&resize=350%2C200 1x, https:\/\/i0.wp.com\/www.entremundos.org\/revista\/wp-content\/uploads\/2018\/12\/chicken-bus-1.jpg?fit=949%2C480&ssl=1&resize=525%2C300 1.5x, https:\/\/i0.wp.com\/www.entremundos.org\/revista\/wp-content\/uploads\/2018\/12\/chicken-bus-1.jpg?fit=949%2C480&ssl=1&resize=700%2C400 2x"},"classes":[]}],"jetpack_sharing_enabled":true,"_links":{"self":[{"href":"https:\/\/www.entremundos.org\/revista\/wp-json\/wp\/v2\/posts\/1838","targetHints":{"allow":["GET"]}}],"collection":[{"href":"https:\/\/www.entremundos.org\/revista\/wp-json\/wp\/v2\/posts"}],"about":[{"href":"https:\/\/www.entremundos.org\/revista\/wp-json\/wp\/v2\/types\/post"}],"author":[{"embeddable":true,"href":"https:\/\/www.entremundos.org\/revista\/wp-json\/wp\/v2\/users\/1"}],"replies":[{"embeddable":true,"href":"https:\/\/www.entremundos.org\/revista\/wp-json\/wp\/v2\/comments?post=1838"}],"version-history":[{"count":2,"href":"https:\/\/www.entremundos.org\/revista\/wp-json\/wp\/v2\/posts\/1838\/revisions"}],"predecessor-version":[{"id":1840,"href":"https:\/\/www.entremundos.org\/revista\/wp-json\/wp\/v2\/posts\/1838\/revisions\/1840"}],"wp:featuredmedia":[{"embeddable":true,"href":"https:\/\/www.entremundos.org\/revista\/wp-json\/wp\/v2\/media\/1834"}],"wp:attachment":[{"href":"https:\/\/www.entremundos.org\/revista\/wp-json\/wp\/v2\/media?parent=1838"}],"wp:term":[{"taxonomy":"category","embeddable":true,"href":"https:\/\/www.entremundos.org\/revista\/wp-json\/wp\/v2\/categories?post=1838"},{"taxonomy":"post_tag","embeddable":true,"href":"https:\/\/www.entremundos.org\/revista\/wp-json\/wp\/v2\/tags?post=1838"}],"curies":[{"name":"wp","href":"https:\/\/api.w.org\/{rel}","templated":true}]}}