{"id":1919,"date":"2015-11-10T23:06:27","date_gmt":"2015-11-10T23:06:27","guid":{"rendered":"http:\/\/www.entremundos.org\/revista\/?p=1919"},"modified":"2016-03-15T10:46:26","modified_gmt":"2016-03-15T18:46:26","slug":"jose-mujica-en-guatemala-la-politica-no-es-para-hacer-plata","status":"publish","type":"post","link":"https:\/\/www.entremundos.org\/revista\/politica\/jose-mujica-en-guatemala-la-politica-no-es-para-hacer-plata\/","title":{"rendered":"Jos\u00e9 Mujica en Guatemala: \u00abLa pol\u00edtica no es para hacer plata\u00bb"},"content":{"rendered":"<h6>Foto de portada: Jos\u00e9 Mujica durante su participaci\u00f3n en el VI Foro Regional Esquipulas, Guatemala 2015. Foto por: Patricia Mac\u00edas<\/h6>\n<p><em>Por Patricia Mac\u00edas <\/em><\/p>\n<p>Jos\u00e9 \u2018Pepe\u2019 Mujica, ex presidente y actual senador de Uruguay, visit\u00f3 Guatemala el pasado 18 de Agosto para disertar en el VI Foro Regional\u00a0Esquipulas sobre los desaf\u00edos morales del ser humano ante la pol\u00edtica y econom\u00eda de la globalizaci\u00f3n. Estuvo rodeado de expectaci\u00f3n desde su llegada al aeropuerto donde fue recibido por una caravana de 30 Volkswagen escarabajos que le escoltaron hasta su hotel. Durante su presidencia, manej\u00f3 su escarabajo en vez de usar las limos oficiales, se neg\u00f3 a vivir en el palacio presidencial y don\u00f3 cada mes el 90% de su sueldo a una casa de acogida para mujeres que han sufrido abusos. \u00c9l mismo explica, \u201cPobre no es el que tiene poco, sino el que precisa mucho.\u201d<\/p>\n<figure id=\"attachment_1928\" aria-describedby=\"caption-attachment-1928\" style=\"width: 960px\" class=\"wp-caption aligncenter\"><a href=\"https:\/\/i0.wp.com\/www.entremundos.org\/revista\/wp-content\/uploads\/2015\/11\/mujica2.jpg\"><img data-recalc-dims=\"1\" loading=\"lazy\" decoding=\"async\" class=\"size-large wp-image-1928\" src=\"https:\/\/i0.wp.com\/www.entremundos.org\/revista\/wp-content\/uploads\/2015\/11\/mujica2-1024x575.jpg?resize=640%2C359\" alt=\"Mujica en el VI Foro Regional Esquipulas, 2015. Foto por Patricia Mac\u00edas\" width=\"640\" height=\"359\" srcset=\"https:\/\/i0.wp.com\/www.entremundos.org\/revista\/wp-content\/uploads\/2015\/11\/mujica2.jpg?resize=1024%2C575&amp;ssl=1 1024w, https:\/\/i0.wp.com\/www.entremundos.org\/revista\/wp-content\/uploads\/2015\/11\/mujica2.jpg?resize=300%2C168&amp;ssl=1 300w, https:\/\/i0.wp.com\/www.entremundos.org\/revista\/wp-content\/uploads\/2015\/11\/mujica2.jpg?resize=335%2C188&amp;ssl=1 335w, https:\/\/i0.wp.com\/www.entremundos.org\/revista\/wp-content\/uploads\/2015\/11\/mujica2.jpg?resize=1050%2C589&amp;ssl=1 1050w, https:\/\/i0.wp.com\/www.entremundos.org\/revista\/wp-content\/uploads\/2015\/11\/mujica2.jpg?w=1280&amp;ssl=1 1280w, https:\/\/i0.wp.com\/www.entremundos.org\/revista\/wp-content\/uploads\/2015\/11\/mujica2.jpg?w=1920&amp;ssl=1 1920w\" sizes=\"auto, (max-width: 640px) 100vw, 640px\" \/><\/a><figcaption id=\"caption-attachment-1928\" class=\"wp-caption-text\">Un espectador muestra su apoyo por el discurso de Mujica en el VI Foro Regional Esquipulas, 2015. Foto por Patricia Mac\u00edas<\/figcaption><\/figure>\n<p>En su ya famoso discurso en la ONU dijo sobre la globalizaci\u00f3n: \u201cPrometemos una vida de derroche y despilfarro, que constituye una cuenta regresiva contra la naturaleza, y contra la humanidad como futuro. Civilizaci\u00f3n contra la sencillez, contra la sobriedad, contra todos los ciclos naturales, pero lo peor, civilizaci\u00f3n contra la libertad que supone tiempo para vivir, las relaciones humanas, amor, amistad, aventura, solidaridad, familia.\u201d<\/p>\n<p>Bajo su liderazgo, la pobreza en Uruguay descendi\u00f3 a m\u00ednimos hist\u00f3ricos, y la econom\u00eda y la inversi\u00f3n extranjera crecieron. Uruguay legaliz\u00f3 el matrimonio homosexual, el aborto bajo circunstancias espec\u00edficas, y la venta de marihuana en farmacias del gobierno para robarles de esa forma ingresos al narcotr\u00e1fico y financiar con ello programas sociales.<\/p>\n<p>Explic\u00f3 as\u00ed su \u00e9xito econ\u00f3mico ante la C\u00e1mara de Comercio de EEUU: \u201cNo somos corruptos. No andamos coimeando al empresario. Somos un pa\u00eds decente. Tenemos una central de trabajadores donde est\u00e1n todas las ideolog\u00edas&#8230; Somos amigos de los empresarios pero no les vendemos el alma ni les compramos el bolsillo. Desde ese punto de vista somos un pa\u00eds que da gigantescas garant\u00edas.\u201d<\/p>\n<figure id=\"attachment_1920\" aria-describedby=\"caption-attachment-1920\" style=\"width: 960px\" class=\"wp-caption aligncenter\"><a href=\"https:\/\/i0.wp.com\/www.entremundos.org\/revista\/wp-content\/uploads\/2015\/11\/mujica-1.jpg\"><img data-recalc-dims=\"1\" loading=\"lazy\" decoding=\"async\" class=\"size-large wp-image-1920\" src=\"https:\/\/i0.wp.com\/www.entremundos.org\/revista\/wp-content\/uploads\/2015\/11\/mujica-1-1024x864.jpg?resize=640%2C540\" alt=\"Mujica en la Ciudad de Guatemala, 2015. Foto por Patricia Mac\u00edas\" width=\"640\" height=\"540\" srcset=\"https:\/\/i0.wp.com\/www.entremundos.org\/revista\/wp-content\/uploads\/2015\/11\/mujica-1.jpg?resize=1024%2C864&amp;ssl=1 1024w, https:\/\/i0.wp.com\/www.entremundos.org\/revista\/wp-content\/uploads\/2015\/11\/mujica-1.jpg?resize=300%2C253&amp;ssl=1 300w, https:\/\/i0.wp.com\/www.entremundos.org\/revista\/wp-content\/uploads\/2015\/11\/mujica-1.jpg?resize=335%2C283&amp;ssl=1 335w, https:\/\/i0.wp.com\/www.entremundos.org\/revista\/wp-content\/uploads\/2015\/11\/mujica-1.jpg?resize=1050%2C886&amp;ssl=1 1050w, https:\/\/i0.wp.com\/www.entremundos.org\/revista\/wp-content\/uploads\/2015\/11\/mujica-1.jpg?w=1280&amp;ssl=1 1280w, https:\/\/i0.wp.com\/www.entremundos.org\/revista\/wp-content\/uploads\/2015\/11\/mujica-1.jpg?w=1920&amp;ssl=1 1920w\" sizes=\"auto, (max-width: 640px) 100vw, 640px\" \/><\/a><figcaption id=\"caption-attachment-1920\" class=\"wp-caption-text\">Mujica en el VI Foro Regional\u00a0Esquipulas,\u00a02015. Foto por Patricia Mac\u00edas<\/figcaption><\/figure>\n<p>Con un pasado pol\u00edtico a sus espaldas de m\u00e1s de 30 a\u00f1os, que incluye sus a\u00f1os como guerrillero, seis balazos, y 15 a\u00f1os en prisi\u00f3n, Mujica a sus 80 a\u00f1os expresa con \u00edmpetu y sencillez muchos de los males que sufre nuestro mundo.<\/p>\n<p>Su visita a Guatemala coincidi\u00f3 con un momento clave en el pa\u00eds, marcado por los esc\u00e1ndalos de corrupci\u00f3n, las protestas populares y las cercanas elecciones de septiembre. Las ideas humanistas y sociales de Mujica encajan perfectamente para describir mucha de la actual injusticia que sufre Guatemala y por la que los guatemaltecos se han lanzado a las calles.<\/p>\n<p>\u201cPara los que les gusta mucho la plata, para los que no puedan vivir sin el horizonte de ser rico, para aquellos que creen que la felicidad humana es acumular dinero, hay que echarlos de la pol\u00edtica.\u201d Mas claro no puede decirse y adem\u00e1s lo hizo delante de la clase pol\u00edtica del pa\u00eds. Los pol\u00edticos avariciosos y corruptos no tienen cabida dentro de un gobierno que se llama dem\u00f3crata. Tambi\u00e9n anim\u00f3 al pueblo guatemalteco a aumentar su participaci\u00f3n c\u00edvica. \u201cLa democracia va mucho mas all\u00e1 del voto. Supone un compromiso continuo de creaci\u00f3n de ciudadan\u00eda.\u201d<\/p>\n<p>Inmersos en plena campa\u00f1a electoral como estamos en Guatemala es imposible no prestar atenci\u00f3n a ideas como esta: \u201cLa democracia corre riesgo cuando demag\u00f3gicamente o\u00a0 en la lucha electoral levanta programas que no va a poder cumplir jam\u00e1s y crea una expectativa que despu\u00e9s no puede cumplir.\u201d \u00bfCu\u00e1ntos partidos pol\u00edticos guatemaltecos no respetan las reglas b\u00e1sicas del juego electoral? Publicidad sin l\u00edmites y vac\u00eda de contenido es lo que nos regala muchos estos d\u00edas, menospreciando la capacidad de los guatemaltecos y su poder de decisi\u00f3n.<\/p>\n<p>Mujica hablo tambi\u00e9n de la falta de unidad y fortaleza en Am\u00e9rica latina, que es otra de sus debilidades a la hora de lidiar con la econom\u00eda global. Pa\u00edses exportadores de materias primas pero no creadores de industria tienen una posici\u00f3n de debilidad frente a los poderes globales. Cuando fue preguntado en el foro sobre los males econ\u00f3micos end\u00e9micos en los pa\u00edses del sur como los monocultivos y la miner\u00eda, dijo que las pol\u00edticas nacionales no deber\u00edan simplemente abastecer el mundo occidental de materias primas, sino buscar un equilibrio de intereses, sin olvidar tambi\u00e9n la responsabilidad de los consumidores ignorantes de donde proceden o de que est\u00e1n hechos sus productos.<\/p>\n<p>Es dif\u00edcil no quedar atrapado por la oratoria del ex presidente, que continuamente era interrumpido por los aplausos y v\u00edtores de los asistentes al foro. Escuchar las sabias verdades que llenan sus intervenciones, emociona y levanta el \u00e1nimo de los m\u00e1s esc\u00e9pticos \u201cNo hablo maravillas\u2026estoy peleando por el sentido com\u00fan, las cosas m\u00e1s vitales son sencillas(\u2026)No podemos luchar porque nuestra vida sea eterna pero si podemos pelear porque sea eternamente mejor para las generaciones que vienen.\u201d<\/p>\n<p>Mujica termin\u00f3 su intervenci\u00f3n con un: \u201d\u00a1Viva Am\u00e9rica! \u00a1Viva Guatemala! \u00a1Viva la esperanza de una humanidad mejor!\u201d Y yo no puedo m\u00e1s que terminar este art\u00edculo con un gran \u00a1Viva Pepe!.<\/p>\n<figure id=\"attachment_1925\" aria-describedby=\"caption-attachment-1925\" style=\"width: 960px\" class=\"wp-caption aligncenter\"><a href=\"https:\/\/i0.wp.com\/www.entremundos.org\/revista\/wp-content\/uploads\/2015\/11\/mujica3.jpg\"><img data-recalc-dims=\"1\" loading=\"lazy\" decoding=\"async\" class=\"size-large wp-image-1925\" src=\"https:\/\/i0.wp.com\/www.entremundos.org\/revista\/wp-content\/uploads\/2015\/11\/mujica3-1024x731.jpg?resize=640%2C457\" alt=\"Mujica en el VI Foro Regional Esquipulas, 2015. Foto por Patricia Mac\u00edas\" width=\"640\" height=\"457\" srcset=\"https:\/\/i0.wp.com\/www.entremundos.org\/revista\/wp-content\/uploads\/2015\/11\/mujica3.jpg?resize=1024%2C731&amp;ssl=1 1024w, https:\/\/i0.wp.com\/www.entremundos.org\/revista\/wp-content\/uploads\/2015\/11\/mujica3.jpg?resize=300%2C214&amp;ssl=1 300w, https:\/\/i0.wp.com\/www.entremundos.org\/revista\/wp-content\/uploads\/2015\/11\/mujica3.jpg?resize=335%2C239&amp;ssl=1 335w, https:\/\/i0.wp.com\/www.entremundos.org\/revista\/wp-content\/uploads\/2015\/11\/mujica3.jpg?resize=1050%2C750&amp;ssl=1 1050w, https:\/\/i0.wp.com\/www.entremundos.org\/revista\/wp-content\/uploads\/2015\/11\/mujica3.jpg?w=1280&amp;ssl=1 1280w, https:\/\/i0.wp.com\/www.entremundos.org\/revista\/wp-content\/uploads\/2015\/11\/mujica3.jpg?w=1920&amp;ssl=1 1920w\" sizes=\"auto, (max-width: 640px) 100vw, 640px\" \/><\/a><figcaption id=\"caption-attachment-1925\" class=\"wp-caption-text\">Mujica en el VI Foro Regional Esquipulas, 2015. Foto por Patricia Mac\u00edas<\/figcaption><\/figure>\n","protected":false},"excerpt":{"rendered":"<p>Foto de portada: Jos\u00e9 Mujica durante su participaci\u00f3n en el VI Foro Regional Esquipulas, Guatemala 2015. Foto por: Patricia Mac\u00edas Por Patricia Mac\u00edas Jos\u00e9 \u2018Pepe\u2019 Mujica, ex presidente y actual senador de Uruguay, visit\u00f3 Guatemala el pasado 18 de Agosto para disertar en el VI Foro Regional\u00a0Esquipulas sobre los desaf\u00edos morales del ser humano ante [&hellip;]<\/p>\n","protected":false},"author":1,"featured_media":1925,"comment_status":"closed","ping_status":"closed","sticky":false,"template":"","format":"standard","meta":{"_exactmetrics_skip_tracking":false,"_exactmetrics_sitenote_active":false,"_exactmetrics_sitenote_note":"","_exactmetrics_sitenote_category":0,"jetpack_post_was_ever_published":false,"_jetpack_newsletter_access":"","_jetpack_dont_email_post_to_subs":false,"_jetpack_newsletter_tier_id":0,"_jetpack_memberships_contains_paywalled_content":false,"_jetpack_memberships_contains_paid_content":false,"footnotes":""},"categories":[401,404,452,390,378],"tags":[],"class_list":["post-1919","post","type-post","status-publish","format-standard","has-post-thumbnail","hentry","category-economia-alternativa","category-figuras-publicas","category-frontpage","category-mundo","category-politica"],"jetpack_featured_media_url":"https:\/\/i0.wp.com\/www.entremundos.org\/revista\/wp-content\/uploads\/2015\/11\/mujica3.jpg?fit=3918%2C2797&ssl=1","jetpack_shortlink":"https:\/\/wp.me\/p7ljt7-uX","jetpack-related-posts":[{"id":1931,"url":"https:\/\/www.entremundos.org\/revista\/economy\/alternative-economy\/jose-mujica-in-guatemala-politics-isnt-for-money-making\/?lang=en","url_meta":{"origin":1919,"position":0},"title":"Jos\u00e9 Mujica in Guatemala: \u00abPolitics isn&#8217;t for money-making\u00bb","author":"EntreMundos","date":"10 noviembre, 2015","format":false,"excerpt":"By Patricia Mac\u00edas - EntreMundos Correspondent Jos\u00e9 \u2018Pepe\u2019 Mujica, former president of Uruguay and current senator, visited Guatemala on August 18th to give a speech before the 6th Esquipulas Regional Forum on the moral challenges of being human in an era of political and economic globalization. The hype only grew\u2026","rel":"","context":"En \u00abAlternative Economy\u00bb","block_context":{"text":"Alternative Economy","link":"https:\/\/www.entremundos.org\/revista\/category\/economy\/alternative-economy\/?lang=en"},"img":{"alt_text":"","src":"https:\/\/i0.wp.com\/www.entremundos.org\/revista\/wp-content\/uploads\/2015\/11\/mujica3.jpg?fit=1200%2C857&ssl=1&resize=350%2C200","width":350,"height":200,"srcset":"https:\/\/i0.wp.com\/www.entremundos.org\/revista\/wp-content\/uploads\/2015\/11\/mujica3.jpg?fit=1200%2C857&ssl=1&resize=350%2C200 1x, https:\/\/i0.wp.com\/www.entremundos.org\/revista\/wp-content\/uploads\/2015\/11\/mujica3.jpg?fit=1200%2C857&ssl=1&resize=525%2C300 1.5x, https:\/\/i0.wp.com\/www.entremundos.org\/revista\/wp-content\/uploads\/2015\/11\/mujica3.jpg?fit=1200%2C857&ssl=1&resize=700%2C400 2x, https:\/\/i0.wp.com\/www.entremundos.org\/revista\/wp-content\/uploads\/2015\/11\/mujica3.jpg?fit=1200%2C857&ssl=1&resize=1050%2C600 3x"},"classes":[]},{"id":12734,"url":"https:\/\/www.entremundos.org\/revista\/politica\/deportacion-desinformacion-y-desafio-el-impacto-global-de-la-agenda-migratoria-de-trump\/","url_meta":{"origin":1919,"position":1},"title":"Deportaci\u00f3n, desinformaci\u00f3n y desaf\u00edo: El impacto global de la agenda migratoria de Trump","author":"EntreMundos","date":"17 marzo, 2025","format":false,"excerpt":"POR PATRICIA SCHWARTZ Unas 60 personas se sientan en un c\u00edrculo de sillas plegables un jueves por la noche en Tucson, Arizona, una ciudad estadounidense a una hora de la frontera con M\u00e9xico. La reuni\u00f3n semanal de la Coalici\u00f3n de Derechos Humanos se lleva a cabo en gran parte, en\u2026","rel":"","context":"En \u00abFrontPage\u00bb","block_context":{"text":"FrontPage","link":"https:\/\/www.entremundos.org\/revista\/category\/frontpage\/"},"img":{"alt_text":"","src":"https:\/\/i0.wp.com\/www.entremundos.org\/revista\/wp-content\/uploads\/2025\/03\/475088469_3067398756762538_3045668992826805668_n.jpg?fit=1100%2C666&ssl=1&resize=350%2C200","width":350,"height":200,"srcset":"https:\/\/i0.wp.com\/www.entremundos.org\/revista\/wp-content\/uploads\/2025\/03\/475088469_3067398756762538_3045668992826805668_n.jpg?fit=1100%2C666&ssl=1&resize=350%2C200 1x, https:\/\/i0.wp.com\/www.entremundos.org\/revista\/wp-content\/uploads\/2025\/03\/475088469_3067398756762538_3045668992826805668_n.jpg?fit=1100%2C666&ssl=1&resize=525%2C300 1.5x, https:\/\/i0.wp.com\/www.entremundos.org\/revista\/wp-content\/uploads\/2025\/03\/475088469_3067398756762538_3045668992826805668_n.jpg?fit=1100%2C666&ssl=1&resize=700%2C400 2x, https:\/\/i0.wp.com\/www.entremundos.org\/revista\/wp-content\/uploads\/2025\/03\/475088469_3067398756762538_3045668992826805668_n.jpg?fit=1100%2C666&ssl=1&resize=1050%2C600 3x"},"classes":[]},{"id":13250,"url":"https:\/\/www.entremundos.org\/revista\/politica\/pymes-migracion-y-el-reto-de-la-informalidad-en-guatemala-una-economia-que-resiste-desde-abajo\/","url_meta":{"origin":1919,"position":2},"title":"PYMES, migraci\u00f3n y el reto de la informalidad en Guatemala: Una econom\u00eda que resiste desde abajo","author":"EntreMundos","date":"17 septiembre, 2025","format":false,"excerpt":"Por Alexander Castillo Este art\u00edculo analiza el papel crucial que juegan las Peque\u00f1as y Medianas Empresas (PYMES) y la migraci\u00f3n en la econom\u00eda guatemalteca. Con base en datos actuales, se resalta que m\u00e1s del 90\u202f% de las empresas del pa\u00eds son peque\u00f1as o medianas, y que las remesas representan cerca\u2026","rel":"","context":"En \u00abFrontPage\u00bb","block_context":{"text":"FrontPage","link":"https:\/\/www.entremundos.org\/revista\/category\/frontpage\/"},"img":{"alt_text":"","src":"","width":0,"height":0},"classes":[]},{"id":13649,"url":"https:\/\/www.entremundos.org\/revista\/politica\/la-urgencia-de-comprender-la-historia-y-sus-lecciones\/","url_meta":{"origin":1919,"position":3},"title":"La urgencia de comprender la historia y sus lecciones","author":"EntreMundos","date":"4 abril, 2026","format":false,"excerpt":"POR JUAN JOS\u00c9 HURTADO PAZ En los \u00faltimos meses se escuchan voces que defienden la intervenci\u00f3n imperialista yanqui contra Venezuela con el argumento aparentemente simple y moralizante: hab\u00eda una dictadura y deb\u00eda ser removida. Bajo esta narrativa, la intervenci\u00f3n externa se presenta como una acci\u00f3n necesaria, casi humanitaria, destinada a\u2026","rel":"","context":"En \u00abFrontPage\u00bb","block_context":{"text":"FrontPage","link":"https:\/\/www.entremundos.org\/revista\/category\/frontpage\/"},"img":{"alt_text":"","src":"","width":0,"height":0},"classes":[]},{"id":12224,"url":"https:\/\/www.entremundos.org\/revista\/mujer\/derechos-sexuales-y-reproductivos-tema-pendiente-en-guatemala\/","url_meta":{"origin":1919,"position":4},"title":"Derechos sexuales y reproductivos; tema pendiente en Guatemala","author":"EntreMundos","date":"15 julio, 2024","format":false,"excerpt":"POR EMMA G\u00d3MEZ Seg\u00fan La Organizaci\u00f3n de las Naciones Unidas de los Derechos Humanos, (ONU-DH), los derechos sexuales y reproductivos est\u00e1n relacionados con la libertad de las personas a decidir sobre su sexualidad y el ejercicio libre de la misma. Algunos derechos pueden ser; ejercer la sexualidad de manera independiente\u2026","rel":"","context":"En \u00abFrontPage\u00bb","block_context":{"text":"FrontPage","link":"https:\/\/www.entremundos.org\/revista\/category\/frontpage\/"},"img":{"alt_text":"","src":"https:\/\/i0.wp.com\/www.entremundos.org\/revista\/wp-content\/uploads\/2024\/07\/444487166_750607893953803_8829963883492089519_n.jpg?fit=1200%2C1158&ssl=1&resize=350%2C200","width":350,"height":200,"srcset":"https:\/\/i0.wp.com\/www.entremundos.org\/revista\/wp-content\/uploads\/2024\/07\/444487166_750607893953803_8829963883492089519_n.jpg?fit=1200%2C1158&ssl=1&resize=350%2C200 1x, https:\/\/i0.wp.com\/www.entremundos.org\/revista\/wp-content\/uploads\/2024\/07\/444487166_750607893953803_8829963883492089519_n.jpg?fit=1200%2C1158&ssl=1&resize=525%2C300 1.5x, https:\/\/i0.wp.com\/www.entremundos.org\/revista\/wp-content\/uploads\/2024\/07\/444487166_750607893953803_8829963883492089519_n.jpg?fit=1200%2C1158&ssl=1&resize=700%2C400 2x, https:\/\/i0.wp.com\/www.entremundos.org\/revista\/wp-content\/uploads\/2024\/07\/444487166_750607893953803_8829963883492089519_n.jpg?fit=1200%2C1158&ssl=1&resize=1050%2C600 3x"},"classes":[]},{"id":12488,"url":"https:\/\/www.entremundos.org\/revista\/politica\/de-la-lucha-a-la-agricultura-en-las-montanas-de-guatemala\/","url_meta":{"origin":1919,"position":5},"title":"De la lucha a la agricultura en las monta\u00f1as de Guatemala","author":"EntreMundos","date":"13 noviembre, 2024","format":false,"excerpt":"POR JONATHAN LOTT A la sombra de las monta\u00f1as selv\u00e1ticas de Guatemala, anta\u00f1o cargadas del espectro del conflicto, el olor del caf\u00e9 flota en el aire. Una generaci\u00f3n despu\u00e9s del hist\u00f3rico acuerdo de paz que puso fin a la guerra civil guatemalteca (1960-1996), decenas de exguerrilleros trabajan ahora la tierra\u2026","rel":"","context":"En \u00abFrontPage\u00bb","block_context":{"text":"FrontPage","link":"https:\/\/www.entremundos.org\/revista\/category\/frontpage\/"},"img":{"alt_text":"","src":"https:\/\/i0.wp.com\/www.entremundos.org\/revista\/wp-content\/uploads\/2024\/11\/anita2-e1731543808410.jpg?fit=910%2C671&ssl=1&resize=350%2C200","width":350,"height":200,"srcset":"https:\/\/i0.wp.com\/www.entremundos.org\/revista\/wp-content\/uploads\/2024\/11\/anita2-e1731543808410.jpg?fit=910%2C671&ssl=1&resize=350%2C200 1x, https:\/\/i0.wp.com\/www.entremundos.org\/revista\/wp-content\/uploads\/2024\/11\/anita2-e1731543808410.jpg?fit=910%2C671&ssl=1&resize=525%2C300 1.5x, https:\/\/i0.wp.com\/www.entremundos.org\/revista\/wp-content\/uploads\/2024\/11\/anita2-e1731543808410.jpg?fit=910%2C671&ssl=1&resize=700%2C400 2x"},"classes":[]}],"jetpack_sharing_enabled":true,"_links":{"self":[{"href":"https:\/\/www.entremundos.org\/revista\/wp-json\/wp\/v2\/posts\/1919","targetHints":{"allow":["GET"]}}],"collection":[{"href":"https:\/\/www.entremundos.org\/revista\/wp-json\/wp\/v2\/posts"}],"about":[{"href":"https:\/\/www.entremundos.org\/revista\/wp-json\/wp\/v2\/types\/post"}],"author":[{"embeddable":true,"href":"https:\/\/www.entremundos.org\/revista\/wp-json\/wp\/v2\/users\/1"}],"replies":[{"embeddable":true,"href":"https:\/\/www.entremundos.org\/revista\/wp-json\/wp\/v2\/comments?post=1919"}],"version-history":[{"count":5,"href":"https:\/\/www.entremundos.org\/revista\/wp-json\/wp\/v2\/posts\/1919\/revisions"}],"predecessor-version":[{"id":2310,"href":"https:\/\/www.entremundos.org\/revista\/wp-json\/wp\/v2\/posts\/1919\/revisions\/2310"}],"wp:featuredmedia":[{"embeddable":true,"href":"https:\/\/www.entremundos.org\/revista\/wp-json\/wp\/v2\/media\/1925"}],"wp:attachment":[{"href":"https:\/\/www.entremundos.org\/revista\/wp-json\/wp\/v2\/media?parent=1919"}],"wp:term":[{"taxonomy":"category","embeddable":true,"href":"https:\/\/www.entremundos.org\/revista\/wp-json\/wp\/v2\/categories?post=1919"},{"taxonomy":"post_tag","embeddable":true,"href":"https:\/\/www.entremundos.org\/revista\/wp-json\/wp\/v2\/tags?post=1919"}],"curies":[{"name":"wp","href":"https:\/\/api.w.org\/{rel}","templated":true}]}}