{"id":1952,"date":"2015-11-11T20:15:02","date_gmt":"2015-11-11T20:15:02","guid":{"rendered":"http:\/\/www.entremundos.org\/revista\/?p=1952"},"modified":"2015-11-11T20:18:23","modified_gmt":"2015-11-11T20:18:23","slug":"una-reforma-de-ley-incluyente-analisis-de-la-ley-electoral-y-de-partidos-politicos","status":"publish","type":"post","link":"https:\/\/www.entremundos.org\/revista\/politica\/una-reforma-de-ley-incluyente-analisis-de-la-ley-electoral-y-de-partidos-politicos\/","title":{"rendered":"\u00bfUna reforma de ley incluyente? An\u00e1lisis de la Ley Electoral y de Partidos Pol\u00edticos"},"content":{"rendered":"<p class=\"p1\"><span class=\"s1\">Por Dr. Walter Hillermann &#8211; <\/span><i> Profesor de econom\u00eda y asesor para proyectos de desarrollo comunitario por m\u00e1s de 30 a\u00f1os &#8211; Noviembre 2015<\/i><\/p>\n<p class=\"p1\"><span class=\"s1\">La democracia guatemalteca es indirecta, por medio de representantes electos en quienes el pueblo delega el poder. Esperamos que nuestros representantes tomen las mejores decisiones para el bienestar de la mayor\u00eda. La realidad es decepcionante. Nuestra confianza cae dram\u00e1ticamente a partir de que las nuevas autoridades llegan al poder. Eso se observa en la siguiente gr\u00e1fica que muestra el nivel de confianza hacia sucesivos gobiernos:<\/span><\/p>\n<p class=\"p1\"><a href=\"https:\/\/i0.wp.com\/www.entremundos.org\/revista\/wp-content\/uploads\/2015\/11\/graficowalter-1.jpg\"><img data-recalc-dims=\"1\" loading=\"lazy\" decoding=\"async\" class=\"aligncenter wp-image-1955\" src=\"https:\/\/i0.wp.com\/www.entremundos.org\/revista\/wp-content\/uploads\/2015\/11\/graficowalter-1.jpg?resize=586%2C229\" alt=\"graficowalter 1\" width=\"586\" height=\"229\" srcset=\"https:\/\/i0.wp.com\/www.entremundos.org\/revista\/wp-content\/uploads\/2015\/11\/graficowalter-1.jpg?w=442&amp;ssl=1 442w, https:\/\/i0.wp.com\/www.entremundos.org\/revista\/wp-content\/uploads\/2015\/11\/graficowalter-1.jpg?resize=300%2C117&amp;ssl=1 300w, https:\/\/i0.wp.com\/www.entremundos.org\/revista\/wp-content\/uploads\/2015\/11\/graficowalter-1.jpg?resize=335%2C131&amp;ssl=1 335w\" sizes=\"auto, (max-width: 586px) 100vw, 586px\" \/><\/a><\/p>\n<p class=\"p1\"><span class=\"s1\">Las l\u00edneas verticales indican el final de cada periodo gubernamental. La gr\u00e1fica muestra que hay una crisis estructural que afecta al Estado y tambi\u00e9n al modelo de \u201cdemocracia\u201d del pa\u00eds.<\/span><\/p>\n<p class=\"p1\"><span class=\"s1\">La democracia para serlo, ha de ser incluyente y promover la participaci\u00f3n proactiva de los ciudadanos. No es s\u00f3lo el voto. Tampoco debe ser una democracia basada en que tenemos \u201clibertad de expresi\u00f3n\u201d ejercida para un grupo de sordos que desde el Congreso de la \u201cRep\u00fablica\u201d casi ejercen un poder desp\u00f3tico, tal como lo mostr\u00f3 la aprobaci\u00f3n en junio de 2014 (durante la copa mundial) de la \u201cLey Monsanto,\u201d derogada posteriormente. Lo que se evidenci\u00f3 entonces fue lo que Chamal\u00e9 Patz\u00e1n llam\u00f3 \u201cpr\u00e1ctica nefasta del secretismo legislativo.\u201d (Lee sobre la \u201cLey Monsanto\u201d y su derogamiento en revista.entremundos.org.)<\/span><\/p>\n<p class=\"p1\"><span class=\"s1\">No creemos en una democracia que funciona como una carrera de caballos que aprueba leyes a conveniencia, para colmo organizada por un grupo de actores p\u00fablico\u2013privados que como corruptos apostadores venden nuestro pa\u00eds a oscuros personajes que frecuentemente vienen m\u00e1s all\u00e1 de las fronteras guatemaltecas.<\/span><\/p>\n<p class=\"p1\"><span class=\"s1\">En los pa\u00edses menos desarrollados, no hay inclusi\u00f3n de ciudadanos en los procesos pol\u00edticos y econ\u00f3micos. Los grupos de poder excluyen a la poblaci\u00f3n de la discusi\u00f3n de los asuntos p\u00fablicos. Por ello proponemos que la reforma de la Ley Electoral y de Partidos Pol\u00edticos (LEPP) sea un proceso incluyente.<\/span><\/p>\n<p class=\"p1\"><span class=\"s1\">La reforma de la LEPP puede ser incluyente si los diputados (o sus asesores) asumen su verdadero rol de representantes del pueblo, y efectuen consultas debidamente normadas con grupos representativos de la sociedad civil en sus respectivos departamentos, por medio de las cuales obtengan propuestas o ideas de manera participativa e incluyente. Entre aquellos grupos seguro hay personas que pueden ser delegables para dar seguimiento a la incorporaci\u00f3n de sugerencias a las discusiones en la plenaria p\u00fablica del Congreso, lo que de cierta manera es una especie de auditoria social. Sabemos que esa no es la pr\u00e1ctica actual y puede parecer imposible su realizaci\u00f3n. Pero en la pol\u00edtica mucho de lo que ayer parec\u00eda imposible, hoy es realidad.<\/span><\/p>\n<p class=\"p1\"><span class=\"s1\">\u00bfPor qu\u00e9 no lleva a cabo el Congreso el proceso de reformar la ley con la participaci\u00f3n del pueblo? Por dos motivos: por la oscuridad y poca transparencia con que se negocian de parte de actores p\u00fablico\u2013privado muy poderosos las propuestas de ley; y porque nos han vendido la falsa idea que nuestra m\u00e1xima aspiraci\u00f3n ciudadana debe ser su participaci\u00f3n en elecciones cada cuatro a\u00f1os por medio del voto.<\/span><\/p>\n<blockquote>\n<p class=\"p1\"><span class=\"s1\"><b><i>La democracia no es s\u00f3lo el voto. Tampoco debe ser una democracia basada en que tenemos \u201clibertad de expresi\u00f3n\u201d ejercida para un grupo de sordos que desde el Congreso de la \u201cRep\u00fablica\u201d casi ejerce un poder desp\u00f3tico<\/i><\/b><\/span><span class=\"s2\"><b><i>.<\/i><\/b><\/span><\/p>\n<\/blockquote>\n<p class=\"p1\"><span class=\"s1\">Comprendemos que como pueblo tenemos el derecho y la obligaci\u00f3n de ser propositivos. Por ello, atrev\u00e1monos a proponer algunas modificaciones a la LEPP actual para que se discuten:<\/span><\/p>\n<p class=\"p1\"><span class=\"s1\">1. Eliminar reelecciones consecutivas y sin limitaci\u00f3n en gobiernos locales y diputaciones.<\/span><\/p>\n<p class=\"p1\"><span class=\"s1\">2. Restringir el protagonismo de financistas mayoritarios. Mejor si se elimina el financiamiento privado, porque significa la compra de la voluntad de los funcionarios p\u00fablicos. Desde la Colonia quien ten\u00eda dinero pod\u00eda solicitar al Rey de Espa\u00f1a la compra de determinado cargo y con ello, favorecer sus propios intereses y los de su clase. Ello provoc\u00f3 una profunda divisi\u00f3n entre la poblaci\u00f3n y un pa\u00eds terriblemente desigual, de los m\u00e1s desiguales del mundo. Por otro lado, el financiamiento p\u00fablico de las campa\u00f1as puede ayudar si iguala oportunidades para todos los candidatos.<\/span><\/p>\n<p class=\"p1\"><span class=\"s1\">3. Eliminar la inclinaci\u00f3n de balanza hacia partidos grandes que eventualmente obtienen mayor proporci\u00f3n de autoridades electas y que obtienen fondos de dudoso origen.<\/span><\/p>\n<p class=\"p1\"><span class=\"s1\">4. Realizar un horario escalonado para la elecci\u00f3n de diputados. Cada cuatro a\u00f1os, existe un cambio casi total del organismo ejecutivo y un gran cambio de congresistas. Esto es traum\u00e1tico; significa deshacer pol\u00edticas y planes y empezar con la revisi\u00f3n de propuestas de ley con los nuevos diputados, etc. En parte por ello se afirma que en Guatemala no hay pol\u00edticas de Estado, sino prevalecen las pol\u00edticas de gobierno.<\/span><\/p>\n<p class=\"p1\"><span class=\"s1\">5. Eliminar la presi\u00f3n que tiene el Tribunal Supremo Electoral (TSE) de parte del Congreso por asignaci\u00f3n de recursos. Proporcionarlos oportunamente para la implementaci\u00f3n log\u00edstica y preparaci\u00f3n de los cuadros humanos que intervendr\u00e1n en el proceso electoral.<\/span><\/p>\n<p class=\"p1\"><span class=\"s1\">6. A la par de sanciones y castigos, introducir incentivos para buenas pr\u00e1cticas de los partidos pol\u00edticos, como el reconocimiento ante la poblaci\u00f3n en medios de comunicaci\u00f3n p\u00fablicos y privados.<\/span><\/p>\n<p class=\"p3\"><span class=\"s1\">7. Elevar el nivel de coerci\u00f3n del TSE de acuerdo a su posici\u00f3n a nivel de rango constitucional, as\u00ed como a los \u00f3rganos fiscalizadores establecidos por ley para sancionar<span class=\"Apple-converted-space\">\u00a0 <\/span>a actores pol\u00edticos y privados.<\/span><\/p>\n<p class=\"p1\"><span class=\"s1\">8. Aumentar la vigilancia sobre autoridades electorales temporales, sobre todo en \u00e1mbitos locales.<\/span><\/p>\n<p class=\"p1\"><span class=\"s1\">9. Garantizar la democratizaci\u00f3n dentro de los partidos pol\u00edticos para eliminar la figura del caudillismo, vigilando la propuesta democr\u00e1tica de candidatos y su elecci\u00f3n por voto secreto.<\/span><\/p>\n<p class=\"p1\"><span class=\"s1\">10. Introducir el requisito de contar con el finiquito legal para optar a cargos de elecci\u00f3n. Establecer un finiquito para organizaciones pol\u00edticas, incluyendo de sanciones vigentes impuestas por el TSE.<\/span><\/p>\n<p class=\"p1\"><span class=\"s1\">11. Eliminar el abuso de recursos legales para evitar sanciones del TSE por medio del uso excesivo de, por ejemplo, la Ley de Amparo, Exhibici\u00f3n Personal y de Constitucionalidad.<\/span><\/p>\n<p class=\"p1\"><span class=\"s1\">12. Temporalidad para sancionar en tiempo prudente y dentro del proceso electoral actual.<\/span><\/p>\n<p class=\"p1\"><span class=\"s1\">13. Prohibir la postulaci\u00f3n de familiares.<\/span><\/p>\n<p class=\"p1\"><span class=\"s1\">14. Eliminar la diferenciaci\u00f3n entre campa\u00f1a proselitista y campa\u00f1a pol\u00edtica. Prohibir la campa\u00f1a anticipada, evitando ambig\u00fcedades como el hecho de efectuar campa\u00f1a disfrazada de \u201caf\u00edliate.\u201d La campa\u00f1a proselitista que aparentemente es para afiliar personas es en realidad una campa\u00f1a pol\u00edtica. La convocatoria para la campa\u00f1a pol\u00edtica de 2015 la hizo el TSE el 3 de mayo, pero la campa\u00f1a exist\u00eda desde much\u00edsimo tiempo antes a pesar que est\u00e1 prohibido por la LEPP actual.<\/span><\/p>\n<p class=\"p1\"><span class=\"s1\">15. Vinculaci\u00f3n del voto nulo. Se ha satanizado el voto nulo, pero tiene una funci\u00f3n importante. En Ipala, Chiquimula, por ejemplo, muchos candidatos a la alcald\u00eda, contrincantes de Esduin Javier, alias \u201cTres quiebres,\u201d un verdadero g\u00e1nster local, se retiraron sospechosamente. La poblaci\u00f3n s\u00f3lo ten\u00eda un candidato. Si el voto nulo es vinculante, la poblaci\u00f3n tiene un arma para no elegir personajes oscuros.<\/span><\/p>\n<p class=\"p1\"><span class=\"s1\">16. An\u00e1lisis de participaci\u00f3n de comit\u00e9s c\u00edvicos para presentar candidatos a diputados. <span class=\"Apple-converted-space\">\u00a0 <\/span>Revisi\u00f3n de la sanci\u00f3n a que son sometidos los comit\u00e9s c\u00edvicos en comparaci\u00f3n a los partidos pol\u00edticos. Incluir la investigaci\u00f3n de flujos financieros a campa\u00f1as locales.<\/span><\/p>\n<p class=\"p1\"><span class=\"s1\">17. Resoluci\u00f3n permanente de dudas o impugnaciones presentadas por ciudadanos individuales.<\/span><\/p>\n<p class=\"p1\"><span class=\"s1\">18. Prohibici\u00f3n expl\u00edcita de pintar piedras, rocas, muros de carreteras e idealmente, restringir totalmente las vallas publicitarias, sobre todo por la enorme contaminaci\u00f3n visual y ambiental que se provoca, adem\u00e1s que es una evidente agresi\u00f3n psicol\u00f3gica en contra de la poblaci\u00f3n.<\/span><\/p>\n<p class=\"p1\"><span class=\"s1\">19. Sancionar severamente cualquier indicio de coacci\u00f3n, opresi\u00f3n, enga\u00f1o, incluso traslado y compra, que induzca el voto por determinados candidatos.<\/span><\/p>\n<p class=\"p1\"><span class=\"s1\">20. Regulaci\u00f3n absoluta del transfuguismo, sobre todo de diputados que no han surgido de un proceso de formaci\u00f3n en los partidos pol\u00edticos, sino por la compra de su candidatura previa.<\/span><\/p>\n<p class=\"p1\"><a href=\"https:\/\/i0.wp.com\/www.entremundos.org\/revista\/wp-content\/uploads\/2015\/11\/img_4662.jpg\"><img data-recalc-dims=\"1\" loading=\"lazy\" decoding=\"async\" class=\"aligncenter size-large wp-image-1953\" src=\"https:\/\/i0.wp.com\/www.entremundos.org\/revista\/wp-content\/uploads\/2015\/11\/img_4662-1024x826.jpg?resize=640%2C516\" alt=\"IMG_4662\" width=\"640\" height=\"516\" srcset=\"https:\/\/i0.wp.com\/www.entremundos.org\/revista\/wp-content\/uploads\/2015\/11\/img_4662.jpg?resize=1024%2C826&amp;ssl=1 1024w, https:\/\/i0.wp.com\/www.entremundos.org\/revista\/wp-content\/uploads\/2015\/11\/img_4662.jpg?resize=300%2C242&amp;ssl=1 300w, https:\/\/i0.wp.com\/www.entremundos.org\/revista\/wp-content\/uploads\/2015\/11\/img_4662.jpg?resize=335%2C270&amp;ssl=1 335w, https:\/\/i0.wp.com\/www.entremundos.org\/revista\/wp-content\/uploads\/2015\/11\/img_4662.jpg?resize=1050%2C847&amp;ssl=1 1050w, https:\/\/i0.wp.com\/www.entremundos.org\/revista\/wp-content\/uploads\/2015\/11\/img_4662.jpg?w=1280&amp;ssl=1 1280w, https:\/\/i0.wp.com\/www.entremundos.org\/revista\/wp-content\/uploads\/2015\/11\/img_4662.jpg?w=1920&amp;ssl=1 1920w\" sizes=\"auto, (max-width: 640px) 100vw, 640px\" \/><\/a><\/p>\n<p class=\"p1\"><span class=\"s1\">Finalmente, mostramos inconformidad al modelo de \u201cdemocracia\u201d de Guatemala, con esta imagen. Representa nuestro voto para reformar la Ley Electoral y de Partidos Pol\u00edticos. Las manos blancas y grises son el s\u00edmbolo internacional de la inclusi\u00f3n. <span class=\"Apple-converted-space\">\u00a0 <\/span>Gracias a Paola y Guillermo por el dise\u00f1o.<\/span><\/p>\n<p class=\"p1\"><span class=\"s1\"><b>\u00a1Pedimos inclusi\u00f3n!<\/b> <\/span><\/p>\n","protected":false},"excerpt":{"rendered":"<p>Por Dr. Walter Hillermann &#8211; Profesor de econom\u00eda y asesor para proyectos de desarrollo comunitario por m\u00e1s de 30 a\u00f1os &#8211; Noviembre 2015 La democracia guatemalteca es indirecta, por medio de representantes electos en quienes el pueblo delega el poder. Esperamos que nuestros representantes tomen las mejores decisiones para el bienestar de la mayor\u00eda. La [&hellip;]<\/p>\n","protected":false},"author":1,"featured_media":1953,"comment_status":"closed","ping_status":"closed","sticky":false,"template":"","format":"standard","meta":{"_exactmetrics_skip_tracking":false,"_exactmetrics_sitenote_active":false,"_exactmetrics_sitenote_note":"","_exactmetrics_sitenote_category":0,"jetpack_post_was_ever_published":false,"_jetpack_newsletter_access":"","_jetpack_dont_email_post_to_subs":false,"_jetpack_newsletter_tier_id":0,"_jetpack_memberships_contains_paywalled_content":false,"_jetpack_memberships_contains_paid_content":false,"footnotes":""},"categories":[378],"tags":[],"class_list":["post-1952","post","type-post","status-publish","format-standard","has-post-thumbnail","hentry","category-politica"],"jetpack_featured_media_url":"https:\/\/i0.wp.com\/www.entremundos.org\/revista\/wp-content\/uploads\/2015\/11\/img_4662.jpg?fit=2553%2C2060&ssl=1","jetpack_shortlink":"https:\/\/wp.me\/p7ljt7-vu","jetpack-related-posts":[{"id":13246,"url":"https:\/\/www.entremundos.org\/revista\/politica\/el-mundo-no-es-como-lo-imaginamos\/","url_meta":{"origin":1952,"position":0},"title":"El mundo no es como lo imaginamos","author":"EntreMundos","date":"17 septiembre, 2025","format":false,"excerpt":"Por Juan Jos\u00e9 Hurtado Paz y Paz \"Ojal\u00e1 viviera en la teor\u00eda, porque en teor\u00eda todo est\u00e1 bien\" \u00a0Cita atribuida a Quino (Joaqu\u00edn Salvador Lavado Tej\u00f3n), en boca de su personaje Mafalda\u00a0 Vivimos en un mundo injusto, desigual, que excluye a las mayor\u00edas de oportunidades y posibilidades, y que niega\u2026","rel":"","context":"En \u00abFrontPage\u00bb","block_context":{"text":"FrontPage","link":"https:\/\/www.entremundos.org\/revista\/category\/frontpage\/"},"img":{"alt_text":"","src":"https:\/\/i0.wp.com\/www.entremundos.org\/revista\/wp-content\/uploads\/2025\/09\/img86.jpg?fit=1200%2C683&ssl=1&resize=350%2C200","width":350,"height":200,"srcset":"https:\/\/i0.wp.com\/www.entremundos.org\/revista\/wp-content\/uploads\/2025\/09\/img86.jpg?fit=1200%2C683&ssl=1&resize=350%2C200 1x, https:\/\/i0.wp.com\/www.entremundos.org\/revista\/wp-content\/uploads\/2025\/09\/img86.jpg?fit=1200%2C683&ssl=1&resize=525%2C300 1.5x, https:\/\/i0.wp.com\/www.entremundos.org\/revista\/wp-content\/uploads\/2025\/09\/img86.jpg?fit=1200%2C683&ssl=1&resize=700%2C400 2x, https:\/\/i0.wp.com\/www.entremundos.org\/revista\/wp-content\/uploads\/2025\/09\/img86.jpg?fit=1200%2C683&ssl=1&resize=1050%2C600 3x"},"classes":[]},{"id":11617,"url":"https:\/\/www.entremundos.org\/revista\/mujer\/la-cultura-es-lo-que-en-la-muerte-continua-siendo-la-vida\/","url_meta":{"origin":1952,"position":1},"title":"\u201cLa Cultura es lo que, en la muerte, contin\u00faa siendo la vida\u201d","author":"EntreMundos","date":"19 enero, 2024","format":false,"excerpt":"POR PATRICIA MIRALB\u00c9S \u00bfTe has preguntado alguna vez por qu\u00e9 un grupo social se comporta de cierta manera? \u00bfDe d\u00f3nde vienen las creencias que te inculcan desde peque\u00f1o? Todo esto tiene que ver con la cultura del lugar en donde vivimos. La cultura es la base de la construcci\u00f3n de\u2026","rel":"","context":"En \u00abCultura\u00bb","block_context":{"text":"Cultura","link":"https:\/\/www.entremundos.org\/revista\/category\/cultura\/"},"img":{"alt_text":"","src":"https:\/\/i0.wp.com\/www.entremundos.org\/revista\/wp-content\/uploads\/2024\/01\/whatsapp-image-2023-12-13-at-6.59.10-pm-1.jpeg?fit=1200%2C800&ssl=1&resize=350%2C200","width":350,"height":200,"srcset":"https:\/\/i0.wp.com\/www.entremundos.org\/revista\/wp-content\/uploads\/2024\/01\/whatsapp-image-2023-12-13-at-6.59.10-pm-1.jpeg?fit=1200%2C800&ssl=1&resize=350%2C200 1x, https:\/\/i0.wp.com\/www.entremundos.org\/revista\/wp-content\/uploads\/2024\/01\/whatsapp-image-2023-12-13-at-6.59.10-pm-1.jpeg?fit=1200%2C800&ssl=1&resize=525%2C300 1.5x, https:\/\/i0.wp.com\/www.entremundos.org\/revista\/wp-content\/uploads\/2024\/01\/whatsapp-image-2023-12-13-at-6.59.10-pm-1.jpeg?fit=1200%2C800&ssl=1&resize=700%2C400 2x, https:\/\/i0.wp.com\/www.entremundos.org\/revista\/wp-content\/uploads\/2024\/01\/whatsapp-image-2023-12-13-at-6.59.10-pm-1.jpeg?fit=1200%2C800&ssl=1&resize=1050%2C600 3x"},"classes":[]},{"id":12622,"url":"https:\/\/www.entremundos.org\/revista\/politica\/presupuesto-nacional-procesos-y-elementos-importantes\/","url_meta":{"origin":1952,"position":2},"title":"Presupuesto nacional; Procesos y elementos importantes","author":"EntreMundos","date":"16 enero, 2025","format":false,"excerpt":"POR YESSICA PASTOR El siguiente es un extracto de una de las conversaciones sostenidas dentro de la serie de encuentros virtuales sobre incidencia pol\u00edtica del Directorio Guatemala. A continuaci\u00f3n, la intervenci\u00f3n de Ricardo Barrientos, director ejecutivo del Instituto Centroamericano de Estudios Fiscales (ICEFI). \u00bfQu\u00e9 factores pol\u00edticos considera que influyeron en\u2026","rel":"","context":"En \u00abPol\u00edtica\u00bb","block_context":{"text":"Pol\u00edtica","link":"https:\/\/www.entremundos.org\/revista\/category\/politica\/"},"img":{"alt_text":"","src":"https:\/\/i0.wp.com\/www.entremundos.org\/revista\/wp-content\/uploads\/2025\/01\/minifi.jpg?fit=1200%2C900&ssl=1&resize=350%2C200","width":350,"height":200,"srcset":"https:\/\/i0.wp.com\/www.entremundos.org\/revista\/wp-content\/uploads\/2025\/01\/minifi.jpg?fit=1200%2C900&ssl=1&resize=350%2C200 1x, https:\/\/i0.wp.com\/www.entremundos.org\/revista\/wp-content\/uploads\/2025\/01\/minifi.jpg?fit=1200%2C900&ssl=1&resize=525%2C300 1.5x, https:\/\/i0.wp.com\/www.entremundos.org\/revista\/wp-content\/uploads\/2025\/01\/minifi.jpg?fit=1200%2C900&ssl=1&resize=700%2C400 2x, https:\/\/i0.wp.com\/www.entremundos.org\/revista\/wp-content\/uploads\/2025\/01\/minifi.jpg?fit=1200%2C900&ssl=1&resize=1050%2C600 3x"},"classes":[]},{"id":12734,"url":"https:\/\/www.entremundos.org\/revista\/politica\/deportacion-desinformacion-y-desafio-el-impacto-global-de-la-agenda-migratoria-de-trump\/","url_meta":{"origin":1952,"position":3},"title":"Deportaci\u00f3n, desinformaci\u00f3n y desaf\u00edo: El impacto global de la agenda migratoria de Trump","author":"EntreMundos","date":"17 marzo, 2025","format":false,"excerpt":"POR PATRICIA SCHWARTZ Unas 60 personas se sientan en un c\u00edrculo de sillas plegables un jueves por la noche en Tucson, Arizona, una ciudad estadounidense a una hora de la frontera con M\u00e9xico. La reuni\u00f3n semanal de la Coalici\u00f3n de Derechos Humanos se lleva a cabo en gran parte, en\u2026","rel":"","context":"En \u00abFrontPage\u00bb","block_context":{"text":"FrontPage","link":"https:\/\/www.entremundos.org\/revista\/category\/frontpage\/"},"img":{"alt_text":"","src":"https:\/\/i0.wp.com\/www.entremundos.org\/revista\/wp-content\/uploads\/2025\/03\/475088469_3067398756762538_3045668992826805668_n.jpg?fit=1100%2C666&ssl=1&resize=350%2C200","width":350,"height":200,"srcset":"https:\/\/i0.wp.com\/www.entremundos.org\/revista\/wp-content\/uploads\/2025\/03\/475088469_3067398756762538_3045668992826805668_n.jpg?fit=1100%2C666&ssl=1&resize=350%2C200 1x, https:\/\/i0.wp.com\/www.entremundos.org\/revista\/wp-content\/uploads\/2025\/03\/475088469_3067398756762538_3045668992826805668_n.jpg?fit=1100%2C666&ssl=1&resize=525%2C300 1.5x, https:\/\/i0.wp.com\/www.entremundos.org\/revista\/wp-content\/uploads\/2025\/03\/475088469_3067398756762538_3045668992826805668_n.jpg?fit=1100%2C666&ssl=1&resize=700%2C400 2x, https:\/\/i0.wp.com\/www.entremundos.org\/revista\/wp-content\/uploads\/2025\/03\/475088469_3067398756762538_3045668992826805668_n.jpg?fit=1100%2C666&ssl=1&resize=1050%2C600 3x"},"classes":[]},{"id":10833,"url":"https:\/\/www.entremundos.org\/revista\/politica\/violencia-contra-las-mujeres-dominio-masculino-en-la-politica\/","url_meta":{"origin":1952,"position":4},"title":"Violencia contra las mujeres: dominio masculino en la pol\u00edtica","author":"EntreMundos","date":"29 mayo, 2023","format":false,"excerpt":"Silvia Lilian Trujillo La violencia pol\u00edtica es sistem\u00e1tica y permanente, se produce para inhibir, ralentizar o restringir la participaci\u00f3n pol\u00edtica de mujeres, en el marco de un sistema que se resiste a aceptar su igualdad de derechos. Mientras no se trabaje para acabar con esta violencia espec\u00edfica la calidad de\u2026","rel":"","context":"En \u00abFrontPage\u00bb","block_context":{"text":"FrontPage","link":"https:\/\/www.entremundos.org\/revista\/category\/frontpage\/"},"img":{"alt_text":"","src":"https:\/\/i0.wp.com\/www.entremundos.org\/revista\/wp-content\/uploads\/2023\/05\/000_16w772-1.jpg?fit=1200%2C799&ssl=1&resize=350%2C200","width":350,"height":200,"srcset":"https:\/\/i0.wp.com\/www.entremundos.org\/revista\/wp-content\/uploads\/2023\/05\/000_16w772-1.jpg?fit=1200%2C799&ssl=1&resize=350%2C200 1x, https:\/\/i0.wp.com\/www.entremundos.org\/revista\/wp-content\/uploads\/2023\/05\/000_16w772-1.jpg?fit=1200%2C799&ssl=1&resize=525%2C300 1.5x, https:\/\/i0.wp.com\/www.entremundos.org\/revista\/wp-content\/uploads\/2023\/05\/000_16w772-1.jpg?fit=1200%2C799&ssl=1&resize=700%2C400 2x, https:\/\/i0.wp.com\/www.entremundos.org\/revista\/wp-content\/uploads\/2023\/05\/000_16w772-1.jpg?fit=1200%2C799&ssl=1&resize=1050%2C600 3x"},"classes":[]},{"id":11407,"url":"https:\/\/www.entremundos.org\/revista\/politica\/del-papel-a-la-pantalla\/","url_meta":{"origin":1952,"position":5},"title":"Del papel a la pantalla","author":"EntreMundos","date":"10 noviembre, 2023","format":false,"excerpt":"POR EMMA G\u00d3MEZ Dos pa\u00edses golpeados por la corrupci\u00f3n, violaci\u00f3n de los derechos humanos, injusticias, persecuciones y despojos, por mencionar algunos de los males que tienen en com\u00fan Guatemala y El Salvador. El proyecto, Del Papel a la Pantalla, presenta dos propuestas visuales para reflexionar sobre la educaci\u00f3n sexual y\u2026","rel":"","context":"En \u00abAccion Comunitaria\u00bb","block_context":{"text":"Accion Comunitaria","link":"https:\/\/www.entremundos.org\/revista\/category\/politica\/accion-comunitaria-3\/"},"img":{"alt_text":"","src":"https:\/\/i0.wp.com\/www.entremundos.org\/revista\/wp-content\/uploads\/2023\/11\/whatsapp-image-2023-10-23-at-9.54.45-am-2.jpeg?fit=1200%2C800&ssl=1&resize=350%2C200","width":350,"height":200,"srcset":"https:\/\/i0.wp.com\/www.entremundos.org\/revista\/wp-content\/uploads\/2023\/11\/whatsapp-image-2023-10-23-at-9.54.45-am-2.jpeg?fit=1200%2C800&ssl=1&resize=350%2C200 1x, https:\/\/i0.wp.com\/www.entremundos.org\/revista\/wp-content\/uploads\/2023\/11\/whatsapp-image-2023-10-23-at-9.54.45-am-2.jpeg?fit=1200%2C800&ssl=1&resize=525%2C300 1.5x, https:\/\/i0.wp.com\/www.entremundos.org\/revista\/wp-content\/uploads\/2023\/11\/whatsapp-image-2023-10-23-at-9.54.45-am-2.jpeg?fit=1200%2C800&ssl=1&resize=700%2C400 2x, https:\/\/i0.wp.com\/www.entremundos.org\/revista\/wp-content\/uploads\/2023\/11\/whatsapp-image-2023-10-23-at-9.54.45-am-2.jpeg?fit=1200%2C800&ssl=1&resize=1050%2C600 3x"},"classes":[]}],"jetpack_sharing_enabled":true,"_links":{"self":[{"href":"https:\/\/www.entremundos.org\/revista\/wp-json\/wp\/v2\/posts\/1952","targetHints":{"allow":["GET"]}}],"collection":[{"href":"https:\/\/www.entremundos.org\/revista\/wp-json\/wp\/v2\/posts"}],"about":[{"href":"https:\/\/www.entremundos.org\/revista\/wp-json\/wp\/v2\/types\/post"}],"author":[{"embeddable":true,"href":"https:\/\/www.entremundos.org\/revista\/wp-json\/wp\/v2\/users\/1"}],"replies":[{"embeddable":true,"href":"https:\/\/www.entremundos.org\/revista\/wp-json\/wp\/v2\/comments?post=1952"}],"version-history":[{"count":1,"href":"https:\/\/www.entremundos.org\/revista\/wp-json\/wp\/v2\/posts\/1952\/revisions"}],"predecessor-version":[{"id":1957,"href":"https:\/\/www.entremundos.org\/revista\/wp-json\/wp\/v2\/posts\/1952\/revisions\/1957"}],"wp:featuredmedia":[{"embeddable":true,"href":"https:\/\/www.entremundos.org\/revista\/wp-json\/wp\/v2\/media\/1953"}],"wp:attachment":[{"href":"https:\/\/www.entremundos.org\/revista\/wp-json\/wp\/v2\/media?parent=1952"}],"wp:term":[{"taxonomy":"category","embeddable":true,"href":"https:\/\/www.entremundos.org\/revista\/wp-json\/wp\/v2\/categories?post=1952"},{"taxonomy":"post_tag","embeddable":true,"href":"https:\/\/www.entremundos.org\/revista\/wp-json\/wp\/v2\/tags?post=1952"}],"curies":[{"name":"wp","href":"https:\/\/api.w.org\/{rel}","templated":true}]}}