{"id":2172,"date":"2016-03-14T07:34:42","date_gmt":"2016-03-14T15:34:42","guid":{"rendered":"http:\/\/www.entremundos.org\/revista\/?p=2172"},"modified":"2016-03-16T09:49:59","modified_gmt":"2016-03-16T17:49:59","slug":"la-impunidad-militar-y-las-raices-de-la-corrupcion","status":"publish","type":"post","link":"https:\/\/www.entremundos.org\/revista\/politica\/la-impunidad-militar-y-las-raices-de-la-corrupcion\/","title":{"rendered":"La impunidad militar, EE.UU. y las ra\u00edces de la corrupci\u00f3n"},"content":{"rendered":"<p>Por Richard Brown<\/p>\n<p>\u00abEl Proyecto X fue un programa para desarrollar un paquete de entrenamiento de inteligencia extranjera exportable para proporcionar t\u00e9cnicas de contrainsurgencia aprendidas en Vietnam para los pa\u00edses de Am\u00e9rica Latina.\u00bb (Memorando del Departamento de Defensa de Estados Unidos de 1991).<\/p>\n[Parte I]\n<p>El asesor m\u00e1s cercano de la campa\u00f1a del presidente Morales, el Coronel Edgar Ovalle, y otros 18 ex jefes militares ten\u00edan \u00f3rdenes de captura emitidas en enero, la mayor\u00eda por su presunta participaci\u00f3n en masacres y desapariciones de cientos de personas en el \u00e1rea de Cob\u00e1n en los a\u00f1os 80. Doce de los acusados \u200b\u200bse graduaron de la Escuela de las Am\u00e9ricas (SOA por sus siglas en ingl\u00e9s), incluyendo a Ovalle, quien permanece libre porque fue elegido para el Congreso en la candidatura de Morales y disfruta la inmunidad para los congresistas. La SOA es una academia estadounidense de entrenamiento militar para extranjeros, fundada en 1946.<\/p>\n<p>Entre los once graduados del SOA se encuentra arrestado el general Manuel Antonio Callejas y Callejas, director de Inteligencia durante algunos de los a\u00f1os m\u00e1s sangrientos del conflicto armado en Guatemala que cobr\u00f3 alrededor de 250.000 vidas. Fue detenido espec\u00edficamente por la \u00abdesaparici\u00f3n\u00bb de una persona. Emma Thiessen fue detenida en 1981 por llevar literatura comunista. Fue torturada y violada en repetidas ocasiones en la base militar de Xela (m\u00e1s tarde convertida en el Centro Intercultural), pero escap\u00f3. Los soldados fueron a la casa de su familia y se llevaron en una bolsa a su hermano peque\u00f1o de 14 a\u00f1os de edad, Marco Antonio. Nunca volvi\u00f3 a aparecer. La permanencia de Callejas y Callejas tambi\u00e9n coincide con docenas de masacres rurales de masas y los asesinatos de docenas de profesores y de l\u00edderes sindicales. Se gradu\u00f3 dos veces de la SOA, en 1964 y 1970, y en 1988, el Departamento de Estado de Estados Unidos lo introdujo [verdaderamente, no es broma] en el Sal\u00f3n de la Fama de la SOA.<\/p>\n<p>En 1994, el Washington Post inform\u00f3: \u00abHasta la d\u00e9cada de 1980, el ej\u00e9rcito de Estados Unidos public\u00f3 un programa de entrenamiento de inteligencia en Am\u00e9rica Latina y otras partes del mundo usando manuales que ense\u00f1an a oficiales extranjeros c\u00f3mo ofrecer recompensas por insurgentes capturados o muertos, espiar a opositores pol\u00edticos no violentos, secuestrar a las familias de los rebeldes y el chantajear a informantes no deseados &#8230; Los manuales, conocido como el Proyecto X, fueron escritos por expertos del Ej\u00e9rcito de EE.UU. a partir de 1965.\u00bb<\/p>\n<p>Dos a\u00f1os m\u00e1s tarde, el gobierno de Estados Unidos public\u00f3 un informe que muestra que los manuales creados a finales de los a\u00f1os 80 basados en el material del \u201cProyecto X\u201d segu\u00edan siendo utilizados. Esto fue revelado en parte debido a que la monja cat\u00f3lica americana Dianna Ortiz hab\u00eda estado ayunando fuera de la Casa Blanca. Ella escribe, \u00abyo cre\u00eda que el pueblo de Guatemala tiene derecho a saber por qu\u00e9 un americano era el jefe de un escuadr\u00f3n de la tortura en Guatemala.\u00bb Ella hab\u00eda sido secuestrada en 1989 en Guatemala. Fue torturada, violada, y puesta en un hoyo abierto lleno de cuerpos vivos y muertos. Sus torturadores se refer\u00edan a \u00abAlejandro\u00bb como su jefe, y la llam\u00f3 cuando estaban a punto de violarla de nuevo. Cuando la vio la maldijo en ingl\u00e9s y habl\u00f3 a los torturadores en espa\u00f1ol con acento estadounidense. La sac\u00f3 de la prisi\u00f3n, y le dijo que la llevar\u00eda con un amigo que trabaj\u00f3 con la embajada de Estados Unidos. Le dijo en espa\u00f1ol: \u00abTratamos de advertirle\u00bb<\/p>\n<p>Este nivel de abusos militares fuera de control y la impunidad se ha creado a trav\u00e9s de la aplicaci\u00f3n de la Doctrina de Seguridad Nacional, importada por asesores estadounidenses. La Comisi\u00f3n para el Esclarecimiento Hist\u00f3rico respaldado por la ONU, escribe en su informe sobre el conflicto armado:<\/p>\n<p>\u201cEl anticomunismo y la Doctrina de Seguridad fueron parte de la estrategia antisovi\u00e9tica de los Estados Unidos en Am\u00e9rica Latina. En Guatemala asumieron primero un sentido antirreformista, luego antidemocr\u00e1tico y, en \u00faltimo t\u00e9rmino, contrainsurgente convertido en criminal\u201d.<\/p>\n<p>\u201cLa militarizaci\u00f3n del Estado y la sociedad constituy\u00f3 un objetivo estrat\u00e9gico definido, planeado y ejecutado institucionalmente por el Ej\u00e9rcito de Guatemala, a partir de la Doctrina de Seguridad Nacional (\u2026) y fue en su momento uno de los factores que aliment\u00f3 e incentiv\u00f3 el enfrentamiento armado, al limitar profundamente las posibilidades de ejercicio de los derechos c\u00edvicos&#8230;\u201d<\/p>\n<p>Los EE.UU. ahora apoyan a la Comisi\u00f3n Internacional Contra la Impunidad en Guatemala (CICIG) que est\u00e1 ayudando a la ley guatemalteca a acusar a los l\u00edderes ex-militares corruptos como el ex presidente P\u00e9rez Molina. Este apoyo es importante e incluye una reciente donaci\u00f3n de $5 millones. Sin embargo, un informe de 2015 sobre la CICIG de la Oficina de Washington en Am\u00e9rica Latina nos recuerda que los c\u00edrculos de corrupci\u00f3n como La L\u00ednea y otras \u00abredes criminales y de poder paralelo tienen su origen en las estructuras de inteligencia y paramilitares del conflicto armado\u00bb\u00a0\u00bb Los procesamientos de hoy son necesarios porque los cr\u00edmenes de guerra y los de las \u00e9lites disfrutaron de un sistema patrocinado por Estados Unidos, de potencias militares fuera de control e impunidad.<\/p>\n<p>&nbsp;<\/p>\n<p>&nbsp;<\/p>\n<p>&nbsp;<\/p>\n<p>&nbsp;<\/p>\n<p>&nbsp;<\/p>\n<p>&nbsp;<\/p>\n","protected":false},"excerpt":{"rendered":"<p>Por Richard Brown \u00abEl Proyecto X fue un programa para desarrollar un paquete de entrenamiento de inteligencia extranjera exportable para proporcionar t\u00e9cnicas de contrainsurgencia aprendidas en Vietnam para los pa\u00edses de Am\u00e9rica Latina.\u00bb (Memorando del Departamento de Defensa de Estados Unidos de 1991). [Parte I] El asesor m\u00e1s cercano de la campa\u00f1a del presidente Morales, [&hellip;]<\/p>\n","protected":false},"author":1,"featured_media":2197,"comment_status":"closed","ping_status":"closed","sticky":false,"template":"","format":"standard","meta":{"_exactmetrics_skip_tracking":false,"_exactmetrics_sitenote_active":false,"_exactmetrics_sitenote_note":"","_exactmetrics_sitenote_category":0,"jetpack_post_was_ever_published":false,"_jetpack_newsletter_access":"","_jetpack_dont_email_post_to_subs":false,"_jetpack_newsletter_tier_id":0,"_jetpack_memberships_contains_paywalled_content":false,"_jetpack_memberships_contains_paid_content":false,"footnotes":""},"categories":[407,452,378],"tags":[],"class_list":["post-2172","post","type-post","status-publish","format-standard","has-post-thumbnail","hentry","category-corrupcion","category-frontpage","category-politica"],"jetpack_featured_media_url":"https:\/\/i0.wp.com\/www.entremundos.org\/revista\/wp-content\/uploads\/2016\/03\/impunidad-1.jpg?fit=552%2C376&ssl=1","jetpack_shortlink":"https:\/\/wp.me\/p7ljt7-z2","jetpack-related-posts":[{"id":12734,"url":"https:\/\/www.entremundos.org\/revista\/politica\/deportacion-desinformacion-y-desafio-el-impacto-global-de-la-agenda-migratoria-de-trump\/","url_meta":{"origin":2172,"position":0},"title":"Deportaci\u00f3n, desinformaci\u00f3n y desaf\u00edo: El impacto global de la agenda migratoria de Trump","author":"EntreMundos","date":"17 marzo, 2025","format":false,"excerpt":"POR PATRICIA SCHWARTZ Unas 60 personas se sientan en un c\u00edrculo de sillas plegables un jueves por la noche en Tucson, Arizona, una ciudad estadounidense a una hora de la frontera con M\u00e9xico. La reuni\u00f3n semanal de la Coalici\u00f3n de Derechos Humanos se lleva a cabo en gran parte, en\u2026","rel":"","context":"En \u00abFrontPage\u00bb","block_context":{"text":"FrontPage","link":"https:\/\/www.entremundos.org\/revista\/category\/frontpage\/"},"img":{"alt_text":"","src":"https:\/\/i0.wp.com\/www.entremundos.org\/revista\/wp-content\/uploads\/2025\/03\/475088469_3067398756762538_3045668992826805668_n.jpg?fit=1100%2C666&ssl=1&resize=350%2C200","width":350,"height":200,"srcset":"https:\/\/i0.wp.com\/www.entremundos.org\/revista\/wp-content\/uploads\/2025\/03\/475088469_3067398756762538_3045668992826805668_n.jpg?fit=1100%2C666&ssl=1&resize=350%2C200 1x, https:\/\/i0.wp.com\/www.entremundos.org\/revista\/wp-content\/uploads\/2025\/03\/475088469_3067398756762538_3045668992826805668_n.jpg?fit=1100%2C666&ssl=1&resize=525%2C300 1.5x, https:\/\/i0.wp.com\/www.entremundos.org\/revista\/wp-content\/uploads\/2025\/03\/475088469_3067398756762538_3045668992826805668_n.jpg?fit=1100%2C666&ssl=1&resize=700%2C400 2x, https:\/\/i0.wp.com\/www.entremundos.org\/revista\/wp-content\/uploads\/2025\/03\/475088469_3067398756762538_3045668992826805668_n.jpg?fit=1100%2C666&ssl=1&resize=1050%2C600 3x"},"classes":[]},{"id":13241,"url":"https:\/\/www.entremundos.org\/revista\/politica\/crimen-de-estado-primera-sentencia\/","url_meta":{"origin":2172,"position":1},"title":"Crimen De Estado: Primera Sentencia\u00a0","author":"EntreMundos","date":"17 septiembre, 2025","format":false,"excerpt":"Por Carolina Escobar Sarti Durante el gobierno de Jimmy Morales se cometi\u00f3 un crimen de Estado. Fue el 8 de marzo de 2017, cuando 56 ni\u00f1as y adolescentes fueron colocadas, por horas, en un aula de 7 x 6.8 metros donde no hab\u00eda ni siquiera un ba\u00f1o. Despu\u00e9s del desayuno\u2026","rel":"","context":"En \u00abFrontPage\u00bb","block_context":{"text":"FrontPage","link":"https:\/\/www.entremundos.org\/revista\/category\/frontpage\/"},"img":{"alt_text":"","src":"https:\/\/i0.wp.com\/www.entremundos.org\/revista\/wp-content\/uploads\/2025\/09\/img66.jpg?fit=960%2C1200&ssl=1&resize=350%2C200","width":350,"height":200,"srcset":"https:\/\/i0.wp.com\/www.entremundos.org\/revista\/wp-content\/uploads\/2025\/09\/img66.jpg?fit=960%2C1200&ssl=1&resize=350%2C200 1x, https:\/\/i0.wp.com\/www.entremundos.org\/revista\/wp-content\/uploads\/2025\/09\/img66.jpg?fit=960%2C1200&ssl=1&resize=525%2C300 1.5x, https:\/\/i0.wp.com\/www.entremundos.org\/revista\/wp-content\/uploads\/2025\/09\/img66.jpg?fit=960%2C1200&ssl=1&resize=700%2C400 2x"},"classes":[]},{"id":12038,"url":"https:\/\/www.entremundos.org\/revista\/politica\/quetzaltenango-500-anos-de-historia-desafios-y-esperanza\/","url_meta":{"origin":2172,"position":2},"title":"Quetzaltenango: 500 a\u00f1os de historia, desaf\u00edos y esperanza","author":"EntreMundos","date":"16 mayo, 2024","format":false,"excerpt":"POR SAMUEL ALVAREZ MORALES La historia de la ciudad se remonta a la \u00e9poca precolombina. Desde entonces, fue un importante centro comercial y cultural para la regi\u00f3n. Sus primeros habitantes fueron los Mam, quienes la llamar\u00edan Kulaja; los Quich\u00e9s la conquistaron y la nombraron Xelajuj No\u2019j. Finalmente, el 15 de\u2026","rel":"","context":"En \u00abFrontPage\u00bb","block_context":{"text":"FrontPage","link":"https:\/\/www.entremundos.org\/revista\/category\/frontpage\/"},"img":{"alt_text":"","src":"https:\/\/i0.wp.com\/www.entremundos.org\/revista\/wp-content\/uploads\/2024\/05\/whatsapp-image-2024-05-03-at-5.26.36-pm-scaled.jpeg?fit=632%2C1200&ssl=1&resize=350%2C200","width":350,"height":200,"srcset":"https:\/\/i0.wp.com\/www.entremundos.org\/revista\/wp-content\/uploads\/2024\/05\/whatsapp-image-2024-05-03-at-5.26.36-pm-scaled.jpeg?fit=632%2C1200&ssl=1&resize=350%2C200 1x, https:\/\/i0.wp.com\/www.entremundos.org\/revista\/wp-content\/uploads\/2024\/05\/whatsapp-image-2024-05-03-at-5.26.36-pm-scaled.jpeg?fit=632%2C1200&ssl=1&resize=525%2C300 1.5x"},"classes":[]},{"id":11407,"url":"https:\/\/www.entremundos.org\/revista\/politica\/del-papel-a-la-pantalla\/","url_meta":{"origin":2172,"position":3},"title":"Del papel a la pantalla","author":"EntreMundos","date":"10 noviembre, 2023","format":false,"excerpt":"POR EMMA G\u00d3MEZ Dos pa\u00edses golpeados por la corrupci\u00f3n, violaci\u00f3n de los derechos humanos, injusticias, persecuciones y despojos, por mencionar algunos de los males que tienen en com\u00fan Guatemala y El Salvador. El proyecto, Del Papel a la Pantalla, presenta dos propuestas visuales para reflexionar sobre la educaci\u00f3n sexual y\u2026","rel":"","context":"En \u00abAccion Comunitaria\u00bb","block_context":{"text":"Accion Comunitaria","link":"https:\/\/www.entremundos.org\/revista\/category\/politica\/accion-comunitaria-3\/"},"img":{"alt_text":"","src":"https:\/\/i0.wp.com\/www.entremundos.org\/revista\/wp-content\/uploads\/2023\/11\/whatsapp-image-2023-10-23-at-9.54.45-am-2.jpeg?fit=1200%2C800&ssl=1&resize=350%2C200","width":350,"height":200,"srcset":"https:\/\/i0.wp.com\/www.entremundos.org\/revista\/wp-content\/uploads\/2023\/11\/whatsapp-image-2023-10-23-at-9.54.45-am-2.jpeg?fit=1200%2C800&ssl=1&resize=350%2C200 1x, https:\/\/i0.wp.com\/www.entremundos.org\/revista\/wp-content\/uploads\/2023\/11\/whatsapp-image-2023-10-23-at-9.54.45-am-2.jpeg?fit=1200%2C800&ssl=1&resize=525%2C300 1.5x, https:\/\/i0.wp.com\/www.entremundos.org\/revista\/wp-content\/uploads\/2023\/11\/whatsapp-image-2023-10-23-at-9.54.45-am-2.jpeg?fit=1200%2C800&ssl=1&resize=700%2C400 2x, https:\/\/i0.wp.com\/www.entremundos.org\/revista\/wp-content\/uploads\/2023\/11\/whatsapp-image-2023-10-23-at-9.54.45-am-2.jpeg?fit=1200%2C800&ssl=1&resize=1050%2C600 3x"},"classes":[]},{"id":12488,"url":"https:\/\/www.entremundos.org\/revista\/politica\/de-la-lucha-a-la-agricultura-en-las-montanas-de-guatemala\/","url_meta":{"origin":2172,"position":4},"title":"De la lucha a la agricultura en las monta\u00f1as de Guatemala","author":"EntreMundos","date":"13 noviembre, 2024","format":false,"excerpt":"POR JONATHAN LOTT A la sombra de las monta\u00f1as selv\u00e1ticas de Guatemala, anta\u00f1o cargadas del espectro del conflicto, el olor del caf\u00e9 flota en el aire. Una generaci\u00f3n despu\u00e9s del hist\u00f3rico acuerdo de paz que puso fin a la guerra civil guatemalteca (1960-1996), decenas de exguerrilleros trabajan ahora la tierra\u2026","rel":"","context":"En \u00abFrontPage\u00bb","block_context":{"text":"FrontPage","link":"https:\/\/www.entremundos.org\/revista\/category\/frontpage\/"},"img":{"alt_text":"","src":"https:\/\/i0.wp.com\/www.entremundos.org\/revista\/wp-content\/uploads\/2024\/11\/anita2-e1731543808410.jpg?fit=910%2C671&ssl=1&resize=350%2C200","width":350,"height":200,"srcset":"https:\/\/i0.wp.com\/www.entremundos.org\/revista\/wp-content\/uploads\/2024\/11\/anita2-e1731543808410.jpg?fit=910%2C671&ssl=1&resize=350%2C200 1x, https:\/\/i0.wp.com\/www.entremundos.org\/revista\/wp-content\/uploads\/2024\/11\/anita2-e1731543808410.jpg?fit=910%2C671&ssl=1&resize=525%2C300 1.5x, https:\/\/i0.wp.com\/www.entremundos.org\/revista\/wp-content\/uploads\/2024\/11\/anita2-e1731543808410.jpg?fit=910%2C671&ssl=1&resize=700%2C400 2x"},"classes":[]},{"id":12622,"url":"https:\/\/www.entremundos.org\/revista\/politica\/presupuesto-nacional-procesos-y-elementos-importantes\/","url_meta":{"origin":2172,"position":5},"title":"Presupuesto nacional; Procesos y elementos importantes","author":"EntreMundos","date":"16 enero, 2025","format":false,"excerpt":"POR YESSICA PASTOR El siguiente es un extracto de una de las conversaciones sostenidas dentro de la serie de encuentros virtuales sobre incidencia pol\u00edtica del Directorio Guatemala. A continuaci\u00f3n, la intervenci\u00f3n de Ricardo Barrientos, director ejecutivo del Instituto Centroamericano de Estudios Fiscales (ICEFI). \u00bfQu\u00e9 factores pol\u00edticos considera que influyeron en\u2026","rel":"","context":"En \u00abPol\u00edtica\u00bb","block_context":{"text":"Pol\u00edtica","link":"https:\/\/www.entremundos.org\/revista\/category\/politica\/"},"img":{"alt_text":"","src":"https:\/\/i0.wp.com\/www.entremundos.org\/revista\/wp-content\/uploads\/2025\/01\/minifi.jpg?fit=1200%2C900&ssl=1&resize=350%2C200","width":350,"height":200,"srcset":"https:\/\/i0.wp.com\/www.entremundos.org\/revista\/wp-content\/uploads\/2025\/01\/minifi.jpg?fit=1200%2C900&ssl=1&resize=350%2C200 1x, https:\/\/i0.wp.com\/www.entremundos.org\/revista\/wp-content\/uploads\/2025\/01\/minifi.jpg?fit=1200%2C900&ssl=1&resize=525%2C300 1.5x, https:\/\/i0.wp.com\/www.entremundos.org\/revista\/wp-content\/uploads\/2025\/01\/minifi.jpg?fit=1200%2C900&ssl=1&resize=700%2C400 2x, https:\/\/i0.wp.com\/www.entremundos.org\/revista\/wp-content\/uploads\/2025\/01\/minifi.jpg?fit=1200%2C900&ssl=1&resize=1050%2C600 3x"},"classes":[]}],"jetpack_sharing_enabled":true,"_links":{"self":[{"href":"https:\/\/www.entremundos.org\/revista\/wp-json\/wp\/v2\/posts\/2172","targetHints":{"allow":["GET"]}}],"collection":[{"href":"https:\/\/www.entremundos.org\/revista\/wp-json\/wp\/v2\/posts"}],"about":[{"href":"https:\/\/www.entremundos.org\/revista\/wp-json\/wp\/v2\/types\/post"}],"author":[{"embeddable":true,"href":"https:\/\/www.entremundos.org\/revista\/wp-json\/wp\/v2\/users\/1"}],"replies":[{"embeddable":true,"href":"https:\/\/www.entremundos.org\/revista\/wp-json\/wp\/v2\/comments?post=2172"}],"version-history":[{"count":6,"href":"https:\/\/www.entremundos.org\/revista\/wp-json\/wp\/v2\/posts\/2172\/revisions"}],"predecessor-version":[{"id":2439,"href":"https:\/\/www.entremundos.org\/revista\/wp-json\/wp\/v2\/posts\/2172\/revisions\/2439"}],"wp:featuredmedia":[{"embeddable":true,"href":"https:\/\/www.entremundos.org\/revista\/wp-json\/wp\/v2\/media\/2197"}],"wp:attachment":[{"href":"https:\/\/www.entremundos.org\/revista\/wp-json\/wp\/v2\/media?parent=2172"}],"wp:term":[{"taxonomy":"category","embeddable":true,"href":"https:\/\/www.entremundos.org\/revista\/wp-json\/wp\/v2\/categories?post=2172"},{"taxonomy":"post_tag","embeddable":true,"href":"https:\/\/www.entremundos.org\/revista\/wp-json\/wp\/v2\/tags?post=2172"}],"curies":[{"name":"wp","href":"https:\/\/api.w.org\/{rel}","templated":true}]}}