{"id":2187,"date":"2016-03-15T12:03:42","date_gmt":"2016-03-15T20:03:42","guid":{"rendered":"http:\/\/www.entremundos.org\/revista\/?p=2187"},"modified":"2018-10-01T07:59:26","modified_gmt":"2018-10-01T15:59:26","slug":"la-lucha-contra-el-patriarcado","status":"publish","type":"post","link":"https:\/\/www.entremundos.org\/revista\/politica\/la-lucha-contra-el-patriarcado\/","title":{"rendered":"La lucha contra el patriarcado"},"content":{"rendered":"<h6>Foto portada: Cristina Chiquin<\/h6>\n<p>Por Patricia Mac\u00edas<\/p>\n<p>&nbsp;<\/p>\n<p>\u2018Las mujeres estamos socializadas para ser enemigas, para no pactar. Cuando una mujer est\u00e1 encerrada en una casa y otra est\u00e1 encerrada en otra casa, la mitad de la sociedad est\u00e1 hipersegmentada. Esta hipersegmentaci\u00f3n hace que las mujeres no nos podamos reunir, no nos podamos convocar, que no nos organicemos, que no ejerzamos nuestro papel pol\u00edtico. Esta es una de las cuestiones fundamentales y <span style=\"text-decoration: line-through;\">d<\/span>el papel esencial que tienen las organizaciones de mujeres. Las organizaciones de mujeres son una respuesta comunitaria, social a la violencia end\u00e9mica de g\u00e9nero.\u2019 Mercedes Hern\u00e1ndez, activista, feminista y defensora de Derechos Humanos y presidenta de la Asociaci\u00f3n de Mujeres de Guatemala AMG, explica as\u00ed la importancia del apoyo y la solidaridad entre nosotras.<\/p>\n<p>AMG es una asociaci\u00f3n feminista activista con sede en Madrid, integrada desde sus inicios por mujeres guatemaltecas, refugiadas, desplazadas y migrantes que resid\u00edan en Espa\u00f1a. Comenzaron a reunirse en 2006, \u2018Cuando nos reun\u00edamos era sobre todo en torno a la comida, porque es de las cosas que una extra\u00f1a much\u00edsimo, entonces en torno a los trueques de chiles pasa y chiles guaque y en torno al tr\u00e1fico de rosa de jamaica o frijoles volteados, nos reun\u00edamos a intentar pasarlo un poco mejor, porque todas ven\u00edamos con historias tremendas detr\u00e1s.\u2019 Historias de violencia que de una manera u otra las obligaron a dejar Guatemala.<\/p>\n<blockquote><p>Produce mucha rabia el hecho de saber que hay pa\u00edses como Guatemala donde el espacio p\u00fablico no nos pertenece y que nuestra vida en el espacio p\u00fablico no vale nada y en el espacio privado tampoco, y las estad\u00edsticas lo demuestran.<\/p><\/blockquote>\n<p>Sus primeras actividades como grupo se realizaban en torno a conversatorios feministas, un conjunto heterog\u00e9neo de guatemaltecas, desde estudiantes a amas de casa, con una preocupaci\u00f3n en com\u00fan: las madres, hermanas o amigas que dejaron en Guatemala.\u00a0\u2018Empezamos a hablar sobre todo de la violencia contra las mujeres y de lo terrible que se hac\u00eda ser mujer all\u00e1. Cuando sal\u00edamos ac\u00e1 por la noche, eso siempre era un revulsivo, porque volver de madrugada a tu casa, caminando tranquilamente por la calle es una sensaci\u00f3n que no tiene precio, el dejar de tener que mirar atr\u00e1s cuando una camina por la noche sola es una sensaci\u00f3n incomparable. Produce mucha rabia el hecho de saber que hay pa\u00edses como Guatemala donde el espacio p\u00fablico no nos pertenece y que nuestra vida en el espacio p\u00fablico no vale nada y en el espacio privado tampoco, y las estad\u00edsticas lo demuestran.\u2019<\/p>\n<p>Desde que su l\u00ednea de pensamiento feminista se hizo p\u00fablica, la embajada guatemalteca en Madrid nunca las ha apoyado en sus actividades. La indiferencia inicial pas\u00f3 a la declaraci\u00f3n de total de \u2018non gratas\u2019 cuando en 2013 organizaron una protesta frente al ayuntamiento de Madrid contra Otto P\u00e9rez Molina, que recib\u00eda en ese momento las llaves de la capital espa\u00f1ola. Recibieron al entonces presidente de la Rep\u00fablica (ahora ex presidente, entre rejas por el esc\u00e1ndalo de corrupci\u00f3n de \u2018La L\u00ednea\u2019) al grito de \u00a1genocida! y con carteles impresos de metralletas con frases como \u2018Estas son las llaves de P\u00e9rez Molina.\u2019<\/p>\n<figure id=\"attachment_2179\" aria-describedby=\"caption-attachment-2179\" style=\"width: 960px\" class=\"wp-caption aligncenter\"><a href=\"https:\/\/i0.wp.com\/www.entremundos.org\/revista\/wp-content\/uploads\/2016\/03\/spain_demonstration_otto_molina_03.jpg\" rel=\"attachment wp-att-2179\"><img data-recalc-dims=\"1\" loading=\"lazy\" decoding=\"async\" class=\"size-large wp-image-2179\" src=\"https:\/\/i0.wp.com\/www.entremundos.org\/revista\/wp-content\/uploads\/2016\/03\/spain_demonstration_otto_molina_03-1024x683.jpg?resize=640%2C427\" alt=\"Mercedes Hernandez durante la protesta en Madrid contra Otto Perez Molina. Foto: Gabriel Pecot \" width=\"640\" height=\"427\" srcset=\"https:\/\/i0.wp.com\/www.entremundos.org\/revista\/wp-content\/uploads\/2016\/03\/spain_demonstration_otto_molina_03.jpg?w=1024&amp;ssl=1 1024w, https:\/\/i0.wp.com\/www.entremundos.org\/revista\/wp-content\/uploads\/2016\/03\/spain_demonstration_otto_molina_03.jpg?resize=300%2C200&amp;ssl=1 300w, https:\/\/i0.wp.com\/www.entremundos.org\/revista\/wp-content\/uploads\/2016\/03\/spain_demonstration_otto_molina_03.jpg?resize=768%2C512&amp;ssl=1 768w, https:\/\/i0.wp.com\/www.entremundos.org\/revista\/wp-content\/uploads\/2016\/03\/spain_demonstration_otto_molina_03.jpg?resize=335%2C223&amp;ssl=1 335w\" sizes=\"auto, (max-width: 640px) 100vw, 640px\" \/><\/a><figcaption id=\"caption-attachment-2179\" class=\"wp-caption-text\">Mercedes Hernandez durante la protesta en Madrid contra Otto Perez Molina. Foto: Gabriel Pecot<\/figcaption><\/figure>\n<p>&nbsp;<\/p>\n<p>Trabajan a trav\u00e9s de la estrategia de advocacy, que consiste en la creaci\u00f3n de alianzas con el objetivo de crear discusiones en la esfera p\u00fablica sobre temas espec\u00edficos. En este caso concreto AMG trabaja por la prevenci\u00f3n, sanci\u00f3n y erradicaci\u00f3n de todas las formas de violencia contra las mujeres, denunciando y haciendo visibles los feminicidios perpetrados en Guatemala y en otros pa\u00edses latinoamericanos. Un trabajo de hormigas que obtiene resultados, como la celebraci\u00f3n por siete a\u00f1os consecutivos de su curso anual sobre feminicidio, gracias a sus incansables voluntarias, colaboradoras y socias.<\/p>\n<p>AMG y otras muchas organizaciones en Guatemala y por todo el mundo trabajan para denunciar el feminicidio. Un t\u00e9rmino relativamente nuevo que surgi\u00f3 de la traducci\u00f3n del concepto ingl\u00e9s femicide, el cual se refiere al homicidio evitable de mujeres por cuestiones vinculadas estrictamente al g\u00e9nero. Incluye no solamente los casos que tienen que ver con la violencia f\u00edsica contra las mujeres, sino tambi\u00e9n todas aquellas otras cuestiones que atentan contra la moral y la salud de las mujeres como la falta o la deficiente asistencia m\u00e9dica para atender problemas sanitarios t\u00edpicamente femeninos y que por tanto derivan en el aumento de la mortalidad de las mujeres y\/o afectan gravemente su calidad de vida.<\/p>\n<blockquote><p>Es en el \u00e1mbito de la aplicaci\u00f3n donde, por ejemplo vemos el reflejo de las asignaciones presupuestarias: no hay un s\u00f3lo Estado en el mundo que sea justo, en materia de presupuestos p\u00fablicos, con la magnitud de la violencia que las mujeres est\u00e1n enfrentando.<\/p><\/blockquote>\n<p>Guatemala aprob\u00f3 una ley contra el feminicidio en 2008 que contempla penas de 25 a 50 a\u00f1os de prisi\u00f3n para quienes asesinen a mujeres s\u00f3lo por el hecho de serlo y tambi\u00e9n tipifica como delitos los diferentes actos de violencia contra la mujer, violencia sexual, f\u00edsica, psicol\u00f3gica y econ\u00f3mica. Una ley, que tiene \u2018un enorme valor porque nombra adecuadamente la realidad. Es decir, responde a la necesidad de adecuar las normas. Sin embargo, hay otra parte que es la aplicaci\u00f3n y es ah\u00ed donde siempre se falla: no hay ning\u00fan sistema de justicia que sea perfecto y el de Guatemala est\u00e1 entre los m\u00e1s imperfectos del mundo, a pesar de que ha habido algunos esfuerzos por mejorarlo. Es en el \u00e1mbito de la aplicaci\u00f3n donde, por ejemplo vemos el reflejo de las asignaciones presupuestarias: no hay un s\u00f3lo Estado en el mundo que sea justo, en materia de presupuestos p\u00fablicos, con la magnitud de la violencia que las mujeres est\u00e1n enfrentando. Una de las razones es que, en general, la violencia contra las mujeres no se considera violencia pol\u00edtica. Cuando las feministas hablamos de terrorismo machista no se entiende que estamos hablando de un sistema de poder que se perpet\u00faa o intenta perpetuarse a trav\u00e9s de la violencia. A ese sistema de poder lo llamamos patriarcado.\u2019<\/p>\n<p><a href=\"https:\/\/i0.wp.com\/www.entremundos.org\/revista\/wp-content\/uploads\/2016\/03\/12669523_1080762348621484_4124028056859937331_n.jpg\" rel=\"attachment wp-att-2183\"><img data-recalc-dims=\"1\" loading=\"lazy\" decoding=\"async\" class=\"size-full wp-image-2183 alignleft\" src=\"https:\/\/i0.wp.com\/www.entremundos.org\/revista\/wp-content\/uploads\/2016\/03\/12669523_1080762348621484_4124028056859937331_n.jpg?resize=391%2C514\" alt=\"12669523_1080762348621484_4124028056859937331_n\" width=\"391\" height=\"514\" srcset=\"https:\/\/i0.wp.com\/www.entremundos.org\/revista\/wp-content\/uploads\/2016\/03\/12669523_1080762348621484_4124028056859937331_n.jpg?w=391&amp;ssl=1 391w, https:\/\/i0.wp.com\/www.entremundos.org\/revista\/wp-content\/uploads\/2016\/03\/12669523_1080762348621484_4124028056859937331_n.jpg?resize=228%2C300&amp;ssl=1 228w, https:\/\/i0.wp.com\/www.entremundos.org\/revista\/wp-content\/uploads\/2016\/03\/12669523_1080762348621484_4124028056859937331_n.jpg?resize=335%2C440&amp;ssl=1 335w\" sizes=\"auto, (max-width: 391px) 100vw, 391px\" \/><\/a><\/p>\n<p>\u00bfQu\u00e9 sucede cuando las mujeres logran organizarse y crear redes de apoyo mutuo? Se logran derribar muros de silencio e impunidad como el que se est\u00e1 derribando estos d\u00edas en Guatemala, desde el pasado 1 de febrero, cuando se inici\u00f3 el Juicio del caso Sepur Zarco, que busca juzgar las violaciones sexuales cometidas contra 15 mujeres ind\u00edgenas q\u2019eqch\u00eds en un destacamento militar ubicado entre Alta Verapaz e Izabal durante el a\u00f1o de 1982. Este destacamento era utilizado como \u201c\u00e1rea de descanso y recreaci\u00f3n\u201d de los militares, durante los a\u00f1os m\u00e1s duros de la guerra.<\/p>\n<p>Es el primer juicio de este tipo que se celebra en el pa\u00eds y por el que sus v\u00edctimas han tenido que esperar m\u00e1s de 35 a\u00f1os. El ex subteniente Esteelmer Francisco Reyes Gir\u00f3n y el ex comisionado militar Heriverto Valdez se sientan en el banquillo de los acusados, enfrentando delitos contra los deberes de la humanidad en su forma de violencia sexual, desaparici\u00f3n forzada y asesinato.<\/p>\n<blockquote><p>Una de las grandes sanaciones que la justicia puede proveer a estas mujeres mujeres mayas cristaliza en ese momento en que abandonan la condici\u00f3n de v\u00edctimas para convertirse en las supervivientes se\u00f1alando a los perpetradores.<\/p><\/blockquote>\n<p>Mercedes Hern\u00e1ndez lo tiene claro: \u2018El hecho de que ellas est\u00e9n sentadas frente a los perpetradores, en igualdad de condiciones, tiene un enorme valor material y simb\u00f3lico. Una de las grandes sanaciones que la justicia puede proveer a estas mujeres mujeres mayas cristaliza en ese momento en que abandonan la condici\u00f3n de v\u00edctimas para convertirse en las supervivientes se\u00f1alando a los perpetradores de aquellos cr\u00edmenes que por su gravedad atentan contra la conciencia de la humanidad en su conjunto.\u2019 Mujeres que demuestran una valent\u00eda admirable al compartir su sufrimiento y acusar a sus violadores en un juicio p\u00fablico, enfrentando no solo a sus atacantes, sino tambi\u00e9n a un sistema de poder arraigado, como es la instituci\u00f3n militar.<\/p>\n<figure id=\"attachment_2181\" aria-describedby=\"caption-attachment-2181\" style=\"width: 653px\" class=\"wp-caption aligncenter\"><a href=\"https:\/\/i0.wp.com\/www.entremundos.org\/revista\/wp-content\/uploads\/2016\/03\/cq5dam.web_.460.306.jpeg\" rel=\"attachment wp-att-2181\"><img data-recalc-dims=\"1\" loading=\"lazy\" decoding=\"async\" class=\" wp-image-2181\" src=\"https:\/\/i0.wp.com\/www.entremundos.org\/revista\/wp-content\/uploads\/2016\/03\/cq5dam.web_.460.306.jpeg?resize=640%2C427\" alt=\"Mujeres Maya Q\u2019eqch\u00ed sobrevivientes de violencia sexual durante el enfrentamiento armado interno en el Tribunal \u201cA\u201d de Riesgo Mayor durante el veredicto del caso Zepur Zarco. Foto: Caroline Trutmann para PNUD Guatemala. \" width=\"640\" height=\"427\" srcset=\"https:\/\/i0.wp.com\/www.entremundos.org\/revista\/wp-content\/uploads\/2016\/03\/cq5dam.web_.460.306.jpeg?w=459&amp;ssl=1 459w, https:\/\/i0.wp.com\/www.entremundos.org\/revista\/wp-content\/uploads\/2016\/03\/cq5dam.web_.460.306.jpeg?resize=300%2C200&amp;ssl=1 300w, https:\/\/i0.wp.com\/www.entremundos.org\/revista\/wp-content\/uploads\/2016\/03\/cq5dam.web_.460.306.jpeg?resize=335%2C223&amp;ssl=1 335w\" sizes=\"auto, (max-width: 640px) 100vw, 640px\" \/><\/a><figcaption id=\"caption-attachment-2181\" class=\"wp-caption-text\">Mujeres Maya Q\u2019eqch\u00ed sobrevivientes de violencia sexual durante el enfrentamiento armado interno en el Tribunal \u201cA\u201d de Riesgo Mayor durante el veredicto del caso Zepur Zarco. Foto: Caroline Trutmann para PNUD Guatemala.<\/figcaption><\/figure>\n<p>\u2018Las mujeres estamos cambiando, las mujeres estamos reclamando la parte del mundo que por justicia nos corresponde y obviamente el patriarcado se remueve e intenta devolvernos a la domesticidad del \u00e1mbito privado y de las casas, a encerrarnos otra vez ah\u00ed para volver a hipersegmentarnos y que no hagamos vida pol\u00edtica y obviamente lo hace a trav\u00e9s de violencia. Entonces la violencia contra las mujeres tambi\u00e9n hay que entenderla como una reacci\u00f3n patriarcal a las nuevas mujeres.\u2019, explica Mercedes.<\/p>\n<p>La organizaci\u00f3n y la solidaridad femenina, ya sea en organizaciones como AMG o dentro de las comunidades entre vecinas o amigas, es el pilar sobre el que construimos una sociedad en la que ninguna ni\u00f1a o mujer, en cualquier parte del mundo, sufra exclusi\u00f3n y violencia por raz\u00f3n de su g\u00e9nero.<\/p>\n<p><em>\u00a0<\/em><\/p>\n<p>&nbsp;<\/p>\n","protected":false},"excerpt":{"rendered":"<p>Foto portada: Cristina Chiquin Por Patricia Mac\u00edas &nbsp; \u2018Las mujeres estamos socializadas para ser enemigas, para no pactar. Cuando una mujer est\u00e1 encerrada en una casa y otra est\u00e1 encerrada en otra casa, la mitad de la sociedad est\u00e1 hipersegmentada. Esta hipersegmentaci\u00f3n hace que las mujeres no nos podamos reunir, no nos podamos convocar, que [&hellip;]<\/p>\n","protected":false},"author":1,"featured_media":2272,"comment_status":"closed","ping_status":"closed","sticky":false,"template":"","format":"standard","meta":{"_exactmetrics_skip_tracking":false,"_exactmetrics_sitenote_active":false,"_exactmetrics_sitenote_note":"","_exactmetrics_sitenote_category":0,"jetpack_post_was_ever_published":false,"_jetpack_newsletter_access":"","_jetpack_dont_email_post_to_subs":false,"_jetpack_newsletter_tier_id":0,"_jetpack_memberships_contains_paywalled_content":false,"_jetpack_memberships_contains_paid_content":false,"footnotes":""},"categories":[452,386,378],"tags":[1402,1399,65,71,1401,569,1400,1398,846,1157],"class_list":["post-2187","post","type-post","status-publish","format-standard","has-post-thumbnail","hentry","category-frontpage","category-mujer","category-politica","tag-feminicidio","tag-feminismo","tag-guatemala","tag-justicia","tag-machismo","tag-mujer","tag-patriarcado","tag-politicas","tag-sepur-zarco","tag-violencia"],"jetpack_featured_media_url":"https:\/\/i0.wp.com\/www.entremundos.org\/revista\/wp-content\/uploads\/2016\/03\/1454257744_989295_1454258101_noticia_normal-1.jpg?fit=731%2C534&ssl=1","jetpack_shortlink":"https:\/\/wp.me\/p7ljt7-zh","jetpack-related-posts":[{"id":10588,"url":"https:\/\/www.entremundos.org\/revista\/politica\/ley-de-mujeres-desaparecidas\/","url_meta":{"origin":2187,"position":0},"title":"Ley de mujeres desaparecidas","author":"EntreMundos","date":"9 marzo, 2023","format":false,"excerpt":"Emma G\u00f3mez\u00a0 En Guatemala, cada d\u00eda desaparecen unas 5 mujeres. La desaparici\u00f3n de mujeres est\u00e1 ligada fuertemente con alg\u00fan tipo de violencia de g\u00e9nero.\u00a0 Hace 3 a\u00f1os se implement\u00f3 un mecanismo de b\u00fasqueda inmediata de mujeres desaparecidas, Isabel-Claudina, mecanismo que tiene como base la Ley de Mujeres Desaparecidas que fue\u2026","rel":"","context":"En \u00abFrontPage\u00bb","block_context":{"text":"FrontPage","link":"https:\/\/www.entremundos.org\/revista\/category\/frontpage\/"},"img":{"alt_text":"","src":"https:\/\/i0.wp.com\/www.entremundos.org\/revista\/wp-content\/uploads\/2023\/03\/isable-claudina-justicia.png?fit=1200%2C789&ssl=1&resize=350%2C200","width":350,"height":200,"srcset":"https:\/\/i0.wp.com\/www.entremundos.org\/revista\/wp-content\/uploads\/2023\/03\/isable-claudina-justicia.png?fit=1200%2C789&ssl=1&resize=350%2C200 1x, https:\/\/i0.wp.com\/www.entremundos.org\/revista\/wp-content\/uploads\/2023\/03\/isable-claudina-justicia.png?fit=1200%2C789&ssl=1&resize=525%2C300 1.5x, https:\/\/i0.wp.com\/www.entremundos.org\/revista\/wp-content\/uploads\/2023\/03\/isable-claudina-justicia.png?fit=1200%2C789&ssl=1&resize=700%2C400 2x, https:\/\/i0.wp.com\/www.entremundos.org\/revista\/wp-content\/uploads\/2023\/03\/isable-claudina-justicia.png?fit=1200%2C789&ssl=1&resize=1050%2C600 3x"},"classes":[]},{"id":12859,"url":"https:\/\/www.entremundos.org\/revista\/politica\/mujeres-indigenas-y-rurales-en-defensa-del-territorio-frente-al-extractivismo-en-guatemala\/","url_meta":{"origin":2187,"position":1},"title":"Mujeres ind\u00edgenas y rurales en defensa del territorio frente al extractivismo en Guatemala","author":"EntreMundos","date":"21 mayo, 2025","format":false,"excerpt":"Por Asociadas Por lo Justo (JASS) Este es un resumen de un mapeo realizado por JASS, para compartir sus an\u00e1lisis, sus luchas y los impactos en sus vidas. El objetivo es contar las luchas por el territorio frente al extractivismo en Guatemala e identificar el papel y el impacto en\u2026","rel":"","context":"En \u00abFrontPage\u00bb","block_context":{"text":"FrontPage","link":"https:\/\/www.entremundos.org\/revista\/category\/frontpage\/"},"img":{"alt_text":"","src":"https:\/\/i0.wp.com\/www.entremundos.org\/revista\/wp-content\/uploads\/2025\/05\/2-scaled.png?fit=1200%2C843&ssl=1&resize=350%2C200","width":350,"height":200,"srcset":"https:\/\/i0.wp.com\/www.entremundos.org\/revista\/wp-content\/uploads\/2025\/05\/2-scaled.png?fit=1200%2C843&ssl=1&resize=350%2C200 1x, https:\/\/i0.wp.com\/www.entremundos.org\/revista\/wp-content\/uploads\/2025\/05\/2-scaled.png?fit=1200%2C843&ssl=1&resize=525%2C300 1.5x, https:\/\/i0.wp.com\/www.entremundos.org\/revista\/wp-content\/uploads\/2025\/05\/2-scaled.png?fit=1200%2C843&ssl=1&resize=700%2C400 2x, https:\/\/i0.wp.com\/www.entremundos.org\/revista\/wp-content\/uploads\/2025\/05\/2-scaled.png?fit=1200%2C843&ssl=1&resize=1050%2C600 3x"},"classes":[]},{"id":11407,"url":"https:\/\/www.entremundos.org\/revista\/politica\/del-papel-a-la-pantalla\/","url_meta":{"origin":2187,"position":2},"title":"Del papel a la pantalla","author":"EntreMundos","date":"10 noviembre, 2023","format":false,"excerpt":"POR EMMA G\u00d3MEZ Dos pa\u00edses golpeados por la corrupci\u00f3n, violaci\u00f3n de los derechos humanos, injusticias, persecuciones y despojos, por mencionar algunos de los males que tienen en com\u00fan Guatemala y El Salvador. El proyecto, Del Papel a la Pantalla, presenta dos propuestas visuales para reflexionar sobre la educaci\u00f3n sexual y\u2026","rel":"","context":"En \u00abAccion Comunitaria\u00bb","block_context":{"text":"Accion Comunitaria","link":"https:\/\/www.entremundos.org\/revista\/category\/politica\/accion-comunitaria-3\/"},"img":{"alt_text":"","src":"https:\/\/i0.wp.com\/www.entremundos.org\/revista\/wp-content\/uploads\/2023\/11\/whatsapp-image-2023-10-23-at-9.54.45-am-2.jpeg?fit=1200%2C800&ssl=1&resize=350%2C200","width":350,"height":200,"srcset":"https:\/\/i0.wp.com\/www.entremundos.org\/revista\/wp-content\/uploads\/2023\/11\/whatsapp-image-2023-10-23-at-9.54.45-am-2.jpeg?fit=1200%2C800&ssl=1&resize=350%2C200 1x, https:\/\/i0.wp.com\/www.entremundos.org\/revista\/wp-content\/uploads\/2023\/11\/whatsapp-image-2023-10-23-at-9.54.45-am-2.jpeg?fit=1200%2C800&ssl=1&resize=525%2C300 1.5x, https:\/\/i0.wp.com\/www.entremundos.org\/revista\/wp-content\/uploads\/2023\/11\/whatsapp-image-2023-10-23-at-9.54.45-am-2.jpeg?fit=1200%2C800&ssl=1&resize=700%2C400 2x, https:\/\/i0.wp.com\/www.entremundos.org\/revista\/wp-content\/uploads\/2023\/11\/whatsapp-image-2023-10-23-at-9.54.45-am-2.jpeg?fit=1200%2C800&ssl=1&resize=1050%2C600 3x"},"classes":[]},{"id":10833,"url":"https:\/\/www.entremundos.org\/revista\/politica\/violencia-contra-las-mujeres-dominio-masculino-en-la-politica\/","url_meta":{"origin":2187,"position":3},"title":"Violencia contra las mujeres: dominio masculino en la pol\u00edtica","author":"EntreMundos","date":"29 mayo, 2023","format":false,"excerpt":"Silvia Lilian Trujillo La violencia pol\u00edtica es sistem\u00e1tica y permanente, se produce para inhibir, ralentizar o restringir la participaci\u00f3n pol\u00edtica de mujeres, en el marco de un sistema que se resiste a aceptar su igualdad de derechos. Mientras no se trabaje para acabar con esta violencia espec\u00edfica la calidad de\u2026","rel":"","context":"En \u00abFrontPage\u00bb","block_context":{"text":"FrontPage","link":"https:\/\/www.entremundos.org\/revista\/category\/frontpage\/"},"img":{"alt_text":"","src":"https:\/\/i0.wp.com\/www.entremundos.org\/revista\/wp-content\/uploads\/2023\/05\/000_16w772-1.jpg?fit=1200%2C799&ssl=1&resize=350%2C200","width":350,"height":200,"srcset":"https:\/\/i0.wp.com\/www.entremundos.org\/revista\/wp-content\/uploads\/2023\/05\/000_16w772-1.jpg?fit=1200%2C799&ssl=1&resize=350%2C200 1x, https:\/\/i0.wp.com\/www.entremundos.org\/revista\/wp-content\/uploads\/2023\/05\/000_16w772-1.jpg?fit=1200%2C799&ssl=1&resize=525%2C300 1.5x, https:\/\/i0.wp.com\/www.entremundos.org\/revista\/wp-content\/uploads\/2023\/05\/000_16w772-1.jpg?fit=1200%2C799&ssl=1&resize=700%2C400 2x, https:\/\/i0.wp.com\/www.entremundos.org\/revista\/wp-content\/uploads\/2023\/05\/000_16w772-1.jpg?fit=1200%2C799&ssl=1&resize=1050%2C600 3x"},"classes":[]},{"id":12224,"url":"https:\/\/www.entremundos.org\/revista\/mujer\/derechos-sexuales-y-reproductivos-tema-pendiente-en-guatemala\/","url_meta":{"origin":2187,"position":4},"title":"Derechos sexuales y reproductivos; tema pendiente en Guatemala","author":"EntreMundos","date":"15 julio, 2024","format":false,"excerpt":"POR EMMA G\u00d3MEZ Seg\u00fan La Organizaci\u00f3n de las Naciones Unidas de los Derechos Humanos, (ONU-DH), los derechos sexuales y reproductivos est\u00e1n relacionados con la libertad de las personas a decidir sobre su sexualidad y el ejercicio libre de la misma. Algunos derechos pueden ser; ejercer la sexualidad de manera independiente\u2026","rel":"","context":"En \u00abFrontPage\u00bb","block_context":{"text":"FrontPage","link":"https:\/\/www.entremundos.org\/revista\/category\/frontpage\/"},"img":{"alt_text":"","src":"https:\/\/i0.wp.com\/www.entremundos.org\/revista\/wp-content\/uploads\/2024\/07\/444487166_750607893953803_8829963883492089519_n.jpg?fit=1200%2C1158&ssl=1&resize=350%2C200","width":350,"height":200,"srcset":"https:\/\/i0.wp.com\/www.entremundos.org\/revista\/wp-content\/uploads\/2024\/07\/444487166_750607893953803_8829963883492089519_n.jpg?fit=1200%2C1158&ssl=1&resize=350%2C200 1x, https:\/\/i0.wp.com\/www.entremundos.org\/revista\/wp-content\/uploads\/2024\/07\/444487166_750607893953803_8829963883492089519_n.jpg?fit=1200%2C1158&ssl=1&resize=525%2C300 1.5x, https:\/\/i0.wp.com\/www.entremundos.org\/revista\/wp-content\/uploads\/2024\/07\/444487166_750607893953803_8829963883492089519_n.jpg?fit=1200%2C1158&ssl=1&resize=700%2C400 2x, https:\/\/i0.wp.com\/www.entremundos.org\/revista\/wp-content\/uploads\/2024\/07\/444487166_750607893953803_8829963883492089519_n.jpg?fit=1200%2C1158&ssl=1&resize=1050%2C600 3x"},"classes":[]},{"id":13642,"url":"https:\/\/www.entremundos.org\/revista\/politica\/las-mujeres-inspiran-es-hora-de-acabar-con-las-brechas-de-desigualdad\/","url_meta":{"origin":2187,"position":5},"title":"Las mujeres inspiran: Es hora de acabar con las brechas de desigualdad","author":"EntreMundos","date":"4 abril, 2026","format":false,"excerpt":"POR MARIANA L\u00d3PEZ La discriminaci\u00f3n y racismo son temas que se han abordado e incluso se ha dicho que ya se han superado estando lejos de ser parte de nuestra realidad, sin embargo, basta con observar para comprender que una cosa es el discurso y otra la pr\u00e1ctica. En la\u2026","rel":"","context":"En \u00abFrontPage\u00bb","block_context":{"text":"FrontPage","link":"https:\/\/www.entremundos.org\/revista\/category\/frontpage\/"},"img":{"alt_text":"","src":"https:\/\/i0.wp.com\/www.entremundos.org\/revista\/wp-content\/uploads\/2026\/03\/649499575_1230883245899060_5224768132019882352_n.jpg?fit=1200%2C800&ssl=1&resize=350%2C200","width":350,"height":200,"srcset":"https:\/\/i0.wp.com\/www.entremundos.org\/revista\/wp-content\/uploads\/2026\/03\/649499575_1230883245899060_5224768132019882352_n.jpg?fit=1200%2C800&ssl=1&resize=350%2C200 1x, https:\/\/i0.wp.com\/www.entremundos.org\/revista\/wp-content\/uploads\/2026\/03\/649499575_1230883245899060_5224768132019882352_n.jpg?fit=1200%2C800&ssl=1&resize=525%2C300 1.5x, https:\/\/i0.wp.com\/www.entremundos.org\/revista\/wp-content\/uploads\/2026\/03\/649499575_1230883245899060_5224768132019882352_n.jpg?fit=1200%2C800&ssl=1&resize=700%2C400 2x, https:\/\/i0.wp.com\/www.entremundos.org\/revista\/wp-content\/uploads\/2026\/03\/649499575_1230883245899060_5224768132019882352_n.jpg?fit=1200%2C800&ssl=1&resize=1050%2C600 3x"},"classes":[]}],"jetpack_sharing_enabled":true,"_links":{"self":[{"href":"https:\/\/www.entremundos.org\/revista\/wp-json\/wp\/v2\/posts\/2187","targetHints":{"allow":["GET"]}}],"collection":[{"href":"https:\/\/www.entremundos.org\/revista\/wp-json\/wp\/v2\/posts"}],"about":[{"href":"https:\/\/www.entremundos.org\/revista\/wp-json\/wp\/v2\/types\/post"}],"author":[{"embeddable":true,"href":"https:\/\/www.entremundos.org\/revista\/wp-json\/wp\/v2\/users\/1"}],"replies":[{"embeddable":true,"href":"https:\/\/www.entremundos.org\/revista\/wp-json\/wp\/v2\/comments?post=2187"}],"version-history":[{"count":8,"href":"https:\/\/www.entremundos.org\/revista\/wp-json\/wp\/v2\/posts\/2187\/revisions"}],"predecessor-version":[{"id":2284,"href":"https:\/\/www.entremundos.org\/revista\/wp-json\/wp\/v2\/posts\/2187\/revisions\/2284"}],"wp:featuredmedia":[{"embeddable":true,"href":"https:\/\/www.entremundos.org\/revista\/wp-json\/wp\/v2\/media\/2272"}],"wp:attachment":[{"href":"https:\/\/www.entremundos.org\/revista\/wp-json\/wp\/v2\/media?parent=2187"}],"wp:term":[{"taxonomy":"category","embeddable":true,"href":"https:\/\/www.entremundos.org\/revista\/wp-json\/wp\/v2\/categories?post=2187"},{"taxonomy":"post_tag","embeddable":true,"href":"https:\/\/www.entremundos.org\/revista\/wp-json\/wp\/v2\/tags?post=2187"}],"curies":[{"name":"wp","href":"https:\/\/api.w.org\/{rel}","templated":true}]}}