{"id":2403,"date":"2016-03-07T16:57:24","date_gmt":"2016-03-08T00:57:24","guid":{"rendered":"http:\/\/www.entremundos.org\/revista\/?p=2403&#038;lang=en"},"modified":"2016-03-16T06:30:39","modified_gmt":"2016-03-16T14:30:39","slug":"coffee-and-roya-in-guatemala","status":"publish","type":"post","link":"https:\/\/www.entremundos.org\/revista\/economy\/coffee-and-roya-in-guatemala\/?lang=en","title":{"rendered":"Coffee and Roya in Guatemala"},"content":{"rendered":"<h6 class=\"p1\">Cover photo: Jairo Cajina<\/h6>\n<p class=\"p1\">By Dr. Francisco Anzueto Rodriguez, researcher with ANACAFE (National Coffe Association)<\/p>\n<p class=\"p1\"><span class=\"s1\">\u201cLa roya,\u201d a fungus that attacks coffee plants, arrived in Central America in 1976 and caused relatively few losses during its first three decades in the region. But since 2010, it has become a severe and growing problem and recent climate variation is a principal factor.<\/span><\/p>\n<p class=\"p1\"><span class=\"s1\">In 2010, Guatemala saw sporadic roya attacks in several high-altitude regions. In 2011-2012, the attacks became more severe and caused substantial losses in coffee production at local levels.<\/span><\/p>\n<p class=\"p1\"><span class=\"s1\">In 2012-2013, the fungus spread throughout the southeast, northeast, north, central, and southern coast regions of Guatemala. In 2013-2014, the southeast and northeast were again affected, along with Huehuetenango in the northwest. Combined losses from 2012 to 2014 are estimated at 80,000,000 pounds of peeled coffee beans and 100,000 jobs. The climatic conditions of this period are similar to those projected for the future by some models that predict climate change. This means that similar behavior of la roya and other coffee plant diseases could continue well into the future.<\/span><\/p>\n<p class=\"p1\"><span class=\"s1\">The plantations most affected by the roya were those with less productive, older, less pruned coffee plants without synthetic fertilizers. These plants are common to small-scale producers, to whom less credit or financing, necessary to recover from the fungus, is available.<\/span><\/p>\n<p class=\"p1\"><span class=\"s1\">Certified organic coffee has been the sector most gravely affected by the outbreak, because organic producers cannot use synthetic chemicals like \u201csystemic\u201d fungicides. The \u201cnon-systemic,\u201d or contact, fungicides that contain copper and are allowed in organic production have not been able to contain the spread of the fungus that has reached epidemic proportions. Before the outbreak, the average production quantity for organic coffee was 1,200 dried pounds per manzana (1.75 acres), which has now fallen to 600 pounds and even less. One strategy to confront la roya is to substitute traditional plants for more resistant ones, which requires large investments of capital and time without harvests.<\/span><\/p>\n<p class=\"p1\"><span class=\"s1\">An ANACAF\u00cb analysis of climate data shows that in 2010 and 2011 conditions were favorable to the roya, allowing it to subsequently spread through several regions at over 1,000 meters above sea level. In 2012, the outbreak reached a peak because of several factors: favorable climate conditions, the high proportion of plants with past damage, the predominance of susceptible coffee plant varieties (88% of the varieties used in Guatemala), and little technical management of fields.<\/span><\/p>\n<blockquote>\n<p class=\"p1\"><em>There currently exists high prevalence of both damage from previous infections and climate conditions favorable to a new outbreak of la roya in 2015.<\/em><\/p>\n<\/blockquote>\n<p class=\"p1\"><span class=\"s1\">In 2012, minimum daily temperatures increased an average of 0.9\u00b0C while maximum daily temperatures fell 1.2\u00b0C, which implies a reduction of daily temperature fluctuations. This very probably caused la roya\u2019s latency period to shrink and for its reproductive cycles to accelerate, which in turn led to more roya. In 2014, the outbreak continued with high prevalence of both fungus spores and damage in coffee plant leaves. Fungus sporulation increased, as did dispersion of the spores on infected coffee leaves.<\/span><\/p>\n<p class=\"p1\"><span class=\"s1\">There currently exists high prevalence of both damage from previous infections and climate conditions favorable to a new outbreak of la roya in 2015. This makes appropriate prevention and control measures with systemic fungicides and good technical management of coffee fields (fertilization, modifications, pruning, weeding, etc.) all the more important. (Editorial note: Entremundos does not endorse the use of non-organic methods.)<\/span><\/p>\n<p class=\"p1\"><span class=\"s1\">It will be necessary to adjust coffee-growing methods, and to expand the predominant shade-growing system that uses trees to shade coffee plants. This method enables a better adaptation to climate change so that Guatemala can continue to produce its coffee of world-renowned quality.<\/span><\/p>\n","protected":false},"excerpt":{"rendered":"<p>Cover photo: Jairo Cajina By Dr. Francisco Anzueto Rodriguez, researcher with ANACAFE (National Coffe Association) \u201cLa roya,\u201d a fungus that attacks coffee plants, arrived in Central America in 1976 and caused relatively few losses during its first three decades in the region. But since 2010, it has become a severe and growing problem and recent [&hellip;]<\/p>\n","protected":false},"author":1,"featured_media":1583,"comment_status":"closed","ping_status":"open","sticky":false,"template":"","format":"standard","meta":{"_exactmetrics_skip_tracking":false,"_exactmetrics_sitenote_active":false,"_exactmetrics_sitenote_note":"","_exactmetrics_sitenote_category":0,"jetpack_post_was_ever_published":false,"_jetpack_newsletter_access":"","_jetpack_dont_email_post_to_subs":false,"_jetpack_newsletter_tier_id":0,"_jetpack_memberships_contains_paywalled_content":false,"_jetpack_memberships_contains_paid_content":false,"footnotes":""},"categories":[418,410,415,413,457],"tags":[],"class_list":["post-2403","post","type-post","status-publish","format-standard","has-post-thumbnail","hentry","category-climate-change","category-economy","category-environment","category-food-security","category-migration-en"],"jetpack_featured_media_url":"https:\/\/i0.wp.com\/www.entremundos.org\/revista\/wp-content\/uploads\/2015\/05\/roya-afectaciones-a-produccion-de-cafe.jpg?fit=500%2C309&ssl=1","jetpack_shortlink":"https:\/\/wp.me\/p7ljt7-CL","jetpack-related-posts":[{"id":2597,"url":"https:\/\/www.entremundos.org\/revista\/culture\/the-enormous-waterfalls-of-san-marcos\/?lang=en","url_meta":{"origin":2403,"position":0},"title":"The enormous hidden waterfalls of San Marcos","author":"EntreMundos","date":"27 abril, 2016","format":false,"excerpt":"A community ecotourism adventure. By Yessika Calder\u00f3n - Travel & Health Guatemala Too much of Guatemala\u2019s natural beauty has remained hidden from its citizens and the world. Fortunately, intrepid Guatemalan and foreign travelers have been helping to rediscover the country\u2019s beautiful places, many of which have been preserved for thousands\u2026","rel":"","context":"En \u00abCulture\u00bb","block_context":{"text":"Culture","link":"https:\/\/www.entremundos.org\/revista\/category\/culture\/?lang=en"},"img":{"alt_text":"","src":"https:\/\/i0.wp.com\/www.entremundos.org\/revista\/wp-content\/uploads\/2016\/04\/cataratasi.png?fit=921%2C617&ssl=1&resize=350%2C200","width":350,"height":200,"srcset":"https:\/\/i0.wp.com\/www.entremundos.org\/revista\/wp-content\/uploads\/2016\/04\/cataratasi.png?fit=921%2C617&ssl=1&resize=350%2C200 1x, https:\/\/i0.wp.com\/www.entremundos.org\/revista\/wp-content\/uploads\/2016\/04\/cataratasi.png?fit=921%2C617&ssl=1&resize=525%2C300 1.5x, https:\/\/i0.wp.com\/www.entremundos.org\/revista\/wp-content\/uploads\/2016\/04\/cataratasi.png?fit=921%2C617&ssl=1&resize=700%2C400 2x"},"classes":[]},{"id":2386,"url":"https:\/\/www.entremundos.org\/revista\/environment\/drought-canicula-and-climate-change-in-guatemala\/?lang=en","url_meta":{"origin":2403,"position":1},"title":"Drought, Can\u00edcula and Climate Change in Guatemala","author":"EntreMundos","date":"9 marzo, 2016","format":false,"excerpt":"Cover Photo: CONRED By Paris Rivera,\u00a0Climatologist, INSIVUMEH (National Institute for Seismology, Volcanology, Meteorology, and Hydrology) Guatemala usually experiences drought when the temperature of the Pacific Ocean is warmer than normal, a phenomenon known as El Ni\u00f1o. When oceanic-atmospheric conditions favor El Ni\u00f1o, drought and extended can\u00edculas are possible. This occurs\u2026","rel":"","context":"En \u00abClimate Change\u00bb","block_context":{"text":"Climate Change","link":"https:\/\/www.entremundos.org\/revista\/category\/environment\/climate-change\/?lang=en"},"img":{"alt_text":"","src":"https:\/\/i0.wp.com\/www.entremundos.org\/revista\/wp-content\/uploads\/2015\/05\/14889992627_d5edcf33a9_o.jpg?fit=1200%2C800&ssl=1&resize=350%2C200","width":350,"height":200,"srcset":"https:\/\/i0.wp.com\/www.entremundos.org\/revista\/wp-content\/uploads\/2015\/05\/14889992627_d5edcf33a9_o.jpg?fit=1200%2C800&ssl=1&resize=350%2C200 1x, https:\/\/i0.wp.com\/www.entremundos.org\/revista\/wp-content\/uploads\/2015\/05\/14889992627_d5edcf33a9_o.jpg?fit=1200%2C800&ssl=1&resize=525%2C300 1.5x, https:\/\/i0.wp.com\/www.entremundos.org\/revista\/wp-content\/uploads\/2015\/05\/14889992627_d5edcf33a9_o.jpg?fit=1200%2C800&ssl=1&resize=700%2C400 2x, https:\/\/i0.wp.com\/www.entremundos.org\/revista\/wp-content\/uploads\/2015\/05\/14889992627_d5edcf33a9_o.jpg?fit=1200%2C800&ssl=1&resize=1050%2C600 3x"},"classes":[]},{"id":1795,"url":"https:\/\/www.entremundos.org\/revista\/economy\/water-and-climate-change-in-guatemala-according-to-the-experts\/?lang=en","url_meta":{"origin":2403,"position":2},"title":"Water and Climate Change in Guatemala According to the Experts","author":"EntreMundos","date":"16 marzo, 2016","format":false,"excerpt":"(Excerpts from the edition Climate Change, 2015) By\u00a0Dr. Edwin Castellanos\u00a0Co-Director, Center for Environmental Studies and Biodiversity -\u00a0Universidad del Valle de Guatemala.\u00a0Lead Author of the UN IPCC\u2019s Fifth Assessment Report on Climate Change; and\u00a0Paris Rivera,\u00a0Climatologist \u2013 INSIVUMEH\u00a0(National Institute of Seismology, Volcanology, Meteorology, and Hydrology). Dr. Edwin Castellanos: Climate change will be\u2026","rel":"","context":"En \u00abAlternative Economy\u00bb","block_context":{"text":"Alternative Economy","link":"https:\/\/www.entremundos.org\/revista\/category\/economy\/alternative-economy\/?lang=en"},"img":{"alt_text":"","src":"https:\/\/i0.wp.com\/www.entremundos.org\/revista\/wp-content\/uploads\/2015\/05\/14889849049_2ff32c4bb0_o.jpg?fit=1200%2C800&ssl=1&resize=350%2C200","width":350,"height":200,"srcset":"https:\/\/i0.wp.com\/www.entremundos.org\/revista\/wp-content\/uploads\/2015\/05\/14889849049_2ff32c4bb0_o.jpg?fit=1200%2C800&ssl=1&resize=350%2C200 1x, https:\/\/i0.wp.com\/www.entremundos.org\/revista\/wp-content\/uploads\/2015\/05\/14889849049_2ff32c4bb0_o.jpg?fit=1200%2C800&ssl=1&resize=525%2C300 1.5x, https:\/\/i0.wp.com\/www.entremundos.org\/revista\/wp-content\/uploads\/2015\/05\/14889849049_2ff32c4bb0_o.jpg?fit=1200%2C800&ssl=1&resize=700%2C400 2x, https:\/\/i0.wp.com\/www.entremundos.org\/revista\/wp-content\/uploads\/2015\/05\/14889849049_2ff32c4bb0_o.jpg?fit=1200%2C800&ssl=1&resize=1050%2C600 3x"},"classes":[]},{"id":3533,"url":"https:\/\/www.entremundos.org\/revista\/uncategorized\/climate-change-induced-hunger-is-pushing-migration-to-the-us\/?lang=en","url_meta":{"origin":2403,"position":3},"title":"Hunger caused by climate change is driving migration to the US","author":"EntreMundos","date":"14 octubre, 2017","format":false,"excerpt":"In 2010, US law enforcement arrested around 50,000 undocumented migrants at the border with Mexico. In 2016, the number was over 400,000, among them 75,000 Guatemalans. The recent increase of migration to the US is driven in large part by hunger caused by drought and other effects of climate change,\u2026","rel":"","context":"En \u00abClimate Change\u00bb","block_context":{"text":"Climate Change","link":"https:\/\/www.entremundos.org\/revista\/category\/environment\/climate-change\/?lang=en"},"img":{"alt_text":"","src":"https:\/\/i0.wp.com\/www.entremundos.org\/revista\/wp-content\/uploads\/2017\/10\/emccconred.jpg?fit=1200%2C800&ssl=1&resize=350%2C200","width":350,"height":200,"srcset":"https:\/\/i0.wp.com\/www.entremundos.org\/revista\/wp-content\/uploads\/2017\/10\/emccconred.jpg?fit=1200%2C800&ssl=1&resize=350%2C200 1x, https:\/\/i0.wp.com\/www.entremundos.org\/revista\/wp-content\/uploads\/2017\/10\/emccconred.jpg?fit=1200%2C800&ssl=1&resize=525%2C300 1.5x, https:\/\/i0.wp.com\/www.entremundos.org\/revista\/wp-content\/uploads\/2017\/10\/emccconred.jpg?fit=1200%2C800&ssl=1&resize=700%2C400 2x, https:\/\/i0.wp.com\/www.entremundos.org\/revista\/wp-content\/uploads\/2017\/10\/emccconred.jpg?fit=1200%2C800&ssl=1&resize=1050%2C600 3x"},"classes":[]},{"id":1810,"url":"https:\/\/www.entremundos.org\/revista\/economy\/organized-bean-by-bean\/?lang=en","url_meta":{"origin":2403,"position":4},"title":"Xela&#8217;s Caf\u00e9 Armon\u00eda: An ethical business model","author":"EntreMundos","date":"10 marzo, 2016","format":false,"excerpt":"By Patricia Mac\u00edas L\u00f3pez -\u00a0Entremundos Correspondent It\u2019s harder than you\u2019d think to enjoy a cup of organic and fair-trade coffee in Guatemala. The majority of the coffee produced here is exported, and grown on large plantations owned by very few and worked by many in abysmal labor conditions. It\u2019s difficult\u2026","rel":"","context":"En \u00abAlternative Economy\u00bb","block_context":{"text":"Alternative Economy","link":"https:\/\/www.entremundos.org\/revista\/category\/economy\/alternative-economy\/?lang=en"},"img":{"alt_text":"","src":"https:\/\/i0.wp.com\/www.entremundos.org\/revista\/wp-content\/uploads\/2015\/03\/img_7102-copia.jpg?fit=1200%2C800&ssl=1&resize=350%2C200","width":350,"height":200,"srcset":"https:\/\/i0.wp.com\/www.entremundos.org\/revista\/wp-content\/uploads\/2015\/03\/img_7102-copia.jpg?fit=1200%2C800&ssl=1&resize=350%2C200 1x, https:\/\/i0.wp.com\/www.entremundos.org\/revista\/wp-content\/uploads\/2015\/03\/img_7102-copia.jpg?fit=1200%2C800&ssl=1&resize=525%2C300 1.5x, https:\/\/i0.wp.com\/www.entremundos.org\/revista\/wp-content\/uploads\/2015\/03\/img_7102-copia.jpg?fit=1200%2C800&ssl=1&resize=700%2C400 2x, https:\/\/i0.wp.com\/www.entremundos.org\/revista\/wp-content\/uploads\/2015\/03\/img_7102-copia.jpg?fit=1200%2C800&ssl=1&resize=1050%2C600 3x"},"classes":[]},{"id":4074,"url":"https:\/\/www.entremundos.org\/revista\/politics\/another-activist-is-murdered-in-guatemala-luis-marroquin-codeca-regional-coordinator\/?lang=en","url_meta":{"origin":2403,"position":5},"title":"Another activist is murdered in Guatemala: Luis Marroqu\u00edn &#8211; Codeca regional coordinator","author":"EntreMundos","date":"10 mayo, 2018","format":false,"excerpt":"Luis Marroqu\u00edn was murdered on May 9 in San Luis Jilotepeque, Jalapa, Guatemala. He was the regional coordinator for Guatemala's eastern region of the Committee for Campesino Development (Codeca), a national grassroots organization. The image above reads: \"Luis Arturo Marroqu\u00edn, a Codeca human rights defender, was murdered. Onward to victory\u2026","rel":"","context":"En \u00abFrontPage\u00bb","block_context":{"text":"FrontPage","link":"https:\/\/www.entremundos.org\/revista\/category\/frontpage-en\/?lang=en"},"img":{"alt_text":"","src":"https:\/\/i0.wp.com\/www.entremundos.org\/revista\/wp-content\/uploads\/2018\/05\/img-20180509-wa0000.jpg?fit=1144%2C1144&ssl=1&resize=350%2C200","width":350,"height":200,"srcset":"https:\/\/i0.wp.com\/www.entremundos.org\/revista\/wp-content\/uploads\/2018\/05\/img-20180509-wa0000.jpg?fit=1144%2C1144&ssl=1&resize=350%2C200 1x, https:\/\/i0.wp.com\/www.entremundos.org\/revista\/wp-content\/uploads\/2018\/05\/img-20180509-wa0000.jpg?fit=1144%2C1144&ssl=1&resize=525%2C300 1.5x, https:\/\/i0.wp.com\/www.entremundos.org\/revista\/wp-content\/uploads\/2018\/05\/img-20180509-wa0000.jpg?fit=1144%2C1144&ssl=1&resize=700%2C400 2x, https:\/\/i0.wp.com\/www.entremundos.org\/revista\/wp-content\/uploads\/2018\/05\/img-20180509-wa0000.jpg?fit=1144%2C1144&ssl=1&resize=1050%2C600 3x"},"classes":[]}],"jetpack_sharing_enabled":true,"_links":{"self":[{"href":"https:\/\/www.entremundos.org\/revista\/wp-json\/wp\/v2\/posts\/2403","targetHints":{"allow":["GET"]}}],"collection":[{"href":"https:\/\/www.entremundos.org\/revista\/wp-json\/wp\/v2\/posts"}],"about":[{"href":"https:\/\/www.entremundos.org\/revista\/wp-json\/wp\/v2\/types\/post"}],"author":[{"embeddable":true,"href":"https:\/\/www.entremundos.org\/revista\/wp-json\/wp\/v2\/users\/1"}],"replies":[{"embeddable":true,"href":"https:\/\/www.entremundos.org\/revista\/wp-json\/wp\/v2\/comments?post=2403"}],"version-history":[{"count":1,"href":"https:\/\/www.entremundos.org\/revista\/wp-json\/wp\/v2\/posts\/2403\/revisions"}],"predecessor-version":[{"id":2404,"href":"https:\/\/www.entremundos.org\/revista\/wp-json\/wp\/v2\/posts\/2403\/revisions\/2404"}],"wp:featuredmedia":[{"embeddable":true,"href":"https:\/\/www.entremundos.org\/revista\/wp-json\/wp\/v2\/media\/1583"}],"wp:attachment":[{"href":"https:\/\/www.entremundos.org\/revista\/wp-json\/wp\/v2\/media?parent=2403"}],"wp:term":[{"taxonomy":"category","embeddable":true,"href":"https:\/\/www.entremundos.org\/revista\/wp-json\/wp\/v2\/categories?post=2403"},{"taxonomy":"post_tag","embeddable":true,"href":"https:\/\/www.entremundos.org\/revista\/wp-json\/wp\/v2\/tags?post=2403"}],"curies":[{"name":"wp","href":"https:\/\/api.w.org\/{rel}","templated":true}]}}