{"id":2753,"date":"2016-06-20T05:53:27","date_gmt":"2016-06-20T13:53:27","guid":{"rendered":"http:\/\/www.entremundos.org\/revista\/?p=2753"},"modified":"2016-06-20T05:53:27","modified_gmt":"2016-06-20T13:53:27","slug":"incendios-provocados-por-los-narcos-amenazan-bosques-virgenes-y-maravillas-arqueologicas","status":"publish","type":"post","link":"https:\/\/www.entremundos.org\/revista\/medio-ambiente\/incendios-provocados-por-los-narcos-amenazan-bosques-virgenes-y-maravillas-arqueologicas\/","title":{"rendered":"Incendios provocados por los narcos amenazan bosques v\u00edrgenes y maravillas arqueol\u00f3gicas"},"content":{"rendered":"<p>Los incendios forestales han arrasado al menos 80 kil\u00f3metros cuadrados en la reserva natural de Pet\u00e9n hasta que las lluvias del 4 y 5 de junio los apagaron. El gobierno guatemalteco declar\u00f3 el estado de emergencia para luchar contra los fuegos.<\/p>\n<p>El ministro guatemalteco de Ambiente y recursos naturales dijo, \u201cla mano del hombre caus\u00f3\u201d los incendios y culp\u00f3 a \u201cgrupos insidiosos\u201d por el desastre en el \u00e1rea protegida de la Reserva de la Biosfera Maya.<\/p>\n<p>Alma Polanco, jefa de del Consejo Nacional de \u00c1reas Protegidas de Pet\u00e9n, culpo a <a href=\"http:\/\/www.efeverde.com\/noticias\/narcotrafico-detras-los-incendios-amenazan-reserva-biosfera-maya\/\" target=\"_blank\">organizaciones de narcotr\u00e1fico por los fuegos<\/a>. Explic\u00f3 que los \u201cnarcoganaderos\u201d empezaron los fuegos para aclarar tierras en \u00e1reas protegidas y crear l\u00edneas de transporte para env\u00edos de droga, zonas de pastoreo para el ganado y limpiar terreno para plantaciones de palma africana, las cuales son cada vez m\u00e1s frecuentes y rentables para ser usadas para el lavado de dinero.<\/p>\n<p>Polanco a\u00f1adi\u00f3, \u201cSi no paramos esto, en los pr\u00f3ximos a\u00f1os no quedar\u00e1\u00a0nada de la Reserva.\u201d<\/p>\n<p>Los 6 millones de acres de la Reserva de la Biosfera Maya est\u00e1n llenos de ciudades ancestrales. Hasta hace poco, el consenso antropol\u00f3gico manten\u00eda que las ciudad el \u00e1rea de Tikal del 600 d.C fueron fundadas por inmigrantes de M\u00e9xico Central, ya que no exist\u00edan asentamientos anteriores a esa fecha. Pero m\u00e1s tarde, la excavaci\u00f3n de El Mirador en el norte de Guatemala casi en la frontera con M\u00e9xico, descubr\u00eda una ciudad maya enorme, que incluye un templo mucho m\u00e1s grande que cualquiera de las estructuras de la famosa Tikal. La ciudad de El Mirador data de antes del 500 a..C, cuando m\u00e1s de un mill\u00f3n de personas poblaban el\u00a0\u00e1rea.<\/p>\n<p><a href=\"http:\/\/www.entremundos.org\/revista\/economia\/seguridad-alimentaria\/crisis-global-de-agua-un-futuro-de-escasez\/\" target=\"_blank\">La ganader\u00eda, especialmente de reses<\/a>, es la causa principal del aumento de precios de comida, cambio clim\u00e1tico y deforestaci\u00f3n en Guatemala y a nivel mundial. Ganader\u00eda que aumenta su actividad gracias al inter\u00e9s de las organizaciones de narcotr\u00e1fico.<\/p>\n<figure id=\"attachment_2747\" aria-describedby=\"caption-attachment-2747\" style=\"width: 940px\" class=\"wp-caption aligncenter\"><a href=\"https:\/\/i0.wp.com\/www.entremundos.org\/revista\/wp-content\/uploads\/2016\/06\/whatsapp-image-20160605_4.jpeg\"><img data-recalc-dims=\"1\" loading=\"lazy\" decoding=\"async\" class=\"size-full wp-image-2747\" src=\"https:\/\/i0.wp.com\/www.entremundos.org\/revista\/wp-content\/uploads\/2016\/06\/whatsapp-image-20160605_4.jpeg?resize=640%2C427\" alt=\"Focos activos durante los \u00faltimos incendios. Foto: CONAP\" width=\"640\" height=\"427\" srcset=\"https:\/\/i0.wp.com\/www.entremundos.org\/revista\/wp-content\/uploads\/2016\/06\/whatsapp-image-20160605_4.jpeg?w=940&amp;ssl=1 940w, https:\/\/i0.wp.com\/www.entremundos.org\/revista\/wp-content\/uploads\/2016\/06\/whatsapp-image-20160605_4.jpeg?resize=300%2C200&amp;ssl=1 300w, https:\/\/i0.wp.com\/www.entremundos.org\/revista\/wp-content\/uploads\/2016\/06\/whatsapp-image-20160605_4.jpeg?resize=768%2C512&amp;ssl=1 768w, https:\/\/i0.wp.com\/www.entremundos.org\/revista\/wp-content\/uploads\/2016\/06\/whatsapp-image-20160605_4.jpeg?resize=335%2C223&amp;ssl=1 335w\" sizes=\"auto, (max-width: 640px) 100vw, 640px\" \/><\/a><figcaption id=\"caption-attachment-2747\" class=\"wp-caption-text\">Focos activos durante los \u00faltimos incendios. Foto: CONAP<\/figcaption><\/figure>\n<p>Para llegar all\u00ed, la mayor\u00eda de los visitantes caminan por dos o tres d\u00edas desde Carmelita, la \u00faltima poblaci\u00f3n antes de continuar el viaje a El Mirador. Cada noche acampan al lado de docenas de diferentes ciudades antiguas maya que ocupan todo la cuenca de El Mirador , que cubre un \u00e1rea de m\u00e1s de 2000 kil\u00f3metros cuadrados, La cuenca es el hogar de cinco tipos diferentes de bosque tropical, mientras que en el \u00e1rea de Tikal encontramos solo dos.<\/p>\n<p>Muchas de estas ciudades antiguas que a\u00fan esta por excavar <a href=\"http:\/\/www.soy502.com\/articulo\/depredacion-forestal-amenaza-mirador\" target=\"_blank\">est\u00e1n en riesgo permanente de ser da\u00f1adas por los fuegos<\/a>. A pesar de la condici\u00f3n de ser el m\u00e1s grande y \u00fanico bosque intacto en Centro Am\u00e9rica, su incre\u00edble diversidad que incluye m\u00e1s de 180 especies diferentes de aves, especies en peligro de extinci\u00f3n como el jaguar y las incre\u00edbles maravillas arqueol\u00f3gicas, los fuegos provocados por el hombre son tan comunes como estas maravillas por Pet\u00e9n. Richard Hansen, el arque\u00f3logo jefe de El Mirador dijo que <a href=\"http:\/\/www.soy502.com\/articulo\/depredacion-forestal-amenaza-mirador\" target=\"_blank\">datos satelitales muestran<\/a> que la Pen\u00ednsula del Yucat\u00e1n pierde 500 kil\u00f3metros cuadrados de selva virgen cada a\u00f1o y que la cuenca del El Mirador esta en peligro.<\/p>\n<p>Solo en los primeros cincos meses de 2016, El Sistema de Prevenci\u00f3n y Control de Fuegos de Guatemala <a href=\"http:\/\/www.soy502.com\/articulo\/alerta-peten-incendios-forestales-71746\" target=\"_blank\">registr\u00f3 116 incendios <\/a>en Pet\u00e9n.<\/p>\n<figure id=\"attachment_2754\" aria-describedby=\"caption-attachment-2754\" style=\"width: 940px\" class=\"wp-caption aligncenter\"><a href=\"https:\/\/i0.wp.com\/www.entremundos.org\/revista\/wp-content\/uploads\/2016\/06\/incendio2.jpeg\"><img data-recalc-dims=\"1\" loading=\"lazy\" decoding=\"async\" class=\"size-full wp-image-2754\" src=\"https:\/\/i0.wp.com\/www.entremundos.org\/revista\/wp-content\/uploads\/2016\/06\/incendio2.jpeg?resize=640%2C427\" alt=\"Incendio activo en Pet\u00e9n. Foto: CONAP\" width=\"640\" height=\"427\" srcset=\"https:\/\/i0.wp.com\/www.entremundos.org\/revista\/wp-content\/uploads\/2016\/06\/incendio2.jpeg?w=940&amp;ssl=1 940w, https:\/\/i0.wp.com\/www.entremundos.org\/revista\/wp-content\/uploads\/2016\/06\/incendio2.jpeg?resize=300%2C200&amp;ssl=1 300w, https:\/\/i0.wp.com\/www.entremundos.org\/revista\/wp-content\/uploads\/2016\/06\/incendio2.jpeg?resize=768%2C512&amp;ssl=1 768w, https:\/\/i0.wp.com\/www.entremundos.org\/revista\/wp-content\/uploads\/2016\/06\/incendio2.jpeg?resize=335%2C223&amp;ssl=1 335w\" sizes=\"auto, (max-width: 640px) 100vw, 640px\" \/><\/a><figcaption id=\"caption-attachment-2754\" class=\"wp-caption-text\">Incendio activo en Pet\u00e9n. Foto: CONAP<\/figcaption><\/figure>\n<p>Tom\u00e1s Barrientos, arque\u00f3logo excavando un sitio al sureste de Pet\u00e9n llamado \u201cLa Corona\u201d explic\u00f3 que, \u201cse est\u00e1n aprovechando\u201d de la larga temporada sin lluvias, un s\u00edntoma de cambio clim\u00e1tico, \u201cpara quemar los bosques e invadirlos\u2026estos son m\u00e9todos de intimidaci\u00f3n de invasores ilegales.\u201d<\/p>\n<p>En la p\u00e1gina de Facebook del proyecto arqueol\u00f3gico de La Corona <a href=\"https:\/\/www.facebook.com\/pralc\/\" target=\"_blank\">publicaron una sentida s\u00faplica<\/a> en respuesta a los \u00faltimos incendios:<\/p>\n<p><em>Los arque\u00f3logos de las tierras bajas maya, somos privilegiados por trabajar en uno de los lugares m\u00e1s maravillosos del mundo. Las junglas del norte de Pet\u00e9n en Guatemala est\u00e1n llenas de sorpresas, belleza y asombro. Cada a\u00f1o, es un placer trabajar aqu\u00ed a pesar de los muchos inconvenientes y dificultades.<\/em><\/p>\n<p><em>Este privilegio trae consigo un gran coste. Trabajando aqu\u00ed somos ,de una manera u otra, responsables de su conservaci\u00f3n. Quiz\u00e1 dentro de las situaciones m\u00e1s complicadas que he afrontado (f\u00edsicamente, mentalmente e incluso emocionalmente) aqu\u00ed ha sido el trabajar y monitorear las cinco l\u00edneas de fuego que amenazaban el oeste de La Corona. Estas l\u00edneas son brechas realizadas por los trabajadores de WCS, CONAP, el ej\u00e9rcito de Guatemala y nuestro peque\u00f1o equipo arqueol\u00f3gico en respuesta a los incendios provocados que suceden muy a menudo cada a\u00f1o al oeste de nuestro sitio. Estos esfuerzos defensivos son extraordinarios y todos los que los coordinan y se encaminan dentro de la jungla para crear estas brechas son eco-h\u00e9roes. Les debemos nuestros bosques.<\/em><\/p>\n<p><em>Ayer, inspeccion\u00e9 una de estas l\u00edneas y, como siempre, mi coraz\u00f3n se estremeci\u00f3 y llor\u00f3 ante la devastaci\u00f3n que estas l\u00edneas defensivas han provocado en esta jungla inmaculada. En mis 10 a\u00f1os de trabajo en La Corona, casi cada a\u00f1o hemos luchado contra las llamas amenazantes. Y cada a\u00f1o, duele ver las cenizas, sentir el calor y oler el bosque quemado. Se siente como me imagino que el infierno es.<\/em><\/p>\n<p><em>Hacemos muchas cosas importante como arque\u00f3logos; pero considero que mi colaboraci\u00f3n con los compa\u00f1eros de WCS, CONAP y el ejercito de Guatemala para resistir y mantener estas l\u00edneas defensivas es una de mis responsabilidades m\u00e1s importantes. Estoy feliz de poder formar una peque\u00f1a parte de este esfuerzo.<\/em><\/p>\n<p><em>Mi excursi\u00f3n ayer para visitar las l\u00edneas me sirvi\u00f3 como recordatorio de que si queremos tener un Pet\u00e9n para nuestros hijos, los estudiantes, el clima, este esfuerzo no puede fallar.<\/em><\/p>\n<p>Un art\u00edculo de 2014 \u201c<a href=\"http:\/\/www.esf.edu\/efb\/gibbs\/efb413\/Science-2014-McSweeney-489-90.pdf\" target=\"_blank\">Pol\u00edtica de drogas como pol\u00edtica de conservaci\u00f3n\u201d<\/a> en la revista <em>Ciencia<\/em> explica como los c\u00e1rteles mexicanos cada vez m\u00e1s reciben cargamentos de coca\u00edna directamente en Guatemala y Honduras, debido a sus \u201cfronteras porosas, a la corrupci\u00f3n, y la d\u00e9biles instituciones p\u00fablicas.\u201d En el este de Honduras y Pet\u00e9n en Guatemala, \u201c Una cantidad sin precedente de coca\u00edna se mueve en la regi\u00f3n coincidiendo con un periodo extensivo de p\u00e9rdida de bosques.\u201d En algunas partes de la Reserva de la Biosfera Maya, el incremento de la actividad del narcotr\u00e1fico ha provocado una p\u00e9rdida anual de bosques del 10%.<\/p>\n<figure id=\"attachment_2751\" aria-describedby=\"caption-attachment-2751\" style=\"width: 940px\" class=\"wp-caption aligncenter\"><a href=\"https:\/\/i0.wp.com\/www.entremundos.org\/revista\/wp-content\/uploads\/2016\/06\/incendio3.jpeg\"><img data-recalc-dims=\"1\" loading=\"lazy\" decoding=\"async\" class=\"size-full wp-image-2751\" src=\"https:\/\/i0.wp.com\/www.entremundos.org\/revista\/wp-content\/uploads\/2016\/06\/incendio3.jpeg?resize=640%2C427\" alt=\"Imagen de incendio activo en Pet\u00e9n en mayo de 2016. Foto: CONAP\" width=\"640\" height=\"427\" srcset=\"https:\/\/i0.wp.com\/www.entremundos.org\/revista\/wp-content\/uploads\/2016\/06\/incendio3.jpeg?w=940&amp;ssl=1 940w, https:\/\/i0.wp.com\/www.entremundos.org\/revista\/wp-content\/uploads\/2016\/06\/incendio3.jpeg?resize=300%2C200&amp;ssl=1 300w, https:\/\/i0.wp.com\/www.entremundos.org\/revista\/wp-content\/uploads\/2016\/06\/incendio3.jpeg?resize=768%2C512&amp;ssl=1 768w, https:\/\/i0.wp.com\/www.entremundos.org\/revista\/wp-content\/uploads\/2016\/06\/incendio3.jpeg?resize=335%2C223&amp;ssl=1 335w\" sizes=\"auto, (max-width: 640px) 100vw, 640px\" \/><\/a><figcaption id=\"caption-attachment-2751\" class=\"wp-caption-text\">Imagen de incendio activo en Pet\u00e9n en mayo de 2016. Foto: CONAP<\/figcaption><\/figure>\n<p>\u201cPropietarios locales, productores de palma africana, especuladores de tierra y traficantes de madera se han involucrado en el tr\u00e1fico de drogas, son narco-capitalistas que incentivan y aumentan cada vez m\u00e1s sus actividades.\u201d Grupos ind\u00edgenas y campesinos con peticiones y derechos leg\u00edtimos a la tierra en \u00e1reas protegidas denuncian \u201cno tener poder frente a los sobornos, el fraude de propiedad y la brutalidad utilizada para despojarlos de sus tierras.\u201d Mientras, las organizaciones de narcotr\u00e1fico tienen \u201cnuevos y poderosos incentivos\u201d para intentar aclarar y ocupar tantas tierras estrat\u00e9gicas como puedan: pueden lavar dinero a trav\u00e9s de la ganader\u00eda y el cultivo de palma africana a la vez que mantienen estos bienes alejados de competidores.<\/p>\n<p>Este art\u00edculo ha usado investigaciones del informe de 2013 de la Organizaci\u00f3n de Estados Americanos titulado <a href=\"http:\/\/www.oas.org\/documents\/eng\/press\/Introduction_and_Analytical_Report.pdf\" target=\"_blank\">\u201cEl problema de las drogas en las Americas.\u201d<\/a><\/p>\n<p>&nbsp;<\/p>\n<p>&nbsp;<\/p>\n<p>&nbsp;<\/p>\n<p>&nbsp;<\/p>\n<p>&nbsp;<\/p>\n<p>&nbsp;<\/p>\n<p>&nbsp;<\/p>\n","protected":false},"excerpt":{"rendered":"<p>Los incendios forestales han arrasado al menos 80 kil\u00f3metros cuadrados en la reserva natural de Pet\u00e9n hasta que las lluvias del 4 y 5 de junio los apagaron. El gobierno guatemalteco declar\u00f3 el estado de emergencia para luchar contra los fuegos. El ministro guatemalteco de Ambiente y recursos naturales dijo, \u201cla mano del hombre caus\u00f3\u201d [&hellip;]<\/p>\n","protected":false},"author":1,"featured_media":2745,"comment_status":"closed","ping_status":"closed","sticky":false,"template":"","format":"standard","meta":{"_exactmetrics_skip_tracking":false,"_exactmetrics_sitenote_active":false,"_exactmetrics_sitenote_note":"","_exactmetrics_sitenote_category":0,"jetpack_post_was_ever_published":false,"_jetpack_newsletter_access":"","_jetpack_dont_email_post_to_subs":false,"_jetpack_newsletter_tier_id":0,"_jetpack_memberships_contains_paywalled_content":false,"_jetpack_memberships_contains_paid_content":false,"footnotes":""},"categories":[396,407,452,384,399],"tags":[621,618,63,65,614,620,94,619,616,617,615,622],"class_list":["post-2753","post","type-post","status-publish","format-standard","has-post-thumbnail","hentry","category-bosques","category-corrupcion","category-frontpage","category-medio-ambiente","category-megaproyectos","tag-el-mirador","tag-fuego","tag-ganaderia","tag-guatemala","tag-incendios","tag-mayas","tag-monocultivos","tag-narcotrafico","tag-reserva","tag-reserva-biosfera-maya","tag-selva","tag-tikal"],"jetpack_featured_media_url":"https:\/\/i0.wp.com\/www.entremundos.org\/revista\/wp-content\/uploads\/2016\/06\/incendio.jpg?fit=777%2C472&ssl=1","jetpack_shortlink":"https:\/\/wp.me\/p7ljt7-Ip","jetpack-related-posts":[{"id":10580,"url":"https:\/\/www.entremundos.org\/revista\/politica\/desalojos-aumentan-durante-el-gobierno-de-alejandro-giammattei\/","url_meta":{"origin":2753,"position":0},"title":"Desalojos aumentan durante el gobierno de Alejandro Giammattei","author":"EntreMundos","date":"8 marzo, 2023","format":false,"excerpt":"Por Gilberto Escobar\u00a0 En Guatemala, durante los \u00faltimos a\u00f1os, los desalojos han ido en aumento y se han dado en dos modalidades: los desalojos legales que tienen una orden judicial y los extrajudiciales, los que\u00a0 no van acompa\u00f1ados de ninguna orden de un juez y que ocurren\u00a0 en horas de\u2026","rel":"","context":"En \u00abBosques\u00bb","block_context":{"text":"Bosques","link":"https:\/\/www.entremundos.org\/revista\/category\/medio-ambiente\/bosques\/"},"img":{"alt_text":"","src":"https:\/\/i0.wp.com\/www.entremundos.org\/revista\/wp-content\/uploads\/2023\/03\/portada.jpg?fit=1024%2C768&ssl=1&resize=350%2C200","width":350,"height":200,"srcset":"https:\/\/i0.wp.com\/www.entremundos.org\/revista\/wp-content\/uploads\/2023\/03\/portada.jpg?fit=1024%2C768&ssl=1&resize=350%2C200 1x, https:\/\/i0.wp.com\/www.entremundos.org\/revista\/wp-content\/uploads\/2023\/03\/portada.jpg?fit=1024%2C768&ssl=1&resize=525%2C300 1.5x, https:\/\/i0.wp.com\/www.entremundos.org\/revista\/wp-content\/uploads\/2023\/03\/portada.jpg?fit=1024%2C768&ssl=1&resize=700%2C400 2x"},"classes":[]},{"id":11083,"url":"https:\/\/www.entremundos.org\/revista\/medio-ambiente\/sin-abejas-no-hay-vida\/","url_meta":{"origin":2753,"position":1},"title":"Sin abejas no hay vida","author":"EntreMundos","date":"20 julio, 2023","format":false,"excerpt":"Ma\u00edz de Vida\u00a0 \u00bfSab\u00edas que a nivel global existen m\u00e1s de 20 mil especies de abejas? Su vida es fundamental para los ecosistemas y la producci\u00f3n de alimentos. Sab\u00edas que una abeja vive menos de 40 d\u00edas, visita al menos 1000 flores y produce menos de una cucharadita de miel,\u2026","rel":"","context":"En \u00abAccion Comunitaria\u00bb","block_context":{"text":"Accion Comunitaria","link":"https:\/\/www.entremundos.org\/revista\/category\/politica\/accion-comunitaria-3\/"},"img":{"alt_text":"","src":"https:\/\/i0.wp.com\/www.entremundos.org\/revista\/wp-content\/uploads\/2023\/07\/a6d4e38f-ec55-4772-bcd2-36fc346e048c-1.jpg?fit=901%2C1200&ssl=1&resize=350%2C200","width":350,"height":200,"srcset":"https:\/\/i0.wp.com\/www.entremundos.org\/revista\/wp-content\/uploads\/2023\/07\/a6d4e38f-ec55-4772-bcd2-36fc346e048c-1.jpg?fit=901%2C1200&ssl=1&resize=350%2C200 1x, https:\/\/i0.wp.com\/www.entremundos.org\/revista\/wp-content\/uploads\/2023\/07\/a6d4e38f-ec55-4772-bcd2-36fc346e048c-1.jpg?fit=901%2C1200&ssl=1&resize=525%2C300 1.5x, https:\/\/i0.wp.com\/www.entremundos.org\/revista\/wp-content\/uploads\/2023\/07\/a6d4e38f-ec55-4772-bcd2-36fc346e048c-1.jpg?fit=901%2C1200&ssl=1&resize=700%2C400 2x"},"classes":[]},{"id":13241,"url":"https:\/\/www.entremundos.org\/revista\/politica\/crimen-de-estado-primera-sentencia\/","url_meta":{"origin":2753,"position":2},"title":"Crimen De Estado: Primera Sentencia\u00a0","author":"EntreMundos","date":"17 septiembre, 2025","format":false,"excerpt":"Por Carolina Escobar Sarti Durante el gobierno de Jimmy Morales se cometi\u00f3 un crimen de Estado. Fue el 8 de marzo de 2017, cuando 56 ni\u00f1as y adolescentes fueron colocadas, por horas, en un aula de 7 x 6.8 metros donde no hab\u00eda ni siquiera un ba\u00f1o. Despu\u00e9s del desayuno\u2026","rel":"","context":"En \u00abFrontPage\u00bb","block_context":{"text":"FrontPage","link":"https:\/\/www.entremundos.org\/revista\/category\/frontpage\/"},"img":{"alt_text":"","src":"https:\/\/i0.wp.com\/www.entremundos.org\/revista\/wp-content\/uploads\/2025\/09\/img66.jpg?fit=960%2C1200&ssl=1&resize=350%2C200","width":350,"height":200,"srcset":"https:\/\/i0.wp.com\/www.entremundos.org\/revista\/wp-content\/uploads\/2025\/09\/img66.jpg?fit=960%2C1200&ssl=1&resize=350%2C200 1x, https:\/\/i0.wp.com\/www.entremundos.org\/revista\/wp-content\/uploads\/2025\/09\/img66.jpg?fit=960%2C1200&ssl=1&resize=525%2C300 1.5x, https:\/\/i0.wp.com\/www.entremundos.org\/revista\/wp-content\/uploads\/2025\/09\/img66.jpg?fit=960%2C1200&ssl=1&resize=700%2C400 2x"},"classes":[]},{"id":12859,"url":"https:\/\/www.entremundos.org\/revista\/politica\/mujeres-indigenas-y-rurales-en-defensa-del-territorio-frente-al-extractivismo-en-guatemala\/","url_meta":{"origin":2753,"position":3},"title":"Mujeres ind\u00edgenas y rurales en defensa del territorio frente al extractivismo en Guatemala","author":"EntreMundos","date":"21 mayo, 2025","format":false,"excerpt":"Por Asociadas Por lo Justo (JASS) Este es un resumen de un mapeo realizado por JASS, para compartir sus an\u00e1lisis, sus luchas y los impactos en sus vidas. El objetivo es contar las luchas por el territorio frente al extractivismo en Guatemala e identificar el papel y el impacto en\u2026","rel":"","context":"En \u00abFrontPage\u00bb","block_context":{"text":"FrontPage","link":"https:\/\/www.entremundos.org\/revista\/category\/frontpage\/"},"img":{"alt_text":"","src":"https:\/\/i0.wp.com\/www.entremundos.org\/revista\/wp-content\/uploads\/2025\/05\/2-scaled.png?fit=1200%2C843&ssl=1&resize=350%2C200","width":350,"height":200,"srcset":"https:\/\/i0.wp.com\/www.entremundos.org\/revista\/wp-content\/uploads\/2025\/05\/2-scaled.png?fit=1200%2C843&ssl=1&resize=350%2C200 1x, https:\/\/i0.wp.com\/www.entremundos.org\/revista\/wp-content\/uploads\/2025\/05\/2-scaled.png?fit=1200%2C843&ssl=1&resize=525%2C300 1.5x, https:\/\/i0.wp.com\/www.entremundos.org\/revista\/wp-content\/uploads\/2025\/05\/2-scaled.png?fit=1200%2C843&ssl=1&resize=700%2C400 2x, https:\/\/i0.wp.com\/www.entremundos.org\/revista\/wp-content\/uploads\/2025\/05\/2-scaled.png?fit=1200%2C843&ssl=1&resize=1050%2C600 3x"},"classes":[]},{"id":2743,"url":"https:\/\/www.entremundos.org\/revista\/environment\/forest-fires-set-by-drug-traffickers-threaten-guatemalas-virgin-forest-and-archaeological-wonders\/?lang=en","url_meta":{"origin":2753,"position":4},"title":"Forest fires set by drug traffickers threaten Guatemala\u2019s virgin forest and archaeological wonders","author":"EntreMundos","date":"20 junio, 2016","format":false,"excerpt":"Forest fires devastated at least 80 square kilometers of preserved forest in Pet\u00e9n before the rains of June 4th and 5th put most of them out. The Guatemalan government declared a state of emergency to battle the fires. Guatemala\u2019s Minister of Environment and Natural Resources said, \u201cthe hand of man\u2026","rel":"","context":"En \u00abCorruption\u00bb","block_context":{"text":"Corruption","link":"https:\/\/www.entremundos.org\/revista\/category\/politics\/corruption\/?lang=en"},"img":{"alt_text":"","src":"https:\/\/i0.wp.com\/www.entremundos.org\/revista\/wp-content\/uploads\/2016\/06\/incendio.jpg?fit=777%2C472&ssl=1&resize=350%2C200","width":350,"height":200,"srcset":"https:\/\/i0.wp.com\/www.entremundos.org\/revista\/wp-content\/uploads\/2016\/06\/incendio.jpg?fit=777%2C472&ssl=1&resize=350%2C200 1x, https:\/\/i0.wp.com\/www.entremundos.org\/revista\/wp-content\/uploads\/2016\/06\/incendio.jpg?fit=777%2C472&ssl=1&resize=525%2C300 1.5x, https:\/\/i0.wp.com\/www.entremundos.org\/revista\/wp-content\/uploads\/2016\/06\/incendio.jpg?fit=777%2C472&ssl=1&resize=700%2C400 2x"},"classes":[]},{"id":12488,"url":"https:\/\/www.entremundos.org\/revista\/politica\/de-la-lucha-a-la-agricultura-en-las-montanas-de-guatemala\/","url_meta":{"origin":2753,"position":5},"title":"De la lucha a la agricultura en las monta\u00f1as de Guatemala","author":"EntreMundos","date":"13 noviembre, 2024","format":false,"excerpt":"POR JONATHAN LOTT A la sombra de las monta\u00f1as selv\u00e1ticas de Guatemala, anta\u00f1o cargadas del espectro del conflicto, el olor del caf\u00e9 flota en el aire. Una generaci\u00f3n despu\u00e9s del hist\u00f3rico acuerdo de paz que puso fin a la guerra civil guatemalteca (1960-1996), decenas de exguerrilleros trabajan ahora la tierra\u2026","rel":"","context":"En \u00abFrontPage\u00bb","block_context":{"text":"FrontPage","link":"https:\/\/www.entremundos.org\/revista\/category\/frontpage\/"},"img":{"alt_text":"","src":"https:\/\/i0.wp.com\/www.entremundos.org\/revista\/wp-content\/uploads\/2024\/11\/anita2-e1731543808410.jpg?fit=910%2C671&ssl=1&resize=350%2C200","width":350,"height":200,"srcset":"https:\/\/i0.wp.com\/www.entremundos.org\/revista\/wp-content\/uploads\/2024\/11\/anita2-e1731543808410.jpg?fit=910%2C671&ssl=1&resize=350%2C200 1x, https:\/\/i0.wp.com\/www.entremundos.org\/revista\/wp-content\/uploads\/2024\/11\/anita2-e1731543808410.jpg?fit=910%2C671&ssl=1&resize=525%2C300 1.5x, https:\/\/i0.wp.com\/www.entremundos.org\/revista\/wp-content\/uploads\/2024\/11\/anita2-e1731543808410.jpg?fit=910%2C671&ssl=1&resize=700%2C400 2x"},"classes":[]}],"jetpack_sharing_enabled":true,"_links":{"self":[{"href":"https:\/\/www.entremundos.org\/revista\/wp-json\/wp\/v2\/posts\/2753","targetHints":{"allow":["GET"]}}],"collection":[{"href":"https:\/\/www.entremundos.org\/revista\/wp-json\/wp\/v2\/posts"}],"about":[{"href":"https:\/\/www.entremundos.org\/revista\/wp-json\/wp\/v2\/types\/post"}],"author":[{"embeddable":true,"href":"https:\/\/www.entremundos.org\/revista\/wp-json\/wp\/v2\/users\/1"}],"replies":[{"embeddable":true,"href":"https:\/\/www.entremundos.org\/revista\/wp-json\/wp\/v2\/comments?post=2753"}],"version-history":[{"count":1,"href":"https:\/\/www.entremundos.org\/revista\/wp-json\/wp\/v2\/posts\/2753\/revisions"}],"predecessor-version":[{"id":2756,"href":"https:\/\/www.entremundos.org\/revista\/wp-json\/wp\/v2\/posts\/2753\/revisions\/2756"}],"wp:featuredmedia":[{"embeddable":true,"href":"https:\/\/www.entremundos.org\/revista\/wp-json\/wp\/v2\/media\/2745"}],"wp:attachment":[{"href":"https:\/\/www.entremundos.org\/revista\/wp-json\/wp\/v2\/media?parent=2753"}],"wp:term":[{"taxonomy":"category","embeddable":true,"href":"https:\/\/www.entremundos.org\/revista\/wp-json\/wp\/v2\/categories?post=2753"},{"taxonomy":"post_tag","embeddable":true,"href":"https:\/\/www.entremundos.org\/revista\/wp-json\/wp\/v2\/tags?post=2753"}],"curies":[{"name":"wp","href":"https:\/\/api.w.org\/{rel}","templated":true}]}}