{"id":3004,"date":"2017-06-01T10:21:43","date_gmt":"2017-06-01T18:21:43","guid":{"rendered":"http:\/\/www.entremundos.org\/revista\/?p=3004"},"modified":"2017-06-01T11:37:21","modified_gmt":"2017-06-01T19:37:21","slug":"debate-sobre-las-ongs-el-pais-de-canela","status":"publish","type":"post","link":"https:\/\/www.entremundos.org\/revista\/uncategorized\/debate-sobre-las-ongs-el-pais-de-canela\/","title":{"rendered":"El debate sobre las ONGs en el pa\u00eds de la canela"},"content":{"rendered":"<h4>Por Juanita Rojas &#8211; trabajadora social y columnista<\/h4>\n<p>&#8220;El eje del universo descansa sobre una canci\u00f3n, no sobre una ley.&#8221;<\/p>\n<p>&#8212; Walt Withman<\/p>\n<p>En su trilog\u00eda sobre la conquista de Am\u00e9rica William Ospina describe el pa\u00eds de la canela como ese lugar perfumado de exuberante belleza, s\u00edmbolo de lo que legiones de hombres crueles y dementes han buscado sin fin a lo largo de las edades: la belleza en cuya persecuci\u00f3n se han destruido tantas bellezas, la verdad en cuya persecuci\u00f3n se han profanado tantas verdades, el sitio de descanso por el cual se ha perdido todo reposo. Un pa\u00eds al norte del que los ind\u00edgenas de Per\u00fa hablaron a los conquistadores que terminan perdidos en la selva descubriendo el r\u00edo Amazonas, un para\u00edso bien distinto al so\u00f1ado.<\/p>\n<p>Quiz\u00e1 es la memoria de la conquista salvaje que buscaba fren\u00e9ticamente el dorado y aniquilaba pueblos y culturas enteras, la referencia m\u00e1s cercana de aquellos que miran con recelo la cooperaci\u00f3n internacional, a la que perciben como una empresa perversa que impone un discurso y pr\u00e1cticas devastadoras asociadas al capitalismo m\u00e1s cruel. Poniendo a todas las organizaciones en un mismo saco, se olvidan algunas de sus bondades como la de haber sido de los primeros espacios abierto a la contribuci\u00f3n de mujeres ind\u00edgenas como la misma pensadora Maya Aura Cumes se\u00f1alaba en <a href=\"http:\/\/razacomica.cl\/sitio\/2017\/03\/17\/aura-cumes-las-mujeres-indigenas-tenemos-una-experiencia-que-no-pasa-solo-por-ser-mujeres\/\">una reciente entrevista<\/a>.<\/p>\n<figure id=\"attachment_3005\" aria-describedby=\"caption-attachment-3005\" style=\"width: 281px\" class=\"wp-caption alignleft\"><a href=\"http:\/\/www.entremundos.org\/revista\/wp-content\/uploads\/2017\/06\/cumes.jpg\"><img loading=\"lazy\" decoding=\"async\" class=\"size-full wp-image-3005\" src=\"http:\/\/www.entremundos.org\/revista\/wp-content\/uploads\/2017\/06\/cumes.jpg\" alt=\"\" width=\"281\" height=\"312\" srcset=\"https:\/\/www.entremundos.org\/revista\/wp-content\/uploads\/2017\/06\/cumes.jpg 281w, https:\/\/www.entremundos.org\/revista\/wp-content\/uploads\/2017\/06\/cumes-270x300.jpg 270w\" sizes=\"auto, (max-width: 281px) 100vw, 281px\" \/><\/a><figcaption id=\"caption-attachment-3005\" class=\"wp-caption-text\">Aura Cumes, pensandora maya kaqchikel. &#8220;Yo me encuentro con las ONG en las que tengo la oportunidad para hablar, de pensar, de decir y escribir.&#8221;<\/figcaption><\/figure>\n<p>&nbsp;<\/p>\n<p>Quiz\u00e1 tambi\u00e9n olvidamos intentos por aportar al dialogo y la construcci\u00f3n de aprendizajes cr\u00edticos y propositivos que emergen desde lo local y se mezclan con visiones venidas de otras latitudes generando posibilidades de cambio que nacen de la vida y no de un pasaporte.<\/p>\n<p>Un mundo tan diverso necesita miradas m\u00e1s complejas, menos dogm\u00e1ticas y m\u00e1s respetuosas con la vida y sus posibilidades. Las lecturas radicales impiden encuentros que pueden significar un verdadero acto de belleza. Pensemos por ejemplo en el origen del flamenco, la Cumbia o el Candombl\u00e9, g\u00e9neros musicales apasionados y profundos que nacieron de la mezcla de culturas.<\/p>\n<p>A pesar de que hay sectores para los que el desarrollo sigue siendo una b\u00fasqueda de capital y el poder, hay otros para los que significa emprender un viaje hacia el descubrimiento po\u00e9tico de Am\u00e9rica (y otros territorios), como dice Ospina de su obra. Un viaje a la vida que no se hace en soledad y desde afuera sino en colectivo y desde la piel porque \u201ca medida que uno se va llenando del pa\u00eds, el pa\u00eds se va llenando de uno\u201d, dice Whitman.<\/p>\n<p>Quiz\u00e1 hay sectores de la cooperaci\u00f3n internacional que representan ese viaje hacia un bosque arom\u00e1tico que espera a quien est\u00e9 dispuesto a una nueva y exuberante belleza. Comparto las palabras de William Ospina sobre el pa\u00eds m\u00e1s hermoso que puede conocerse, \u201cese que busc\u00e1bamos con fr\u00edo y con dolor, con hambre y con espanto tras unos riscos casi invencibles,\u201d ese que encontramos arom\u00e1tico por momentos y a veces simplemente intuimos.<\/p>\n<p><a href=\"http:\/\/www.entremundos.org\/revista\/wp-content\/uploads\/2017\/06\/rioamazonas.jpg\"><img loading=\"lazy\" decoding=\"async\" class=\"aligncenter wp-image-3007\" src=\"http:\/\/www.entremundos.org\/revista\/wp-content\/uploads\/2017\/06\/rioamazonas.jpg\" alt=\"\" width=\"444\" height=\"250\" \/><\/a><\/p>\n","protected":false},"excerpt":{"rendered":"<p>Por Juanita Rojas &#8211; trabajadora social y columnista &#8220;El eje del universo descansa sobre una canci\u00f3n, no sobre una ley.&#8221; &#8212; Walt Withman En su trilog\u00eda sobre la conquista de Am\u00e9rica William Ospina describe el pa\u00eds de la canela como ese lugar perfumado de exuberante belleza, s\u00edmbolo de lo que legiones de hombres crueles y [&hellip;]<\/p>\n","protected":false},"author":1,"featured_media":3007,"comment_status":"closed","ping_status":"closed","sticky":false,"template":"","format":"standard","meta":{"footnotes":""},"categories":[388,390,1],"tags":[744,65,730,745],"class_list":["post-3004","post","type-post","status-publish","format-standard","has-post-thumbnail","hentry","category-cultura","category-mundo","category-uncategorized","tag-cumes","tag-guatemala","tag-ong","tag-ospina"],"_links":{"self":[{"href":"https:\/\/www.entremundos.org\/revista\/wp-json\/wp\/v2\/posts\/3004","targetHints":{"allow":["GET"]}}],"collection":[{"href":"https:\/\/www.entremundos.org\/revista\/wp-json\/wp\/v2\/posts"}],"about":[{"href":"https:\/\/www.entremundos.org\/revista\/wp-json\/wp\/v2\/types\/post"}],"author":[{"embeddable":true,"href":"https:\/\/www.entremundos.org\/revista\/wp-json\/wp\/v2\/users\/1"}],"replies":[{"embeddable":true,"href":"https:\/\/www.entremundos.org\/revista\/wp-json\/wp\/v2\/comments?post=3004"}],"version-history":[{"count":7,"href":"https:\/\/www.entremundos.org\/revista\/wp-json\/wp\/v2\/posts\/3004\/revisions"}],"predecessor-version":[{"id":3020,"href":"https:\/\/www.entremundos.org\/revista\/wp-json\/wp\/v2\/posts\/3004\/revisions\/3020"}],"wp:featuredmedia":[{"embeddable":true,"href":"https:\/\/www.entremundos.org\/revista\/wp-json\/wp\/v2\/media\/3007"}],"wp:attachment":[{"href":"https:\/\/www.entremundos.org\/revista\/wp-json\/wp\/v2\/media?parent=3004"}],"wp:term":[{"taxonomy":"category","embeddable":true,"href":"https:\/\/www.entremundos.org\/revista\/wp-json\/wp\/v2\/categories?post=3004"},{"taxonomy":"post_tag","embeddable":true,"href":"https:\/\/www.entremundos.org\/revista\/wp-json\/wp\/v2\/tags?post=3004"}],"curies":[{"name":"wp","href":"https:\/\/api.w.org\/{rel}","templated":true}]}}