{"id":3031,"date":"2017-06-02T07:35:19","date_gmt":"2017-06-02T15:35:19","guid":{"rendered":"http:\/\/www.entremundos.org\/revista\/?p=3031&#038;lang=en"},"modified":"2017-06-08T11:13:19","modified_gmt":"2017-06-08T19:13:19","slug":"la-economia-de-suecia-un-modelo-de-crecimiento-competitividad-y-bienestar-social","status":"publish","type":"post","link":"https:\/\/www.entremundos.org\/revista\/uncategorized\/la-economia-de-suecia-un-modelo-de-crecimiento-competitividad-y-bienestar-social\/","title":{"rendered":"La Econom\u00eda de Suecia: Un modelo de crecimiento, competitividad y bienestar social"},"content":{"rendered":"<h4>Por Jonathan Menkos Zeissig, Director Ejecutivo, <a href=\"http:\/\/icefi.org\/\">Instituto Centroamericano de Estudios Fiscales<\/a>\u00a0(Icefi)<\/h4>\n<blockquote><p>El ejemplo de Suecia es \u00fatil para que los pol\u00edticos, los empresarios, los trabajadores y la ciudadan\u00eda centroamericana en general comprendan que es posible construir una sociedad competitiva sin sacrificar el bienestar de las personas.<\/p><\/blockquote>\n<p>En una reciente <a href=\"https:\/\/www.bloomberg.com\/politics\/articles\/2017-05-07\/a-reverse-trump-tax-plan-delivers-an-economic-miracle-in-sweden\">entrevista para la agencia Bloomberg<\/a>, la ministra Magdalena Andersson, quien gestiona las finanzas p\u00fablicas suecas desde 2014, convers\u00f3 sobre los tres principales elementos que permiten a este pa\u00eds n\u00f3rdico tener una exitosa inserci\u00f3n econ\u00f3mica internacional y uno de los mejores est\u00e1ndares de vida del mundo: crear empleos, contar con un sistema robusto de protecci\u00f3n social y redistribuir la riqueza.<\/p>\n<figure id=\"attachment_3041\" aria-describedby=\"caption-attachment-3041\" style=\"width: 172px\" class=\"wp-caption alignleft\"><a href=\"https:\/\/i0.wp.com\/www.entremundos.org\/revista\/wp-content\/uploads\/2017\/06\/magdalena_andersson_2014.jpg\"><img data-recalc-dims=\"1\" loading=\"lazy\" decoding=\"async\" class=\" wp-image-3041\" src=\"https:\/\/i0.wp.com\/www.entremundos.org\/revista\/wp-content\/uploads\/2017\/06\/magdalena_andersson_2014-846x1024.jpg?resize=172%2C208\" alt=\"\" width=\"172\" height=\"208\" srcset=\"https:\/\/i0.wp.com\/www.entremundos.org\/revista\/wp-content\/uploads\/2017\/06\/magdalena_andersson_2014.jpg?resize=846%2C1024&amp;ssl=1 846w, https:\/\/i0.wp.com\/www.entremundos.org\/revista\/wp-content\/uploads\/2017\/06\/magdalena_andersson_2014.jpg?resize=248%2C300&amp;ssl=1 248w, https:\/\/i0.wp.com\/www.entremundos.org\/revista\/wp-content\/uploads\/2017\/06\/magdalena_andersson_2014.jpg?resize=768%2C929&amp;ssl=1 768w, https:\/\/i0.wp.com\/www.entremundos.org\/revista\/wp-content\/uploads\/2017\/06\/magdalena_andersson_2014.jpg?resize=335%2C405&amp;ssl=1 335w, https:\/\/i0.wp.com\/www.entremundos.org\/revista\/wp-content\/uploads\/2017\/06\/magdalena_andersson_2014.jpg?resize=1050%2C1271&amp;ssl=1 1050w, https:\/\/i0.wp.com\/www.entremundos.org\/revista\/wp-content\/uploads\/2017\/06\/magdalena_andersson_2014.jpg?w=1428&amp;ssl=1 1428w, https:\/\/i0.wp.com\/www.entremundos.org\/revista\/wp-content\/uploads\/2017\/06\/magdalena_andersson_2014.jpg?w=1280&amp;ssl=1 1280w\" sizes=\"auto, (max-width: 172px) 100vw, 172px\" \/><\/a><figcaption id=\"caption-attachment-3041\" class=\"wp-caption-text\">Ministra de finanzas Magdalena Andersson, 2014. Cortes\u00eda de <a href=\"https:\/\/commons.wikimedia.org\/wiki\/File:Magdalena_Andersson_during_the_%22budget_walk%22_to_Parliament,_Oct_23,_2014_07.jpg\">Frankie Fouganthin<\/a>.<\/figcaption><\/figure>\n<p>Por ende, conviene hacer una revisi\u00f3n de los logros alcanzados por Suecia desde 2014. Primero, el crecimiento real promedio de la econom\u00eda de Suecia de 2014 a 2017 ha sido de 3.1%, es decir un 55% m\u00e1s alto que el promedio registrado en similar per\u00edodo de tiempo por los pa\u00edses m\u00e1s avanzados del orbe agrupados en la <a href=\"http:\/\/www.oecd.org\/about\/membersandpartners\/list-oecd-member-countries.htm\">OCDE<\/a>. La balanza en cuenta corriente (la diferencia entre el valor de las exportaciones e importaciones de bienes y servicios) muestra un saldo positivo de 4.9% del PIB, mientras el promedio de la OCDE se sit\u00faa en 0.3%.<\/p>\n<p>En cuanto a la fuerza laboral, esta suma 5.2 millones de personas, de las cuales el 47.4% son mujeres, la tasa m\u00e1s alta de participaci\u00f3n de mujeres en el mercado laboral de todos los pa\u00edses miembros de la OCDE. \u00a0La tasa de desempleo se ha reducido del 7.7%, en el cuarto trimestre del 2014, al 7.1% en el mismo trimestre de 2016. A criterio de la ministra Andersson, la alta participaci\u00f3n de hombres y mujeres en el mercado laboral, tiene relaci\u00f3n con guarder\u00edas asequibles y prestaciones para padres financiadas con impuestos.<\/p>\n<p>Por otro lado, en el modelo econ\u00f3mico sueco, se permite que las empresas fracasen si no pueden competir. Sin embargo, este pragmatismo va acompa\u00f1ado de una red de seguridad social, capacitaci\u00f3n para los trabajadores desempleados y pol\u00edticas activas en el mercado de trabajo. Es importante notar que el 25.8% de la fuerza laboral de Suecia trabaja en el sector p\u00fablico (1.3 millones de trabajadores), y en 2015, el 72% de los empleos p\u00fablicos (966,000 puestos) estaban ocupados por mujeres.<\/p>\n<p>Obviamente, la pol\u00edtica fiscal es la herramienta que permite articular estos elementos en funci\u00f3n del bienestar social y el desarrollo. En 2015 el presupuesto de gasto p\u00fablico del gobierno general de Suecia represent\u00f3 el 50.2% PIB. El rubro con mayor peso fue la protecci\u00f3n social (41.6% del presupuesto total), seguido de servicios generales, educaci\u00f3n y salud.<\/p>\n<p><a href=\"https:\/\/i0.wp.com\/www.entremundos.org\/revista\/wp-content\/uploads\/2017\/06\/captura-de-pantalla-2017-05-31-a-las-4.40.13-pm.png\"><img data-recalc-dims=\"1\" loading=\"lazy\" decoding=\"async\" class=\"aligncenter size-large wp-image-3032\" src=\"https:\/\/i0.wp.com\/www.entremundos.org\/revista\/wp-content\/uploads\/2017\/06\/captura-de-pantalla-2017-05-31-a-las-4.40.13-pm-1024x482.png?resize=640%2C301\" alt=\"\" width=\"640\" height=\"301\" srcset=\"https:\/\/i0.wp.com\/www.entremundos.org\/revista\/wp-content\/uploads\/2017\/06\/captura-de-pantalla-2017-05-31-a-las-4.40.13-pm.png?resize=1024%2C482&amp;ssl=1 1024w, https:\/\/i0.wp.com\/www.entremundos.org\/revista\/wp-content\/uploads\/2017\/06\/captura-de-pantalla-2017-05-31-a-las-4.40.13-pm.png?resize=300%2C141&amp;ssl=1 300w, https:\/\/i0.wp.com\/www.entremundos.org\/revista\/wp-content\/uploads\/2017\/06\/captura-de-pantalla-2017-05-31-a-las-4.40.13-pm.png?resize=768%2C361&amp;ssl=1 768w, https:\/\/i0.wp.com\/www.entremundos.org\/revista\/wp-content\/uploads\/2017\/06\/captura-de-pantalla-2017-05-31-a-las-4.40.13-pm.png?resize=335%2C158&amp;ssl=1 335w, https:\/\/i0.wp.com\/www.entremundos.org\/revista\/wp-content\/uploads\/2017\/06\/captura-de-pantalla-2017-05-31-a-las-4.40.13-pm.png?resize=1050%2C494&amp;ssl=1 1050w, https:\/\/i0.wp.com\/www.entremundos.org\/revista\/wp-content\/uploads\/2017\/06\/captura-de-pantalla-2017-05-31-a-las-4.40.13-pm.png?w=1280&amp;ssl=1 1280w, https:\/\/i0.wp.com\/www.entremundos.org\/revista\/wp-content\/uploads\/2017\/06\/captura-de-pantalla-2017-05-31-a-las-4.40.13-pm.png?w=1920&amp;ssl=1 1920w\" sizes=\"auto, (max-width: 640px) 100vw, 640px\" \/><\/a><\/p>\n<p>En ese mismo a\u00f1o, los ingresos totales del Estado sueco equivalieron al 50.5% del PIB, mientras la recaudaci\u00f3n de impuestos represent\u00f3 el 43.1% del PIB. La estructura tributaria est\u00e1 definida por tres pilares: los impuestos sobre los ingresos, utilidades y rentas de capital. Estos representaron en 2015 el 35.8% de la recaudaci\u00f3n total; los impuestos sobre bienes y servicios que aportan el 30.3% del total recaudado, y las contribuciones a la seguridad social y el impuesto a la n\u00f3mina laboral que aporta otro 35.4% de la recaudaci\u00f3n.<\/p>\n<p>El tama\u00f1o de la pol\u00edtica fiscal en este pa\u00eds permite tener un significativo efecto redistribuidor del ingreso, tanto por medio del gasto p\u00fablico como por los impuestos.\u00a0 La mayor\u00eda de hogares pagan impuestos y reciben beneficios, con un sentido de progresividad: quien tiene menos ingresos, recibe m\u00e1s beneficios y viceversa.<\/p>\n<p><a href=\"https:\/\/i0.wp.com\/www.entremundos.org\/revista\/wp-content\/uploads\/2017\/06\/captura-de-pantalla-2017-05-31-a-las-4.40.43-pm.png\"><img data-recalc-dims=\"1\" loading=\"lazy\" decoding=\"async\" class=\"aligncenter size-large wp-image-3034\" src=\"https:\/\/i0.wp.com\/www.entremundos.org\/revista\/wp-content\/uploads\/2017\/06\/captura-de-pantalla-2017-05-31-a-las-4.40.43-pm-1024x586.png?resize=640%2C366\" alt=\"\" width=\"640\" height=\"366\" srcset=\"https:\/\/i0.wp.com\/www.entremundos.org\/revista\/wp-content\/uploads\/2017\/06\/captura-de-pantalla-2017-05-31-a-las-4.40.43-pm.png?resize=1024%2C586&amp;ssl=1 1024w, https:\/\/i0.wp.com\/www.entremundos.org\/revista\/wp-content\/uploads\/2017\/06\/captura-de-pantalla-2017-05-31-a-las-4.40.43-pm.png?resize=300%2C172&amp;ssl=1 300w, https:\/\/i0.wp.com\/www.entremundos.org\/revista\/wp-content\/uploads\/2017\/06\/captura-de-pantalla-2017-05-31-a-las-4.40.43-pm.png?resize=768%2C439&amp;ssl=1 768w, https:\/\/i0.wp.com\/www.entremundos.org\/revista\/wp-content\/uploads\/2017\/06\/captura-de-pantalla-2017-05-31-a-las-4.40.43-pm.png?resize=1050%2C600&amp;ssl=1 1050w, https:\/\/i0.wp.com\/www.entremundos.org\/revista\/wp-content\/uploads\/2017\/06\/captura-de-pantalla-2017-05-31-a-las-4.40.43-pm.png?resize=335%2C192&amp;ssl=1 335w, https:\/\/i0.wp.com\/www.entremundos.org\/revista\/wp-content\/uploads\/2017\/06\/captura-de-pantalla-2017-05-31-a-las-4.40.43-pm.png?w=1280&amp;ssl=1 1280w, https:\/\/i0.wp.com\/www.entremundos.org\/revista\/wp-content\/uploads\/2017\/06\/captura-de-pantalla-2017-05-31-a-las-4.40.43-pm.png?w=1920&amp;ssl=1 1920w\" sizes=\"auto, (max-width: 640px) 100vw, 640px\" \/><\/a><\/p>\n<p>Los datos fiscales suecos desaf\u00edan las opiniones predominantes en Centroam\u00e9rica, basadas en la idea de que el \u00e9xito econ\u00f3mico depende del mantenimiento de un Estado m\u00ednimo, con un modelo de bienestar residual (m\u00ednima protecci\u00f3n social) y enfocado en mantener buenas condiciones macroecon\u00f3micas, con niveles de desempleo y salarios que cambian en funci\u00f3n de la competitividad de la producci\u00f3n frente al mercado externo.<\/p>\n<p>Por un lado, Suecia est\u00e1 posicionada entre las 10 econom\u00edas m\u00e1s competitivas del orbe, de acuerdo con el <a href=\"https:\/\/www.google.com.gt\/url?sa=t&amp;rct=j&amp;q=&amp;esrc=s&amp;source=web&amp;cd=2&amp;ved=0ahUKEwjA8LzFrZ_UAhXEQSYKHT_NBPcQFggyMAE&amp;url=http%3A%2F%2Fwww3.weforum.org%2Fdocs%2Fgcr%2F2015-2016%2FGlobal_Competitiveness_Report_2015-2016.pdf&amp;usg=AFQjCNHprvEobTBFpsRXQv0dXPUACXdXqA&amp;sig2=2rUOvjm5Tr3VYkKYxnC7gg\">\u00edndice de competitividad global<\/a>\u00a0de 2016. El <a href=\"http:\/\/www.heritage.org\/index\/ranking\">\u00edndice de libertad econ\u00f3mica<\/a> 2017, del <em>Heritage Foundation<\/em>, le asigna el puesto 19 de 180 pa\u00edses, muy cerca de Estados Unidos (17) y mejor posicionada que Corea del Sur (23) o Alemania (26),\u00a0lo que demuestra su alto grado de apertura comercial, buena eficiencia regulatoria y una altamente valorada seguridad jur\u00eddica.<\/p>\n<p>En el <a href=\"http:\/\/espanol.doingbusiness.org\/~\/media\/WBG\/DoingBusiness\/Documents\/Annual-Reports\/English\/DB17-Full-Report.pdf\"><em>Doing Business<\/em><\/a>, publicaci\u00f3n insignia del Banco Mundial para medir qu\u00e9 tanto las regulaciones favorecen o no la actividad empresarial, Suecia destaca en el lugar 9 de 190 pa\u00edses<a id=\"_ednref6\" title=\"\" href=\"http:\/\/www.icefi.org\/blog\/competitividad-crecimiento-y-bienestar-social-en-suecia-como-lo-hacen#_edn6\" name=\"_ednref6\">[vi]<\/a>. Asimismo, el \u00cdndice de desarrollo humano, en su informe de 2016, revela que este pa\u00eds est\u00e1 en la posici\u00f3n n\u00famero 15 de m\u00e1s alto desarrollo. El \u00edndice de percepci\u00f3n de la corrupci\u00f3n <a href=\"https:\/\/www.transparency.org\/news\/feature\/corruption_perceptions_index_2016\">en su m\u00e1s reciente publicaci\u00f3n<\/a> posicion\u00f3 a este pa\u00eds entre las cinco naciones con menor percepci\u00f3n de corrupci\u00f3n.<\/p>\n<p>Por su parte, en <a href=\"http:\/\/www.skatteverket.se\/download\/18.3810a01c150939e893f29d0f\/1455280476021\/taxes-in-sweden-skv104-utgava16.pdf\">los estudios de percepci\u00f3n sobre los impuestos<\/a> realizados peri\u00f3dicamente por la administraci\u00f3n tributaria sueca, revelan que el 40% de la ciudadan\u00eda y el 39% de las empresas est\u00e1n a gusto con el sistema tributario (la estructura, el tama\u00f1o de los impuestos y las normas impositivas); otro 35 y 39%, respectivamente, han manifestado no estar en desacuerdo; finalmente, un 25% de los ciudadanos y 22% de las empresas revelan desacuerdo con el sistema tributario.<\/p>\n<p>El \u00e9xito de Suecia, tanto en materia econ\u00f3mica como social, ha sido resultado de una agenda pol\u00edtica y econ\u00f3mica puesta en marcha en los \u00faltimos ochenta a\u00f1os. Con algunas variaciones a lo largo del tiempo, cinco son los pilares de este estilo de desarrollo. (Las siguientes l\u00edneas sintetizan y parafrasean en algunos casos, lo expuesto por S\u00e1nchez de Dios, Manuel, en su estudio \u00ab<a href=\"https:\/\/www.google.com.gt\/url?sa=t&amp;rct=j&amp;q=&amp;esrc=s&amp;source=web&amp;cd=2&amp;ved=0ahUKEwix1vLFrp_UAhXJSSYKHUQxBGoQFgg1MAE&amp;url=https%3A%2F%2Fwww.ucm.es%2Fdata%2Fcont%2Fdocs%2F862-2014-04-09-REP-147.pdf&amp;usg=AFQjCNGODK9bfAMaAYHKDCw2VeJVOta-rw&amp;sig2=wwpkUv1MS9Vle1xImqw5Pg\">El modelo sueco de Estado de bienestar<\/a>.\u00bb)<\/p>\n<p>Primero, sobre la democracia, esta tiene que forjarse en lo pol\u00edtico, pero tambi\u00e9n en lo social y econ\u00f3mico.<\/p>\n<p>Segundo, la idea de comunidad para fortalecer principios de solidaridad e igualdad.<\/p>\n<p>Tercero, la complementariedad entre la igualdad socioecon\u00f3mica y la eficacia econ\u00f3mica. (Es decir, la pol\u00edtica social no solo busca la igualdad, tambi\u00e9n persigue la eficiencia de la actividad econ\u00f3mica. La pol\u00edtica social tambi\u00e9n est\u00e1 dirigida al perfeccionamiento de las cualidades de cada persona.)<\/p>\n<p>Cuarto, control social de la econom\u00eda de mercado. El mercado es un mecanismo para la asignaci\u00f3n de recursos econ\u00f3micos, pero condicionado a una pol\u00edtica econ\u00f3mica basada en la productividad e innovaci\u00f3n, pol\u00edticas salariales, impuestos progresivos y pol\u00edtica social.<\/p>\n<p>Finalmente, el sector p\u00fablico como camino para ampliar la libertad de elegir. Por medio de la pol\u00edtica social se mejora la seguridad y libertad de los ciudadanos. Por ejemplo, las pensiones reducen el riesgo de vejez; la pol\u00edtica habitacional mitiga los tugurios.<\/p>\n<p>El ejemplo de Suecia es \u00fatil para que los pol\u00edticos, los empresarios, los trabajadores y la ciudadan\u00eda centroamericana en general comprendan que es posible construir una sociedad competitiva sin sacrificar el bienestar de las personas. Asimismo, toca reflexionar sobre el importante rol que debe desempe\u00f1ar la administraci\u00f3n p\u00fablica al calzar objetivos personales con agendas sociales y econ\u00f3micas de Naci\u00f3n. Finalmente, no se puede olvidar que la pol\u00edtica fiscal plasma el tipo de sociedad que se desea cimentar. De ah\u00ed la importancia de promover en Centroam\u00e9rica nuevas formas de buscar soluciones a los desaf\u00edos econ\u00f3micos, pol\u00edticos y sociales que queden expresados en el monto y la forma de recaudar impuestos, en el gasto p\u00fablico y los resultados de desarrollo que se persiguen y en la forma en que se rendir\u00e1 cuentas.<\/p>\n<figure id=\"attachment_3037\" aria-describedby=\"caption-attachment-3037\" style=\"width: 960px\" class=\"wp-caption aligncenter\"><a href=\"https:\/\/i0.wp.com\/www.entremundos.org\/revista\/wp-content\/uploads\/2017\/06\/sweden.jpg\"><img data-recalc-dims=\"1\" loading=\"lazy\" decoding=\"async\" class=\"size-large wp-image-3037\" src=\"https:\/\/i0.wp.com\/www.entremundos.org\/revista\/wp-content\/uploads\/2017\/06\/sweden-1024x697.jpg?resize=640%2C435\" alt=\"\" width=\"640\" height=\"435\" srcset=\"https:\/\/i0.wp.com\/www.entremundos.org\/revista\/wp-content\/uploads\/2017\/06\/sweden.jpg?resize=1024%2C697&amp;ssl=1 1024w, https:\/\/i0.wp.com\/www.entremundos.org\/revista\/wp-content\/uploads\/2017\/06\/sweden.jpg?resize=300%2C204&amp;ssl=1 300w, https:\/\/i0.wp.com\/www.entremundos.org\/revista\/wp-content\/uploads\/2017\/06\/sweden.jpg?resize=768%2C523&amp;ssl=1 768w, https:\/\/i0.wp.com\/www.entremundos.org\/revista\/wp-content\/uploads\/2017\/06\/sweden.jpg?resize=335%2C228&amp;ssl=1 335w, https:\/\/i0.wp.com\/www.entremundos.org\/revista\/wp-content\/uploads\/2017\/06\/sweden.jpg?resize=1050%2C715&amp;ssl=1 1050w, https:\/\/i0.wp.com\/www.entremundos.org\/revista\/wp-content\/uploads\/2017\/06\/sweden.jpg?w=1280&amp;ssl=1 1280w, https:\/\/i0.wp.com\/www.entremundos.org\/revista\/wp-content\/uploads\/2017\/06\/sweden.jpg?w=1920&amp;ssl=1 1920w\" sizes=\"auto, (max-width: 640px) 100vw, 640px\" \/><\/a><figcaption id=\"caption-attachment-3037\" class=\"wp-caption-text\">Una ribera de Vaxholm, Suecia,\u00a02010. Cortes\u00eda de\u00a0<a href=\"https:\/\/www.flickr.com\/photos\/97469566@N00\/5123640524\">Bengt Nyman<\/a>.<\/figcaption><\/figure>\n","protected":false},"excerpt":{"rendered":"<p>Por Jonathan Menkos Zeissig, Director Ejecutivo, Instituto Centroamericano de Estudios Fiscales\u00a0(Icefi) El ejemplo de Suecia es \u00fatil para que los pol\u00edticos, los empresarios, los trabajadores y la ciudadan\u00eda centroamericana en general comprendan que es posible construir una sociedad competitiva sin sacrificar el bienestar de las personas. En una reciente entrevista para la agencia Bloomberg, la [&hellip;]<\/p>\n","protected":false},"author":1,"featured_media":3037,"comment_status":"closed","ping_status":"closed","sticky":false,"template":"","format":"standard","meta":{"_exactmetrics_skip_tracking":false,"_exactmetrics_sitenote_active":false,"_exactmetrics_sitenote_note":"","_exactmetrics_sitenote_category":0,"jetpack_post_was_ever_published":false,"_jetpack_newsletter_access":"","_jetpack_dont_email_post_to_subs":false,"_jetpack_newsletter_tier_id":0,"_jetpack_memberships_contains_paywalled_content":false,"_jetpack_memberships_contains_paid_content":false,"footnotes":""},"categories":[380,1],"tags":[771,767,766,774,770,49,777,778,762,776,769,768,763,764,775],"class_list":["post-3031","post","type-post","status-publish","format-standard","has-post-thumbnail","hentry","category-economia","category-uncategorized","tag-andersson","tag-competitividad","tag-crecimiento","tag-crecimiento-economico","tag-desarrollo","tag-economia","tag-finanzas","tag-fiscal","tag-icefi","tag-magdalena-andersson","tag-modelo-sueco","tag-pib","tag-politica-fiscal","tag-suecia","tag-zeissig"],"jetpack_featured_media_url":"https:\/\/i0.wp.com\/www.entremundos.org\/revista\/wp-content\/uploads\/2017\/06\/sweden.jpg?fit=2914%2C1984&ssl=1","jetpack_shortlink":"https:\/\/wp.me\/p7ljt7-MT","jetpack-related-posts":[{"id":3052,"url":"https:\/\/www.entremundos.org\/revista\/uncategorized\/the-swedish-economy-a-model-for-competitiveness-growth-and-social-well-being\/?lang=en","url_meta":{"origin":3031,"position":0},"title":"The Swedish Economy: A model for competitiveness, growth, and social well-being","author":"EntreMundos","date":"2 junio, 2017","format":false,"excerpt":"\u00a0 By Jonathan Menkos Zeissig, Executive Director, Central American Institute of\u00a0Fiscal Studies (Icefi) Sweden's example can help politicians, business leaders, workers, and the public of Central America understand that it is possible to build a competitive society without sacrificing people\u2019s well-being. In a recent interview with Bloomberg, Swedish finance minister\u2026","rel":"","context":"En \u00abEconomy\u00bb","block_context":{"text":"Economy","link":"https:\/\/www.entremundos.org\/revista\/category\/economy\/?lang=en"},"img":{"alt_text":"","src":"https:\/\/i0.wp.com\/www.entremundos.org\/revista\/wp-content\/uploads\/2017\/06\/sweden.jpg?fit=1200%2C817&ssl=1&resize=350%2C200","width":350,"height":200,"srcset":"https:\/\/i0.wp.com\/www.entremundos.org\/revista\/wp-content\/uploads\/2017\/06\/sweden.jpg?fit=1200%2C817&ssl=1&resize=350%2C200 1x, https:\/\/i0.wp.com\/www.entremundos.org\/revista\/wp-content\/uploads\/2017\/06\/sweden.jpg?fit=1200%2C817&ssl=1&resize=525%2C300 1.5x, https:\/\/i0.wp.com\/www.entremundos.org\/revista\/wp-content\/uploads\/2017\/06\/sweden.jpg?fit=1200%2C817&ssl=1&resize=700%2C400 2x, https:\/\/i0.wp.com\/www.entremundos.org\/revista\/wp-content\/uploads\/2017\/06\/sweden.jpg?fit=1200%2C817&ssl=1&resize=1050%2C600 3x"},"classes":[]},{"id":12622,"url":"https:\/\/www.entremundos.org\/revista\/politica\/presupuesto-nacional-procesos-y-elementos-importantes\/","url_meta":{"origin":3031,"position":1},"title":"Presupuesto nacional; Procesos y elementos importantes","author":"EntreMundos","date":"16 enero, 2025","format":false,"excerpt":"POR YESSICA PASTOR El siguiente es un extracto de una de las conversaciones sostenidas dentro de la serie de encuentros virtuales sobre incidencia pol\u00edtica del Directorio Guatemala. A continuaci\u00f3n, la intervenci\u00f3n de Ricardo Barrientos, director ejecutivo del Instituto Centroamericano de Estudios Fiscales (ICEFI). \u00bfQu\u00e9 factores pol\u00edticos considera que influyeron en\u2026","rel":"","context":"En \u00abPol\u00edtica\u00bb","block_context":{"text":"Pol\u00edtica","link":"https:\/\/www.entremundos.org\/revista\/category\/politica\/"},"img":{"alt_text":"","src":"https:\/\/i0.wp.com\/www.entremundos.org\/revista\/wp-content\/uploads\/2025\/01\/minifi.jpg?fit=1200%2C900&ssl=1&resize=350%2C200","width":350,"height":200,"srcset":"https:\/\/i0.wp.com\/www.entremundos.org\/revista\/wp-content\/uploads\/2025\/01\/minifi.jpg?fit=1200%2C900&ssl=1&resize=350%2C200 1x, https:\/\/i0.wp.com\/www.entremundos.org\/revista\/wp-content\/uploads\/2025\/01\/minifi.jpg?fit=1200%2C900&ssl=1&resize=525%2C300 1.5x, https:\/\/i0.wp.com\/www.entremundos.org\/revista\/wp-content\/uploads\/2025\/01\/minifi.jpg?fit=1200%2C900&ssl=1&resize=700%2C400 2x, https:\/\/i0.wp.com\/www.entremundos.org\/revista\/wp-content\/uploads\/2025\/01\/minifi.jpg?fit=1200%2C900&ssl=1&resize=1050%2C600 3x"},"classes":[]},{"id":13250,"url":"https:\/\/www.entremundos.org\/revista\/politica\/pymes-migracion-y-el-reto-de-la-informalidad-en-guatemala-una-economia-que-resiste-desde-abajo\/","url_meta":{"origin":3031,"position":2},"title":"PYMES, migraci\u00f3n y el reto de la informalidad en Guatemala: Una econom\u00eda que resiste desde abajo","author":"EntreMundos","date":"17 septiembre, 2025","format":false,"excerpt":"Por Alexander Castillo Este art\u00edculo analiza el papel crucial que juegan las Peque\u00f1as y Medianas Empresas (PYMES) y la migraci\u00f3n en la econom\u00eda guatemalteca. Con base en datos actuales, se resalta que m\u00e1s del 90\u202f% de las empresas del pa\u00eds son peque\u00f1as o medianas, y que las remesas representan cerca\u2026","rel":"","context":"En \u00abFrontPage\u00bb","block_context":{"text":"FrontPage","link":"https:\/\/www.entremundos.org\/revista\/category\/frontpage\/"},"img":{"alt_text":"","src":"","width":0,"height":0},"classes":[]},{"id":13004,"url":"https:\/\/www.entremundos.org\/revista\/politica\/la-valentia-de-elegir-nuestros-suenos\/","url_meta":{"origin":3031,"position":3},"title":"La valent\u00eda de elegir nuestros sue\u00f1os","author":"EntreMundos","date":"23 julio, 2025","format":false,"excerpt":"Por Teresa Lucas Hay t\u00e9rminos en econom\u00eda y finanzas que, aunque t\u00e9cnicos, encierran verdades profundamente humanas. Uno de ellos es el costo de oportunidad. Este concepto se refiere a todo aquello que dejamos de hacer, recibir o disfrutar cuando tomamos una decisi\u00f3n determinada. En otras palabras, cada vez que elegimos\u2026","rel":"","context":"En \u00abFrontPage\u00bb","block_context":{"text":"FrontPage","link":"https:\/\/www.entremundos.org\/revista\/category\/frontpage\/"},"img":{"alt_text":"","src":"https:\/\/i0.wp.com\/www.entremundos.org\/revista\/wp-content\/uploads\/2025\/07\/whatsapp-image-2025-06-11-at-10.12.40-pm-scaled.png?fit=675%2C1200&ssl=1&resize=350%2C200","width":350,"height":200,"srcset":"https:\/\/i0.wp.com\/www.entremundos.org\/revista\/wp-content\/uploads\/2025\/07\/whatsapp-image-2025-06-11-at-10.12.40-pm-scaled.png?fit=675%2C1200&ssl=1&resize=350%2C200 1x, https:\/\/i0.wp.com\/www.entremundos.org\/revista\/wp-content\/uploads\/2025\/07\/whatsapp-image-2025-06-11-at-10.12.40-pm-scaled.png?fit=675%2C1200&ssl=1&resize=525%2C300 1.5x"},"classes":[]},{"id":3346,"url":"https:\/\/www.entremundos.org\/revista\/economy\/impunity-tax-privileges-and-weak-institutions-threaten-fiscal-policy-in-central-americas-northern-triangle\/?lang=en","url_meta":{"origin":3031,"position":4},"title":"Impunity, tax privileges, and weak institutions threaten fiscal policy in Central America\u2019s Northern Triangle","author":"EntreMundos","date":"25 agosto, 2017","format":false,"excerpt":"Commentary by Icefi - August, 2017 The Central American Institute of Fiscal Studies (Icefi) is concerned about recent actions taken by the governments and federal courts of Guatemala, El Salvador, and Honduras. Icefi finds that these actions undermine legitimate efforts to fight corruption, rehabilitate public finance, and create just, appropriate,\u2026","rel":"","context":"En \u00abEconomy\u00bb","block_context":{"text":"Economy","link":"https:\/\/www.entremundos.org\/revista\/category\/economy\/?lang=en"},"img":{"alt_text":"","src":"https:\/\/i0.wp.com\/www.entremundos.org\/revista\/wp-content\/uploads\/2017\/08\/icefi-ejecutivos-triangulo-norte.jpg?fit=1200%2C801&ssl=1&resize=350%2C200","width":350,"height":200,"srcset":"https:\/\/i0.wp.com\/www.entremundos.org\/revista\/wp-content\/uploads\/2017\/08\/icefi-ejecutivos-triangulo-norte.jpg?fit=1200%2C801&ssl=1&resize=350%2C200 1x, https:\/\/i0.wp.com\/www.entremundos.org\/revista\/wp-content\/uploads\/2017\/08\/icefi-ejecutivos-triangulo-norte.jpg?fit=1200%2C801&ssl=1&resize=525%2C300 1.5x, https:\/\/i0.wp.com\/www.entremundos.org\/revista\/wp-content\/uploads\/2017\/08\/icefi-ejecutivos-triangulo-norte.jpg?fit=1200%2C801&ssl=1&resize=700%2C400 2x, https:\/\/i0.wp.com\/www.entremundos.org\/revista\/wp-content\/uploads\/2017\/08\/icefi-ejecutivos-triangulo-norte.jpg?fit=1200%2C801&ssl=1&resize=1050%2C600 3x"},"classes":[]},{"id":13649,"url":"https:\/\/www.entremundos.org\/revista\/politica\/la-urgencia-de-comprender-la-historia-y-sus-lecciones\/","url_meta":{"origin":3031,"position":5},"title":"La urgencia de comprender la historia y sus lecciones","author":"EntreMundos","date":"4 abril, 2026","format":false,"excerpt":"POR JUAN JOS\u00c9 HURTADO PAZ En los \u00faltimos meses se escuchan voces que defienden la intervenci\u00f3n imperialista yanqui contra Venezuela con el argumento aparentemente simple y moralizante: hab\u00eda una dictadura y deb\u00eda ser removida. Bajo esta narrativa, la intervenci\u00f3n externa se presenta como una acci\u00f3n necesaria, casi humanitaria, destinada a\u2026","rel":"","context":"En \u00abFrontPage\u00bb","block_context":{"text":"FrontPage","link":"https:\/\/www.entremundos.org\/revista\/category\/frontpage\/"},"img":{"alt_text":"","src":"","width":0,"height":0},"classes":[]}],"jetpack_sharing_enabled":true,"_links":{"self":[{"href":"https:\/\/www.entremundos.org\/revista\/wp-json\/wp\/v2\/posts\/3031","targetHints":{"allow":["GET"]}}],"collection":[{"href":"https:\/\/www.entremundos.org\/revista\/wp-json\/wp\/v2\/posts"}],"about":[{"href":"https:\/\/www.entremundos.org\/revista\/wp-json\/wp\/v2\/types\/post"}],"author":[{"embeddable":true,"href":"https:\/\/www.entremundos.org\/revista\/wp-json\/wp\/v2\/users\/1"}],"replies":[{"embeddable":true,"href":"https:\/\/www.entremundos.org\/revista\/wp-json\/wp\/v2\/comments?post=3031"}],"version-history":[{"count":9,"href":"https:\/\/www.entremundos.org\/revista\/wp-json\/wp\/v2\/posts\/3031\/revisions"}],"predecessor-version":[{"id":3105,"href":"https:\/\/www.entremundos.org\/revista\/wp-json\/wp\/v2\/posts\/3031\/revisions\/3105"}],"wp:featuredmedia":[{"embeddable":true,"href":"https:\/\/www.entremundos.org\/revista\/wp-json\/wp\/v2\/media\/3037"}],"wp:attachment":[{"href":"https:\/\/www.entremundos.org\/revista\/wp-json\/wp\/v2\/media?parent=3031"}],"wp:term":[{"taxonomy":"category","embeddable":true,"href":"https:\/\/www.entremundos.org\/revista\/wp-json\/wp\/v2\/categories?post=3031"},{"taxonomy":"post_tag","embeddable":true,"href":"https:\/\/www.entremundos.org\/revista\/wp-json\/wp\/v2\/tags?post=3031"}],"curies":[{"name":"wp","href":"https:\/\/api.w.org\/{rel}","templated":true}]}}