{"id":3226,"date":"2017-08-08T14:29:53","date_gmt":"2017-08-08T22:29:53","guid":{"rendered":"http:\/\/www.entremundos.org\/revista\/?p=3226&#038;lang=en"},"modified":"2017-09-07T10:13:37","modified_gmt":"2017-09-07T18:13:37","slug":"madres-menores-las-cifras-reveladoras","status":"publish","type":"post","link":"https:\/\/www.entremundos.org\/revista\/salud\/madres-menores-las-cifras-reveladoras\/","title":{"rendered":"Madres menores: las cifras reveladoras"},"content":{"rendered":"<blockquote>\n<h6>En 2014, se registr\u00f3 un total de 71,000 j\u00f3venes embarazadas de entre los 10 y 19 a\u00f1os.<\/h6>\n<\/blockquote>\n<h6>Foto de portada: Una ni\u00f1a en el festival de barriletes en Sumpango, Sacatep\u00e9quez. Foto por Patricia Mac\u00edas.<\/h6>\n<h5>Por Patricia Schwartz<\/h5>\n<p>El estudio anual del OSAR (Observatorio de Salud Sexual y Reproductiva) revela cifras alarmantes sobre la realidad de las madres menores de edad en Guatemala. Seg\u00fan datos de 2016, en solo el primer trimestre de este a\u00f1o se registr\u00f3 9,829 embarazos en ni\u00f1as menores de 18 a\u00f1os.<\/p>\n<p>En 2014, se registr\u00f3 un total de 71,000 j\u00f3venes embarazadas de entre los 10 y 19 a\u00f1os. Cabe destacar que de esta cifra, 5,119 ten\u00edan menos de 14 a\u00f1os.<\/p>\n<p>La alta tasa de embarazos en ni\u00f1as y j\u00f3venes en Guatemala es un s\u00edntoma de los incontables y complejos problemas sociales a los que se puede remontar la condici\u00f3n de subordinaci\u00f3n general de las mujeres en el pa\u00eds. La sub-representaci\u00f3n de la mujer en las esferas pol\u00edticas, econ\u00f3micas y educativas as\u00ed como los casos de violencia y exclusi\u00f3n que sufren, contribuyen al mantenimiento de una estructura patriarcal que oprime a las mujeres y elimina sus oportunidades para salir adelante.<\/p>\n<p>Las consecuencias de embarazos en menores tiene efectos adversos en la salud de las madres y en la de los bebes. La extensa lista de riesgos en madres menores y en sus hij@s, debido al estado inadecuado del cuerpo de una ni\u00f1a para soportar un embarazo, incluye mala nutrici\u00f3n y falta de nutrientes esenciales para el buen desarrollo del beb\u00e9. En el 50 por ciento de los casos en Guatemala, las ni\u00f1as embarazadas presentan una estatura menor de 1.5 metros, lo cual representa un gran riesgo de nacimientos de bebes con bajo peso. Asimismo aumenta la posibilidad de muerte intrauterina, malformaciones, hipertensi\u00f3n arterial durante el embarazo y una larga gama problemas relacionados con el desarrollo y el rendimiento f\u00edsico y mental de los reci\u00e9n nacidos, \u00a0lo cual suele durar toda su vida.<\/p>\n<figure id=\"attachment_3227\" aria-describedby=\"caption-attachment-3227\" style=\"width: 960px\" class=\"wp-caption aligncenter\"><a href=\"https:\/\/i0.wp.com\/www.entremundos.org\/revista\/wp-content\/uploads\/2017\/08\/madresmenoresimg1.jpg\"><img data-recalc-dims=\"1\" loading=\"lazy\" decoding=\"async\" class=\"size-large wp-image-3227\" src=\"https:\/\/i0.wp.com\/www.entremundos.org\/revista\/wp-content\/uploads\/2017\/08\/madresmenoresimg1-1024x768.jpg?resize=640%2C480\" alt=\"\" width=\"640\" height=\"480\" srcset=\"https:\/\/i0.wp.com\/www.entremundos.org\/revista\/wp-content\/uploads\/2017\/08\/madresmenoresimg1.jpg?resize=1024%2C768&amp;ssl=1 1024w, https:\/\/i0.wp.com\/www.entremundos.org\/revista\/wp-content\/uploads\/2017\/08\/madresmenoresimg1.jpg?resize=300%2C225&amp;ssl=1 300w, https:\/\/i0.wp.com\/www.entremundos.org\/revista\/wp-content\/uploads\/2017\/08\/madresmenoresimg1.jpg?resize=768%2C576&amp;ssl=1 768w, https:\/\/i0.wp.com\/www.entremundos.org\/revista\/wp-content\/uploads\/2017\/08\/madresmenoresimg1.jpg?resize=72%2C54&amp;ssl=1 72w, https:\/\/i0.wp.com\/www.entremundos.org\/revista\/wp-content\/uploads\/2017\/08\/madresmenoresimg1.jpg?resize=335%2C251&amp;ssl=1 335w, https:\/\/i0.wp.com\/www.entremundos.org\/revista\/wp-content\/uploads\/2017\/08\/madresmenoresimg1.jpg?resize=1050%2C788&amp;ssl=1 1050w, https:\/\/i0.wp.com\/www.entremundos.org\/revista\/wp-content\/uploads\/2017\/08\/madresmenoresimg1.jpg?w=1280&amp;ssl=1 1280w, https:\/\/i0.wp.com\/www.entremundos.org\/revista\/wp-content\/uploads\/2017\/08\/madresmenoresimg1.jpg?w=1920&amp;ssl=1 1920w\" sizes=\"auto, (max-width: 640px) 100vw, 640px\" \/><\/a><figcaption id=\"caption-attachment-3227\" class=\"wp-caption-text\">Tres generaciones en Xela. Foto por Patricia Mac\u00edas.<\/figcaption><\/figure>\n<p>Los embarazos en\u00a0la adolescencia tambi\u00e9n tienen un efecto domin\u00f3 que debilita el tejido social del pa\u00eds. El OSAR ha demostrado que el 88% de las ni\u00f1as que estaban en la escuela, abandonaron sus estudios despu\u00e9s de quedar embarazadas. La ausencia de estas j\u00f3venes mujeres en el sistema educativo provoca un vac\u00edo permanente en los centros productivos y pol\u00edticos. El n\u00famero de mujeres guatemaltecas que no generan ingresos propios cuadruplica el de los hombres. Esto se\u00a0debe\u00a0en\u00a0gran\u00a0medida a la cantidad substancial de tiempo que pasan haciendo trabajo dom\u00e9stico no remunerado.<\/p>\n<p>Como acertadamente ha dicho Vilma Liliana de Le\u00f3n, Acompa\u00f1ante de Democracia en G\u00e9nero de la organizaci\u00f3n no lucrativa nacional SERJUS, \u00ablos valores de la familia se reflejan en la sociedad.\u00bb<\/p>\n<p>Estamos viviendo en una sociedad en la cual el 45% de las mujeres son v\u00edctimas de violencia verbal, f\u00edsica o sexual, seg\u00fan datos del Ministerio de Salud P\u00fablica y Asistencia Social de 2008. Este a\u00f1o, el Instituto Nacional de Ciencias Forenses (INACIF) registr\u00f3 1,663 delitos sexuales contra mujeres durante evaluaciones legales con m\u00e9dicos, en tan solo los primeros 3 meses de 2016. La poblaci\u00f3n m\u00e1s afectada por este tipo de violencia son ni\u00f1as entre 0 y 17 a\u00f1os.\u00a0 M\u00e1s a\u00fan, hay que tomar en cuenta la cifra negra de datos relacionados con el tema de violencia contra la mujer por la cultura de silencio que existe alrededor de los temas de violencia sexual; que a menudo se debe a la prevalencia de las transgresiones intrafamiliares que constituyen la inmensa mayor\u00eda de los delitos de violencia sexual contra ni\u00f1as.<\/p>\n<p>A pesar de los desaf\u00edos abrumadores, existen algunos signos de esperanza, al menos en teor\u00eda, dentro de la legislaci\u00f3n guatemalteca en la lucha por la progresi\u00f3n y la protecci\u00f3n de las mujeres. En noviembre de 2015, el Congreso modific\u00f3 el C\u00f3digo Civil para elevar la edad m\u00ednima legal para el matrimonio de 14 a 18 a\u00f1os para las mujeres (16 a 18 a\u00f1os para los varones). La Ley contra el Femicidio nacional tambi\u00e9n puede ser una herramienta fuerte y comprehensiva, cuando se pone en pr\u00e1ctica.<\/p>\n<p>Sin embargo, \u00abla debilidad est\u00e1 en la aplicaci\u00f3n\u00bb, lamenta la Se\u00f1ora De Le\u00f3n. Trabajando en el campo de la democracia de g\u00e9nero, ella es testigo de primera mano de la enorme brecha entre la ley y su cumplimiento en un clima cultural oprimente. Se ha observado a\u00f1o tras a\u00f1o las recomendaciones propuestas al \u00a0gobierno en cuanto a la aplicaci\u00f3n de las leyes existentes, sin que haya ning\u00fan tipo de avance tangible. Aunque una ley robusta puede existir en el papel, se vuelve in\u00fatil sin la aplicaci\u00f3n adecuada. En el ejemplo de la Ley contra el Femicidio, todav\u00eda hay una gran cantidad de vacilaciones por parte de los informantes potenciales a causa de las normas restrictivas alrededor de la costosa representaci\u00f3n \u00a0de un abogado. Del mismo modo, la demanda insatisfecha del pa\u00eds para la anticoncepci\u00f3n y educaci\u00f3n sobre planificaci\u00f3n familiar (clasificado como uno de los m\u00e1s altos de Am\u00e9rica Latina y el Caribe) podr\u00eda ser abordado \u00a0a trav\u00e9s de reformas y medidas aplicadas de conformidad con el existente Decreto 87-2005, Ley de Acceso Universal y Equitativo de Servicios de Planificaci\u00f3n Familiar.<\/p>\n<p>Seg\u00fan la Se\u00f1ora de Le\u00f3n, las \u00e1reas m\u00e1s cr\u00edticas de intervenci\u00f3n para combatir la violencia contra y la exclusi\u00f3n de las mujeres que exacerban la situaci\u00f3n actual de embarazos en menores son: la educaci\u00f3n sexual,\u00a0 un sistema de salud integral y la participaci\u00f3n pol\u00edtica activa de las mujeres <em>y<\/em> los hombres j\u00f3venes.<\/p>\n<p>Ella reconoce la necesidad de una educaci\u00f3n sexual objetiva en mujeres j\u00f3venes, para \u00abaceptar y cuidar de sus cuerpos;\u00bb convirti\u00e9ndolas en actoras menos vulnerables y defensoras de sus derechos. En general, un enfoque m\u00e1s preventivo en salud, m\u00e1s all\u00e1 del actual sistema curativo y subfinanciado que, en su opini\u00f3n s\u00f3lo se reconoce en las mujeres que ya est\u00e1n embarazadas, podr\u00eda abordar las estructuras subyacentes y crear mejoras duraderas en la salud de la mujer.<\/p>\n<p>Desde la perspectiva de la democracia de g\u00e9nero, hay que reconocer los papeles que los hombres y las mujeres tienen que desempe\u00f1ar para la creaci\u00f3n de una Guatemala m\u00e1s segura y m\u00e1s constructiva para tod@s. Esta lucha tambi\u00e9n requiere la creaci\u00f3n de nuevos modelos de masculinidad, la eliminaci\u00f3n de la violencia en la concepci\u00f3n y presentaci\u00f3n de g\u00e9nero, y la creaci\u00f3n de espacios abiertos en cuales los hombres puedan pedir ayuda y buscar comprensi\u00f3n.<\/p>\n<p>Guatemala ha sido un caldo de cultivo para la acci\u00f3n pol\u00edtica dirigida por j\u00f3venes en los \u00faltimos a\u00f1os. Estas generaciones tienen el poder y el potencial para realizar una reforma real a trav\u00e9s de las fronteras pol\u00edticas, sociales y culturales. El primer paso es diagnosticar los problemas y limitaciones que frenan a las mujeres, y desde all\u00ed, pronunciarse en contra. Como conoce De Le\u00f3n de primera mano, \u201cla lucha empieza con nosotr@s mismas.\u201d<\/p>\n","protected":false},"excerpt":{"rendered":"<p>En 2014, se registr\u00f3 un total de 71,000 j\u00f3venes embarazadas de entre los 10 y 19 a\u00f1os. Foto de portada: Una ni\u00f1a en el festival de barriletes en Sumpango, Sacatep\u00e9quez. Foto por Patricia Mac\u00edas. Por Patricia Schwartz El estudio anual del OSAR (Observatorio de Salud Sexual y Reproductiva) revela cifras alarmantes sobre la realidad de [&hellip;]<\/p>\n","protected":false},"author":1,"featured_media":3230,"comment_status":"closed","ping_status":"closed","sticky":false,"template":"","format":"standard","meta":{"_exactmetrics_skip_tracking":false,"_exactmetrics_sitenote_active":false,"_exactmetrics_sitenote_note":"","_exactmetrics_sitenote_category":0,"jetpack_post_was_ever_published":false,"_jetpack_newsletter_access":"","_jetpack_dont_email_post_to_subs":false,"_jetpack_newsletter_tier_id":0,"_jetpack_memberships_contains_paywalled_content":false,"_jetpack_memberships_contains_paid_content":false,"footnotes":""},"categories":[452,439,386,382],"tags":[882,731,873,885,870,883,884,569,881,872],"class_list":["post-3226","post","type-post","status-publish","format-standard","has-post-thumbnail","hentry","category-frontpage","category-juventud","category-mujer","category-salud","tag-aborto","tag-educacion","tag-educacion-sexual","tag-embarazada","tag-embarazo","tag-madres-menores","tag-menores-de-edad","tag-mujer","tag-nina","tag-osar"],"jetpack_featured_media_url":"https:\/\/i0.wp.com\/www.entremundos.org\/revista\/wp-content\/uploads\/2017\/08\/madresmenoresimg2.jpg?fit=4102%2C2848&ssl=1","jetpack_shortlink":"https:\/\/wp.me\/p7ljt7-Q2","jetpack-related-posts":[{"id":13241,"url":"https:\/\/www.entremundos.org\/revista\/politica\/crimen-de-estado-primera-sentencia\/","url_meta":{"origin":3226,"position":0},"title":"Crimen De Estado: Primera Sentencia\u00a0","author":"EntreMundos","date":"17 septiembre, 2025","format":false,"excerpt":"Por Carolina Escobar Sarti Durante el gobierno de Jimmy Morales se cometi\u00f3 un crimen de Estado. Fue el 8 de marzo de 2017, cuando 56 ni\u00f1as y adolescentes fueron colocadas, por horas, en un aula de 7 x 6.8 metros donde no hab\u00eda ni siquiera un ba\u00f1o. Despu\u00e9s del desayuno\u2026","rel":"","context":"En \u00abFrontPage\u00bb","block_context":{"text":"FrontPage","link":"https:\/\/www.entremundos.org\/revista\/category\/frontpage\/"},"img":{"alt_text":"","src":"https:\/\/i0.wp.com\/www.entremundos.org\/revista\/wp-content\/uploads\/2025\/09\/img66.jpg?fit=960%2C1200&ssl=1&resize=350%2C200","width":350,"height":200,"srcset":"https:\/\/i0.wp.com\/www.entremundos.org\/revista\/wp-content\/uploads\/2025\/09\/img66.jpg?fit=960%2C1200&ssl=1&resize=350%2C200 1x, https:\/\/i0.wp.com\/www.entremundos.org\/revista\/wp-content\/uploads\/2025\/09\/img66.jpg?fit=960%2C1200&ssl=1&resize=525%2C300 1.5x, https:\/\/i0.wp.com\/www.entremundos.org\/revista\/wp-content\/uploads\/2025\/09\/img66.jpg?fit=960%2C1200&ssl=1&resize=700%2C400 2x"},"classes":[]},{"id":12224,"url":"https:\/\/www.entremundos.org\/revista\/mujer\/derechos-sexuales-y-reproductivos-tema-pendiente-en-guatemala\/","url_meta":{"origin":3226,"position":1},"title":"Derechos sexuales y reproductivos; tema pendiente en Guatemala","author":"EntreMundos","date":"15 julio, 2024","format":false,"excerpt":"POR EMMA G\u00d3MEZ Seg\u00fan La Organizaci\u00f3n de las Naciones Unidas de los Derechos Humanos, (ONU-DH), los derechos sexuales y reproductivos est\u00e1n relacionados con la libertad de las personas a decidir sobre su sexualidad y el ejercicio libre de la misma. Algunos derechos pueden ser; ejercer la sexualidad de manera independiente\u2026","rel":"","context":"En \u00abFrontPage\u00bb","block_context":{"text":"FrontPage","link":"https:\/\/www.entremundos.org\/revista\/category\/frontpage\/"},"img":{"alt_text":"","src":"https:\/\/i0.wp.com\/www.entremundos.org\/revista\/wp-content\/uploads\/2024\/07\/444487166_750607893953803_8829963883492089519_n.jpg?fit=1200%2C1158&ssl=1&resize=350%2C200","width":350,"height":200,"srcset":"https:\/\/i0.wp.com\/www.entremundos.org\/revista\/wp-content\/uploads\/2024\/07\/444487166_750607893953803_8829963883492089519_n.jpg?fit=1200%2C1158&ssl=1&resize=350%2C200 1x, https:\/\/i0.wp.com\/www.entremundos.org\/revista\/wp-content\/uploads\/2024\/07\/444487166_750607893953803_8829963883492089519_n.jpg?fit=1200%2C1158&ssl=1&resize=525%2C300 1.5x, https:\/\/i0.wp.com\/www.entremundos.org\/revista\/wp-content\/uploads\/2024\/07\/444487166_750607893953803_8829963883492089519_n.jpg?fit=1200%2C1158&ssl=1&resize=700%2C400 2x, https:\/\/i0.wp.com\/www.entremundos.org\/revista\/wp-content\/uploads\/2024\/07\/444487166_750607893953803_8829963883492089519_n.jpg?fit=1200%2C1158&ssl=1&resize=1050%2C600 3x"},"classes":[]},{"id":13644,"url":"https:\/\/www.entremundos.org\/revista\/politica\/fortaleciendo-la-comunidad-desde-dentro-un-nuevo-capitulo-para-caras-alegres\/","url_meta":{"origin":3226,"position":2},"title":"Fortaleciendo la comunidad desde dentro: Un nuevo cap\u00edtulo para Caras Alegres","author":"EntreMundos","date":"4 abril, 2026","format":false,"excerpt":"POR VER\u00d3NICA DI MAGGIO Caras Alegres reabri\u00f3 sus puertas con una renovada claridad y enfoque estrat\u00e9gico. Despu\u00e9s de meses dedicados a la evaluaci\u00f3n y planificaci\u00f3n, este 2026 inicia no simplemente como un nuevo a\u00f1o operativo, sino como una expansi\u00f3n estructurada de nuestro impacto comunitario. El a\u00f1o pasado demostr\u00f3 que el\u2026","rel":"","context":"En \u00abFrontPage\u00bb","block_context":{"text":"FrontPage","link":"https:\/\/www.entremundos.org\/revista\/category\/frontpage\/"},"img":{"alt_text":"","src":"https:\/\/i0.wp.com\/www.entremundos.org\/revista\/wp-content\/uploads\/2026\/03\/633353323_1320877706749036_6826896970194983908_n.jpg?fit=1200%2C963&ssl=1&resize=350%2C200","width":350,"height":200,"srcset":"https:\/\/i0.wp.com\/www.entremundos.org\/revista\/wp-content\/uploads\/2026\/03\/633353323_1320877706749036_6826896970194983908_n.jpg?fit=1200%2C963&ssl=1&resize=350%2C200 1x, https:\/\/i0.wp.com\/www.entremundos.org\/revista\/wp-content\/uploads\/2026\/03\/633353323_1320877706749036_6826896970194983908_n.jpg?fit=1200%2C963&ssl=1&resize=525%2C300 1.5x, https:\/\/i0.wp.com\/www.entremundos.org\/revista\/wp-content\/uploads\/2026\/03\/633353323_1320877706749036_6826896970194983908_n.jpg?fit=1200%2C963&ssl=1&resize=700%2C400 2x, https:\/\/i0.wp.com\/www.entremundos.org\/revista\/wp-content\/uploads\/2026\/03\/633353323_1320877706749036_6826896970194983908_n.jpg?fit=1200%2C963&ssl=1&resize=1050%2C600 3x"},"classes":[]},{"id":12980,"url":"https:\/\/www.entremundos.org\/revista\/mujer\/el-otro-lado-del-viaje-sonado-detras-de-un-espacio-internacional\/","url_meta":{"origin":3226,"position":3},"title":"El otro lado del viaje so\u00f1ado; detr\u00e1s de un espacio internacional","author":"EntreMundos","date":"23 julio, 2025","format":false,"excerpt":"Por Adela Tuy Cuando la gente escucha \u2018Conferencias Internacionales\u2019 piensa en edificios lujosos, gente hablando en ingl\u00e9s, muchas fotos formales y muchos discursos bonitos; tambi\u00e9n en lo elegante de participar en una conferencia y ponerlo en tu curr\u00edculum vitae. Sin embargo, nadie les cuenta sobre lo que hay detr\u00e1s de\u2026","rel":"","context":"En \u00abCine\u00bb","block_context":{"text":"Cine","link":"https:\/\/www.entremundos.org\/revista\/category\/cine\/"},"img":{"alt_text":"","src":"https:\/\/i0.wp.com\/www.entremundos.org\/revista\/wp-content\/uploads\/2025\/07\/20241121_092407-143c-1.jpg?fit=1200%2C800&ssl=1&resize=350%2C200","width":350,"height":200,"srcset":"https:\/\/i0.wp.com\/www.entremundos.org\/revista\/wp-content\/uploads\/2025\/07\/20241121_092407-143c-1.jpg?fit=1200%2C800&ssl=1&resize=350%2C200 1x, https:\/\/i0.wp.com\/www.entremundos.org\/revista\/wp-content\/uploads\/2025\/07\/20241121_092407-143c-1.jpg?fit=1200%2C800&ssl=1&resize=525%2C300 1.5x, https:\/\/i0.wp.com\/www.entremundos.org\/revista\/wp-content\/uploads\/2025\/07\/20241121_092407-143c-1.jpg?fit=1200%2C800&ssl=1&resize=700%2C400 2x, https:\/\/i0.wp.com\/www.entremundos.org\/revista\/wp-content\/uploads\/2025\/07\/20241121_092407-143c-1.jpg?fit=1200%2C800&ssl=1&resize=1050%2C600 3x"},"classes":[]},{"id":10833,"url":"https:\/\/www.entremundos.org\/revista\/politica\/violencia-contra-las-mujeres-dominio-masculino-en-la-politica\/","url_meta":{"origin":3226,"position":4},"title":"Violencia contra las mujeres: dominio masculino en la pol\u00edtica","author":"EntreMundos","date":"29 mayo, 2023","format":false,"excerpt":"Silvia Lilian Trujillo La violencia pol\u00edtica es sistem\u00e1tica y permanente, se produce para inhibir, ralentizar o restringir la participaci\u00f3n pol\u00edtica de mujeres, en el marco de un sistema que se resiste a aceptar su igualdad de derechos. Mientras no se trabaje para acabar con esta violencia espec\u00edfica la calidad de\u2026","rel":"","context":"En \u00abFrontPage\u00bb","block_context":{"text":"FrontPage","link":"https:\/\/www.entremundos.org\/revista\/category\/frontpage\/"},"img":{"alt_text":"","src":"https:\/\/i0.wp.com\/www.entremundos.org\/revista\/wp-content\/uploads\/2023\/05\/000_16w772-1.jpg?fit=1200%2C799&ssl=1&resize=350%2C200","width":350,"height":200,"srcset":"https:\/\/i0.wp.com\/www.entremundos.org\/revista\/wp-content\/uploads\/2023\/05\/000_16w772-1.jpg?fit=1200%2C799&ssl=1&resize=350%2C200 1x, https:\/\/i0.wp.com\/www.entremundos.org\/revista\/wp-content\/uploads\/2023\/05\/000_16w772-1.jpg?fit=1200%2C799&ssl=1&resize=525%2C300 1.5x, https:\/\/i0.wp.com\/www.entremundos.org\/revista\/wp-content\/uploads\/2023\/05\/000_16w772-1.jpg?fit=1200%2C799&ssl=1&resize=700%2C400 2x, https:\/\/i0.wp.com\/www.entremundos.org\/revista\/wp-content\/uploads\/2023\/05\/000_16w772-1.jpg?fit=1200%2C799&ssl=1&resize=1050%2C600 3x"},"classes":[]},{"id":13250,"url":"https:\/\/www.entremundos.org\/revista\/politica\/pymes-migracion-y-el-reto-de-la-informalidad-en-guatemala-una-economia-que-resiste-desde-abajo\/","url_meta":{"origin":3226,"position":5},"title":"PYMES, migraci\u00f3n y el reto de la informalidad en Guatemala: Una econom\u00eda que resiste desde abajo","author":"EntreMundos","date":"17 septiembre, 2025","format":false,"excerpt":"Por Alexander Castillo Este art\u00edculo analiza el papel crucial que juegan las Peque\u00f1as y Medianas Empresas (PYMES) y la migraci\u00f3n en la econom\u00eda guatemalteca. Con base en datos actuales, se resalta que m\u00e1s del 90\u202f% de las empresas del pa\u00eds son peque\u00f1as o medianas, y que las remesas representan cerca\u2026","rel":"","context":"En \u00abFrontPage\u00bb","block_context":{"text":"FrontPage","link":"https:\/\/www.entremundos.org\/revista\/category\/frontpage\/"},"img":{"alt_text":"","src":"","width":0,"height":0},"classes":[]}],"jetpack_sharing_enabled":true,"_links":{"self":[{"href":"https:\/\/www.entremundos.org\/revista\/wp-json\/wp\/v2\/posts\/3226","targetHints":{"allow":["GET"]}}],"collection":[{"href":"https:\/\/www.entremundos.org\/revista\/wp-json\/wp\/v2\/posts"}],"about":[{"href":"https:\/\/www.entremundos.org\/revista\/wp-json\/wp\/v2\/types\/post"}],"author":[{"embeddable":true,"href":"https:\/\/www.entremundos.org\/revista\/wp-json\/wp\/v2\/users\/1"}],"replies":[{"embeddable":true,"href":"https:\/\/www.entremundos.org\/revista\/wp-json\/wp\/v2\/comments?post=3226"}],"version-history":[{"count":7,"href":"https:\/\/www.entremundos.org\/revista\/wp-json\/wp\/v2\/posts\/3226\/revisions"}],"predecessor-version":[{"id":3381,"href":"https:\/\/www.entremundos.org\/revista\/wp-json\/wp\/v2\/posts\/3226\/revisions\/3381"}],"wp:featuredmedia":[{"embeddable":true,"href":"https:\/\/www.entremundos.org\/revista\/wp-json\/wp\/v2\/media\/3230"}],"wp:attachment":[{"href":"https:\/\/www.entremundos.org\/revista\/wp-json\/wp\/v2\/media?parent=3226"}],"wp:term":[{"taxonomy":"category","embeddable":true,"href":"https:\/\/www.entremundos.org\/revista\/wp-json\/wp\/v2\/categories?post=3226"},{"taxonomy":"post_tag","embeddable":true,"href":"https:\/\/www.entremundos.org\/revista\/wp-json\/wp\/v2\/tags?post=3226"}],"curies":[{"name":"wp","href":"https:\/\/api.w.org\/{rel}","templated":true}]}}