{"id":3446,"date":"2017-09-15T16:05:07","date_gmt":"2017-09-16T00:05:07","guid":{"rendered":"http:\/\/www.entremundos.org\/revista\/?p=3446"},"modified":"2020-05-27T20:47:15","modified_gmt":"2020-05-28T04:47:15","slug":"las-iglesias-papel-poder-politico-economico-social-guatemala","status":"publish","type":"post","link":"https:\/\/www.entremundos.org\/revista\/uncategorized\/las-iglesias-papel-poder-politico-economico-social-guatemala\/","title":{"rendered":"Las iglesias y su poder pol\u00edtico, econ\u00f3mico y social en Guatemala"},"content":{"rendered":"<p>Por Diana Pastor<\/p>\n<p>En Guatemala, la religi\u00f3n constituye un aspecto fundamental en la vida de la mayor parte de los guatemaltecos, y aunque las tendencias religiosas han cambiado a trav\u00e9s del tiempo, son en la actualidad la iglesia cat\u00f3lica y la evang\u00e9lica quienes cuentan con el mayor n\u00famero de seguidores. Seg\u00fan un estudio de Pew Research Center del a\u00f1o 2014, el 50% de los guatemaltecos se declararon como cat\u00f3licos y un 41% como evang\u00e9licos. Tan s\u00f3lo un 3% de los entrevistados expres\u00f3 contar con una afinidad religiosa diferente a las religiones anteriores, y un 6% expres\u00f3 no tener afiliaci\u00f3n a ninguna iglesia.<\/p>\n<p>A partir de los datos anteriores, puede deducirse que tanto la iglesia cat\u00f3lica como la evang\u00e9lica representan dos grandes protagonistas en Guatemala, y que su fuerza y presencia territorial las ha convertido en entidades espirituales de notable importancia. No obstante, los hechos en la historia demuestran que ambas iglesias han desempe\u00f1ado adem\u00e1s de un rol evangelizador, un papel fundamental en situaciones pol\u00edticas, econ\u00f3micas y sociales. Revisaremos y analizaremos algunos ejemplos concretos en donde ambas iglesias han ejercido influencia positiva o negativa seg\u00fan los acontecimientos en donde han intervenido.<\/p>\n<p>27 de julio de 1981, Santiago Atitl\u00e1n, Guatemala. El sacerdote Stanley Rother es asesinado por el ej\u00e9rcito guatemalteco cuando hombres armados irrumpieron en su parroquia, en horas de la noche. Su asesinato, no constituir\u00eda un hecho aislado. Junto a \u00e9l, alrededor de otros 20 sacerdotes m\u00e1s ser\u00edan asesinados, y otros 200 abandonar\u00edan el pa\u00eds para ponerse a salvo. La guerra se le hab\u00eda declarado no s\u00f3lo a la guerrilla y a numerosas comunidades ind\u00edgenas, sino tambi\u00e9n a la iglesia cat\u00f3lica.<\/p>\n<figure id=\"attachment_3488\" aria-describedby=\"caption-attachment-3488\" style=\"width: 600px\" class=\"wp-caption aligncenter\"><a href=\"https:\/\/i0.wp.com\/www.entremundos.org\/revista\/wp-content\/uploads\/2017\/09\/stanleyrother.jpeg\"><img data-recalc-dims=\"1\" loading=\"lazy\" decoding=\"async\" class=\"wp-image-3488 size-full\" src=\"https:\/\/i0.wp.com\/www.entremundos.org\/revista\/wp-content\/uploads\/2017\/09\/stanleyrother.jpeg?resize=600%2C400\" alt=\"\" width=\"600\" height=\"400\" srcset=\"https:\/\/i0.wp.com\/www.entremundos.org\/revista\/wp-content\/uploads\/2017\/09\/stanleyrother.jpeg?w=600&amp;ssl=1 600w, https:\/\/i0.wp.com\/www.entremundos.org\/revista\/wp-content\/uploads\/2017\/09\/stanleyrother.jpeg?resize=300%2C200&amp;ssl=1 300w, https:\/\/i0.wp.com\/www.entremundos.org\/revista\/wp-content\/uploads\/2017\/09\/stanleyrother.jpeg?resize=335%2C223&amp;ssl=1 335w\" sizes=\"auto, (max-width: 600px) 100vw, 600px\" \/><\/a><figcaption id=\"caption-attachment-3488\" class=\"wp-caption-text\">Padre Stanley Rother.<\/figcaption><\/figure>\n<p>Sin embargo, no siempre la iglesia cat\u00f3lica fue considerada como un enemigo del Estado. Antes de la revoluci\u00f3n de 1944, la alta jerarqu\u00eda cat\u00f3lica ostent\u00f3 un amplio poder p\u00fablico, tal como lo expresa Edelberto Torres Rivas en su art\u00edculo<em> La Restauraci\u00f3n Conservadora: Rafael Carrera y el destino del Estado nacional en Guatemala. <\/em>Torres explica: \u201cLa Iglesia fue una gran propietaria de haciendas, ganado, casas y otras riquezas, al punto que era la mayor propietaria de esclavos\u201d. \u00a0Por ello, no fue casualidad que durante los a\u00f1os de la revoluci\u00f3n, la iglesia cat\u00f3lica viera limitados sus privilegios, y de ah\u00ed que apoyaran la contrarrevoluci\u00f3n haciendo recomendaciones sobre la necesidad de eliminar al gobierno de Jacobo \u00c1rbenz, a quien acusaron de ser comunista.<\/p>\n<p>La posici\u00f3n de la iglesia pronto dar\u00eda un giro ideol\u00f3gico inesperado con la llegada de la teolog\u00eda de la liberaci\u00f3n y los conflictos armados, no s\u00f3lo en Guatemala sino en otros pa\u00edses de Am\u00e9rica Latina. El papel de la iglesia cat\u00f3lica pas\u00f3 de ser conservador y pasivo a promover la reivindicaci\u00f3n del sector ind\u00edgena, de los pobres y los marginados. La educaci\u00f3n, la alfabetizaci\u00f3n y la organizaci\u00f3n fueron elementos importantes en el quehacer de muchos religiosos cat\u00f3licos en comunidades mayas pobres. Por su defensa a los derechos humanos y su apoyo y protecci\u00f3n a los perseguidos por el ej\u00e9rcito, muchos sacerdotes fueron asesinados (como el caso de Rother) y la teolog\u00eda de la liberaci\u00f3n fue considerada sin\u00f3nimo de revoluci\u00f3n y subversi\u00f3n.<\/p>\n<p>Durante este proceso de persecuci\u00f3n hacia fieles y sacerdotes cat\u00f3licos, las iglesias evang\u00e9licas adquirieron mayor protagonismo en Guatemala, elevando su porcentaje de seguidores de un 19.10% a un 30%. Para muchos sobrevivientes de la guerra, los beneficios que dichos movimientos evang\u00e9licos les prove\u00edan frente a su situaci\u00f3n de pobreza y persecuci\u00f3n fueron motivos suficientes para convertirse de cat\u00f3licos a evang\u00e9licos.<\/p>\n<figure id=\"attachment_3490\" aria-describedby=\"caption-attachment-3490\" style=\"width: 160px\" class=\"wp-caption alignleft\"><a href=\"https:\/\/i0.wp.com\/www.entremundos.org\/revista\/wp-content\/uploads\/2017\/09\/protestantismo_en_guatemala.jpg\"><img data-recalc-dims=\"1\" loading=\"lazy\" decoding=\"async\" class=\"wp-image-3490 size-full\" src=\"https:\/\/i0.wp.com\/www.entremundos.org\/revista\/wp-content\/uploads\/2017\/09\/protestantismo_en_guatemala.jpg?resize=160%2C240\" alt=\"\" width=\"160\" height=\"240\" \/><\/a><figcaption id=\"caption-attachment-3490\" class=\"wp-caption-text\">En el libro <em>Protestantismo en Guatemala<\/em>, Garrard-Burnett explica que las iglesias evang\u00e9licas usaron sus conexiones con iglesias en Estados Unidos para financiar proyectos de desarrollo y conversi\u00f3n despu\u00e9s del terremoto de 1976.<\/figcaption><\/figure>\n<p>Otra de las razones por las cuales las personas sintieron una relaci\u00f3n m\u00e1s personal con la iglesia evang\u00e9lica, a diferencia de la iglesia cat\u00f3lica, fue la simplicidad en cuanto a la adquisici\u00f3n de liderazgos, pues no se necesitaba ser un sacerdote reconocido para convertirse en dirigentes de la iglesia. Personas sin trayectoria pod\u00edan convertirse en pastores, de manera que el poder estaba m\u00e1s al alcance de la mano y la teolog\u00eda de la prosperidad (en la cual est\u00e1n basadas varias iglesias evang\u00e9licas) encontr\u00f3 tierra f\u00e9rtil para su florecimiento a medida que el sistema de vida capitalista fue estableci\u00e9ndose cada vez m\u00e1s en Guatemala.<\/p>\n<p>La teolog\u00eda de la prosperidad promueve un estilo de vida donde el bienestar financiero individual, el \u00e9xito y el reconocimiento son elementos importantes para vivir bien. Ejemplo de ello es la construcci\u00f3n de mega iglesias, o la cuantiosa cantidad de diezmos, cuyos fines o paraderos son raramente cuestionados, y cuentan con una m\u00ednima o inexistente fiscalizaci\u00f3n por parte del gobierno. En realidad no existe un control para evidenciar que el dinero se maneja de forma\u00a0 transparente, y la administraci\u00f3n de estos fondos queda exclusivamente en manos de los pastores o l\u00edderes de las iglesias, quienes manejan -o no- el dinero a beneficios de sus fieles.<\/p>\n<p>El m\u00e1s reciente caso de lavado de dinero por medio de la fe, es el de Efra\u00edn Avelar, hijo del pastor Efr\u00edan Avelar, ex dirigente de la iglesia Bethania en Quetzaltenango y acusado de fraude fiscal por medio de una empresa que funcionaba dentro de esa iglesia, demostrando as\u00ed que existe la oportunidad de cometer hechos il\u00edcitos por el poco control de los ingresos que reciben las iglesias. Por el momento, Avelar, a\u00fan se encuentra pr\u00f3fugo de la justicia.<\/p>\n<p>A pesar de lo anterior, la iglesia evang\u00e9lica ha sido fundamental para cambiar la vida de varias personas al encontrar por medio de ella \u201csanidad, consuelo y liberaci\u00f3n\u201d, mejorando as\u00ed sus relaciones personales, familiares y sociales, ya que el pertenecer a la iglesia evang\u00e9lica ha supuesto una reinserci\u00f3n en la sociedad. Por ejemplo, la reducci\u00f3n del problema del alcoholismo tiene una estrecha relaci\u00f3n con la conversi\u00f3n de personas a la religi\u00f3n evang\u00e9lica. En una conversaci\u00f3n con un dirigente de uno de los grupos de Alcoh\u00f3licos An\u00f3nimos (AA) en Quetzaltenango, \u00e9ste manifest\u00f3 que la mayor parte de personas que se acercaron a dicho grupo lo hicieron posterior a integrarse a una iglesia evang\u00e9lica.<\/p>\n<p>Lo anterior demuestra que el grupo de AA se utiliz\u00f3 como un complemento para dejar la adicci\u00f3n al alcohol, y que, en la mayor\u00eda de casos, la voluntad de dejar el alcoholismo no habr\u00eda estado presente de no haberse involucrado en la iglesia. Lo mismo ha ocurrido con ex pandilleros, quienes, seg\u00fan sus testimonios, el acercarse a Dios a trav\u00e9s de grupos evang\u00e9licos, tuvieron una oportunidad para dejar estos grupos criminales.<\/p>\n<p>Uno de los \u00faltimos temas en donde tanto la iglesia evang\u00e9lica como cat\u00f3lica se han involucrado y han ejercido influencia es la discusi\u00f3n sobre la planificaci\u00f3n familiar y la educaci\u00f3n sexual en Guatemala. En el a\u00f1o 2005, el Cardenal Rodolfo Quezada Toru\u00f1o se pronunci\u00f3 en contra de la Ley de acceso universal y equitativo de servicios de planificaci\u00f3n familiar y su integraci\u00f3n en el programa nacional de salud reproductivo. La ley fue vetada algunos d\u00edas despu\u00e9s, lo que supuso la p\u00e9rdida de una oportunidad para controlar la explosi\u00f3n demogr\u00e1fica guatemalteca de los \u00faltimos a\u00f1os.<\/p>\n<p><a href=\"https:\/\/i0.wp.com\/www.entremundos.org\/revista\/wp-content\/uploads\/2017\/09\/efrainavelar.jpg\"><img data-recalc-dims=\"1\" loading=\"lazy\" decoding=\"async\" class=\"wp-image-3486 aligncenter\" src=\"https:\/\/i0.wp.com\/www.entremundos.org\/revista\/wp-content\/uploads\/2017\/09\/efrainavelar.jpg?resize=381%2C256\" alt=\"\" width=\"381\" height=\"256\" srcset=\"https:\/\/i0.wp.com\/www.entremundos.org\/revista\/wp-content\/uploads\/2017\/09\/efrainavelar.jpg?w=350&amp;ssl=1 350w, https:\/\/i0.wp.com\/www.entremundos.org\/revista\/wp-content\/uploads\/2017\/09\/efrainavelar.jpg?resize=300%2C201&amp;ssl=1 300w, https:\/\/i0.wp.com\/www.entremundos.org\/revista\/wp-content\/uploads\/2017\/09\/efrainavelar.jpg?resize=335%2C225&amp;ssl=1 335w\" sizes=\"auto, (max-width: 381px) 100vw, 381px\" \/><\/a><\/p>\n<p>Lo mismo ocurri\u00f3 tambi\u00e9n durante el 2016 y principios de este a\u00f1o, cuando tanto la Conferencia Episcopal de Guatemala CEG como la Alianza Evang\u00e9lica demostraros su rechazo a la iniciativa de la Ley de la Juventud, la cual promueve y garantiza a los j\u00f3venes una salud integral y diferenciada, as\u00ed como educaci\u00f3n integral en sexualidad. Ambos grupos calificaron de peligrosa la iniciativa, promotora del libertinaje y un retroceso para el del\u00a0desarrollo en el pa\u00eds.<\/p>\n<p>No cabe duda de que la participaci\u00f3n de dichas iglesias no se ha limitado al terreno de lo espiritual y ambas han ejercido influencia de manera social, pol\u00edtica y econ\u00f3mica en la vida de los guatemaltecos. Su intervenci\u00f3n depende y seguir\u00e1 dependiendo del control y autoridad que la poblaci\u00f3n les conceda, as\u00ed como de la regulaci\u00f3n e importancia que el Estado les brinde a sus pronunciamientos en cuanto a las decisiones que se tomen en Guatemala.<\/p>\n<h5>Foto de portada: Iglesia en San Pedro la Laguna, Solol\u00e1. Foto por Murray Foubister.<\/h5>\n","protected":false},"excerpt":{"rendered":"<p>Por Diana Pastor En Guatemala, la religi\u00f3n constituye un aspecto fundamental en la vida de la mayor parte de los guatemaltecos, y aunque las tendencias religiosas han cambiado a trav\u00e9s del tiempo, son en la actualidad la iglesia cat\u00f3lica y la evang\u00e9lica quienes cuentan con el mayor n\u00famero de seguidores. Seg\u00fan un estudio de Pew [&hellip;]<\/p>\n","protected":false},"author":1,"featured_media":3447,"comment_status":"closed","ping_status":"closed","sticky":false,"template":"","format":"standard","meta":{"_exactmetrics_skip_tracking":false,"_exactmetrics_sitenote_active":false,"_exactmetrics_sitenote_note":"","_exactmetrics_sitenote_category":0,"jetpack_post_was_ever_published":false,"_jetpack_newsletter_access":"","_jetpack_dont_email_post_to_subs":false,"_jetpack_newsletter_tier_id":0,"_jetpack_memberships_contains_paywalled_content":false,"_jetpack_memberships_contains_paid_content":false,"footnotes":""},"categories":[404,454,378,1],"tags":[1033,1037,1034,65,1023,1032,1024,1025,1036,1035],"class_list":["post-3446","post","type-post","status-publish","format-standard","has-post-thumbnail","hentry","category-figuras-publicas","category-pagetwo","category-politica","category-uncategorized","tag-conversion","tag-efrain-avelar","tag-evangelicas","tag-guatemala","tag-iglesia","tag-iglesia-catolica","tag-poder","tag-religion","tag-rother","tag-stanley-rother"],"jetpack_featured_media_url":"https:\/\/i0.wp.com\/www.entremundos.org\/revista\/wp-content\/uploads\/2017\/09\/murray-foubister.jpg?fit=2048%2C1365&ssl=1","jetpack_shortlink":"https:\/\/wp.me\/p7ljt7-TA","jetpack-related-posts":[{"id":12734,"url":"https:\/\/www.entremundos.org\/revista\/politica\/deportacion-desinformacion-y-desafio-el-impacto-global-de-la-agenda-migratoria-de-trump\/","url_meta":{"origin":3446,"position":0},"title":"Deportaci\u00f3n, desinformaci\u00f3n y desaf\u00edo: El impacto global de la agenda migratoria de Trump","author":"EntreMundos","date":"17 marzo, 2025","format":false,"excerpt":"POR PATRICIA SCHWARTZ Unas 60 personas se sientan en un c\u00edrculo de sillas plegables un jueves por la noche en Tucson, Arizona, una ciudad estadounidense a una hora de la frontera con M\u00e9xico. La reuni\u00f3n semanal de la Coalici\u00f3n de Derechos Humanos se lleva a cabo en gran parte, en\u2026","rel":"","context":"En \u00abFrontPage\u00bb","block_context":{"text":"FrontPage","link":"https:\/\/www.entremundos.org\/revista\/category\/frontpage\/"},"img":{"alt_text":"","src":"https:\/\/i0.wp.com\/www.entremundos.org\/revista\/wp-content\/uploads\/2025\/03\/475088469_3067398756762538_3045668992826805668_n.jpg?fit=1100%2C666&ssl=1&resize=350%2C200","width":350,"height":200,"srcset":"https:\/\/i0.wp.com\/www.entremundos.org\/revista\/wp-content\/uploads\/2025\/03\/475088469_3067398756762538_3045668992826805668_n.jpg?fit=1100%2C666&ssl=1&resize=350%2C200 1x, https:\/\/i0.wp.com\/www.entremundos.org\/revista\/wp-content\/uploads\/2025\/03\/475088469_3067398756762538_3045668992826805668_n.jpg?fit=1100%2C666&ssl=1&resize=525%2C300 1.5x, https:\/\/i0.wp.com\/www.entremundos.org\/revista\/wp-content\/uploads\/2025\/03\/475088469_3067398756762538_3045668992826805668_n.jpg?fit=1100%2C666&ssl=1&resize=700%2C400 2x, https:\/\/i0.wp.com\/www.entremundos.org\/revista\/wp-content\/uploads\/2025\/03\/475088469_3067398756762538_3045668992826805668_n.jpg?fit=1100%2C666&ssl=1&resize=1050%2C600 3x"},"classes":[]},{"id":12488,"url":"https:\/\/www.entremundos.org\/revista\/politica\/de-la-lucha-a-la-agricultura-en-las-montanas-de-guatemala\/","url_meta":{"origin":3446,"position":1},"title":"De la lucha a la agricultura en las monta\u00f1as de Guatemala","author":"EntreMundos","date":"13 noviembre, 2024","format":false,"excerpt":"POR JONATHAN LOTT A la sombra de las monta\u00f1as selv\u00e1ticas de Guatemala, anta\u00f1o cargadas del espectro del conflicto, el olor del caf\u00e9 flota en el aire. Una generaci\u00f3n despu\u00e9s del hist\u00f3rico acuerdo de paz que puso fin a la guerra civil guatemalteca (1960-1996), decenas de exguerrilleros trabajan ahora la tierra\u2026","rel":"","context":"En \u00abFrontPage\u00bb","block_context":{"text":"FrontPage","link":"https:\/\/www.entremundos.org\/revista\/category\/frontpage\/"},"img":{"alt_text":"","src":"https:\/\/i0.wp.com\/www.entremundos.org\/revista\/wp-content\/uploads\/2024\/11\/anita2-e1731543808410.jpg?fit=910%2C671&ssl=1&resize=350%2C200","width":350,"height":200,"srcset":"https:\/\/i0.wp.com\/www.entremundos.org\/revista\/wp-content\/uploads\/2024\/11\/anita2-e1731543808410.jpg?fit=910%2C671&ssl=1&resize=350%2C200 1x, https:\/\/i0.wp.com\/www.entremundos.org\/revista\/wp-content\/uploads\/2024\/11\/anita2-e1731543808410.jpg?fit=910%2C671&ssl=1&resize=525%2C300 1.5x, https:\/\/i0.wp.com\/www.entremundos.org\/revista\/wp-content\/uploads\/2024\/11\/anita2-e1731543808410.jpg?fit=910%2C671&ssl=1&resize=700%2C400 2x"},"classes":[]},{"id":11407,"url":"https:\/\/www.entremundos.org\/revista\/politica\/del-papel-a-la-pantalla\/","url_meta":{"origin":3446,"position":2},"title":"Del papel a la pantalla","author":"EntreMundos","date":"10 noviembre, 2023","format":false,"excerpt":"POR EMMA G\u00d3MEZ Dos pa\u00edses golpeados por la corrupci\u00f3n, violaci\u00f3n de los derechos humanos, injusticias, persecuciones y despojos, por mencionar algunos de los males que tienen en com\u00fan Guatemala y El Salvador. El proyecto, Del Papel a la Pantalla, presenta dos propuestas visuales para reflexionar sobre la educaci\u00f3n sexual y\u2026","rel":"","context":"En \u00abAccion Comunitaria\u00bb","block_context":{"text":"Accion Comunitaria","link":"https:\/\/www.entremundos.org\/revista\/category\/politica\/accion-comunitaria-3\/"},"img":{"alt_text":"","src":"https:\/\/i0.wp.com\/www.entremundos.org\/revista\/wp-content\/uploads\/2023\/11\/whatsapp-image-2023-10-23-at-9.54.45-am-2.jpeg?fit=1200%2C800&ssl=1&resize=350%2C200","width":350,"height":200,"srcset":"https:\/\/i0.wp.com\/www.entremundos.org\/revista\/wp-content\/uploads\/2023\/11\/whatsapp-image-2023-10-23-at-9.54.45-am-2.jpeg?fit=1200%2C800&ssl=1&resize=350%2C200 1x, https:\/\/i0.wp.com\/www.entremundos.org\/revista\/wp-content\/uploads\/2023\/11\/whatsapp-image-2023-10-23-at-9.54.45-am-2.jpeg?fit=1200%2C800&ssl=1&resize=525%2C300 1.5x, https:\/\/i0.wp.com\/www.entremundos.org\/revista\/wp-content\/uploads\/2023\/11\/whatsapp-image-2023-10-23-at-9.54.45-am-2.jpeg?fit=1200%2C800&ssl=1&resize=700%2C400 2x, https:\/\/i0.wp.com\/www.entremundos.org\/revista\/wp-content\/uploads\/2023\/11\/whatsapp-image-2023-10-23-at-9.54.45-am-2.jpeg?fit=1200%2C800&ssl=1&resize=1050%2C600 3x"},"classes":[]},{"id":13250,"url":"https:\/\/www.entremundos.org\/revista\/politica\/pymes-migracion-y-el-reto-de-la-informalidad-en-guatemala-una-economia-que-resiste-desde-abajo\/","url_meta":{"origin":3446,"position":3},"title":"PYMES, migraci\u00f3n y el reto de la informalidad en Guatemala: Una econom\u00eda que resiste desde abajo","author":"EntreMundos","date":"17 septiembre, 2025","format":false,"excerpt":"Por Alexander Castillo Este art\u00edculo analiza el papel crucial que juegan las Peque\u00f1as y Medianas Empresas (PYMES) y la migraci\u00f3n en la econom\u00eda guatemalteca. Con base en datos actuales, se resalta que m\u00e1s del 90\u202f% de las empresas del pa\u00eds son peque\u00f1as o medianas, y que las remesas representan cerca\u2026","rel":"","context":"En \u00abFrontPage\u00bb","block_context":{"text":"FrontPage","link":"https:\/\/www.entremundos.org\/revista\/category\/frontpage\/"},"img":{"alt_text":"","src":"","width":0,"height":0},"classes":[]},{"id":704,"url":"https:\/\/www.entremundos.org\/revista\/uncategorized-es\/resumen-de-la-edicion-cambio-climatico\/","url_meta":{"origin":3446,"position":4},"title":"Cambio Clim\u00e1tico &#8211; Resumen de la Edici\u00f3n","author":"EntreMundos","date":"8 mayo, 2015","format":false,"excerpt":"En estas p\u00e1ginas, varios expertos explican como el cambio clim\u00e1tico est\u00e1 afectando a Guatemala y que es lo que el futuro depara. El a\u00f1o pasado durante la temporada de lluvia hubo 45 d\u00edas de sequ\u00eda, lo que caus\u00f3 una crisis humanitaria.\u00a0 Como siempre los m\u00e1s afectados por el desastre medioambiental\u2026","rel":"","context":"En \u00abUncategorized\u00bb","block_context":{"text":"Uncategorized","link":"https:\/\/www.entremundos.org\/revista\/category\/uncategorized-es\/"},"img":{"alt_text":"","src":"https:\/\/i0.wp.com\/www.entremundos.org\/revista\/wp-content\/uploads\/2015\/05\/nota-editor-the-behive-collective-poster-500-years.jpg?fit=600%2C398&ssl=1&resize=350%2C200","width":350,"height":200,"srcset":"https:\/\/i0.wp.com\/www.entremundos.org\/revista\/wp-content\/uploads\/2015\/05\/nota-editor-the-behive-collective-poster-500-years.jpg?fit=600%2C398&ssl=1&resize=350%2C200 1x, https:\/\/i0.wp.com\/www.entremundos.org\/revista\/wp-content\/uploads\/2015\/05\/nota-editor-the-behive-collective-poster-500-years.jpg?fit=600%2C398&ssl=1&resize=525%2C300 1.5x"},"classes":[]},{"id":11617,"url":"https:\/\/www.entremundos.org\/revista\/mujer\/la-cultura-es-lo-que-en-la-muerte-continua-siendo-la-vida\/","url_meta":{"origin":3446,"position":5},"title":"\u201cLa Cultura es lo que, en la muerte, contin\u00faa siendo la vida\u201d","author":"EntreMundos","date":"19 enero, 2024","format":false,"excerpt":"POR PATRICIA MIRALB\u00c9S \u00bfTe has preguntado alguna vez por qu\u00e9 un grupo social se comporta de cierta manera? \u00bfDe d\u00f3nde vienen las creencias que te inculcan desde peque\u00f1o? Todo esto tiene que ver con la cultura del lugar en donde vivimos. La cultura es la base de la construcci\u00f3n de\u2026","rel":"","context":"En \u00abCultura\u00bb","block_context":{"text":"Cultura","link":"https:\/\/www.entremundos.org\/revista\/category\/cultura\/"},"img":{"alt_text":"","src":"https:\/\/i0.wp.com\/www.entremundos.org\/revista\/wp-content\/uploads\/2024\/01\/whatsapp-image-2023-12-13-at-6.59.10-pm-1.jpeg?fit=1200%2C800&ssl=1&resize=350%2C200","width":350,"height":200,"srcset":"https:\/\/i0.wp.com\/www.entremundos.org\/revista\/wp-content\/uploads\/2024\/01\/whatsapp-image-2023-12-13-at-6.59.10-pm-1.jpeg?fit=1200%2C800&ssl=1&resize=350%2C200 1x, https:\/\/i0.wp.com\/www.entremundos.org\/revista\/wp-content\/uploads\/2024\/01\/whatsapp-image-2023-12-13-at-6.59.10-pm-1.jpeg?fit=1200%2C800&ssl=1&resize=525%2C300 1.5x, https:\/\/i0.wp.com\/www.entremundos.org\/revista\/wp-content\/uploads\/2024\/01\/whatsapp-image-2023-12-13-at-6.59.10-pm-1.jpeg?fit=1200%2C800&ssl=1&resize=700%2C400 2x, https:\/\/i0.wp.com\/www.entremundos.org\/revista\/wp-content\/uploads\/2024\/01\/whatsapp-image-2023-12-13-at-6.59.10-pm-1.jpeg?fit=1200%2C800&ssl=1&resize=1050%2C600 3x"},"classes":[]}],"jetpack_sharing_enabled":true,"_links":{"self":[{"href":"https:\/\/www.entremundos.org\/revista\/wp-json\/wp\/v2\/posts\/3446","targetHints":{"allow":["GET"]}}],"collection":[{"href":"https:\/\/www.entremundos.org\/revista\/wp-json\/wp\/v2\/posts"}],"about":[{"href":"https:\/\/www.entremundos.org\/revista\/wp-json\/wp\/v2\/types\/post"}],"author":[{"embeddable":true,"href":"https:\/\/www.entremundos.org\/revista\/wp-json\/wp\/v2\/users\/1"}],"replies":[{"embeddable":true,"href":"https:\/\/www.entremundos.org\/revista\/wp-json\/wp\/v2\/comments?post=3446"}],"version-history":[{"count":8,"href":"https:\/\/www.entremundos.org\/revista\/wp-json\/wp\/v2\/posts\/3446\/revisions"}],"predecessor-version":[{"id":6692,"href":"https:\/\/www.entremundos.org\/revista\/wp-json\/wp\/v2\/posts\/3446\/revisions\/6692"}],"wp:featuredmedia":[{"embeddable":true,"href":"https:\/\/www.entremundos.org\/revista\/wp-json\/wp\/v2\/media\/3447"}],"wp:attachment":[{"href":"https:\/\/www.entremundos.org\/revista\/wp-json\/wp\/v2\/media?parent=3446"}],"wp:term":[{"taxonomy":"category","embeddable":true,"href":"https:\/\/www.entremundos.org\/revista\/wp-json\/wp\/v2\/categories?post=3446"},{"taxonomy":"post_tag","embeddable":true,"href":"https:\/\/www.entremundos.org\/revista\/wp-json\/wp\/v2\/tags?post=3446"}],"curies":[{"name":"wp","href":"https:\/\/api.w.org\/{rel}","templated":true}]}}