{"id":3450,"date":"2017-09-15T16:37:09","date_gmt":"2017-09-16T00:37:09","guid":{"rendered":"http:\/\/www.entremundos.org\/revista\/?p=3450"},"modified":"2017-10-13T13:57:01","modified_gmt":"2017-10-13T21:57:01","slug":"participacion-ciudadana-nivel-local-imprescindible-la-democracia","status":"publish","type":"post","link":"https:\/\/www.entremundos.org\/revista\/uncategorized\/participacion-ciudadana-nivel-local-imprescindible-la-democracia\/","title":{"rendered":"Participaci\u00f3n ciudadana a nivel local: Imprescindible para la democracia"},"content":{"rendered":"<blockquote><p>Hay que pasar de una ilusi\u00f3n de democracia reducida al voto electoral a una democracia verdadera basada en una ciudadan\u00eda activa y responsable.<\/p><\/blockquote>\n<h5><\/h5>\n<h5><em>Piensa global, act\u00faa localmente, la localidad es el entorno real. &#8211;\u00a0<\/em>Christie<\/h5>\n<p>Por Lila Icks<\/p>\n<p>El siglo XXI se ha caracterizado por los distintos cambios pol\u00edticos y sociales consecuencia de los procesos de participaci\u00f3n y lucha por el reconocimiento de los derechos de la ciudadan\u00eda.<\/p>\n<p>Estos cambios promueven el paso de una ilusi\u00f3n de democracia reducida al voto electoral hacia una democracia m\u00e1s profunda, basada en una ciudadan\u00eda activa y responsable: una ciudadan\u00eda conocedora de sus derechos, que se involucra y participa en los \u00e1mbitos pol\u00edticos, sociales, econ\u00f3micos y culturales que ata\u00f1en a la sociedad y su entorno.<\/p>\n<p>Esta ciudadan\u00eda participativa generar\u00eda mayor capacidad de influencia en la toma de decisiones \u2013considerando que se toman las decisiones en las c\u00fapulas de poder pol\u00edtico y econ\u00f3mico-.<\/p>\n<p>Para que todo lo anterior pueda ser una realidad, es importante que la ciudadan\u00eda tenga conocimiento y haga uso de los espacios p\u00fablicos para su participaci\u00f3n. Como bien dice Chantal Mouff\u00e9, una ciudadan\u00eda activa pasa por la recuperaci\u00f3n del espacio pol\u00edtico por parte de las y los ciudadanos, e implica una redefinici\u00f3n de lo que constituye la esfera p\u00fablica, as\u00ed como la de los modelos alternativos de participaci\u00f3n para que vayan m\u00e1s all\u00e1 de la representatividad.<\/p>\n<p>Aunque hist\u00f3ricamente la centralizaci\u00f3n econ\u00f3mica y pol\u00edtica ha sido un factor predominante en la estructura social, es de suma importancia reconocer la vitalidad de la participaci\u00f3n ciudadana dentro de los escenarios sociopol\u00edticos y econ\u00f3micos de Guatemala, si realmente se desea influir en los procesos de cambio necesarios para la administraci\u00f3n p\u00fablica; sobre todo, en la gesti\u00f3n del poder local, entendiendo que es este el m\u00e1s importante para aumentar la incidencia.<\/p>\n<p>Los actores locales deben ser entonces, agentes activos para la demanda y ejecuci\u00f3n de planes que promuevan primeramente, una mayor interdependencia e interconexi\u00f3n entre las autoridades y la sociedad a nivel local-municipal, para que consecuentemente, sea tambi\u00e9n promovida a nivel nacional. En este punto, es importante hacer referencia a los art\u00edculos 119 literal (b) y 224 de la Constituci\u00f3n Pol\u00edtica de la Rep\u00fablica de Guatemala, que plantean la promoci\u00f3n sist\u00e9mica de la descentralizaci\u00f3n econ\u00f3mica y administrativa como medio de crecimiento integral para el pa\u00eds. Por ende, la participaci\u00f3n ciudadana es un tema esencial que se vincula con los procesos democr\u00e1ticos y se constituye como un mecanismo pol\u00edtico para la generaci\u00f3n de procesos de integraci\u00f3n social y desarrollo local.<\/p>\n<p>Es as\u00ed como el ciudadano, siendo consciente de la importancia de la \u201cparticipaci\u00f3n ciudadana\u201d y su rol como sujeto social activo para la transformaci\u00f3n del espacio local en un espacio p\u00fablico, contribuye a la generaci\u00f3n de condiciones para la consolidaci\u00f3n de una gobernabilidad democr\u00e1tica, la cual requiere espec\u00edficamente que la poblaci\u00f3n intervenga en las actividades p\u00fablicas representando intereses particulares (no individuales) y ejerciendo en primer t\u00e9rmino como dice Alicia Ziccardi \u201cen el \u00e1mbito de lo cotidiano y en el espacio local que es donde se da mayor proximidad entre autoridades y ciudadanos\u201d.<\/p>\n<p>Concluyo, motivando al ciudadano guatemalteco a ser ese sujeto activo de transformaci\u00f3n consciente, responsable y con amor hacia Guatemala \u201cpa\u00eds de la eterna primavera\u201d. Limitarse a juzgar menos y actuar m\u00e1s, a tomar parte en la gesti\u00f3n de lo colectivo. Personalmente, seguir\u00e9 creyendo fervientemente que Guatemala prosperar\u00e1.<\/p>\n<p>Foto de portada: Protesta del 20 de Septiembre de 2017 en la Cuesta Blanca de Xela.<\/p>\n<hr \/>\n<p><em><a href=\"https:\/\/i0.wp.com\/www.entremundos.org\/revista\/wp-content\/uploads\/2017\/09\/lila_icks.jpg\"><img data-recalc-dims=\"1\" loading=\"lazy\" decoding=\"async\" class=\"wp-image-3518 alignleft\" src=\"https:\/\/i0.wp.com\/www.entremundos.org\/revista\/wp-content\/uploads\/2017\/09\/lila_icks-898x1024.jpg?resize=114%2C130\" alt=\"\" width=\"114\" height=\"130\" srcset=\"https:\/\/i0.wp.com\/www.entremundos.org\/revista\/wp-content\/uploads\/2017\/09\/lila_icks.jpg?resize=898%2C1024&amp;ssl=1 898w, https:\/\/i0.wp.com\/www.entremundos.org\/revista\/wp-content\/uploads\/2017\/09\/lila_icks.jpg?resize=263%2C300&amp;ssl=1 263w, https:\/\/i0.wp.com\/www.entremundos.org\/revista\/wp-content\/uploads\/2017\/09\/lila_icks.jpg?resize=768%2C876&amp;ssl=1 768w, https:\/\/i0.wp.com\/www.entremundos.org\/revista\/wp-content\/uploads\/2017\/09\/lila_icks.jpg?resize=335%2C382&amp;ssl=1 335w, https:\/\/i0.wp.com\/www.entremundos.org\/revista\/wp-content\/uploads\/2017\/09\/lila_icks.jpg?resize=1050%2C1197&amp;ssl=1 1050w, https:\/\/i0.wp.com\/www.entremundos.org\/revista\/wp-content\/uploads\/2017\/09\/lila_icks.jpg?w=1700&amp;ssl=1 1700w, https:\/\/i0.wp.com\/www.entremundos.org\/revista\/wp-content\/uploads\/2017\/09\/lila_icks.jpg?w=1280&amp;ssl=1 1280w\" sizes=\"auto, (max-width: 114px) 100vw, 114px\" \/><\/a><\/em><\/p>\n<p><em>Lila Icks es Internacionalista, politologa y coordinadora del programa de voluntarios en Entremundos.<\/em><\/p>\n<p>&nbsp;<\/p>\n","protected":false},"excerpt":{"rendered":"<p>Hay que pasar de una ilusi\u00f3n de democracia reducida al voto electoral a una democracia verdadera basada en una ciudadan\u00eda activa y responsable. Piensa global, act\u00faa localmente, la localidad es el entorno real. &#8211;\u00a0Christie Por Lila Icks El siglo XXI se ha caracterizado por los distintos cambios pol\u00edticos y sociales consecuencia de los procesos de [&hellip;]<\/p>\n","protected":false},"author":1,"featured_media":3470,"comment_status":"closed","ping_status":"closed","sticky":false,"template":"","format":"standard","meta":{"_exactmetrics_skip_tracking":false,"_exactmetrics_sitenote_active":false,"_exactmetrics_sitenote_note":"","_exactmetrics_sitenote_category":0,"jetpack_post_was_ever_published":false,"_jetpack_newsletter_access":"","_jetpack_dont_email_post_to_subs":false,"_jetpack_newsletter_tier_id":0,"_jetpack_memberships_contains_paywalled_content":false,"_jetpack_memberships_contains_paid_content":false,"footnotes":""},"categories":[402,452,1],"tags":[],"class_list":["post-3450","post","type-post","status-publish","format-standard","has-post-thumbnail","hentry","category-accion-comunitaria-3","category-frontpage","category-uncategorized"],"jetpack_featured_media_url":"https:\/\/i0.wp.com\/www.entremundos.org\/revista\/wp-content\/uploads\/2017\/09\/dkl4fmfxcauy0eg.jpg?fit=1136%2C925&ssl=1","jetpack_shortlink":"https:\/\/wp.me\/p7ljt7-TE","jetpack-related-posts":[{"id":13649,"url":"https:\/\/www.entremundos.org\/revista\/politica\/la-urgencia-de-comprender-la-historia-y-sus-lecciones\/","url_meta":{"origin":3450,"position":0},"title":"La urgencia de comprender la historia y sus lecciones","author":"EntreMundos","date":"4 abril, 2026","format":false,"excerpt":"POR JUAN JOS\u00c9 HURTADO PAZ En los \u00faltimos meses se escuchan voces que defienden la intervenci\u00f3n imperialista yanqui contra Venezuela con el argumento aparentemente simple y moralizante: hab\u00eda una dictadura y deb\u00eda ser removida. Bajo esta narrativa, la intervenci\u00f3n externa se presenta como una acci\u00f3n necesaria, casi humanitaria, destinada a\u2026","rel":"","context":"En \u00abFrontPage\u00bb","block_context":{"text":"FrontPage","link":"https:\/\/www.entremundos.org\/revista\/category\/frontpage\/"},"img":{"alt_text":"","src":"","width":0,"height":0},"classes":[]},{"id":11590,"url":"https:\/\/www.entremundos.org\/revista\/medio-ambiente\/el-habitante-arbol\/","url_meta":{"origin":3450,"position":1},"title":"El habitante \u00e1rbol","author":"EntreMundos","date":"19 enero, 2024","format":false,"excerpt":"POR VALERIA LEIVA La administraci\u00f3n municipal de Quetzaltenango orden\u00f3 la tala de \u00e1rboles en el parque de la zona 3 de la ciudad pero vecinos, comerciantes y expertos se manifestaron en contra de esta decisi\u00f3n.\u00a0 Cada ciudad constituye su propio ecosistema urbano y se suele pensar que en el ecosistema\u2026","rel":"","context":"En \u00abBosques\u00bb","block_context":{"text":"Bosques","link":"https:\/\/www.entremundos.org\/revista\/category\/medio-ambiente\/bosques\/"},"img":{"alt_text":"","src":"https:\/\/i0.wp.com\/www.entremundos.org\/revista\/wp-content\/uploads\/2024\/01\/img_1121-1-scaled.jpg?fit=1200%2C900&ssl=1&resize=350%2C200","width":350,"height":200,"srcset":"https:\/\/i0.wp.com\/www.entremundos.org\/revista\/wp-content\/uploads\/2024\/01\/img_1121-1-scaled.jpg?fit=1200%2C900&ssl=1&resize=350%2C200 1x, https:\/\/i0.wp.com\/www.entremundos.org\/revista\/wp-content\/uploads\/2024\/01\/img_1121-1-scaled.jpg?fit=1200%2C900&ssl=1&resize=525%2C300 1.5x, https:\/\/i0.wp.com\/www.entremundos.org\/revista\/wp-content\/uploads\/2024\/01\/img_1121-1-scaled.jpg?fit=1200%2C900&ssl=1&resize=700%2C400 2x, https:\/\/i0.wp.com\/www.entremundos.org\/revista\/wp-content\/uploads\/2024\/01\/img_1121-1-scaled.jpg?fit=1200%2C900&ssl=1&resize=1050%2C600 3x"},"classes":[]},{"id":12734,"url":"https:\/\/www.entremundos.org\/revista\/politica\/deportacion-desinformacion-y-desafio-el-impacto-global-de-la-agenda-migratoria-de-trump\/","url_meta":{"origin":3450,"position":2},"title":"Deportaci\u00f3n, desinformaci\u00f3n y desaf\u00edo: El impacto global de la agenda migratoria de Trump","author":"EntreMundos","date":"17 marzo, 2025","format":false,"excerpt":"POR PATRICIA SCHWARTZ Unas 60 personas se sientan en un c\u00edrculo de sillas plegables un jueves por la noche en Tucson, Arizona, una ciudad estadounidense a una hora de la frontera con M\u00e9xico. La reuni\u00f3n semanal de la Coalici\u00f3n de Derechos Humanos se lleva a cabo en gran parte, en\u2026","rel":"","context":"En \u00abFrontPage\u00bb","block_context":{"text":"FrontPage","link":"https:\/\/www.entremundos.org\/revista\/category\/frontpage\/"},"img":{"alt_text":"","src":"https:\/\/i0.wp.com\/www.entremundos.org\/revista\/wp-content\/uploads\/2025\/03\/475088469_3067398756762538_3045668992826805668_n.jpg?fit=1100%2C666&ssl=1&resize=350%2C200","width":350,"height":200,"srcset":"https:\/\/i0.wp.com\/www.entremundos.org\/revista\/wp-content\/uploads\/2025\/03\/475088469_3067398756762538_3045668992826805668_n.jpg?fit=1100%2C666&ssl=1&resize=350%2C200 1x, https:\/\/i0.wp.com\/www.entremundos.org\/revista\/wp-content\/uploads\/2025\/03\/475088469_3067398756762538_3045668992826805668_n.jpg?fit=1100%2C666&ssl=1&resize=525%2C300 1.5x, https:\/\/i0.wp.com\/www.entremundos.org\/revista\/wp-content\/uploads\/2025\/03\/475088469_3067398756762538_3045668992826805668_n.jpg?fit=1100%2C666&ssl=1&resize=700%2C400 2x, https:\/\/i0.wp.com\/www.entremundos.org\/revista\/wp-content\/uploads\/2025\/03\/475088469_3067398756762538_3045668992826805668_n.jpg?fit=1100%2C666&ssl=1&resize=1050%2C600 3x"},"classes":[]},{"id":12488,"url":"https:\/\/www.entremundos.org\/revista\/politica\/de-la-lucha-a-la-agricultura-en-las-montanas-de-guatemala\/","url_meta":{"origin":3450,"position":3},"title":"De la lucha a la agricultura en las monta\u00f1as de Guatemala","author":"EntreMundos","date":"13 noviembre, 2024","format":false,"excerpt":"POR JONATHAN LOTT A la sombra de las monta\u00f1as selv\u00e1ticas de Guatemala, anta\u00f1o cargadas del espectro del conflicto, el olor del caf\u00e9 flota en el aire. Una generaci\u00f3n despu\u00e9s del hist\u00f3rico acuerdo de paz que puso fin a la guerra civil guatemalteca (1960-1996), decenas de exguerrilleros trabajan ahora la tierra\u2026","rel":"","context":"En \u00abFrontPage\u00bb","block_context":{"text":"FrontPage","link":"https:\/\/www.entremundos.org\/revista\/category\/frontpage\/"},"img":{"alt_text":"","src":"https:\/\/i0.wp.com\/www.entremundos.org\/revista\/wp-content\/uploads\/2024\/11\/anita2-e1731543808410.jpg?fit=910%2C671&ssl=1&resize=350%2C200","width":350,"height":200,"srcset":"https:\/\/i0.wp.com\/www.entremundos.org\/revista\/wp-content\/uploads\/2024\/11\/anita2-e1731543808410.jpg?fit=910%2C671&ssl=1&resize=350%2C200 1x, https:\/\/i0.wp.com\/www.entremundos.org\/revista\/wp-content\/uploads\/2024\/11\/anita2-e1731543808410.jpg?fit=910%2C671&ssl=1&resize=525%2C300 1.5x, https:\/\/i0.wp.com\/www.entremundos.org\/revista\/wp-content\/uploads\/2024\/11\/anita2-e1731543808410.jpg?fit=910%2C671&ssl=1&resize=700%2C400 2x"},"classes":[]},{"id":13644,"url":"https:\/\/www.entremundos.org\/revista\/politica\/fortaleciendo-la-comunidad-desde-dentro-un-nuevo-capitulo-para-caras-alegres\/","url_meta":{"origin":3450,"position":4},"title":"Fortaleciendo la comunidad desde dentro: Un nuevo cap\u00edtulo para Caras Alegres","author":"EntreMundos","date":"4 abril, 2026","format":false,"excerpt":"POR VER\u00d3NICA DI MAGGIO Caras Alegres reabri\u00f3 sus puertas con una renovada claridad y enfoque estrat\u00e9gico. Despu\u00e9s de meses dedicados a la evaluaci\u00f3n y planificaci\u00f3n, este 2026 inicia no simplemente como un nuevo a\u00f1o operativo, sino como una expansi\u00f3n estructurada de nuestro impacto comunitario. El a\u00f1o pasado demostr\u00f3 que el\u2026","rel":"","context":"En \u00abFrontPage\u00bb","block_context":{"text":"FrontPage","link":"https:\/\/www.entremundos.org\/revista\/category\/frontpage\/"},"img":{"alt_text":"","src":"https:\/\/i0.wp.com\/www.entremundos.org\/revista\/wp-content\/uploads\/2026\/03\/633353323_1320877706749036_6826896970194983908_n.jpg?fit=1200%2C963&ssl=1&resize=350%2C200","width":350,"height":200,"srcset":"https:\/\/i0.wp.com\/www.entremundos.org\/revista\/wp-content\/uploads\/2026\/03\/633353323_1320877706749036_6826896970194983908_n.jpg?fit=1200%2C963&ssl=1&resize=350%2C200 1x, https:\/\/i0.wp.com\/www.entremundos.org\/revista\/wp-content\/uploads\/2026\/03\/633353323_1320877706749036_6826896970194983908_n.jpg?fit=1200%2C963&ssl=1&resize=525%2C300 1.5x, https:\/\/i0.wp.com\/www.entremundos.org\/revista\/wp-content\/uploads\/2026\/03\/633353323_1320877706749036_6826896970194983908_n.jpg?fit=1200%2C963&ssl=1&resize=700%2C400 2x, https:\/\/i0.wp.com\/www.entremundos.org\/revista\/wp-content\/uploads\/2026\/03\/633353323_1320877706749036_6826896970194983908_n.jpg?fit=1200%2C963&ssl=1&resize=1050%2C600 3x"},"classes":[]},{"id":13246,"url":"https:\/\/www.entremundos.org\/revista\/politica\/el-mundo-no-es-como-lo-imaginamos\/","url_meta":{"origin":3450,"position":5},"title":"El mundo no es como lo imaginamos","author":"EntreMundos","date":"17 septiembre, 2025","format":false,"excerpt":"Por Juan Jos\u00e9 Hurtado Paz y Paz \"Ojal\u00e1 viviera en la teor\u00eda, porque en teor\u00eda todo est\u00e1 bien\" \u00a0Cita atribuida a Quino (Joaqu\u00edn Salvador Lavado Tej\u00f3n), en boca de su personaje Mafalda\u00a0 Vivimos en un mundo injusto, desigual, que excluye a las mayor\u00edas de oportunidades y posibilidades, y que niega\u2026","rel":"","context":"En \u00abFrontPage\u00bb","block_context":{"text":"FrontPage","link":"https:\/\/www.entremundos.org\/revista\/category\/frontpage\/"},"img":{"alt_text":"","src":"https:\/\/i0.wp.com\/www.entremundos.org\/revista\/wp-content\/uploads\/2025\/09\/img86.jpg?fit=1200%2C683&ssl=1&resize=350%2C200","width":350,"height":200,"srcset":"https:\/\/i0.wp.com\/www.entremundos.org\/revista\/wp-content\/uploads\/2025\/09\/img86.jpg?fit=1200%2C683&ssl=1&resize=350%2C200 1x, https:\/\/i0.wp.com\/www.entremundos.org\/revista\/wp-content\/uploads\/2025\/09\/img86.jpg?fit=1200%2C683&ssl=1&resize=525%2C300 1.5x, https:\/\/i0.wp.com\/www.entremundos.org\/revista\/wp-content\/uploads\/2025\/09\/img86.jpg?fit=1200%2C683&ssl=1&resize=700%2C400 2x, https:\/\/i0.wp.com\/www.entremundos.org\/revista\/wp-content\/uploads\/2025\/09\/img86.jpg?fit=1200%2C683&ssl=1&resize=1050%2C600 3x"},"classes":[]}],"jetpack_sharing_enabled":true,"_links":{"self":[{"href":"https:\/\/www.entremundos.org\/revista\/wp-json\/wp\/v2\/posts\/3450","targetHints":{"allow":["GET"]}}],"collection":[{"href":"https:\/\/www.entremundos.org\/revista\/wp-json\/wp\/v2\/posts"}],"about":[{"href":"https:\/\/www.entremundos.org\/revista\/wp-json\/wp\/v2\/types\/post"}],"author":[{"embeddable":true,"href":"https:\/\/www.entremundos.org\/revista\/wp-json\/wp\/v2\/users\/1"}],"replies":[{"embeddable":true,"href":"https:\/\/www.entremundos.org\/revista\/wp-json\/wp\/v2\/comments?post=3450"}],"version-history":[{"count":11,"href":"https:\/\/www.entremundos.org\/revista\/wp-json\/wp\/v2\/posts\/3450\/revisions"}],"predecessor-version":[{"id":3520,"href":"https:\/\/www.entremundos.org\/revista\/wp-json\/wp\/v2\/posts\/3450\/revisions\/3520"}],"wp:featuredmedia":[{"embeddable":true,"href":"https:\/\/www.entremundos.org\/revista\/wp-json\/wp\/v2\/media\/3470"}],"wp:attachment":[{"href":"https:\/\/www.entremundos.org\/revista\/wp-json\/wp\/v2\/media?parent=3450"}],"wp:term":[{"taxonomy":"category","embeddable":true,"href":"https:\/\/www.entremundos.org\/revista\/wp-json\/wp\/v2\/categories?post=3450"},{"taxonomy":"post_tag","embeddable":true,"href":"https:\/\/www.entremundos.org\/revista\/wp-json\/wp\/v2\/tags?post=3450"}],"curies":[{"name":"wp","href":"https:\/\/api.w.org\/{rel}","templated":true}]}}