{"id":3619,"date":"2017-10-28T11:46:30","date_gmt":"2017-10-28T19:46:30","guid":{"rendered":"http:\/\/www.entremundos.org\/revista\/?p=3619"},"modified":"2017-11-20T13:35:17","modified_gmt":"2017-11-20T21:35:17","slug":"gasto-publico-guatemala-peor-del-mundo","status":"publish","type":"post","link":"https:\/\/www.entremundos.org\/revista\/uncategorized\/gasto-publico-guatemala-peor-del-mundo\/","title":{"rendered":"El gasto p\u00fablico en Guatemala: \u00bfEl peor del mundo?"},"content":{"rendered":"<p>El Banco Mundial clasific\u00f3 a Guatemala como el peor del mundo en gasto p\u00fablico y recaudaci\u00f3n fiscal y muy cerca del \u00faltimo lugar en inversi\u00f3n p\u00fablica, en su informe del 2014 \u00ab<a href=\"http:\/\/www.bancomundial.org\/es\/news\/video\/2014\/09\/11\/adn-economico-guatemala\">El ADN Econ\u00f3mico de Guatemala<\/a>\u00bb.<\/p>\n<p><a href=\"https:\/\/i0.wp.com\/www.entremundos.org\/revista\/wp-content\/uploads\/2017\/08\/publicspendingi.png\"><img data-recalc-dims=\"1\" loading=\"lazy\" decoding=\"async\" class=\"aligncenter size-full wp-image-3190\" src=\"https:\/\/i0.wp.com\/www.entremundos.org\/revista\/wp-content\/uploads\/2017\/08\/publicspendingi.png?resize=640%2C385\" alt=\"\" width=\"640\" height=\"385\" srcset=\"https:\/\/i0.wp.com\/www.entremundos.org\/revista\/wp-content\/uploads\/2017\/08\/publicspendingi.png?w=921&amp;ssl=1 921w, https:\/\/i0.wp.com\/www.entremundos.org\/revista\/wp-content\/uploads\/2017\/08\/publicspendingi.png?resize=300%2C180&amp;ssl=1 300w, https:\/\/i0.wp.com\/www.entremundos.org\/revista\/wp-content\/uploads\/2017\/08\/publicspendingi.png?resize=768%2C462&amp;ssl=1 768w, https:\/\/i0.wp.com\/www.entremundos.org\/revista\/wp-content\/uploads\/2017\/08\/publicspendingi.png?resize=335%2C202&amp;ssl=1 335w\" sizes=\"auto, (max-width: 640px) 100vw, 640px\" \/><\/a><\/p>\n<p>Estas gr\u00e1ficas clasifican la recaudaci\u00f3n, el gasto p\u00fablico y la inversi\u00f3n social de Guatemala entre 188 pa\u00edses. (El gasto p\u00fablico se refiere a gastos continuos en programas sociales, como en los salarios de maestros o en la distribuci\u00f3n de alimentos. La inversi\u00f3n social se refiere a gastos para el futuro, como en carreteras u otra infraestructura.)<\/p>\n<p><span style=\"font-family: -apple-system, BlinkMacSystemFont, 'Segoe UI', Roboto, Oxygen-Sans, Ubuntu, Cantarell, 'Helvetica Neue', sans-serif;\">Como indica la gr\u00e1fica, existe una fuerte correlaci\u00f3n entre la recaudaci\u00f3n\/sistema tributario del gobierno de Guatemala y la falta de gasto en inversi\u00f3n p\u00fablica. Vea: <\/span><em style=\"font-family: -apple-system, BlinkMacSystemFont, 'Segoe UI', Roboto, Oxygen-Sans, Ubuntu, Cantarell, 'Helvetica Neue', sans-serif;\"><a href=\"http:\/\/www.entremundos.org\/revista\/uncategorized\/los-datos-no-mie\u2026udica-los-pobres\/\">Los datos no mienten: El sistema tributario de Guatemala favorece a los ricos y perjudica a los pobres<\/a><\/em><span style=\"font-family: -apple-system, BlinkMacSystemFont, 'Segoe UI', Roboto, Oxygen-Sans, Ubuntu, Cantarell, 'Helvetica Neue', sans-serif;\">.<\/span><\/p>\n<p><span style=\"font-family: -apple-system, BlinkMacSystemFont, 'Segoe UI', Roboto, Oxygen-Sans, Ubuntu, Cantarell, 'Helvetica Neue', sans-serif;\">En los tres siguientes gr\u00e1ficos de la Comisi\u00f3n Econ\u00f3mica para Am\u00e9rica Latina y el Caribe (CEPAL) de la ONU, se puede comparar los niveles de gasto social e inversi\u00f3n social de Guatemala con los de otros pa\u00edses de Am\u00e9rica Latina. As\u00ed se entienden mejor las p\u00e9simas calificaciones del Banco Mundial.<\/span><\/p>\n<p><em><strong>Nota editorial: La corrupci\u00f3n desv\u00eda una gran cantidad del dinero destinado a arreglar carreteras, abastecer hospitales y combatir la pobreza. Pero aunque no hubiera corrupci\u00f3n en Guatemala, y si todo el dinero destinado a programas sociales llegara a su destino, el gasto p\u00fablico ser\u00eda totalmente insuficiente. Urge ampliar el gasto p\u00fablico y fortalecer la transparencia y otros controles de corrupci\u00f3n a la vez.<\/strong><\/em><\/p>\n<p>El primer gr\u00e1fico, del <a href=\"http:\/\/www.cepal.org\/en\/publications\/type\/social-panorama-latin-america\">informe Panorama Social<\/a> anual del CEPAL, muestra el <strong>gasto social <em>per c\u00e1pita<\/em><\/strong>, la cantidad de dinero por ciudadano que cada pa\u00eds gasta en programas sociales.<\/p>\n<p><a href=\"https:\/\/i0.wp.com\/www.entremundos.org\/revista\/wp-content\/uploads\/2017\/10\/graficoii.4-panorama-social-2015.png\"><img data-recalc-dims=\"1\" loading=\"lazy\" decoding=\"async\" class=\"aligncenter size-large wp-image-3620\" src=\"https:\/\/i0.wp.com\/www.entremundos.org\/revista\/wp-content\/uploads\/2017\/10\/graficoii.4-panorama-social-2015-1024x463.png?resize=640%2C289\" alt=\"\" width=\"640\" height=\"289\" srcset=\"https:\/\/i0.wp.com\/www.entremundos.org\/revista\/wp-content\/uploads\/2017\/10\/graficoii.4-panorama-social-2015.png?resize=1024%2C463&amp;ssl=1 1024w, https:\/\/i0.wp.com\/www.entremundos.org\/revista\/wp-content\/uploads\/2017\/10\/graficoii.4-panorama-social-2015.png?resize=300%2C136&amp;ssl=1 300w, https:\/\/i0.wp.com\/www.entremundos.org\/revista\/wp-content\/uploads\/2017\/10\/graficoii.4-panorama-social-2015.png?resize=768%2C347&amp;ssl=1 768w, https:\/\/i0.wp.com\/www.entremundos.org\/revista\/wp-content\/uploads\/2017\/10\/graficoii.4-panorama-social-2015.png?resize=335%2C152&amp;ssl=1 335w, https:\/\/i0.wp.com\/www.entremundos.org\/revista\/wp-content\/uploads\/2017\/10\/graficoii.4-panorama-social-2015.png?resize=1050%2C475&amp;ssl=1 1050w, https:\/\/i0.wp.com\/www.entremundos.org\/revista\/wp-content\/uploads\/2017\/10\/graficoii.4-panorama-social-2015.png?w=1552&amp;ssl=1 1552w, https:\/\/i0.wp.com\/www.entremundos.org\/revista\/wp-content\/uploads\/2017\/10\/graficoii.4-panorama-social-2015.png?w=1280&amp;ssl=1 1280w\" sizes=\"auto, (max-width: 640px) 100vw, 640px\" \/><\/a><\/p>\n<p>El siguiente gr\u00e1fico, de otro <a href=\"http:\/\/www.cepal.org\/es\/publicaciones\/41048-consensos-conflictos-la-politica-tributaria-america-latina\">informe CEPAL 2017<\/a>, mide el gasto gubernamental en salud, vivienda, educaci\u00f3n y seguro social en porcentajes del PIB.<\/p>\n<p>Guatemala gasta menos que casi cualquier otro pa\u00eds de la regi\u00f3n. Tambi\u00e9n gasta menos que cualquier otro pa\u00eds entre los 21 en asistencia m\u00e9dica y otros servicios de salud.<\/p>\n<p><a href=\"https:\/\/i0.wp.com\/www.entremundos.org\/revista\/wp-content\/uploads\/2017\/08\/publicspending3.png\"><img data-recalc-dims=\"1\" loading=\"lazy\" decoding=\"async\" class=\"aligncenter size-full wp-image-3194\" src=\"https:\/\/i0.wp.com\/www.entremundos.org\/revista\/wp-content\/uploads\/2017\/08\/publicspending3.png?resize=640%2C448\" alt=\"\" width=\"640\" height=\"448\" srcset=\"https:\/\/i0.wp.com\/www.entremundos.org\/revista\/wp-content\/uploads\/2017\/08\/publicspending3.png?w=685&amp;ssl=1 685w, https:\/\/i0.wp.com\/www.entremundos.org\/revista\/wp-content\/uploads\/2017\/08\/publicspending3.png?resize=300%2C210&amp;ssl=1 300w, https:\/\/i0.wp.com\/www.entremundos.org\/revista\/wp-content\/uploads\/2017\/08\/publicspending3.png?resize=335%2C234&amp;ssl=1 335w\" sizes=\"auto, (max-width: 640px) 100vw, 640px\" \/><\/a><\/p>\n<p><em>(Morado, Educaci\u00f3n; Rojo, Seguridad social; Diagonales, Vivienda, Rosado, Salud.)<\/em><\/p>\n<h5>Lea m\u00e1s sobre las consecuencias del bajo gasto social en <a href=\"http:\/\/www.entremundos.org\/revista\/uncategorized\/los-datos-no-mie\u2026dad-de-guatemala\/\">Los datos no mientan: La alarmante desigualdad de Guatemala.<\/a><\/h5>\n<p>El pr\u00f3ximo gr\u00e1fico del <a href=\"http:\/\/www.cepal.org\/en\/publications\/type\/social-panorama-latin-america\">informe Panorama Social<\/a> de CEPAL muestra la <strong>inversi\u00f3n p\u00fablica<\/strong> en t\u00e9rminos del porcentaje del PIB. (El Producto Bruto Interno (PIB) es una estimaci\u00f3n del valor de toda la producci\u00f3n de una econom\u00eda nacional.)<\/p>\n<p><a href=\"https:\/\/i0.wp.com\/www.entremundos.org\/revista\/wp-content\/uploads\/2017\/10\/panoramafiscaltasasdeinversion.png\"><img data-recalc-dims=\"1\" loading=\"lazy\" decoding=\"async\" class=\"aligncenter size-large wp-image-3622\" src=\"https:\/\/i0.wp.com\/www.entremundos.org\/revista\/wp-content\/uploads\/2017\/10\/panoramafiscaltasasdeinversion-1024x663.png?resize=640%2C415\" alt=\"\" width=\"640\" height=\"415\" srcset=\"https:\/\/i0.wp.com\/www.entremundos.org\/revista\/wp-content\/uploads\/2017\/10\/panoramafiscaltasasdeinversion.png?resize=1024%2C663&amp;ssl=1 1024w, https:\/\/i0.wp.com\/www.entremundos.org\/revista\/wp-content\/uploads\/2017\/10\/panoramafiscaltasasdeinversion.png?resize=300%2C194&amp;ssl=1 300w, https:\/\/i0.wp.com\/www.entremundos.org\/revista\/wp-content\/uploads\/2017\/10\/panoramafiscaltasasdeinversion.png?resize=768%2C497&amp;ssl=1 768w, https:\/\/i0.wp.com\/www.entremundos.org\/revista\/wp-content\/uploads\/2017\/10\/panoramafiscaltasasdeinversion.png?resize=335%2C217&amp;ssl=1 335w, https:\/\/i0.wp.com\/www.entremundos.org\/revista\/wp-content\/uploads\/2017\/10\/panoramafiscaltasasdeinversion.png?resize=1050%2C679&amp;ssl=1 1050w, https:\/\/i0.wp.com\/www.entremundos.org\/revista\/wp-content\/uploads\/2017\/10\/panoramafiscaltasasdeinversion.png?w=1190&amp;ssl=1 1190w\" sizes=\"auto, (max-width: 640px) 100vw, 640px\" \/><\/a><a href=\"https:\/\/i0.wp.com\/www.entremundos.org\/revista\/wp-content\/uploads\/2017\/10\/panoramafiscaldetalle.png\"><br \/>\n<img data-recalc-dims=\"1\" loading=\"lazy\" decoding=\"async\" class=\"wp-image-3624 alignleft\" src=\"https:\/\/i0.wp.com\/www.entremundos.org\/revista\/wp-content\/uploads\/2017\/10\/panoramafiscaldetalle.png?resize=107%2C56\" alt=\"\" width=\"107\" height=\"56\" \/><\/a><\/p>\n<p>&nbsp;<\/p>\n<p>&nbsp;<\/p>\n<p>En ambas categor\u00edas, gasto social e inversi\u00f3n p\u00fablica, Guatemala gasta menos que casi cualquier otro pa\u00eds en la regi\u00f3n.<\/p>\n<p>(La distribuci\u00f3n desigual del gasto social de Guatemala, entre \u00e1reas urbanas y rurales e ind\u00edgenas y no-ind\u00edgenas, por ejemplo, se discute en <em><a href=\"http:\/\/www.entremundos.org\/revista\/uncategorized\/datos-no-mienten\u2026ualdad-guatemala\/\">Los datos no mienten: El racismo de la desigualdad en Guatemala<\/a><\/em>.)<\/p>\n<p><em><strong>Dos ejemplos: Gasto en bienestar y seguridad social<\/strong><\/em><\/p>\n<p>Los siguientes dos gr\u00e1ficos del informe <a href=\"http:\/\/www.cepal.org\/en\/publications\/type\/social-panorama-latin-america\">Panorama Social<\/a> miden el gasto total en seguridad social (apoyo financiero para los trabajadores jubilados) y de bienestar social (programas anti-pobreza).<\/p>\n<p>De nuevo vemos que Guatemala gasta menos que casi cualquier otro pa\u00eds. Solo Honduras parece estar por debajo.<\/p>\n<p>La primera gr\u00e1fica usa porcentaje del PIB y la segunda <em>per c\u00e1pita<\/em> (por ciudadano) para medir gastos. Siempre es importante comparar las dos cifras.<\/p>\n<p>Obs\u00e9rvese que Guatemala gasta 1.4% del PIB en programas de seguridad social y bienestar social, y Panam\u00e1 gasta 1.3%. Pero el gasto <em>per capita<\/em> (por ciudadano) de Panam\u00e1 es $124, mientras que el de Guatemala es de solo $43.<\/p>\n<p><a href=\"https:\/\/i0.wp.com\/www.entremundos.org\/revista\/wp-content\/uploads\/2017\/10\/panoramasocialcuadroi-e1509148582777.png\"><img data-recalc-dims=\"1\" loading=\"lazy\" decoding=\"async\" class=\"aligncenter size-large wp-image-3626\" src=\"https:\/\/i0.wp.com\/www.entremundos.org\/revista\/wp-content\/uploads\/2017\/10\/panoramasocialcuadroi-e1509148582777-1024x592.png?resize=640%2C370\" alt=\"\" width=\"640\" height=\"370\" srcset=\"https:\/\/i0.wp.com\/www.entremundos.org\/revista\/wp-content\/uploads\/2017\/10\/panoramasocialcuadroi-e1509148582777.png?resize=1024%2C592&amp;ssl=1 1024w, https:\/\/i0.wp.com\/www.entremundos.org\/revista\/wp-content\/uploads\/2017\/10\/panoramasocialcuadroi-e1509148582777.png?resize=300%2C174&amp;ssl=1 300w, https:\/\/i0.wp.com\/www.entremundos.org\/revista\/wp-content\/uploads\/2017\/10\/panoramasocialcuadroi-e1509148582777.png?resize=768%2C444&amp;ssl=1 768w, https:\/\/i0.wp.com\/www.entremundos.org\/revista\/wp-content\/uploads\/2017\/10\/panoramasocialcuadroi-e1509148582777.png?resize=335%2C194&amp;ssl=1 335w, https:\/\/i0.wp.com\/www.entremundos.org\/revista\/wp-content\/uploads\/2017\/10\/panoramasocialcuadroi-e1509148582777.png?resize=1050%2C607&amp;ssl=1 1050w, https:\/\/i0.wp.com\/www.entremundos.org\/revista\/wp-content\/uploads\/2017\/10\/panoramasocialcuadroi-e1509148582777.png?w=1333&amp;ssl=1 1333w, https:\/\/i0.wp.com\/www.entremundos.org\/revista\/wp-content\/uploads\/2017\/10\/panoramasocialcuadroi-e1509148582777.png?w=1280&amp;ssl=1 1280w\" sizes=\"auto, (max-width: 640px) 100vw, 640px\" \/><\/a><\/p>\n<p><a href=\"https:\/\/i0.wp.com\/www.entremundos.org\/revista\/wp-content\/uploads\/2017\/10\/panoramasocialcuadroii-e1509148659865.png\"><img data-recalc-dims=\"1\" loading=\"lazy\" decoding=\"async\" class=\"aligncenter size-large wp-image-3628\" src=\"https:\/\/i0.wp.com\/www.entremundos.org\/revista\/wp-content\/uploads\/2017\/10\/panoramasocialcuadroii-e1509148659865-1024x644.png?resize=640%2C403\" alt=\"\" width=\"640\" height=\"403\" srcset=\"https:\/\/i0.wp.com\/www.entremundos.org\/revista\/wp-content\/uploads\/2017\/10\/panoramasocialcuadroii-e1509148659865.png?resize=1024%2C644&amp;ssl=1 1024w, https:\/\/i0.wp.com\/www.entremundos.org\/revista\/wp-content\/uploads\/2017\/10\/panoramasocialcuadroii-e1509148659865.png?resize=300%2C189&amp;ssl=1 300w, https:\/\/i0.wp.com\/www.entremundos.org\/revista\/wp-content\/uploads\/2017\/10\/panoramasocialcuadroii-e1509148659865.png?resize=768%2C483&amp;ssl=1 768w, https:\/\/i0.wp.com\/www.entremundos.org\/revista\/wp-content\/uploads\/2017\/10\/panoramasocialcuadroii-e1509148659865.png?resize=335%2C211&amp;ssl=1 335w, https:\/\/i0.wp.com\/www.entremundos.org\/revista\/wp-content\/uploads\/2017\/10\/panoramasocialcuadroii-e1509148659865.png?resize=1050%2C660&amp;ssl=1 1050w, https:\/\/i0.wp.com\/www.entremundos.org\/revista\/wp-content\/uploads\/2017\/10\/panoramasocialcuadroii-e1509148659865.png?w=1319&amp;ssl=1 1319w\" sizes=\"auto, (max-width: 640px) 100vw, 640px\" \/><\/a><\/p>\n<p>&nbsp;<\/p>\n<p><strong><em>\u00bfPor qu\u00e9 es un problema que el gasto en programas p\u00fablicos y inversi\u00f3n social sea tan bajo?<\/em><\/strong><\/p>\n<p>&nbsp;<\/p>\n<figure id=\"attachment_3630\" aria-describedby=\"caption-attachment-3630\" style=\"width: 960px\" class=\"wp-caption aligncenter\"><a href=\"https:\/\/i0.wp.com\/www.entremundos.org\/revista\/wp-content\/uploads\/2017\/10\/icefieducacion.png\"><img data-recalc-dims=\"1\" loading=\"lazy\" decoding=\"async\" class=\"wp-image-3630 size-large\" src=\"https:\/\/i0.wp.com\/www.entremundos.org\/revista\/wp-content\/uploads\/2017\/10\/icefieducacion-1024x451.png?resize=640%2C282\" alt=\"\" width=\"640\" height=\"282\" srcset=\"https:\/\/i0.wp.com\/www.entremundos.org\/revista\/wp-content\/uploads\/2017\/10\/icefieducacion.png?resize=1024%2C451&amp;ssl=1 1024w, https:\/\/i0.wp.com\/www.entremundos.org\/revista\/wp-content\/uploads\/2017\/10\/icefieducacion.png?resize=300%2C132&amp;ssl=1 300w, https:\/\/i0.wp.com\/www.entremundos.org\/revista\/wp-content\/uploads\/2017\/10\/icefieducacion.png?resize=768%2C338&amp;ssl=1 768w, https:\/\/i0.wp.com\/www.entremundos.org\/revista\/wp-content\/uploads\/2017\/10\/icefieducacion.png?resize=335%2C147&amp;ssl=1 335w, https:\/\/i0.wp.com\/www.entremundos.org\/revista\/wp-content\/uploads\/2017\/10\/icefieducacion.png?resize=1050%2C462&amp;ssl=1 1050w, https:\/\/i0.wp.com\/www.entremundos.org\/revista\/wp-content\/uploads\/2017\/10\/icefieducacion.png?w=1636&amp;ssl=1 1636w, https:\/\/i0.wp.com\/www.entremundos.org\/revista\/wp-content\/uploads\/2017\/10\/icefieducacion.png?w=1280&amp;ssl=1 1280w\" sizes=\"auto, (max-width: 640px) 100vw, 640px\" \/><\/a><figcaption id=\"caption-attachment-3630\" class=\"wp-caption-text\">Fuente: Instituto Centroamericano de Estudios Fiscales (Icefi)<\/figcaption><\/figure>\n<p>&nbsp;<\/p>\n<p>En resumidas cuentas, porque aumenta la pobreza y da\u00f1a la competitividad econ\u00f3mica.<\/p>\n<p>Evidentemente, sin una inversi\u00f3n social adecuada, la pobreza y la desnutrici\u00f3n seguir\u00e1n end\u00e9micas, los hospitales seguir\u00e1n sin medicinas suficientes, las escuelas sin recursos, las carreteras sin mejoras, etc. <a href=\"http:\/\/www.entremundos.org\/revista\/uncategorized\/los-datos-no-mie\u2026dad-de-guatemala\/\">La desigualdad alarmante de Guatemala<\/a> seguir\u00e1 igual.<\/p>\n<p>Pero en este art\u00edculo vamos a enfocarnos en las consecuencias de un gasto social deficiente para el crecimiento econ\u00f3mico del pa\u00eds. (Para leer m\u00e1s sobre la desigualdad en Guatemala, vea <em><a href=\"http:\/\/www.entremundos.org\/revista\/uncategorized\/los-datos-no-mie\u2026dad-de-guatemala\/\">Los datos no mienten: La desigualdad alarmante de Guatemala<\/a><\/em>.)<\/p>\n<p>De acuerdo al informe \u00ab<a href=\"http:\/\/www.bancomundial.org\/es\/news\/video\/2014\/09\/11\/adn-economico-guatemala\">EL ADN Econ\u00f3mico de Guatemala<\/a>\u00bb de 2014 del Banco Mundial, el PIB \u00abrezagado\u00bb de Guatemala muestra que su econom\u00eda no se ha mantenido a la par de la econom\u00eda global ni de la de sus vecinos.<\/p>\n<p>Esto se ve en las siguientes dos gr\u00e1ficas. La primera muestra el crecimiento anual del PIB de varios pa\u00edses \u00aben desarrollo\u00bb, de Am\u00e9rica Central y de Guatemala. La segunda muestra el PIB <em>per c\u00e1pita<\/em> en d\u00f3lares americanos ajustados a la Paridad del Poder Adquisitivo.<\/p>\n<p>(PPP, por sus siglas en ingl\u00e9s, es un m\u00e9todo que convierte diferentes monedas a d\u00f3lares americanos, calculando su valor en relaci\u00f3n con el costo de vida local y no en base a la tasa de cambio.)<\/p>\n<p><a href=\"https:\/\/i0.wp.com\/www.entremundos.org\/revista\/wp-content\/uploads\/2017\/06\/social-spending-8.png\"><img data-recalc-dims=\"1\" loading=\"lazy\" decoding=\"async\" class=\"aligncenter size-full wp-image-3130\" src=\"https:\/\/i0.wp.com\/www.entremundos.org\/revista\/wp-content\/uploads\/2017\/06\/social-spending-8.png?resize=640%2C393\" alt=\"\" width=\"640\" height=\"393\" srcset=\"https:\/\/i0.wp.com\/www.entremundos.org\/revista\/wp-content\/uploads\/2017\/06\/social-spending-8.png?w=921&amp;ssl=1 921w, https:\/\/i0.wp.com\/www.entremundos.org\/revista\/wp-content\/uploads\/2017\/06\/social-spending-8.png?resize=300%2C184&amp;ssl=1 300w, https:\/\/i0.wp.com\/www.entremundos.org\/revista\/wp-content\/uploads\/2017\/06\/social-spending-8.png?resize=768%2C472&amp;ssl=1 768w, https:\/\/i0.wp.com\/www.entremundos.org\/revista\/wp-content\/uploads\/2017\/06\/social-spending-8.png?resize=335%2C206&amp;ssl=1 335w\" sizes=\"auto, (max-width: 640px) 100vw, 640px\" \/><\/a><\/p>\n<p>&nbsp;<\/p>\n<p><a href=\"https:\/\/i0.wp.com\/www.entremundos.org\/revista\/wp-content\/uploads\/2017\/06\/socialspending9.png\"><img data-recalc-dims=\"1\" loading=\"lazy\" decoding=\"async\" class=\"aligncenter size-full wp-image-3132\" src=\"https:\/\/i0.wp.com\/www.entremundos.org\/revista\/wp-content\/uploads\/2017\/06\/socialspending9.png?resize=640%2C388\" alt=\"\" width=\"640\" height=\"388\" srcset=\"https:\/\/i0.wp.com\/www.entremundos.org\/revista\/wp-content\/uploads\/2017\/06\/socialspending9.png?w=921&amp;ssl=1 921w, https:\/\/i0.wp.com\/www.entremundos.org\/revista\/wp-content\/uploads\/2017\/06\/socialspending9.png?resize=300%2C182&amp;ssl=1 300w, https:\/\/i0.wp.com\/www.entremundos.org\/revista\/wp-content\/uploads\/2017\/06\/socialspending9.png?resize=768%2C466&amp;ssl=1 768w, https:\/\/i0.wp.com\/www.entremundos.org\/revista\/wp-content\/uploads\/2017\/06\/socialspending9.png?resize=335%2C203&amp;ssl=1 335w\" sizes=\"auto, (max-width: 640px) 100vw, 640px\" \/><\/a><\/p>\n<p>La Comisi\u00f3n Econ\u00f3mica para Am\u00e9rica Latina y el Caribe de Naciones Unidas (ECLAC) explica en un <a href=\"http:\/\/www.cepal.org\/es\/publicaciones\/41048-consensos-conflictos-la-politica-tributaria-america-latina\">informe de 2017<\/a> que la inversi\u00f3n p\u00fablica:<\/p>\n<p style=\"padding-left: 30px;\">\u00ab<em>es un instrumento clave para fortalecer la competitividad de las actividades privadas y favorecer el desarrollo humano. En los pa\u00edses centroamericanos que cuentan con menores niveles de infraestructura, como Guatemala y Nicaragua, la formaci\u00f3n de capital p\u00fablico [infraestructura p\u00fablica como carreteras y puertos] es clave para aprovechar sus ventajas estrat\u00e9gicas [en recursos y ubicaci\u00f3n] e integrar distintos sectores del pa\u00eds al desarrollo.<\/em><\/p>\n<p style=\"padding-left: 30px;\"><em>Por su parte, Guatemala muestra uno de los niveles de inversi\u00f3n m\u00e1s bajos del mundo<\/em>.\u00bb<\/p>\n<p>Es por eso que \u00ab<a href=\"http:\/\/www.bancomundial.org\/es\/news\/video\/2014\/09\/11\/adn-economico-guatemala\">El ADN Econ\u00f3mico de Guatemala<\/a>\u00bb del Banco Mundial concluy\u00f3 que la clasificaci\u00f3n mediocre a nivel mundial de la infraestructura de Guatemala est\u00e1 en descenso, de acuerdo con la siguiente gr\u00e1fica:<\/p>\n<p><a href=\"https:\/\/i0.wp.com\/www.entremundos.org\/revista\/wp-content\/uploads\/2017\/06\/socialspending10.png\"><img data-recalc-dims=\"1\" loading=\"lazy\" decoding=\"async\" class=\"aligncenter wp-image-3134\" src=\"https:\/\/i0.wp.com\/www.entremundos.org\/revista\/wp-content\/uploads\/2017\/06\/socialspending10.png?resize=419%2C228\" alt=\"\" width=\"419\" height=\"228\" srcset=\"https:\/\/i0.wp.com\/www.entremundos.org\/revista\/wp-content\/uploads\/2017\/06\/socialspending10.png?w=575&amp;ssl=1 575w, https:\/\/i0.wp.com\/www.entremundos.org\/revista\/wp-content\/uploads\/2017\/06\/socialspending10.png?resize=300%2C163&amp;ssl=1 300w, https:\/\/i0.wp.com\/www.entremundos.org\/revista\/wp-content\/uploads\/2017\/06\/socialspending10.png?resize=335%2C182&amp;ssl=1 335w\" sizes=\"auto, (max-width: 419px) 100vw, 419px\" \/><\/a><\/p>\n<p>El gasto social es tambi\u00e9n clave para mejorar la productividad del trabajador y la actividad econ\u00f3mica.<\/p>\n<p>Esta gr\u00e1fica del informe de 2017 \u00ab<a href=\"http:\/\/www.cepal.org\/es\/publicaciones\/41048-consensos-conflictos-la-politica-tributaria-america-latina\">Consensos y conflictos en la pol\u00edtica tributaria de Am\u00e9rica Latina<\/a>\u00bb del CEPAL explica el impacto econ\u00f3mico positivo de los diferentes tipos de gasto social:<\/p>\n<p><a href=\"https:\/\/i0.wp.com\/www.entremundos.org\/revista\/wp-content\/uploads\/2017\/06\/socialspending11.png\"><img data-recalc-dims=\"1\" loading=\"lazy\" decoding=\"async\" class=\"aligncenter size-full wp-image-3136\" src=\"https:\/\/i0.wp.com\/www.entremundos.org\/revista\/wp-content\/uploads\/2017\/06\/socialspending11.png?resize=640%2C602\" alt=\"\" width=\"640\" height=\"602\" srcset=\"https:\/\/i0.wp.com\/www.entremundos.org\/revista\/wp-content\/uploads\/2017\/06\/socialspending11.png?w=918&amp;ssl=1 918w, https:\/\/i0.wp.com\/www.entremundos.org\/revista\/wp-content\/uploads\/2017\/06\/socialspending11.png?resize=300%2C282&amp;ssl=1 300w, https:\/\/i0.wp.com\/www.entremundos.org\/revista\/wp-content\/uploads\/2017\/06\/socialspending11.png?resize=768%2C722&amp;ssl=1 768w, https:\/\/i0.wp.com\/www.entremundos.org\/revista\/wp-content\/uploads\/2017\/06\/socialspending11.png?resize=335%2C315&amp;ssl=1 335w\" sizes=\"auto, (max-width: 640px) 100vw, 640px\" \/><\/a><\/p>\n<p>La importancia de las \u00abprotecciones sociales\u00bb como la seguridad social y las prestaciones por desempleo se muestran a continuaci\u00f3n en las gr\u00e1ficas del informe\u00ab<a href=\"http:\/\/www.bancomundial.org\/es\/news\/video\/2014\/09\/11\/adn-economico-guatemala\">El ADN Econ\u00f3mico de Guatemala<\/a>\u00bb del Banco Mundial. Muestran que el consumo representa la mayor parte del PIB de Guatemala, lo que significa que una crisis econ\u00f3mica o un desempleo generalizado repentino pueden f\u00e1cilmente causar que la econom\u00eda sufra si los consumidores, la poblaci\u00f3n en general, no tienen recursos.<\/p>\n<p><a href=\"https:\/\/i0.wp.com\/www.entremundos.org\/revista\/wp-content\/uploads\/2017\/06\/socialspending12.png\"><img data-recalc-dims=\"1\" loading=\"lazy\" decoding=\"async\" class=\"aligncenter size-full wp-image-3138\" src=\"https:\/\/i0.wp.com\/www.entremundos.org\/revista\/wp-content\/uploads\/2017\/06\/socialspending12.png?resize=640%2C232\" alt=\"\" width=\"640\" height=\"232\" srcset=\"https:\/\/i0.wp.com\/www.entremundos.org\/revista\/wp-content\/uploads\/2017\/06\/socialspending12.png?w=921&amp;ssl=1 921w, https:\/\/i0.wp.com\/www.entremundos.org\/revista\/wp-content\/uploads\/2017\/06\/socialspending12.png?resize=300%2C109&amp;ssl=1 300w, https:\/\/i0.wp.com\/www.entremundos.org\/revista\/wp-content\/uploads\/2017\/06\/socialspending12.png?resize=768%2C279&amp;ssl=1 768w, https:\/\/i0.wp.com\/www.entremundos.org\/revista\/wp-content\/uploads\/2017\/06\/socialspending12.png?resize=335%2C121&amp;ssl=1 335w\" sizes=\"auto, (max-width: 640px) 100vw, 640px\" \/><\/a><\/p>\n<p>Un gasto social adecuado es necesario no solo para evitar la pobreza y la desnutrici\u00f3n, para abastecer los hospitales con medicinas o para educar a las futuras generaciones. Tambi\u00e9n es necesario para garantizar el crecimiento econ\u00f3mico de la econom\u00eda nacional.<\/p>\n<h5>Por Richard Brown, editor, EntreMundos. Traducido por Luz Santiago. Editado por Patricia Mac\u00edas.<\/h5>\n","protected":false},"excerpt":{"rendered":"<p>El Banco Mundial clasific\u00f3 a Guatemala como el peor del mundo en gasto p\u00fablico y recaudaci\u00f3n fiscal y muy cerca del \u00faltimo lugar en inversi\u00f3n p\u00fablica, en su informe del 2014 \u00abEl ADN Econ\u00f3mico de Guatemala\u00bb. Estas gr\u00e1ficas clasifican la recaudaci\u00f3n, el gasto p\u00fablico y la inversi\u00f3n social de Guatemala entre 188 pa\u00edses. (El gasto [&hellip;]<\/p>\n","protected":false},"author":1,"featured_media":3190,"comment_status":"closed","ping_status":"closed","sticky":false,"template":"","format":"standard","meta":{"_exactmetrics_skip_tracking":false,"_exactmetrics_sitenote_active":false,"_exactmetrics_sitenote_note":"","_exactmetrics_sitenote_category":0,"jetpack_post_was_ever_published":false,"_jetpack_newsletter_access":"","_jetpack_dont_email_post_to_subs":false,"_jetpack_newsletter_tier_id":0,"_jetpack_memberships_contains_paywalled_content":false,"_jetpack_memberships_contains_paid_content":false,"footnotes":""},"categories":[380,452,1],"tags":[1087,1088,1086,766,731,800,1089,65,799,768,486,103,963,1085,110],"class_list":["post-3619","post","type-post","status-publish","format-standard","has-post-thumbnail","hentry","category-economia","category-frontpage","category-uncategorized","tag-adn-economico","tag-banco-mundial","tag-cepal","tag-crecimiento","tag-educacion","tag-gasto-publico","tag-gobierno","tag-guatemala","tag-inversion-publica","tag-pib","tag-pobreza","tag-politica","tag-presupuesto","tag-publico","tag-salud"],"jetpack_featured_media_url":"https:\/\/i0.wp.com\/www.entremundos.org\/revista\/wp-content\/uploads\/2017\/08\/publicspendingi.png?fit=921%2C554&ssl=1","jetpack_shortlink":"https:\/\/wp.me\/p7ljt7-Wn","jetpack-related-posts":[{"id":12622,"url":"https:\/\/www.entremundos.org\/revista\/politica\/presupuesto-nacional-procesos-y-elementos-importantes\/","url_meta":{"origin":3619,"position":0},"title":"Presupuesto nacional; Procesos y elementos importantes","author":"EntreMundos","date":"16 enero, 2025","format":false,"excerpt":"POR YESSICA PASTOR El siguiente es un extracto de una de las conversaciones sostenidas dentro de la serie de encuentros virtuales sobre incidencia pol\u00edtica del Directorio Guatemala. A continuaci\u00f3n, la intervenci\u00f3n de Ricardo Barrientos, director ejecutivo del Instituto Centroamericano de Estudios Fiscales (ICEFI). \u00bfQu\u00e9 factores pol\u00edticos considera que influyeron en\u2026","rel":"","context":"En \u00abPol\u00edtica\u00bb","block_context":{"text":"Pol\u00edtica","link":"https:\/\/www.entremundos.org\/revista\/category\/politica\/"},"img":{"alt_text":"","src":"https:\/\/i0.wp.com\/www.entremundos.org\/revista\/wp-content\/uploads\/2025\/01\/minifi.jpg?fit=1200%2C900&ssl=1&resize=350%2C200","width":350,"height":200,"srcset":"https:\/\/i0.wp.com\/www.entremundos.org\/revista\/wp-content\/uploads\/2025\/01\/minifi.jpg?fit=1200%2C900&ssl=1&resize=350%2C200 1x, https:\/\/i0.wp.com\/www.entremundos.org\/revista\/wp-content\/uploads\/2025\/01\/minifi.jpg?fit=1200%2C900&ssl=1&resize=525%2C300 1.5x, https:\/\/i0.wp.com\/www.entremundos.org\/revista\/wp-content\/uploads\/2025\/01\/minifi.jpg?fit=1200%2C900&ssl=1&resize=700%2C400 2x, https:\/\/i0.wp.com\/www.entremundos.org\/revista\/wp-content\/uploads\/2025\/01\/minifi.jpg?fit=1200%2C900&ssl=1&resize=1050%2C600 3x"},"classes":[]},{"id":13246,"url":"https:\/\/www.entremundos.org\/revista\/politica\/el-mundo-no-es-como-lo-imaginamos\/","url_meta":{"origin":3619,"position":1},"title":"El mundo no es como lo imaginamos","author":"EntreMundos","date":"17 septiembre, 2025","format":false,"excerpt":"Por Juan Jos\u00e9 Hurtado Paz y Paz \"Ojal\u00e1 viviera en la teor\u00eda, porque en teor\u00eda todo est\u00e1 bien\" \u00a0Cita atribuida a Quino (Joaqu\u00edn Salvador Lavado Tej\u00f3n), en boca de su personaje Mafalda\u00a0 Vivimos en un mundo injusto, desigual, que excluye a las mayor\u00edas de oportunidades y posibilidades, y que niega\u2026","rel":"","context":"En \u00abFrontPage\u00bb","block_context":{"text":"FrontPage","link":"https:\/\/www.entremundos.org\/revista\/category\/frontpage\/"},"img":{"alt_text":"","src":"https:\/\/i0.wp.com\/www.entremundos.org\/revista\/wp-content\/uploads\/2025\/09\/img86.jpg?fit=1200%2C683&ssl=1&resize=350%2C200","width":350,"height":200,"srcset":"https:\/\/i0.wp.com\/www.entremundos.org\/revista\/wp-content\/uploads\/2025\/09\/img86.jpg?fit=1200%2C683&ssl=1&resize=350%2C200 1x, https:\/\/i0.wp.com\/www.entremundos.org\/revista\/wp-content\/uploads\/2025\/09\/img86.jpg?fit=1200%2C683&ssl=1&resize=525%2C300 1.5x, https:\/\/i0.wp.com\/www.entremundos.org\/revista\/wp-content\/uploads\/2025\/09\/img86.jpg?fit=1200%2C683&ssl=1&resize=700%2C400 2x, https:\/\/i0.wp.com\/www.entremundos.org\/revista\/wp-content\/uploads\/2025\/09\/img86.jpg?fit=1200%2C683&ssl=1&resize=1050%2C600 3x"},"classes":[]},{"id":13014,"url":"https:\/\/www.entremundos.org\/revista\/politica\/donar-no-es-negociar\/","url_meta":{"origin":3619,"position":2},"title":"Donar no es negociar","author":"EntreMundos","date":"30 julio, 2025","format":false,"excerpt":"Donar no es negociar Por Lisseth Santos De acuerdo a lo que se conoce respecto a la donaci\u00f3n, esta se refiere a una forma voluntaria de dar sin recibir nada a cambio. Sin embargo, el modelo\u00a0 econ\u00f3mico capitalista, en su fase neoliberal, ha convertido a la salud en un negocio\u2026","rel":"","context":"En \u00abFrontPage\u00bb","block_context":{"text":"FrontPage","link":"https:\/\/www.entremundos.org\/revista\/category\/frontpage\/"},"img":{"alt_text":"","src":"https:\/\/i0.wp.com\/www.entremundos.org\/revista\/wp-content\/uploads\/2025\/07\/20250702_150242-scaled.jpg?fit=1200%2C900&ssl=1&resize=350%2C200","width":350,"height":200,"srcset":"https:\/\/i0.wp.com\/www.entremundos.org\/revista\/wp-content\/uploads\/2025\/07\/20250702_150242-scaled.jpg?fit=1200%2C900&ssl=1&resize=350%2C200 1x, https:\/\/i0.wp.com\/www.entremundos.org\/revista\/wp-content\/uploads\/2025\/07\/20250702_150242-scaled.jpg?fit=1200%2C900&ssl=1&resize=525%2C300 1.5x, https:\/\/i0.wp.com\/www.entremundos.org\/revista\/wp-content\/uploads\/2025\/07\/20250702_150242-scaled.jpg?fit=1200%2C900&ssl=1&resize=700%2C400 2x, https:\/\/i0.wp.com\/www.entremundos.org\/revista\/wp-content\/uploads\/2025\/07\/20250702_150242-scaled.jpg?fit=1200%2C900&ssl=1&resize=1050%2C600 3x"},"classes":[]},{"id":13250,"url":"https:\/\/www.entremundos.org\/revista\/politica\/pymes-migracion-y-el-reto-de-la-informalidad-en-guatemala-una-economia-que-resiste-desde-abajo\/","url_meta":{"origin":3619,"position":3},"title":"PYMES, migraci\u00f3n y el reto de la informalidad en Guatemala: Una econom\u00eda que resiste desde abajo","author":"EntreMundos","date":"17 septiembre, 2025","format":false,"excerpt":"Por Alexander Castillo Este art\u00edculo analiza el papel crucial que juegan las Peque\u00f1as y Medianas Empresas (PYMES) y la migraci\u00f3n en la econom\u00eda guatemalteca. Con base en datos actuales, se resalta que m\u00e1s del 90\u202f% de las empresas del pa\u00eds son peque\u00f1as o medianas, y que las remesas representan cerca\u2026","rel":"","context":"En \u00abFrontPage\u00bb","block_context":{"text":"FrontPage","link":"https:\/\/www.entremundos.org\/revista\/category\/frontpage\/"},"img":{"alt_text":"","src":"","width":0,"height":0},"classes":[]},{"id":10580,"url":"https:\/\/www.entremundos.org\/revista\/politica\/desalojos-aumentan-durante-el-gobierno-de-alejandro-giammattei\/","url_meta":{"origin":3619,"position":4},"title":"Desalojos aumentan durante el gobierno de Alejandro Giammattei","author":"EntreMundos","date":"8 marzo, 2023","format":false,"excerpt":"Por Gilberto Escobar\u00a0 En Guatemala, durante los \u00faltimos a\u00f1os, los desalojos han ido en aumento y se han dado en dos modalidades: los desalojos legales que tienen una orden judicial y los extrajudiciales, los que\u00a0 no van acompa\u00f1ados de ninguna orden de un juez y que ocurren\u00a0 en horas de\u2026","rel":"","context":"En \u00abBosques\u00bb","block_context":{"text":"Bosques","link":"https:\/\/www.entremundos.org\/revista\/category\/medio-ambiente\/bosques\/"},"img":{"alt_text":"","src":"https:\/\/i0.wp.com\/www.entremundos.org\/revista\/wp-content\/uploads\/2023\/03\/portada.jpg?fit=1024%2C768&ssl=1&resize=350%2C200","width":350,"height":200,"srcset":"https:\/\/i0.wp.com\/www.entremundos.org\/revista\/wp-content\/uploads\/2023\/03\/portada.jpg?fit=1024%2C768&ssl=1&resize=350%2C200 1x, https:\/\/i0.wp.com\/www.entremundos.org\/revista\/wp-content\/uploads\/2023\/03\/portada.jpg?fit=1024%2C768&ssl=1&resize=525%2C300 1.5x, https:\/\/i0.wp.com\/www.entremundos.org\/revista\/wp-content\/uploads\/2023\/03\/portada.jpg?fit=1024%2C768&ssl=1&resize=700%2C400 2x"},"classes":[]},{"id":12224,"url":"https:\/\/www.entremundos.org\/revista\/mujer\/derechos-sexuales-y-reproductivos-tema-pendiente-en-guatemala\/","url_meta":{"origin":3619,"position":5},"title":"Derechos sexuales y reproductivos; tema pendiente en Guatemala","author":"EntreMundos","date":"15 julio, 2024","format":false,"excerpt":"POR EMMA G\u00d3MEZ Seg\u00fan La Organizaci\u00f3n de las Naciones Unidas de los Derechos Humanos, (ONU-DH), los derechos sexuales y reproductivos est\u00e1n relacionados con la libertad de las personas a decidir sobre su sexualidad y el ejercicio libre de la misma. Algunos derechos pueden ser; ejercer la sexualidad de manera independiente\u2026","rel":"","context":"En \u00abFrontPage\u00bb","block_context":{"text":"FrontPage","link":"https:\/\/www.entremundos.org\/revista\/category\/frontpage\/"},"img":{"alt_text":"","src":"https:\/\/i0.wp.com\/www.entremundos.org\/revista\/wp-content\/uploads\/2024\/07\/444487166_750607893953803_8829963883492089519_n.jpg?fit=1200%2C1158&ssl=1&resize=350%2C200","width":350,"height":200,"srcset":"https:\/\/i0.wp.com\/www.entremundos.org\/revista\/wp-content\/uploads\/2024\/07\/444487166_750607893953803_8829963883492089519_n.jpg?fit=1200%2C1158&ssl=1&resize=350%2C200 1x, https:\/\/i0.wp.com\/www.entremundos.org\/revista\/wp-content\/uploads\/2024\/07\/444487166_750607893953803_8829963883492089519_n.jpg?fit=1200%2C1158&ssl=1&resize=525%2C300 1.5x, https:\/\/i0.wp.com\/www.entremundos.org\/revista\/wp-content\/uploads\/2024\/07\/444487166_750607893953803_8829963883492089519_n.jpg?fit=1200%2C1158&ssl=1&resize=700%2C400 2x, https:\/\/i0.wp.com\/www.entremundos.org\/revista\/wp-content\/uploads\/2024\/07\/444487166_750607893953803_8829963883492089519_n.jpg?fit=1200%2C1158&ssl=1&resize=1050%2C600 3x"},"classes":[]}],"jetpack_sharing_enabled":true,"_links":{"self":[{"href":"https:\/\/www.entremundos.org\/revista\/wp-json\/wp\/v2\/posts\/3619","targetHints":{"allow":["GET"]}}],"collection":[{"href":"https:\/\/www.entremundos.org\/revista\/wp-json\/wp\/v2\/posts"}],"about":[{"href":"https:\/\/www.entremundos.org\/revista\/wp-json\/wp\/v2\/types\/post"}],"author":[{"embeddable":true,"href":"https:\/\/www.entremundos.org\/revista\/wp-json\/wp\/v2\/users\/1"}],"replies":[{"embeddable":true,"href":"https:\/\/www.entremundos.org\/revista\/wp-json\/wp\/v2\/comments?post=3619"}],"version-history":[{"count":8,"href":"https:\/\/www.entremundos.org\/revista\/wp-json\/wp\/v2\/posts\/3619\/revisions"}],"predecessor-version":[{"id":3714,"href":"https:\/\/www.entremundos.org\/revista\/wp-json\/wp\/v2\/posts\/3619\/revisions\/3714"}],"wp:featuredmedia":[{"embeddable":true,"href":"https:\/\/www.entremundos.org\/revista\/wp-json\/wp\/v2\/media\/3190"}],"wp:attachment":[{"href":"https:\/\/www.entremundos.org\/revista\/wp-json\/wp\/v2\/media?parent=3619"}],"wp:term":[{"taxonomy":"category","embeddable":true,"href":"https:\/\/www.entremundos.org\/revista\/wp-json\/wp\/v2\/categories?post=3619"},{"taxonomy":"post_tag","embeddable":true,"href":"https:\/\/www.entremundos.org\/revista\/wp-json\/wp\/v2\/tags?post=3619"}],"curies":[{"name":"wp","href":"https:\/\/api.w.org\/{rel}","templated":true}]}}